
{"id":19959,"date":"2012-11-23T09:17:26","date_gmt":"2012-11-23T11:17:26","guid":{"rendered":"http:\/\/www.oarcanjo.net\/site\/?p=19959"},"modified":"2012-11-25T12:30:07","modified_gmt":"2012-11-25T14:30:07","slug":"mensagem-do-papa-bento-16-para-a-28-jornada-mundial-da-juventude","status":"publish","type":"post","link":"https:\/\/www.oarcanjo.net\/site\/mensagem-do-papa-bento-16-para-a-28-jornada-mundial-da-juventude\/","title":{"rendered":"Mensagem do papa Bento 16 para a 28\u00aa Jornada Mundial da Juventude"},"content":{"rendered":"<p><\/p>\n<p><em>&#8220;Ide e fazei disc\u00edpulos entre as na\u00e7\u00f5es!&#8221; (cf. Mt 28,19)<\/em><\/p>\n<p>Queridos jovens,<\/p>\n<p>Desejo fazer chegar a todos v\u00f3s minha sauda\u00e7\u00e3o cheia de alegria e afeto. Tenho a certeza que muitos de v\u00f3s regressastes a casa da Jornada Mundial da Juventude em Madrid mais \u00abenraizados e edificados em Cristo, firmes na f\u00e9\u00bb (cf. Col 2,7). Este ano, inspirados pelo tema: \u00abAlegrai-vos sempre no Senhor\u00bb (Fil 4,4) celebramos a alegria de ser crist\u00e3os nas v\u00e1rias Dioceses. E agora estamo-nos preparando para a pr\u00f3xima Jornada Mundial, que ser\u00e1 celebrada no Rio de Janeiro, Brasil, em julho de 2013.<\/p>\n<p>Desejo, em primeiro lugar, renovar a v\u00f3s o convite para participardes nesse importante evento. A conhecida est\u00e1tua do Cristo Redentor, que se eleva sobre \u00e0quela bela cidade brasileira, ser\u00e1 o s\u00edmbolo eloquente deste convite: seus bra\u00e7os abertos s\u00e3o o sinal da acolhida que o Senhor reservar\u00e1 a todos quantos vierem at\u00e9 Ele, e o seu cora\u00e7\u00e3o retrata o imenso amor que Ele tem por cada um e cada uma de v\u00f3s. Deixai-vos atrair por Ele! Vivei essa experi\u00eancia de encontro com Cristo, junto com tantos outros jovens que se reunir\u00e3o no Rio para o pr\u00f3ximo encontro mundial! Deixai-vos amar por Ele e sereis as testemunhas de que o mundo precisa.<\/p>\n<p>Convido a vos preparardes para a Jornada Mundial do Rio de Janeiro, meditando desde j\u00e1 sobre o tema do encontro: \u00abIde e fazei disc\u00edpulos entre as na\u00e7\u00f5es\u00bb (cf. Mt 28,19). Trata-se da grande exorta\u00e7\u00e3o mission\u00e1ria que Cristo deixou para toda a Igreja e que permanece atual ainda hoje, dois mil anos depois. Agora este mandato deve ressoar fortemente em vosso cora\u00e7\u00e3o. O ano de prepara\u00e7\u00e3o para o encontro do Rio coincide com o Ano da f\u00e9, no in\u00edcio do qual o S\u00ednodo dos Bispos dedicou os seus trabalhos \u00e0 \u00abnova evangeliza\u00e7\u00e3o para a transmiss\u00e3o da f\u00e9 crist\u00e3\u00bb. Por isso me alegro que tamb\u00e9m v\u00f3s, queridos jovens, sejais envolvidos neste impulso mission\u00e1rio de toda a Igreja: fazer conhecer Cristo \u00e9 o dom mais precioso que podeis fazer aos outros.<\/p>\n<p><strong>1. Uma chamada urgente<\/strong><\/p>\n<p>A hist\u00f3ria mostra-nos muitos jovens que, atrav\u00e9s do dom generoso de si mesmos, contribu\u00edram grandemente para o Reino de Deus e para o desenvolvimento deste mundo, anunciando o Evangelho. Com grande entusiasmo, levaram a Boa Nova do Amor de Deus manifestado em Cristo, com meios e possibilidades muito inferiores \u00e0queles de que dispomos hoje em dia. Penso, por exemplo, no Beato Jos\u00e9 de Anchieta, jovem jesu\u00edta espanhol do s\u00e9culo XVI, que partiu em miss\u00e3o para o Brasil quando tinha menos de vinte anos e se tornou um grande ap\u00f3stolo do Novo Mundo. Mas penso tamb\u00e9m em tantos de v\u00f3s que se dedicam generosamente \u00e0 miss\u00e3o da Igreja: disto mesmo tive um testemunho surpreendente na Jornada Mundial de Madri, em particular na reuni\u00e3o com os volunt\u00e1rios.<\/p>\n<p>Hoje, n\u00e3o poucos jovens duvidam profundamente que a vida seja um bem, e n\u00e3o veem com clareza o pr\u00f3prio caminho. De um modo geral, diante das dificuldades do mundo contempor\u00e2neo, muitos se perguntam: E eu, que posso fazer? A luz da f\u00e9 ilumina esta escurid\u00e3o, nos fazendo compreender que toda exist\u00eancia tem um valor inestim\u00e1vel, porque \u00e9 fruto do amor de Deus. Ele ama mesmo quem se distanciou ou esqueceu d\u2019Ele: tem paci\u00eancia e espera; mais que isso, deu o seu Filho, morto e ressuscitado, para nos libertar radicalmente do mal. E Cristo enviou os seus disc\u00edpulos para levar a todos os povos este alegre an\u00fancio de salva\u00e7\u00e3o e de vida nova.<\/p>\n<p>A Igreja, para continuar esta miss\u00e3o de evangeliza\u00e7\u00e3o, conta tamb\u00e9m convosco. Queridos jovens, v\u00f3s sois os primeiros mission\u00e1rios no meio dos jovens da vossa idade! No final do Conc\u00edlio Ecum\u00eanico Vaticano II, cujo cinquenten\u00e1rio celebramos neste ano, o Servo de Deus Paulo VI entregou aos jovens e \u00e0s jovens do mundo inteiro uma Mensagem que come\u00e7ava com estas palavras: \u00ab\u00c9 a v\u00f3s, rapazes e mo\u00e7as de todo o mundo, que o Conc\u00edlio quer dirigir a sua \u00faltima mensagem, pois sereis v\u00f3s a recolher o facho das m\u00e3os dos vossos antepassados e a viver no mundo no momento das mais gigantescas transforma\u00e7\u00f5es da sua hist\u00f3ria, sois v\u00f3s quem, recolhendo o melhor do exemplo e do ensinamento dos vossos pais e mestres, ides constituir a sociedade de amanh\u00e3: salvar-vos-eis ou perecereis com ela\u00bb. E conclu\u00eda com um apelo: \u00abConstru\u00ed com entusiasmo um mundo melhor que o dos vossos antepassados!\u00bb (Mensagem aos jovens, 8 de dezembro de 1965).<\/p>\n<p>Queridos amigos, este convite \u00e9 extremamente atual. Estamos passando por um per\u00edodo hist\u00f3rico muito particular: o progresso t\u00e9cnico nos deu oportunidades in\u00e9ditas de intera\u00e7\u00e3o entre os homens e entre os povos, mas a globaliza\u00e7\u00e3o destas rela\u00e7\u00f5es s\u00f3 ser\u00e1 positiva e far\u00e1 crescer o mundo em humanidade se estiver fundada n\u00e3o sobre o materialismo mas sobre o amor, a \u00fanica realidade capaz de encher o cora\u00e7\u00e3o de cada um e unir as pessoas. Deus \u00e9 amor. O homem que esquece Deus fica sem esperan\u00e7a e se torna incapaz de amar seu semelhante. Por isso \u00e9 urgente testemunhar a presen\u00e7a de Deus para que todos possam experiment\u00e1-la: est\u00e1 em jogo a salva\u00e7\u00e3o da humanidade, a salva\u00e7\u00e3o de cada um de n\u00f3s. Qualquer pessoa que entenda essa necessidade, n\u00e3o poder\u00e1 deixar de exclamar com S\u00e3o Paulo: \u00abAi de mim se eu n\u00e3o anunciar o Evangelho\u00bb (1 Cor 9,16).<\/p>\n<p><strong>2. Tornai-vos disc\u00edpulos de Cristo<\/strong><\/p>\n<p>Esta chamada mission\u00e1ria vos \u00e9 dirigida tamb\u00e9m por outro motivo: \u00e9 necess\u00e1rio para o nosso caminho de f\u00e9 pessoal. O Beato Jo\u00e3o Paulo II escrevia: \u00ab\u00c9 dando a f\u00e9 que ela se fortalece\u00bb (Enc\u00edclica Redemptoris missio, 2). Ao anunciar o Evangelho, v\u00f3s mesmos cresceis em um enraizamento cada vez mais profundo em Cristo, vos tornais crist\u00e3os maduros. O compromisso mission\u00e1rio \u00e9 uma dimens\u00e3o essencial da f\u00e9: n\u00e3o se cr\u00ea verdadeiramente, se n\u00e3o se evangeliza. E o an\u00fancio do Evangelho n\u00e3o pode ser sen\u00e3o consequ\u00eancia da alegria de ter encontrado Cristo e ter descoberto n\u2019Ele a rocha sobre a qual construir a pr\u00f3pria exist\u00eancia. Comprometendo-vos no servi\u00e7o aos demais e no an\u00fancio do Evangelho, a vossa vida, muitas vezes fragmentada entre tantas atividades diversas, encontrar\u00e1 no Senhor a sua unidade; construir-vos-eis tamb\u00e9m a v\u00f3s mesmos; crescereis e amadurecereis em humanidade.<\/p>\n<p>Mas, que significa ser mission\u00e1rio? Significa acima de tudo ser disc\u00edpulo de Cristo e ouvir sem cessar o convite a segui-Lo, o convite a fixar o olhar n\u2019Ele: \u00abAprendei de mim, porque sou manso e humilde de cora\u00e7\u00e3o\u00bb (Mt 11,29). O disc\u00edpulo, de fato, \u00e9 uma pessoa que se p\u00f5e \u00e0 escuta da Palavra de Jesus (cf. Lc 10,39), a quem reconhece como o Mestre que nos amou at\u00e9 o dom de sua vida. Trata-se, portanto, de cada um de v\u00f3s deixar-se plasmar diariamente pela Palavra de Deus: ela vos transformar\u00e1 em amigos do Senhor Jesus, capazes de fazer outros jovens entrar nesta mesma amizade com Ele.<\/p>\n<p>Aconselho-vos a guardar na mem\u00f3ria os dons recebidos de Deus, para poder transmiti-los ao vosso redor. Aprendei a reler a vossa hist\u00f3ria pessoal, tomai consci\u00eancia tamb\u00e9m do maravilhoso legado recebido das gera\u00e7\u00f5es que vos precederam: tantos crist\u00e3os nos transmitiram a f\u00e9 com coragem, enfrentando obst\u00e1culos e incompreens\u00f5es. N\u00e3o o esque\u00e7amos jamais! Fazemos parte de uma longa cadeia de homens e mulheres que nos transmitiram a verdade da f\u00e9 e contam conosco para que outros a recebam. Ser mission\u00e1rio pressup\u00f5e o conhecimento deste patrim\u00f4nio recebido que \u00e9 a f\u00e9 da Igreja: \u00e9 necess\u00e1rio conhecer aquilo em que se cr\u00ea, para pod\u00ea-lo anunciar. Como escrevi na introdu\u00e7\u00e3o do YouCat, o Catecismo para jovens que vos entreguei no Encontro Mundial de Madri, \u00abtendes de conhecer a vossa f\u00e9 como um especialista em inform\u00e1tica domina o sistema operacional de um computador. Tendes de compreend\u00ea-la como um bom m\u00fasico entende uma partitura. Sim, tendes de estar enraizados na f\u00e9 ainda mais profundamente que a gera\u00e7\u00e3o dos vossos pais, para enfrentar os desafios e as tenta\u00e7\u00f5es deste tempo com for\u00e7a e determina\u00e7\u00e3o\u00bb (Pref\u00e1cio).<\/p>\n<p><strong>3. Ide!<\/strong><\/p>\n<p>Jesus enviou os seus disc\u00edpulos em miss\u00e3o com este mandato: \u00abIde pelo mundo inteiro e anunciai o Evangelho a toda criatura! Quem crer e for batizado ser\u00e1 salvo\u00bb (Mc 16,15-16). Evangelizar significa levar aos outros a Boa Nova da salva\u00e7\u00e3o, e esta Boa Nova \u00e9 uma pessoa: Jesus Cristo. Quando O encontro, quando descubro at\u00e9 que ponto sou amado por Deus e salvo por Ele, nasce em mim n\u00e3o apenas o desejo, mas a necessidade de faz\u00ea-lo conhecido pelos demais. No in\u00edcio do Evangelho de Jo\u00e3o, vemos como Andr\u00e9, depois de ter encontrado Jesus, se apressa em conduzir a Ele seu irm\u00e3o Sim\u00e3o (cf. 1,40-42). A evangeliza\u00e7\u00e3o sempre parte do encontro com o Senhor Jesus: quem se aproximou d\u2019Ele e experimentou o seu amor, quer logo partilhar a beleza desse encontro e a alegria que nasce dessa amizade. Quanto mais conhecemos a Cristo, tanto mais queremos anunci\u00e1-lo. Quanto mais falamos com Ele, tanto mais queremos falar d\u2019Ele. Quanto mais somos conquistados por Ele, tanto mais desejamos levar outras pessoas para Ele.<\/p>\n<p>Pelo Batismo, que nos gera para a vida nova, o Esp\u00edrito Santo vem habitar em n\u00f3s e inflama a nossa mente e o nosso cora\u00e7\u00e3o: \u00e9 Ele que nos guia para conhecer a Deus e entrar em uma amizade sempre mais profunda com Cristo. \u00c9 o Esp\u00edrito que nos impulsiona a fazer o bem, servindo os outros com o dom de n\u00f3s mesmos. Depois, atrav\u00e9s do sacramento da Confirma\u00e7\u00e3o, somos fortalecidos pelos seus dons, para testemunhar de modo sempre mais maduro o Evangelho. Assim, o Esp\u00edrito de amor \u00e9 a alma da miss\u00e3o: Ele nos impele a sair de n\u00f3s mesmos para \u00abir\u00bb e evangelizar. Queridos jovens, deixai-vos conduzir pela for\u00e7a do amor de Deus, deixai que este amor ven\u00e7a a tend\u00eancia de fechar-se no pr\u00f3prio mundo, nos pr\u00f3prios problemas, nos pr\u00f3prios h\u00e1bitos; tende a coragem de \u00absair\u00bb de v\u00f3s mesmos para \u00abir\u00bb ao encontro dos outros e gui\u00e1-los ao encontro de Deus.<\/p>\n<p><strong>4. Alcan\u00e7ai todos os povos<\/strong><\/p>\n<p>Cristo ressuscitado enviou os seus disc\u00edpulos para dar testemunho de sua presen\u00e7a salv\u00edfica a todos os povos, porque Deus, no seu amor superabundante, quer que todos sejam salvos e ningu\u00e9m se perca. Com o sacrif\u00edcio de amor na Cruz, Jesus abriu o caminho para que todo homem e toda mulher possa conhecer a Deus e entrar em comunh\u00e3o de amor com Ele. E constituiu uma comunidade de disc\u00edpulos para levar o an\u00fancio salv\u00edfico do Evangelho at\u00e9 os confins da terra, a fim de alcan\u00e7ar os homens e as mulheres de todos os lugares e de todos os tempos. Fa\u00e7amos nosso esse desejo de Deus!<\/p>\n<p>Queridos amigos, estendei o olhar e vede ao vosso redor: tantos jovens perderam o sentido da sua exist\u00eancia. Ide! Cristo precisa de tamb\u00e9m de v\u00f3s. Deixai-vos envolver pelo seu amor, sede instrumentos desse amor imenso, para que alcance a todos, especialmente aos \u00abafastados\u00bb. Alguns encontram-se geograficamente distantes, enquanto outros est\u00e3o longe porque a sua cultura n\u00e3o d\u00e1 espa\u00e7o para Deus; alguns ainda n\u00e3o acolheram o Evangelho pessoalmente, enquanto outros, apesar de o terem recebido, vivem como se Deus n\u00e3o existisse. A todos abramos a porta do nosso cora\u00e7\u00e3o; procuremos entrar em di\u00e1logo com simplicidade e respeito: este di\u00e1logo, se vivido com uma amizade verdadeira, dar\u00e1 seus frutos. Os \u00abpovos\u00bb, aos quais somos enviados, n\u00e3o s\u00e3o apenas os outros Pa\u00edses do mundo, mas tamb\u00e9m os diversos \u00e2mbitos de vida: as fam\u00edlias, os bairros, os ambientes de estudo ou de trabalho, os grupos de amigos e os locais de lazer. O jubiloso an\u00fancio do Evangelho se destina a todos os \u00e2mbitos da nossa vida, sem exce\u00e7\u00e3o.<\/p>\n<p>Gostaria de destacar dois campos, nos quais deve fazer-se ainda mais sol\u00edcito o vosso empenho mission\u00e1rio. O primeiro \u00e9 o das comunica\u00e7\u00f5es sociais, em particular o mundo da internet. Como tive j\u00e1 oportunidade de dizer-vos, queridos jovens, \u00absenti-vos comprometidos a introduzir na cultura deste novo ambiente comunicador e informativo os valores sobre os quais assenta a vossa vida! [&#8230;] A v\u00f3s, jovens, que vos encontrais quase espontaneamente em sintonia com estes novos meios de comunica\u00e7\u00e3o, compete de modo particular a tarefa da evangeliza\u00e7\u00e3o deste \u201ccontinente digital\u201d\u00bb (Mensagem para o XLIII Dia Mundial das Comunica\u00e7\u00f5es Sociais, 24 de maio de 2009). Aprendei, portanto, a usar com sabedoria este meio, levando em conta tamb\u00e9m os perigos que ele traz consigo, particularmente o risco da depend\u00eancia, de confundir o mundo real com o virtual, de substituir o encontro e o di\u00e1logo direto com as pessoas por contatos na rede.<\/p>\n<p>O segundo campo \u00e9 o da mobilidade. Hoje s\u00e3o sempre mais numerosos os jovens que viajam, seja por motivos de estudo ou de trabalho, seja por divers\u00e3o. Mas penso tamb\u00e9m em todos os movimentos migrat\u00f3rios, que levam milh\u00f5es de pessoas, frequentemente jovens, a se transferir e mudar de Regi\u00e3o ou Pa\u00eds, por raz\u00f5es econ\u00f4micas ou sociais. Tamb\u00e9m estes fen\u00f4menos podem se tornar ocasi\u00f5es providenciais para a difus\u00e3o do Evangelho. Queridos jovens, n\u00e3o tenhais medo de testemunhar a vossa f\u00e9 tamb\u00e9m nesses contextos: para aqueles com quem vos deparareis, \u00e9 um dom precioso a comunica\u00e7\u00e3o da alegria do encontro com Cristo.<\/p>\n<p><strong>5. Fazei disc\u00edpulos!<\/strong><\/p>\n<p>Penso que j\u00e1 v\u00e1rias vezes experimentastes a dificuldade de envolver os jovens da vossa idade na experi\u00eancia da f\u00e9. Frequentemente tereis constatado que em muitos deles, especialmente em certas fases do caminho da vida, existe o desejo de conhecer a Cristo e viver os valores do Evangelho, mas tal desejo \u00e9 acompanhado pela sensa\u00e7\u00e3o de ser inadequados e incapazes. Que fazer? Em primeiro lugar, a vossa solicitude e a simplicidade do vosso testemunho ser\u00e3o um canal atrav\u00e9s do qual Deus poder\u00e1 tocar seu cora\u00e7\u00e3o. O an\u00fancio de Cristo n\u00e3o passa somente atrav\u00e9s das palavras, mas deve envolver toda a vida e traduzir-se em gestos de amor. A a\u00e7\u00e3o de evangelizar nasce do amor que Cristo infundiu em n\u00f3s; por isso, o nosso amor deve conformar-se sempre mais ao d\u2019Ele. Como o bom Samaritano, devemos manter-nos solid\u00e1rios com quem encontramos, sabendo escutar, compreender e ajudar, para conduzir, quem procura a verdade e o sentido da vida, \u00e0 casa de Deus que \u00e9 a Igreja, onde h\u00e1 esperan\u00e7a e salva\u00e7\u00e3o (cf. Lc 10,29-37). Queridos amigos, nunca esque\u00e7ais que o primeiro ato de amor que podeis fazer ao pr\u00f3ximo \u00e9 partilhar a fonte da nossa esperan\u00e7a: quem n\u00e3o d\u00e1 Deus, d\u00e1 muito pouco. Aos seus ap\u00f3stolos, Jesus ordena: \u00abFazei disc\u00edpulos meus todos os povos, batizando-os em nome do Pai e do Filho e do Esp\u00edrito Santo, e ensinando-os a observar tudo o que vos ordenei\u00bb (Mt 28,19-20). Os meios que temos para \u00abfazer disc\u00edpulos\u00bb s\u00e3o principalmente o Batismo e a catequese. Isto significa que devemos conduzir as pessoas que estamos evangelizando ao encontro com Cristo vivo, particularmente na sua Palavra e nos Sacramentos: assim poder\u00e3o crer n\u2019Ele, conhecer\u00e3o a Deus e viver\u00e3o da sua gra\u00e7a. Gostaria que cada um de v\u00f3s se perguntasse: Alguma vez tive a coragem de propor o Batismo a jovens que ainda n\u00e3o o receberam? Convidei algu\u00e9m a seguir um caminho de descoberta da f\u00e9 crist\u00e3? Queridos amigos, n\u00e3o tenhais medo de propor aos jovens da vossa idade o encontro com Cristo. Invocai o Esp\u00edrito Santo: Ele vos guiar\u00e1 para entrardes sempre mais no conhecimento e no amor de Cristo, e vos tornar\u00e1 criativos na transmiss\u00e3o do Evangelho.<\/p>\n<p><strong>6. Firmes na f\u00e9<\/strong><\/p>\n<p>Diante das dificuldades na miss\u00e3o de evangelizar, \u00e0s vezes sereis tentados a dizer como o profeta Jeremias: \u00abAh! Senhor Deus, eu n\u00e3o sei falar, sou muito novo\u00bb. Mas, tamb\u00e9m a v\u00f3s, Deus responde: \u00abN\u00e3o digas que \u00e9s muito novo; a todos a quem eu te enviar, ir\u00e1s\u00bb (Jr 1,6-7). Quando vos sentirdes inadequados, incapazes e fr\u00e1geis para anunciar e testemunhar a f\u00e9, n\u00e3o tenhais medo. A evangeliza\u00e7\u00e3o n\u00e3o \u00e9 uma iniciativa nossa nem depende primariamente dos nossos talentos, mas \u00e9 uma resposta confiante e obediente \u00e0 chamada de Deus, e portanto n\u00e3o se baseia sobre a nossa for\u00e7a, mas na d\u2019Ele. Isso mesmo experimentou o ap\u00f3stolo Paulo: \u00abTrazemos esse tesouro em vasos de barro, para que todos reconhe\u00e7am que este poder extraordin\u00e1rio vem de Deus e n\u00e3o de n\u00f3s\u00bb (2 Cor 4,7).<\/p>\n<p>Por isso convido-vos a enraizar-vos na ora\u00e7\u00e3o e nos sacramentos. A evangeliza\u00e7\u00e3o aut\u00eantica nasce sempre da ora\u00e7\u00e3o e \u00e9 sustentada por esta: para poder falar de Deus, devemos primeiro falar com Deus. E, na ora\u00e7\u00e3o, confiamos ao Senhor as pessoas \u00e0s quais somos enviados, suplicando-Lhe que toque o seu cora\u00e7\u00e3o; pedimos ao Esp\u00edrito Santo que nos torne seus instrumentos para a salva\u00e7\u00e3o dessas pessoas; pedimos a Cristo que coloque as palavras nos nossos l\u00e1bios e fa\u00e7a de n\u00f3s sinais do seu amor. E, de modo mais geral, rezamos pela miss\u00e3o de toda a Igreja, de acordo com a ordem expl\u00edcita de Jesus: \u00abPedi, pois, ao dono da messe que envie trabalhadores para a sua colheita!\u00bb (Mt 9,38). Sabei encontrar na Eucaristia a fonte da vossa vida de f\u00e9 e do vosso testemunho crist\u00e3o, participando com fidelidade na Missa ao domingo e sempre que poss\u00edvel tamb\u00e9m durante a semana.<\/p>\n<p>Recorrei frequentemente ao sacramento da Reconcilia\u00e7\u00e3o: \u00e9 um encontro precioso com a miseric\u00f3rdia de Deus que nos acolhe, perdoa e renova os nossos cora\u00e7\u00f5es na caridade. E, se ainda n\u00e3o o recebestes, n\u00e3o hesiteis em receber o sacramento da Confirma\u00e7\u00e3o ou Crisma preparando-vos com cuidado e solicitude. Junto com a Eucaristia, esse \u00e9 o sacramento da miss\u00e3o, porque nos d\u00e1 a for\u00e7a e o amor do Esp\u00edrito Santo para professar sem medo a f\u00e9. Encorajo-vos ainda \u00e0 pr\u00e1tica da adora\u00e7\u00e3o eucar\u00edstica: permanecer \u00e0 escuta e em di\u00e1logo com Jesus presente no Sant\u00edssimo Sacramento, torna-se ponto de partida para um renovado impulso mission\u00e1rio.<\/p>\n<p>Se seguirdes este caminho, o pr\u00f3prio Cristo vos dar\u00e1 a capacidade de ser plenamente fi\u00e9is \u00e0 sua Palavra e de testemunh\u00e1-Lo com lealdade e coragem. Algumas vezes sereis chamados a dar provas de perseveran\u00e7a, particularmente quando a Palavra de Deus suscitar reservas ou oposi\u00e7\u00f5es. Em certas regi\u00f5es do mundo, alguns de v\u00f3s sofrem por n\u00e3o poder testemunhar publicamente a f\u00e9 em Cristo, por falta de liberdade religiosa. E h\u00e1 quem j\u00e1 tenha pagado com a vida o pre\u00e7o da pr\u00f3pria perten\u00e7a \u00e0 Igreja. Encorajo-vos a permanecer firmes na f\u00e9, certos de que Cristo est\u00e1 ao vosso lado em todas as provas. Ele vos repete: \u00abBem-aventurados sois v\u00f3s, quando vos injuriarem e perseguirem e, mentindo, disserem todo tipo de mal contra v\u00f3s, por causa de mim. Alegrai-vos e exultai, porque ser\u00e1 grande a vossa recompensa nos c\u00e9us\u00bb (Mt 5,11-12).<\/p>\n<p><strong>7. Com toda a Igreja<\/strong><\/p>\n<p>Queridos jovens, para permanecer firmes na confiss\u00e3o da f\u00e9 crist\u00e3 nos v\u00e1rios lugares onde sois enviados, precisais da Igreja. Ningu\u00e9m pode ser testemunha do Evangelho sozinho. Jesus enviou em miss\u00e3o os seus disc\u00edpulos juntos: o mandato \u00abfazei disc\u00edpulos\u00bb \u00e9 formulado no plural. Assim, \u00e9 sempre como membros da comunidade crist\u00e3 que prestamos o nosso testemunho, e a nossa miss\u00e3o torna-se fecunda pela comunh\u00e3o que vivemos na Igreja: seremos reconhecidos como disc\u00edpulos de Cristo pela unidade e o amor que tivermos uns com os outros (cf. Jo 13,35). Agrade\u00e7o ao Senhor pela preciosa obra de evangeliza\u00e7\u00e3o que realizam as nossas comunidades crist\u00e3s, as nossas par\u00f3quias, os nossos movimentos eclesiais. Os frutos desta evangeliza\u00e7\u00e3o pertencem a toda a Igreja: \u00abum \u00e9 o que semeia e outro o que colhe\u00bb, dizia Jesus (Jo 4,37).<\/p>\n<p>A prop\u00f3sito, n\u00e3o posso deixar de dar gra\u00e7as pelo grande dom dos mission\u00e1rios, que dedicam toda a sua vida ao an\u00fancio do Evangelho at\u00e9 os confins da terra. Do mesmo modo bendigo o Senhor pelos sacerdotes e os consagrados, que ofertam inteiramente as suas vidas para que Jesus Cristo seja anunciado e amado. Desejo aqui encorajar os jovens chamados por Deus a alguma dessas voca\u00e7\u00f5es, para que se comprometam com entusiasmo: \u00abH\u00e1 mais alegria em dar do que em receber!\u00bb (At 20,35). \u00c0queles que deixam tudo para segui-Lo, Jesus prometeu o c\u00eantuplo e a vida eterna (cf. Mt 19,29).<\/p>\n<p>Dou gra\u00e7as tamb\u00e9m por todos os fi\u00e9is leigos que se empenham por viver o seu dia-a-dia como miss\u00e3o, nos diversos lugares onde se encontram, tanto em fam\u00edlia como no trabalho, para que Cristo seja amado e cres\u00e7a o Reino de Deus. Penso particularmente em quantos atuam no campo da educa\u00e7\u00e3o, da sa\u00fade, do mundo empresarial, da pol\u00edtica e da economia, e em tantos outros \u00e2mbitos do apostolado dos leigos. Cristo precisa do vosso empenho e do vosso testemunho. Que nada \u2013 nem as dificuldades, nem as incompreens\u00f5es \u2013 vos fa\u00e7a renunciar a levar o Evangelho de Cristo aos lugares onde vos encontrais: cada um de v\u00f3s \u00e9 precioso no grande mosaico da evangeliza\u00e7\u00e3o!<\/p>\n<p><strong>8. &#8220;Aqui estou, Senhor!&#8221;<\/strong><\/p>\n<p>Em suma, queridos jovens, queria vos convidar a escutar no \u00edntimo de v\u00f3s mesmos a chamada de Jesus para anunciar o seu Evangelho. Como mostra a grande est\u00e1tua do Cristo Redentor, no Rio de Janeiro, o seu cora\u00e7\u00e3o est\u00e1 aberto para amar a todos sem distin\u00e7\u00e3o, e seus bra\u00e7os estendidos para alcan\u00e7ar a cada um. Sede v\u00f3s o cora\u00e7\u00e3o e os bra\u00e7os de Jesus. Ide testemunhar o seu amor, sede os novos mission\u00e1rios animados pelo seu amor e acolhimento. Segui o exemplo dos grandes mission\u00e1rios da Igreja, como S\u00e3o Francisco Xavier e muitos outros.<\/p>\n<p>No final da Jornada Mundial da Juventude em Madrid, dei a b\u00ean\u00e7\u00e3o a alguns jovens de diferentes continentes que partiam em miss\u00e3o. Representavam a multid\u00e3o de jovens que, fazendo eco \u00e0s palavras do profeta Isa\u00edas, diziam ao Senhor: \u00abAqui estou! Envia-me\u00bb (Is 6,8). A Igreja tem confian\u00e7a em v\u00f3s e vos est\u00e1 profundamente grata pela alegria e o dinamismo que trazeis: usai os vossos talentos generosamente ao servi\u00e7o do an\u00fancio do Evangelho. Sabemos que o Esp\u00edrito Santo se d\u00e1 a quantos, com humildade de cora\u00e7\u00e3o, se tornam dispon\u00edveis para tal an\u00fancio. E n\u00e3o tenhais medo! Jesus, Salvador do mundo, est\u00e1 conosco todos os dias, at\u00e9 o fim dos tempos (cf. Mt 28,20).<\/p>\n<p>Dirigido aos jovens de toda a terra, este apelo assume uma import\u00e2ncia particular para v\u00f3s, queridos jovens da Am\u00e9rica Latina. De fato, na V Confer\u00eancia Geral do Episcopado Latino-Americano, realizada em Aparecida, no ano de 2007, os bispos lan\u00e7aram uma \u00abmiss\u00e3o continental\u00bb. E os jovens, que constituem a maioria da popula\u00e7\u00e3o naquele continente, representam uma for\u00e7a importante e preciosa para a Igreja e para a sociedade. Por isso sede v\u00f3s os primeiros mission\u00e1rios. Agora que a Jornada Mundial da Juventude retorna \u00e0 Am\u00e9rica Latina, exorto todos os jovens do continente: transmiti aos vossos coet\u00e2neos do mundo inteiro o entusiasmo da vossa f\u00e9.<\/p>\n<p>A Virgem Maria, Estrela da Nova Evangeliza\u00e7\u00e3o, tamb\u00e9m invocada sob os t\u00edtulos de Nossa Senhora Aparecida e Nossa Senhora de Guadalupe, acompanhe cada um de v\u00f3s em vossa miss\u00e3o de testemunhas do amor de Deus. A todos, com especial carinho, concedo a minha B\u00ean\u00e7\u00e3o Apost\u00f3lica.<\/p>\n<p><em>Vaticano, 18 outubro de 2012.<\/em><\/p>\n<p><\/p>\n<div id=\"themify_builder_content-19959\" data-postid=\"19959\" class=\"themify_builder_content themify_builder_content-19959 themify_builder themify_builder_front\">\n\t<\/div>\n<!-- \/themify_builder_content -->","protected":false},"excerpt":{"rendered":"<p>&#8220;Ide e fazei disc\u00edpulos entre as na\u00e7\u00f5es!&#8221; (cf. Mt 28,19) Queridos jovens, Desejo fazer chegar a todos v\u00f3s minha sauda\u00e7\u00e3o cheia de alegria e afeto. Tenho a certeza que muitos de v\u00f3s regressastes a casa da Jornada Mundial da Juventude em Madrid mais \u00abenraizados e edificados em Cristo, firmes na f\u00e9\u00bb (cf. Col 2,7). Este [&hellip;]<\/p>\n","protected":false},"author":5,"featured_media":0,"comment_status":"open","ping_status":"open","sticky":false,"template":"","format":"standard","meta":{"ngg_post_thumbnail":0,"footnotes":""},"categories":[395,8],"tags":[1938,463,899],"yoast_head":"<!-- This site is optimized with the Yoast SEO plugin v23.5 - https:\/\/yoast.com\/wordpress\/plugins\/seo\/ -->\n<title>Mensagem do papa Bento 16 para a 28\u00aa Jornada Mundial da Juventude - O Arcanjo no ar<\/title>\n<meta name=\"robots\" content=\"index, follow, max-snippet:-1, max-image-preview:large, max-video-preview:-1\" \/>\n<link rel=\"canonical\" href=\"https:\/\/www.oarcanjo.net\/site\/mensagem-do-papa-bento-16-para-a-28-jornada-mundial-da-juventude\/\" \/>\n<meta property=\"og:locale\" content=\"pt_BR\" \/>\n<meta property=\"og:type\" content=\"article\" \/>\n<meta property=\"og:title\" content=\"Mensagem do papa Bento 16 para a 28\u00aa Jornada Mundial da Juventude - O Arcanjo no ar\" \/>\n<meta property=\"og:description\" content=\"&#8220;Ide e fazei disc\u00edpulos entre as na\u00e7\u00f5es!&#8221; (cf. Mt 28,19) Queridos jovens, Desejo fazer chegar a todos v\u00f3s minha sauda\u00e7\u00e3o cheia de alegria e afeto. Tenho a certeza que muitos de v\u00f3s regressastes a casa da Jornada Mundial da Juventude em Madrid mais \u00abenraizados e edificados em Cristo, firmes na f\u00e9\u00bb (cf. Col 2,7). Este [&hellip;]\" \/>\n<meta property=\"og:url\" content=\"https:\/\/www.oarcanjo.net\/site\/mensagem-do-papa-bento-16-para-a-28-jornada-mundial-da-juventude\/\" \/>\n<meta property=\"og:site_name\" content=\"O Arcanjo no ar\" \/>\n<meta property=\"article:publisher\" content=\"https:\/\/www.facebook.com\/OArcanjoNoAr\/\" \/>\n<meta property=\"article:published_time\" content=\"2012-11-23T11:17:26+00:00\" \/>\n<meta property=\"article:modified_time\" content=\"2012-11-25T14:30:07+00:00\" \/>\n<meta property=\"og:image\" content=\"https:\/\/www.oarcanjo.net\/site\/wp-content\/uploads\/logo-o-arcanjo-no-ar-facebook.png\" \/>\n\t<meta property=\"og:image:width\" content=\"300\" \/>\n\t<meta property=\"og:image:height\" content=\"300\" \/>\n\t<meta property=\"og:image:type\" content=\"image\/png\" \/>\n<meta name=\"author\" content=\"editor\" \/>\n<meta name=\"twitter:card\" content=\"summary_large_image\" \/>\n<meta name=\"twitter:label1\" content=\"Escrito por\" \/>\n\t<meta name=\"twitter:data1\" content=\"editor\" \/>\n\t<meta name=\"twitter:label2\" content=\"Est. tempo de leitura\" \/>\n\t<meta name=\"twitter:data2\" content=\"20 minutos\" \/>\n<script type=\"application\/ld+json\" class=\"yoast-schema-graph\">{\"@context\":\"https:\/\/schema.org\",\"@graph\":[{\"@type\":\"Article\",\"@id\":\"https:\/\/www.oarcanjo.net\/site\/mensagem-do-papa-bento-16-para-a-28-jornada-mundial-da-juventude\/#article\",\"isPartOf\":{\"@id\":\"https:\/\/www.oarcanjo.net\/site\/mensagem-do-papa-bento-16-para-a-28-jornada-mundial-da-juventude\/\"},\"author\":{\"name\":\"editor\",\"@id\":\"https:\/\/www.oarcanjo.net\/site\/#\/schema\/person\/f7024d007863202483a31326673a0838\"},\"headline\":\"Mensagem do papa Bento 16 para a 28\u00aa Jornada Mundial da Juventude\",\"datePublished\":\"2012-11-23T11:17:26+00:00\",\"dateModified\":\"2012-11-25T14:30:07+00:00\",\"mainEntityOfPage\":{\"@id\":\"https:\/\/www.oarcanjo.net\/site\/mensagem-do-papa-bento-16-para-a-28-jornada-mundial-da-juventude\/\"},\"wordCount\":4086,\"commentCount\":0,\"publisher\":{\"@id\":\"https:\/\/www.oarcanjo.net\/site\/#organization\"},\"keywords\":[\"Jornada Mundial da Juventude\",\"Papa Bento 16\",\"Papa Bento XVI\"],\"articleSection\":[\"Jovens\",\"Not\u00edcias\"],\"inLanguage\":\"pt-BR\",\"potentialAction\":[{\"@type\":\"CommentAction\",\"name\":\"Comment\",\"target\":[\"https:\/\/www.oarcanjo.net\/site\/mensagem-do-papa-bento-16-para-a-28-jornada-mundial-da-juventude\/#respond\"]}]},{\"@type\":\"WebPage\",\"@id\":\"https:\/\/www.oarcanjo.net\/site\/mensagem-do-papa-bento-16-para-a-28-jornada-mundial-da-juventude\/\",\"url\":\"https:\/\/www.oarcanjo.net\/site\/mensagem-do-papa-bento-16-para-a-28-jornada-mundial-da-juventude\/\",\"name\":\"Mensagem do papa Bento 16 para a 28\u00aa Jornada Mundial da Juventude - O Arcanjo no ar\",\"isPartOf\":{\"@id\":\"https:\/\/www.oarcanjo.net\/site\/#website\"},\"datePublished\":\"2012-11-23T11:17:26+00:00\",\"dateModified\":\"2012-11-25T14:30:07+00:00\",\"breadcrumb\":{\"@id\":\"https:\/\/www.oarcanjo.net\/site\/mensagem-do-papa-bento-16-para-a-28-jornada-mundial-da-juventude\/#breadcrumb\"},\"inLanguage\":\"pt-BR\",\"potentialAction\":[{\"@type\":\"ReadAction\",\"target\":[\"https:\/\/www.oarcanjo.net\/site\/mensagem-do-papa-bento-16-para-a-28-jornada-mundial-da-juventude\/\"]}]},{\"@type\":\"BreadcrumbList\",\"@id\":\"https:\/\/www.oarcanjo.net\/site\/mensagem-do-papa-bento-16-para-a-28-jornada-mundial-da-juventude\/#breadcrumb\",\"itemListElement\":[{\"@type\":\"ListItem\",\"position\":1,\"name\":\"In\u00edcio\",\"item\":\"https:\/\/www.oarcanjo.net\/site\/\"},{\"@type\":\"ListItem\",\"position\":2,\"name\":\"Mensagem do papa Bento 16 para a 28\u00aa Jornada Mundial da Juventude\"}]},{\"@type\":\"WebSite\",\"@id\":\"https:\/\/www.oarcanjo.net\/site\/#website\",\"url\":\"https:\/\/www.oarcanjo.net\/site\/\",\"name\":\"O Arcanjo no ar\",\"description\":\"Site da Par\u00f3quia S\u00e3o Miguel Arcanjo (Arquidiocese de SP)\",\"publisher\":{\"@id\":\"https:\/\/www.oarcanjo.net\/site\/#organization\"},\"potentialAction\":[{\"@type\":\"SearchAction\",\"target\":{\"@type\":\"EntryPoint\",\"urlTemplate\":\"https:\/\/www.oarcanjo.net\/site\/?s={search_term_string}\"},\"query-input\":{\"@type\":\"PropertyValueSpecification\",\"valueRequired\":true,\"valueName\":\"search_term_string\"}}],\"inLanguage\":\"pt-BR\"},{\"@type\":\"Organization\",\"@id\":\"https:\/\/www.oarcanjo.net\/site\/#organization\",\"name\":\"Par\u00f3quia S\u00e3o Miguel Arcanjo\",\"url\":\"https:\/\/www.oarcanjo.net\/site\/\",\"logo\":{\"@type\":\"ImageObject\",\"inLanguage\":\"pt-BR\",\"@id\":\"https:\/\/www.oarcanjo.net\/site\/#\/schema\/logo\/image\/\",\"url\":\"https:\/\/www.oarcanjo.net\/site\/wp-content\/uploads\/LogoOArcanjo.png\",\"contentUrl\":\"https:\/\/www.oarcanjo.net\/site\/wp-content\/uploads\/LogoOArcanjo.png\",\"width\":319,\"height\":99,\"caption\":\"Par\u00f3quia S\u00e3o Miguel Arcanjo\"},\"image\":{\"@id\":\"https:\/\/www.oarcanjo.net\/site\/#\/schema\/logo\/image\/\"},\"sameAs\":[\"https:\/\/www.facebook.com\/OArcanjoNoAr\/\"]},{\"@type\":\"Person\",\"@id\":\"https:\/\/www.oarcanjo.net\/site\/#\/schema\/person\/f7024d007863202483a31326673a0838\",\"name\":\"editor\",\"sameAs\":[\"http:\/\/www.oarcanjo.net\"]}]}<\/script>\n<!-- \/ Yoast SEO plugin. -->","yoast_head_json":{"title":"Mensagem do papa Bento 16 para a 28\u00aa Jornada Mundial da Juventude - O Arcanjo no ar","robots":{"index":"index","follow":"follow","max-snippet":"max-snippet:-1","max-image-preview":"max-image-preview:large","max-video-preview":"max-video-preview:-1"},"canonical":"https:\/\/www.oarcanjo.net\/site\/mensagem-do-papa-bento-16-para-a-28-jornada-mundial-da-juventude\/","og_locale":"pt_BR","og_type":"article","og_title":"Mensagem do papa Bento 16 para a 28\u00aa Jornada Mundial da Juventude - O Arcanjo no ar","og_description":"&#8220;Ide e fazei disc\u00edpulos entre as na\u00e7\u00f5es!&#8221; (cf. Mt 28,19) Queridos jovens, Desejo fazer chegar a todos v\u00f3s minha sauda\u00e7\u00e3o cheia de alegria e afeto. Tenho a certeza que muitos de v\u00f3s regressastes a casa da Jornada Mundial da Juventude em Madrid mais \u00abenraizados e edificados em Cristo, firmes na f\u00e9\u00bb (cf. Col 2,7). Este [&hellip;]","og_url":"https:\/\/www.oarcanjo.net\/site\/mensagem-do-papa-bento-16-para-a-28-jornada-mundial-da-juventude\/","og_site_name":"O Arcanjo no ar","article_publisher":"https:\/\/www.facebook.com\/OArcanjoNoAr\/","article_published_time":"2012-11-23T11:17:26+00:00","article_modified_time":"2012-11-25T14:30:07+00:00","og_image":[{"width":300,"height":300,"url":"https:\/\/www.oarcanjo.net\/site\/wp-content\/uploads\/logo-o-arcanjo-no-ar-facebook.png","type":"image\/png"}],"author":"editor","twitter_card":"summary_large_image","twitter_misc":{"Escrito por":"editor","Est. tempo de leitura":"20 minutos"},"schema":{"@context":"https:\/\/schema.org","@graph":[{"@type":"Article","@id":"https:\/\/www.oarcanjo.net\/site\/mensagem-do-papa-bento-16-para-a-28-jornada-mundial-da-juventude\/#article","isPartOf":{"@id":"https:\/\/www.oarcanjo.net\/site\/mensagem-do-papa-bento-16-para-a-28-jornada-mundial-da-juventude\/"},"author":{"name":"editor","@id":"https:\/\/www.oarcanjo.net\/site\/#\/schema\/person\/f7024d007863202483a31326673a0838"},"headline":"Mensagem do papa Bento 16 para a 28\u00aa Jornada Mundial da Juventude","datePublished":"2012-11-23T11:17:26+00:00","dateModified":"2012-11-25T14:30:07+00:00","mainEntityOfPage":{"@id":"https:\/\/www.oarcanjo.net\/site\/mensagem-do-papa-bento-16-para-a-28-jornada-mundial-da-juventude\/"},"wordCount":4086,"commentCount":0,"publisher":{"@id":"https:\/\/www.oarcanjo.net\/site\/#organization"},"keywords":["Jornada Mundial da Juventude","Papa Bento 16","Papa Bento XVI"],"articleSection":["Jovens","Not\u00edcias"],"inLanguage":"pt-BR","potentialAction":[{"@type":"CommentAction","name":"Comment","target":["https:\/\/www.oarcanjo.net\/site\/mensagem-do-papa-bento-16-para-a-28-jornada-mundial-da-juventude\/#respond"]}]},{"@type":"WebPage","@id":"https:\/\/www.oarcanjo.net\/site\/mensagem-do-papa-bento-16-para-a-28-jornada-mundial-da-juventude\/","url":"https:\/\/www.oarcanjo.net\/site\/mensagem-do-papa-bento-16-para-a-28-jornada-mundial-da-juventude\/","name":"Mensagem do papa Bento 16 para a 28\u00aa Jornada Mundial da Juventude - O Arcanjo no ar","isPartOf":{"@id":"https:\/\/www.oarcanjo.net\/site\/#website"},"datePublished":"2012-11-23T11:17:26+00:00","dateModified":"2012-11-25T14:30:07+00:00","breadcrumb":{"@id":"https:\/\/www.oarcanjo.net\/site\/mensagem-do-papa-bento-16-para-a-28-jornada-mundial-da-juventude\/#breadcrumb"},"inLanguage":"pt-BR","potentialAction":[{"@type":"ReadAction","target":["https:\/\/www.oarcanjo.net\/site\/mensagem-do-papa-bento-16-para-a-28-jornada-mundial-da-juventude\/"]}]},{"@type":"BreadcrumbList","@id":"https:\/\/www.oarcanjo.net\/site\/mensagem-do-papa-bento-16-para-a-28-jornada-mundial-da-juventude\/#breadcrumb","itemListElement":[{"@type":"ListItem","position":1,"name":"In\u00edcio","item":"https:\/\/www.oarcanjo.net\/site\/"},{"@type":"ListItem","position":2,"name":"Mensagem do papa Bento 16 para a 28\u00aa Jornada Mundial da Juventude"}]},{"@type":"WebSite","@id":"https:\/\/www.oarcanjo.net\/site\/#website","url":"https:\/\/www.oarcanjo.net\/site\/","name":"O Arcanjo no ar","description":"Site da Par\u00f3quia S\u00e3o Miguel Arcanjo (Arquidiocese de SP)","publisher":{"@id":"https:\/\/www.oarcanjo.net\/site\/#organization"},"potentialAction":[{"@type":"SearchAction","target":{"@type":"EntryPoint","urlTemplate":"https:\/\/www.oarcanjo.net\/site\/?s={search_term_string}"},"query-input":{"@type":"PropertyValueSpecification","valueRequired":true,"valueName":"search_term_string"}}],"inLanguage":"pt-BR"},{"@type":"Organization","@id":"https:\/\/www.oarcanjo.net\/site\/#organization","name":"Par\u00f3quia S\u00e3o Miguel Arcanjo","url":"https:\/\/www.oarcanjo.net\/site\/","logo":{"@type":"ImageObject","inLanguage":"pt-BR","@id":"https:\/\/www.oarcanjo.net\/site\/#\/schema\/logo\/image\/","url":"https:\/\/www.oarcanjo.net\/site\/wp-content\/uploads\/LogoOArcanjo.png","contentUrl":"https:\/\/www.oarcanjo.net\/site\/wp-content\/uploads\/LogoOArcanjo.png","width":319,"height":99,"caption":"Par\u00f3quia S\u00e3o Miguel Arcanjo"},"image":{"@id":"https:\/\/www.oarcanjo.net\/site\/#\/schema\/logo\/image\/"},"sameAs":["https:\/\/www.facebook.com\/OArcanjoNoAr\/"]},{"@type":"Person","@id":"https:\/\/www.oarcanjo.net\/site\/#\/schema\/person\/f7024d007863202483a31326673a0838","name":"editor","sameAs":["http:\/\/www.oarcanjo.net"]}]}},"publishpress_future_action":{"enabled":false,"date":"2026-05-07 06:28:48","action":"category","newStatus":"draft","terms":[],"taxonomy":"category"},"publishpress_future_workflow_manual_trigger":{"enabledWorkflows":[]},"_links":{"self":[{"href":"https:\/\/www.oarcanjo.net\/site\/wp-json\/wp\/v2\/posts\/19959"}],"collection":[{"href":"https:\/\/www.oarcanjo.net\/site\/wp-json\/wp\/v2\/posts"}],"about":[{"href":"https:\/\/www.oarcanjo.net\/site\/wp-json\/wp\/v2\/types\/post"}],"author":[{"embeddable":true,"href":"https:\/\/www.oarcanjo.net\/site\/wp-json\/wp\/v2\/users\/5"}],"replies":[{"embeddable":true,"href":"https:\/\/www.oarcanjo.net\/site\/wp-json\/wp\/v2\/comments?post=19959"}],"version-history":[{"count":0,"href":"https:\/\/www.oarcanjo.net\/site\/wp-json\/wp\/v2\/posts\/19959\/revisions"}],"wp:attachment":[{"href":"https:\/\/www.oarcanjo.net\/site\/wp-json\/wp\/v2\/media?parent=19959"}],"wp:term":[{"taxonomy":"category","embeddable":true,"href":"https:\/\/www.oarcanjo.net\/site\/wp-json\/wp\/v2\/categories?post=19959"},{"taxonomy":"post_tag","embeddable":true,"href":"https:\/\/www.oarcanjo.net\/site\/wp-json\/wp\/v2\/tags?post=19959"}],"curies":[{"name":"wp","href":"https:\/\/api.w.org\/{rel}","templated":true}]}}