
{"id":19962,"date":"2012-11-23T09:20:37","date_gmt":"2012-11-23T11:20:37","guid":{"rendered":"http:\/\/www.oarcanjo.net\/site\/?p=19962"},"modified":"2012-11-23T09:22:38","modified_gmt":"2012-11-23T11:22:38","slug":"a-recepcao-do-concilio-vaticano-ii-no-brasil-e-na-america-latina","status":"publish","type":"post","link":"https:\/\/www.oarcanjo.net\/site\/a-recepcao-do-concilio-vaticano-ii-no-brasil-e-na-america-latina\/","title":{"rendered":"A recep\u00e7\u00e3o do Conc\u00edlio Vaticano II no Brasil e na Am\u00e9rica Latina"},"content":{"rendered":"<p><\/p>\n<p><em>Leonardo Boff<\/em><\/p>\n<p>Celebramos 50 anos do Conc\u00edlio Vaticano II (1962-1965). Ele representa uma ruptura do curso que a Igreja Cat\u00f3lica vinha percorrendo por s\u00e9culos. Era uma Igreja, fortaleza sitiada, defendendo-se de tudo o que vinha do mundo moderno, da ci\u00eancia, da t\u00e9cnica e das conquistas civilizat\u00f3rias como a democracia, os direitos humanos e a separa\u00e7\u00e3o entre Igreja e Estado.<\/p>\n<p>Mas uma lufada de ar fresco veio de um Papa anci\u00e3o do qual nada se esperava: Jo\u00e3o XXIII (+1963). Ele abriu portas e janelas da Igreja. Disse: ela n\u00e3o pode ser um museu respeit\u00e1vel; ela tem que ser a casa de todos, arejada e agrad\u00e1vel para se viver.<\/p>\n<p>Antes de mais nada, o Conc\u00edlio representou, na linguagem cunhada pelo Papa XXIII, um aggionamento, quer dizer, uma atualiza\u00e7\u00e3o e uma reconstru\u00e7\u00e3o de sua auto-compreens\u00e3o e do tipo de presen\u00e7a no mundo.<\/p>\n<p>Mais que sumariar os elementos principais introduzidos pelo Conc\u00edlio, interessa-nos como este aggiornamento foi acolhido e traduzido pela Igreja latino-americana e pelo Brasil. A esse processo se chama de recep\u00e7\u00e3o que significa uma releitura e um refazimento das intui\u00e7\u00f5es conciliares dentro do contexto latino-americano, bem diferente daquele europeu no qual se elaboraram todos os documentos. Enfatizaremos apenas alguns pontos essenciais.<\/p>\n<p>O primeiro, sem d\u00favida, foi a profunda mudan\u00e7a de atmosfera eclesial: antes predominava a \u201cgrande disciplina\u201d, a uniformiza\u00e7\u00e3o romana e o ar sombrio e antiquado da vida eclesial. As Igrejas da Am\u00e9rica Latina, da \u00c1frica e da \u00c1sia eram Igrejas-espelho daquela romana. De repente come\u00e7aram a sentir-se Igrejas-fonte. Podiam se inculturizar e criar linguagens novas. Agora se irradia entusiasmo e coragem de criar.<\/p>\n<p>Em segundo lugar, na Am\u00e9rica Latina se deu uma redefini\u00e7\u00e3o do lugar social da Igreja. O Vaticano II foi um Conc\u00edlio universal mas na perspectiva dos pa\u00edses centrais e ricos. Ai se definiu a Igreja dentro do mundo moderno. Mas existe um sub-mundo de pobreza e de opress\u00e3o. Este foi captado pela Igreja latino-americana. Esta deve se deslocar do centro humano para as periferias sub-humanas. Se aqui vigora opress\u00e3o, sua miss\u00e3o deve ser de liberta\u00e7\u00e3o. A inspira\u00e7\u00e3o veio das palavras do Papa Jo\u00e3o XXIII: \u201ca Igreja \u00e9 de todos mas principalmente quer ser uma Igreja dos pobres\u201d.<\/p>\n<p>Esta viragem se traduziu nas v\u00e1rias confer\u00eancias episcopais latinoamericas desde Medellin (1968) at\u00e9 Aparecida (2007) pela op\u00e7\u00e3o solid\u00e1ria e preferencial pelos pobres, contra a pobreza. Ela se transformou na marca registrada da Igreja latino-americana e da teologia da liberta\u00e7\u00e3o.<\/p>\n<p>Em terceiro lugar, \u00e9 a concretiza\u00e7\u00e3o da Igreja como Povo de Deus. O Vaticano II colocou esta categoria antes daquela da Hierarquia. Para a Igreja latinoamericana Povo de Deus n\u00e3o \u00e9 uma met\u00e1fora; a grande maioria do povo \u00e9 crist\u00e3 e cat\u00f3lica, logo \u00e9 Povo de Deus, gemendo sob a opress\u00e3o como outrora no Egito. Dai nasce a dimens\u00e3o de liberta\u00e7\u00e3o que a Igreja assume oficialmente em todos os documentos de Medellin (1968) at\u00e9 Aparecida (2007). Esta vis\u00e3o da Igreja-povo-de-Deus ensejou o surgimento das Comunidades Eclesiais de Base e das pastorais sociais.<\/p>\n<p>Em quarto lugar, o Conc\u00edlio entendeu a Palavra de Deus, contida na B\u00edblia como a alma da vida eclesial. Isso foi traduzido pela leitura popular da B\u00edblia e pelos milhares e milhares de c\u00edrculos b\u00edblicos. Neles os crist\u00e3os comparam a p\u00e1gina da vida com a p\u00e1gina da B\u00edblia e tiram conclus\u00f5es pr\u00e1ticas, na linha da comunh\u00e3o, da participa\u00e7\u00e3o e da liberta\u00e7\u00e3o.<\/p>\n<p>Em quinto lugar, o Conc\u00edlio se abriu aos direitos humanos. Na Am\u00e9rica Latina foram traduzidos como direitos a partir dos pobres e por isso, antes de tudo, direito \u00e0 vida, ao trabalho, \u00e0 sa\u00fade e \u00e0 educa\u00e7\u00e3o. A partir da\u00ed se entendem os demais direitos, ir e vir e outros.<\/p>\n<p>Em sexto lugar, o Conc\u00edlio acolheu o ecumenismo entre as Igrejas crist\u00e3s. Na Am\u00e9rica latina o ecumenismo n\u00e3o visa tanto a converg\u00eancia nas doutrinas mas a converg\u00eancia nas pr\u00e1ticas: todas as Igrejas juntas se empenham pela liberta\u00e7\u00e3o dos oprimidos. \u00c9 um ecumenismo de miss\u00e3o.<\/p>\n<p>Por fim, dialoga com as religi\u00f5es vendo nelas a presen\u00e7a do Esp\u00edrito que chega antes do mission\u00e1rio e por isso devem ser respeitadas com seus valores.<\/p>\n<p>Por fim cabe reconhecer: a Am\u00e9rica Latina foi o Continente onde mais se tomou a s\u00e9rio o Vaticano II e mais transforma\u00e7\u00e3o trouxe, projetando a Igreja dos pobres como desafio para a Igreja universal e para todas as consci\u00eancias humanit\u00e1rias.<\/p>\n<p><\/p>\n<div id=\"themify_builder_content-19962\" data-postid=\"19962\" class=\"themify_builder_content themify_builder_content-19962 themify_builder themify_builder_front\">\n\t<\/div>\n<!-- \/themify_builder_content -->","protected":false},"excerpt":{"rendered":"<p>Leonardo Boff Celebramos 50 anos do Conc\u00edlio Vaticano II (1962-1965). Ele representa uma ruptura do curso que a Igreja Cat\u00f3lica vinha percorrendo por s\u00e9culos. Era uma Igreja, fortaleza sitiada, defendendo-se de tudo o que vinha do mundo moderno, da ci\u00eancia, da t\u00e9cnica e das conquistas civilizat\u00f3rias como a democracia, os direitos humanos e a separa\u00e7\u00e3o [&hellip;]<\/p>\n","protected":false},"author":5,"featured_media":0,"comment_status":"open","ping_status":"open","sticky":false,"template":"","format":"standard","meta":{"ngg_post_thumbnail":0,"footnotes":""},"categories":[9],"tags":[388,235,505,730],"yoast_head":"<!-- This site is optimized with the Yoast SEO plugin v23.5 - https:\/\/yoast.com\/wordpress\/plugins\/seo\/ -->\n<title>A recep\u00e7\u00e3o do Conc\u00edlio Vaticano II no Brasil e na Am\u00e9rica Latina - O Arcanjo no ar<\/title>\n<meta name=\"robots\" content=\"index, follow, max-snippet:-1, max-image-preview:large, max-video-preview:-1\" \/>\n<link rel=\"canonical\" href=\"https:\/\/www.oarcanjo.net\/site\/a-recepcao-do-concilio-vaticano-ii-no-brasil-e-na-america-latina\/\" \/>\n<meta property=\"og:locale\" content=\"pt_BR\" \/>\n<meta property=\"og:type\" content=\"article\" \/>\n<meta property=\"og:title\" content=\"A recep\u00e7\u00e3o do Conc\u00edlio Vaticano II no Brasil e na Am\u00e9rica Latina - O Arcanjo no ar\" \/>\n<meta property=\"og:description\" content=\"Leonardo Boff Celebramos 50 anos do Conc\u00edlio Vaticano II (1962-1965). Ele representa uma ruptura do curso que a Igreja Cat\u00f3lica vinha percorrendo por s\u00e9culos. Era uma Igreja, fortaleza sitiada, defendendo-se de tudo o que vinha do mundo moderno, da ci\u00eancia, da t\u00e9cnica e das conquistas civilizat\u00f3rias como a democracia, os direitos humanos e a separa\u00e7\u00e3o [&hellip;]\" \/>\n<meta property=\"og:url\" content=\"https:\/\/www.oarcanjo.net\/site\/a-recepcao-do-concilio-vaticano-ii-no-brasil-e-na-america-latina\/\" \/>\n<meta property=\"og:site_name\" content=\"O Arcanjo no ar\" \/>\n<meta property=\"article:publisher\" content=\"https:\/\/www.facebook.com\/OArcanjoNoAr\/\" \/>\n<meta property=\"article:published_time\" content=\"2012-11-23T11:20:37+00:00\" \/>\n<meta property=\"article:modified_time\" content=\"2012-11-23T11:22:38+00:00\" \/>\n<meta property=\"og:image\" content=\"https:\/\/www.oarcanjo.net\/site\/wp-content\/uploads\/logo-o-arcanjo-no-ar-facebook.png\" \/>\n\t<meta property=\"og:image:width\" content=\"300\" \/>\n\t<meta property=\"og:image:height\" content=\"300\" \/>\n\t<meta property=\"og:image:type\" content=\"image\/png\" \/>\n<meta name=\"author\" content=\"editor\" \/>\n<meta name=\"twitter:card\" content=\"summary_large_image\" \/>\n<meta name=\"twitter:label1\" content=\"Escrito por\" \/>\n\t<meta name=\"twitter:data1\" content=\"editor\" \/>\n\t<meta name=\"twitter:label2\" content=\"Est. tempo de leitura\" \/>\n\t<meta name=\"twitter:data2\" content=\"4 minutos\" \/>\n<script type=\"application\/ld+json\" class=\"yoast-schema-graph\">{\"@context\":\"https:\/\/schema.org\",\"@graph\":[{\"@type\":\"Article\",\"@id\":\"https:\/\/www.oarcanjo.net\/site\/a-recepcao-do-concilio-vaticano-ii-no-brasil-e-na-america-latina\/#article\",\"isPartOf\":{\"@id\":\"https:\/\/www.oarcanjo.net\/site\/a-recepcao-do-concilio-vaticano-ii-no-brasil-e-na-america-latina\/\"},\"author\":{\"name\":\"editor\",\"@id\":\"https:\/\/www.oarcanjo.net\/site\/#\/schema\/person\/f7024d007863202483a31326673a0838\"},\"headline\":\"A recep\u00e7\u00e3o do Conc\u00edlio Vaticano II no Brasil e na Am\u00e9rica Latina\",\"datePublished\":\"2012-11-23T11:20:37+00:00\",\"dateModified\":\"2012-11-23T11:22:38+00:00\",\"mainEntityOfPage\":{\"@id\":\"https:\/\/www.oarcanjo.net\/site\/a-recepcao-do-concilio-vaticano-ii-no-brasil-e-na-america-latina\/\"},\"wordCount\":795,\"commentCount\":0,\"publisher\":{\"@id\":\"https:\/\/www.oarcanjo.net\/site\/#organization\"},\"keywords\":[\"Am\u00e9rica Latina\",\"Aparecida\",\"Conc\u00edlio Vaticano II\",\"Medellin\"],\"articleSection\":[\"Reflex\u00f5es\"],\"inLanguage\":\"pt-BR\",\"potentialAction\":[{\"@type\":\"CommentAction\",\"name\":\"Comment\",\"target\":[\"https:\/\/www.oarcanjo.net\/site\/a-recepcao-do-concilio-vaticano-ii-no-brasil-e-na-america-latina\/#respond\"]}]},{\"@type\":\"WebPage\",\"@id\":\"https:\/\/www.oarcanjo.net\/site\/a-recepcao-do-concilio-vaticano-ii-no-brasil-e-na-america-latina\/\",\"url\":\"https:\/\/www.oarcanjo.net\/site\/a-recepcao-do-concilio-vaticano-ii-no-brasil-e-na-america-latina\/\",\"name\":\"A recep\u00e7\u00e3o do Conc\u00edlio Vaticano II no Brasil e na Am\u00e9rica Latina - O Arcanjo no ar\",\"isPartOf\":{\"@id\":\"https:\/\/www.oarcanjo.net\/site\/#website\"},\"datePublished\":\"2012-11-23T11:20:37+00:00\",\"dateModified\":\"2012-11-23T11:22:38+00:00\",\"breadcrumb\":{\"@id\":\"https:\/\/www.oarcanjo.net\/site\/a-recepcao-do-concilio-vaticano-ii-no-brasil-e-na-america-latina\/#breadcrumb\"},\"inLanguage\":\"pt-BR\",\"potentialAction\":[{\"@type\":\"ReadAction\",\"target\":[\"https:\/\/www.oarcanjo.net\/site\/a-recepcao-do-concilio-vaticano-ii-no-brasil-e-na-america-latina\/\"]}]},{\"@type\":\"BreadcrumbList\",\"@id\":\"https:\/\/www.oarcanjo.net\/site\/a-recepcao-do-concilio-vaticano-ii-no-brasil-e-na-america-latina\/#breadcrumb\",\"itemListElement\":[{\"@type\":\"ListItem\",\"position\":1,\"name\":\"In\u00edcio\",\"item\":\"https:\/\/www.oarcanjo.net\/site\/\"},{\"@type\":\"ListItem\",\"position\":2,\"name\":\"A recep\u00e7\u00e3o do Conc\u00edlio Vaticano II no Brasil e na Am\u00e9rica Latina\"}]},{\"@type\":\"WebSite\",\"@id\":\"https:\/\/www.oarcanjo.net\/site\/#website\",\"url\":\"https:\/\/www.oarcanjo.net\/site\/\",\"name\":\"O Arcanjo no ar\",\"description\":\"Site da Par\u00f3quia S\u00e3o Miguel Arcanjo (Arquidiocese de SP)\",\"publisher\":{\"@id\":\"https:\/\/www.oarcanjo.net\/site\/#organization\"},\"potentialAction\":[{\"@type\":\"SearchAction\",\"target\":{\"@type\":\"EntryPoint\",\"urlTemplate\":\"https:\/\/www.oarcanjo.net\/site\/?s={search_term_string}\"},\"query-input\":{\"@type\":\"PropertyValueSpecification\",\"valueRequired\":true,\"valueName\":\"search_term_string\"}}],\"inLanguage\":\"pt-BR\"},{\"@type\":\"Organization\",\"@id\":\"https:\/\/www.oarcanjo.net\/site\/#organization\",\"name\":\"Par\u00f3quia S\u00e3o Miguel Arcanjo\",\"url\":\"https:\/\/www.oarcanjo.net\/site\/\",\"logo\":{\"@type\":\"ImageObject\",\"inLanguage\":\"pt-BR\",\"@id\":\"https:\/\/www.oarcanjo.net\/site\/#\/schema\/logo\/image\/\",\"url\":\"https:\/\/www.oarcanjo.net\/site\/wp-content\/uploads\/LogoOArcanjo.png\",\"contentUrl\":\"https:\/\/www.oarcanjo.net\/site\/wp-content\/uploads\/LogoOArcanjo.png\",\"width\":319,\"height\":99,\"caption\":\"Par\u00f3quia S\u00e3o Miguel Arcanjo\"},\"image\":{\"@id\":\"https:\/\/www.oarcanjo.net\/site\/#\/schema\/logo\/image\/\"},\"sameAs\":[\"https:\/\/www.facebook.com\/OArcanjoNoAr\/\"]},{\"@type\":\"Person\",\"@id\":\"https:\/\/www.oarcanjo.net\/site\/#\/schema\/person\/f7024d007863202483a31326673a0838\",\"name\":\"editor\",\"sameAs\":[\"http:\/\/www.oarcanjo.net\"]}]}<\/script>\n<!-- \/ Yoast SEO plugin. -->","yoast_head_json":{"title":"A recep\u00e7\u00e3o do Conc\u00edlio Vaticano II no Brasil e na Am\u00e9rica Latina - O Arcanjo no ar","robots":{"index":"index","follow":"follow","max-snippet":"max-snippet:-1","max-image-preview":"max-image-preview:large","max-video-preview":"max-video-preview:-1"},"canonical":"https:\/\/www.oarcanjo.net\/site\/a-recepcao-do-concilio-vaticano-ii-no-brasil-e-na-america-latina\/","og_locale":"pt_BR","og_type":"article","og_title":"A recep\u00e7\u00e3o do Conc\u00edlio Vaticano II no Brasil e na Am\u00e9rica Latina - O Arcanjo no ar","og_description":"Leonardo Boff Celebramos 50 anos do Conc\u00edlio Vaticano II (1962-1965). Ele representa uma ruptura do curso que a Igreja Cat\u00f3lica vinha percorrendo por s\u00e9culos. Era uma Igreja, fortaleza sitiada, defendendo-se de tudo o que vinha do mundo moderno, da ci\u00eancia, da t\u00e9cnica e das conquistas civilizat\u00f3rias como a democracia, os direitos humanos e a separa\u00e7\u00e3o [&hellip;]","og_url":"https:\/\/www.oarcanjo.net\/site\/a-recepcao-do-concilio-vaticano-ii-no-brasil-e-na-america-latina\/","og_site_name":"O Arcanjo no ar","article_publisher":"https:\/\/www.facebook.com\/OArcanjoNoAr\/","article_published_time":"2012-11-23T11:20:37+00:00","article_modified_time":"2012-11-23T11:22:38+00:00","og_image":[{"width":300,"height":300,"url":"https:\/\/www.oarcanjo.net\/site\/wp-content\/uploads\/logo-o-arcanjo-no-ar-facebook.png","type":"image\/png"}],"author":"editor","twitter_card":"summary_large_image","twitter_misc":{"Escrito por":"editor","Est. tempo de leitura":"4 minutos"},"schema":{"@context":"https:\/\/schema.org","@graph":[{"@type":"Article","@id":"https:\/\/www.oarcanjo.net\/site\/a-recepcao-do-concilio-vaticano-ii-no-brasil-e-na-america-latina\/#article","isPartOf":{"@id":"https:\/\/www.oarcanjo.net\/site\/a-recepcao-do-concilio-vaticano-ii-no-brasil-e-na-america-latina\/"},"author":{"name":"editor","@id":"https:\/\/www.oarcanjo.net\/site\/#\/schema\/person\/f7024d007863202483a31326673a0838"},"headline":"A recep\u00e7\u00e3o do Conc\u00edlio Vaticano II no Brasil e na Am\u00e9rica Latina","datePublished":"2012-11-23T11:20:37+00:00","dateModified":"2012-11-23T11:22:38+00:00","mainEntityOfPage":{"@id":"https:\/\/www.oarcanjo.net\/site\/a-recepcao-do-concilio-vaticano-ii-no-brasil-e-na-america-latina\/"},"wordCount":795,"commentCount":0,"publisher":{"@id":"https:\/\/www.oarcanjo.net\/site\/#organization"},"keywords":["Am\u00e9rica Latina","Aparecida","Conc\u00edlio Vaticano II","Medellin"],"articleSection":["Reflex\u00f5es"],"inLanguage":"pt-BR","potentialAction":[{"@type":"CommentAction","name":"Comment","target":["https:\/\/www.oarcanjo.net\/site\/a-recepcao-do-concilio-vaticano-ii-no-brasil-e-na-america-latina\/#respond"]}]},{"@type":"WebPage","@id":"https:\/\/www.oarcanjo.net\/site\/a-recepcao-do-concilio-vaticano-ii-no-brasil-e-na-america-latina\/","url":"https:\/\/www.oarcanjo.net\/site\/a-recepcao-do-concilio-vaticano-ii-no-brasil-e-na-america-latina\/","name":"A recep\u00e7\u00e3o do Conc\u00edlio Vaticano II no Brasil e na Am\u00e9rica Latina - O Arcanjo no ar","isPartOf":{"@id":"https:\/\/www.oarcanjo.net\/site\/#website"},"datePublished":"2012-11-23T11:20:37+00:00","dateModified":"2012-11-23T11:22:38+00:00","breadcrumb":{"@id":"https:\/\/www.oarcanjo.net\/site\/a-recepcao-do-concilio-vaticano-ii-no-brasil-e-na-america-latina\/#breadcrumb"},"inLanguage":"pt-BR","potentialAction":[{"@type":"ReadAction","target":["https:\/\/www.oarcanjo.net\/site\/a-recepcao-do-concilio-vaticano-ii-no-brasil-e-na-america-latina\/"]}]},{"@type":"BreadcrumbList","@id":"https:\/\/www.oarcanjo.net\/site\/a-recepcao-do-concilio-vaticano-ii-no-brasil-e-na-america-latina\/#breadcrumb","itemListElement":[{"@type":"ListItem","position":1,"name":"In\u00edcio","item":"https:\/\/www.oarcanjo.net\/site\/"},{"@type":"ListItem","position":2,"name":"A recep\u00e7\u00e3o do Conc\u00edlio Vaticano II no Brasil e na Am\u00e9rica Latina"}]},{"@type":"WebSite","@id":"https:\/\/www.oarcanjo.net\/site\/#website","url":"https:\/\/www.oarcanjo.net\/site\/","name":"O Arcanjo no ar","description":"Site da Par\u00f3quia S\u00e3o Miguel Arcanjo (Arquidiocese de SP)","publisher":{"@id":"https:\/\/www.oarcanjo.net\/site\/#organization"},"potentialAction":[{"@type":"SearchAction","target":{"@type":"EntryPoint","urlTemplate":"https:\/\/www.oarcanjo.net\/site\/?s={search_term_string}"},"query-input":{"@type":"PropertyValueSpecification","valueRequired":true,"valueName":"search_term_string"}}],"inLanguage":"pt-BR"},{"@type":"Organization","@id":"https:\/\/www.oarcanjo.net\/site\/#organization","name":"Par\u00f3quia S\u00e3o Miguel Arcanjo","url":"https:\/\/www.oarcanjo.net\/site\/","logo":{"@type":"ImageObject","inLanguage":"pt-BR","@id":"https:\/\/www.oarcanjo.net\/site\/#\/schema\/logo\/image\/","url":"https:\/\/www.oarcanjo.net\/site\/wp-content\/uploads\/LogoOArcanjo.png","contentUrl":"https:\/\/www.oarcanjo.net\/site\/wp-content\/uploads\/LogoOArcanjo.png","width":319,"height":99,"caption":"Par\u00f3quia S\u00e3o Miguel Arcanjo"},"image":{"@id":"https:\/\/www.oarcanjo.net\/site\/#\/schema\/logo\/image\/"},"sameAs":["https:\/\/www.facebook.com\/OArcanjoNoAr\/"]},{"@type":"Person","@id":"https:\/\/www.oarcanjo.net\/site\/#\/schema\/person\/f7024d007863202483a31326673a0838","name":"editor","sameAs":["http:\/\/www.oarcanjo.net"]}]}},"publishpress_future_action":{"enabled":false,"date":"2026-05-09 09:26:40","action":"category","newStatus":"draft","terms":[],"taxonomy":"category"},"publishpress_future_workflow_manual_trigger":{"enabledWorkflows":[]},"_links":{"self":[{"href":"https:\/\/www.oarcanjo.net\/site\/wp-json\/wp\/v2\/posts\/19962"}],"collection":[{"href":"https:\/\/www.oarcanjo.net\/site\/wp-json\/wp\/v2\/posts"}],"about":[{"href":"https:\/\/www.oarcanjo.net\/site\/wp-json\/wp\/v2\/types\/post"}],"author":[{"embeddable":true,"href":"https:\/\/www.oarcanjo.net\/site\/wp-json\/wp\/v2\/users\/5"}],"replies":[{"embeddable":true,"href":"https:\/\/www.oarcanjo.net\/site\/wp-json\/wp\/v2\/comments?post=19962"}],"version-history":[{"count":0,"href":"https:\/\/www.oarcanjo.net\/site\/wp-json\/wp\/v2\/posts\/19962\/revisions"}],"wp:attachment":[{"href":"https:\/\/www.oarcanjo.net\/site\/wp-json\/wp\/v2\/media?parent=19962"}],"wp:term":[{"taxonomy":"category","embeddable":true,"href":"https:\/\/www.oarcanjo.net\/site\/wp-json\/wp\/v2\/categories?post=19962"},{"taxonomy":"post_tag","embeddable":true,"href":"https:\/\/www.oarcanjo.net\/site\/wp-json\/wp\/v2\/tags?post=19962"}],"curies":[{"name":"wp","href":"https:\/\/api.w.org\/{rel}","templated":true}]}}