
{"id":19968,"date":"2012-11-23T12:29:44","date_gmt":"2012-11-23T14:29:44","guid":{"rendered":"http:\/\/www.oarcanjo.net\/site\/?p=19968"},"modified":"2012-11-25T12:31:50","modified_gmt":"2012-11-25T14:31:50","slug":"um-rei-diferente-dom-sergio","status":"publish","type":"post","link":"https:\/\/www.oarcanjo.net\/site\/um-rei-diferente-dom-sergio\/","title":{"rendered":"Um Rei Diferente"},"content":{"rendered":"<p>Dom Sergio da Rocha<\/p>\n<p><img loading=\"lazy\" decoding=\"async\" class=\"alignleft size-thumbnail wp-image-19475\" src=\"http:\/\/www.oarcanjo.net\/site\/wp-content\/uploads\/300502_159988240759727_100002456578485_296584_1555955916_a-150x150.jpg\" alt=\"\" width=\"150\" height=\"150\" \/><\/p>\n<p>Neste \u00faltimo domingo do ano lit\u00fargico, celebramos a solenidade de Nosso Senhor Jesus Cristo Rei do Universo. N\u00f3s exultamos de alegria, aclamando com o salmista que \u201cDeus \u00e9 rei e se vestiu de majestade; gl\u00f3ria ao Senhor!\u201d (Sl 92). A Liturgia da Palavra nos mostra que tipo de rei \u00e9 Jesus Cristo.  N\u00e3o se pode aplicar a Jesus a figura de rei que comumente se conhece na hist\u00f3ria. O Evangelho nos mostra a face de Cristo Rei diante de Pilatos. Jesus sempre recusou ser coroado rei pelo povo, em momentos de euforia popular, pois o seu \u201creino n\u00e3o \u00e9 deste mundo\u201d (Jo 18,36).<\/p>\n<p>Ele n\u00e3o poderia ser considerado um rei dentre outros, segundo os costumes dos povos. Diante de Pilatos, em meio a Paix\u00e3o, Jesus sofredor admite: \u201cTu o dizes: eu sou rei\u201d (Jo 18,37), o \u201crei\u201d que veio ao mundo \u201cpara dar testemunho da verdade\u201d. Na sua paix\u00e3o e morte na cruz, Jesus se revela o verdadeiro rei, o Senhor, que vem para dar a vida pela salva\u00e7\u00e3o do seu povo. Ele \u00e9 um rei muito diferente! Seu trono \u00e9 a cruz; sua coroa \u00e9 de espinhos; seu manto vermelho est\u00e1 embebido do pr\u00f3prio sangue vertido do corpo flagelado; seu cetro real \u00e9 uma vara colocada em suas m\u00e3os por zombaria. Ao inv\u00e9s de cercar-se de honrarias, ele se faz servo, doando a sua vida.<\/p>\n<p>&nbsp;<\/p>\n<p>Entretanto, este rei morto na cruz alcan\u00e7ou a vit\u00f3ria. N\u00f3s proclamamos, ao rezar o Creio, que \u201cJesus ressuscitou ao terceiro dia, subiu aos c\u00e9us e est\u00e1 sentado \u00e0 direita do Pai\u201d. Com o livro do Apocalipse, n\u00f3s aclamamos: \u201cJesus Cristo \u00e9 a testemunha fiel, o primeiro a ressuscitar dos mortos, o soberano dos reis da terra\u201d (Ap 1,5). Por isso, Ele reina como \u201cNosso Senhor e Rei do Universo\u201d, conforme se intitula a solenidade de hoje. No pref\u00e1cio desta missa, o sacerdote louva ao Pai afirmando que o Reino de Jesus \u00e9 um \u201creino eterno e universal: reino da verdade e da vida, reino da santidade e da gra\u00e7a, reino da justi\u00e7a, do amor e da paz\u201d.<\/p>\n<p>\u00c9 este o Reino que pedimos ao Pai, todas as vezes que rezamos o Pai Nosso. Contudo, n\u00e3o basta assim rezar; quem aceitar Jesus como Rei e Senhor, nele deve crer e confiar, deixando-se conduzir pela sua Palavra. Quem quiser segui-lo, deve \u201cbuscar primeiro o Reino de Deus e a sua justi\u00e7a\u201d. Por isso, hoje, n\u00f3s rezamos, especialmente, pelos crist\u00e3os leigos e leigas, chamados a participar ativamente da vida e da miss\u00e3o da Igreja, atrav\u00e9s do testemunho da f\u00e9, da pr\u00e1tica da caridade e da justi\u00e7a, nos diversos ambientes da sociedade. N\u00f3s agradecemos profundamente aos fi\u00e9is leigos que tanto se dedicam \u00e0 Igreja nas diversas pastorais, movimentos ou servi\u00e7os, participando, de modo respons\u00e1vel, na constru\u00e7\u00e3o da sociedade querida por Deus, rumo ao Reino definitivo.<\/p>\n<p>Arcebispo Metropolitano de Bras\u00edlia<\/p>\n<p>Postado por\u00a0<a title=\"author profile\" rel=\"author\" href=\"http:\/\/www.blogger.com\/profile\/12037961757835243213\">Par\u00f3quia de Santo Afonso <\/a><\/p>\n<div id=\"themify_builder_content-19968\" data-postid=\"19968\" class=\"themify_builder_content themify_builder_content-19968 themify_builder themify_builder_front\">\n\t<\/div>\n<!-- \/themify_builder_content -->","protected":false},"excerpt":{"rendered":"<p>Dom Sergio da Rocha Neste \u00faltimo domingo do ano lit\u00fargico, celebramos a solenidade de Nosso Senhor Jesus Cristo Rei do Universo. N\u00f3s exultamos de alegria, aclamando com o salmista que \u201cDeus \u00e9 rei e se vestiu de majestade; gl\u00f3ria ao Senhor!\u201d (Sl 92). A Liturgia da Palavra nos mostra que tipo de rei \u00e9 Jesus [&hellip;]<\/p>\n","protected":false},"author":17,"featured_media":0,"comment_status":"open","ping_status":"open","sticky":false,"template":"","format":"standard","meta":{"ngg_post_thumbnail":0,"footnotes":""},"categories":[9],"tags":[],"yoast_head":"<!-- This site is optimized with the Yoast SEO plugin v23.5 - https:\/\/yoast.com\/wordpress\/plugins\/seo\/ -->\n<title>Um Rei Diferente - O Arcanjo no ar<\/title>\n<meta name=\"robots\" content=\"index, follow, max-snippet:-1, max-image-preview:large, max-video-preview:-1\" \/>\n<link rel=\"canonical\" href=\"https:\/\/www.oarcanjo.net\/site\/um-rei-diferente-dom-sergio\/\" \/>\n<meta property=\"og:locale\" content=\"pt_BR\" \/>\n<meta property=\"og:type\" content=\"article\" \/>\n<meta property=\"og:title\" content=\"Um Rei Diferente - O Arcanjo no ar\" \/>\n<meta property=\"og:description\" content=\"Dom Sergio da Rocha Neste \u00faltimo domingo do ano lit\u00fargico, celebramos a solenidade de Nosso Senhor Jesus Cristo Rei do Universo. N\u00f3s exultamos de alegria, aclamando com o salmista que \u201cDeus \u00e9 rei e se vestiu de majestade; gl\u00f3ria ao Senhor!\u201d (Sl 92). A Liturgia da Palavra nos mostra que tipo de rei \u00e9 Jesus [&hellip;]\" \/>\n<meta property=\"og:url\" content=\"https:\/\/www.oarcanjo.net\/site\/um-rei-diferente-dom-sergio\/\" \/>\n<meta property=\"og:site_name\" content=\"O Arcanjo no ar\" \/>\n<meta property=\"article:publisher\" content=\"https:\/\/www.facebook.com\/OArcanjoNoAr\/\" \/>\n<meta property=\"article:published_time\" content=\"2012-11-23T14:29:44+00:00\" \/>\n<meta property=\"article:modified_time\" content=\"2012-11-25T14:31:50+00:00\" \/>\n<meta property=\"og:image\" content=\"http:\/\/www.oarcanjo.net\/site\/wp-content\/uploads\/300502_159988240759727_100002456578485_296584_1555955916_a-150x150.jpg\" \/>\n<meta name=\"author\" content=\"pe.geovane\" \/>\n<meta name=\"twitter:card\" content=\"summary_large_image\" \/>\n<meta name=\"twitter:label1\" content=\"Escrito por\" \/>\n\t<meta name=\"twitter:data1\" content=\"pe.geovane\" \/>\n\t<meta name=\"twitter:label2\" content=\"Est. tempo de leitura\" \/>\n\t<meta name=\"twitter:data2\" content=\"3 minutos\" \/>\n<script type=\"application\/ld+json\" class=\"yoast-schema-graph\">{\"@context\":\"https:\/\/schema.org\",\"@graph\":[{\"@type\":\"Article\",\"@id\":\"https:\/\/www.oarcanjo.net\/site\/um-rei-diferente-dom-sergio\/#article\",\"isPartOf\":{\"@id\":\"https:\/\/www.oarcanjo.net\/site\/um-rei-diferente-dom-sergio\/\"},\"author\":{\"name\":\"pe.geovane\",\"@id\":\"https:\/\/www.oarcanjo.net\/site\/#\/schema\/person\/58d7f78850a973b8e467c7ae4a7eb4ad\"},\"headline\":\"Um Rei Diferente\",\"datePublished\":\"2012-11-23T14:29:44+00:00\",\"dateModified\":\"2012-11-25T14:31:50+00:00\",\"mainEntityOfPage\":{\"@id\":\"https:\/\/www.oarcanjo.net\/site\/um-rei-diferente-dom-sergio\/\"},\"wordCount\":505,\"commentCount\":0,\"publisher\":{\"@id\":\"https:\/\/www.oarcanjo.net\/site\/#organization\"},\"image\":{\"@id\":\"https:\/\/www.oarcanjo.net\/site\/um-rei-diferente-dom-sergio\/#primaryimage\"},\"thumbnailUrl\":\"http:\/\/www.oarcanjo.net\/site\/wp-content\/uploads\/300502_159988240759727_100002456578485_296584_1555955916_a-150x150.jpg\",\"articleSection\":[\"Reflex\u00f5es\"],\"inLanguage\":\"pt-BR\",\"potentialAction\":[{\"@type\":\"CommentAction\",\"name\":\"Comment\",\"target\":[\"https:\/\/www.oarcanjo.net\/site\/um-rei-diferente-dom-sergio\/#respond\"]}]},{\"@type\":\"WebPage\",\"@id\":\"https:\/\/www.oarcanjo.net\/site\/um-rei-diferente-dom-sergio\/\",\"url\":\"https:\/\/www.oarcanjo.net\/site\/um-rei-diferente-dom-sergio\/\",\"name\":\"Um Rei Diferente - O Arcanjo no ar\",\"isPartOf\":{\"@id\":\"https:\/\/www.oarcanjo.net\/site\/#website\"},\"primaryImageOfPage\":{\"@id\":\"https:\/\/www.oarcanjo.net\/site\/um-rei-diferente-dom-sergio\/#primaryimage\"},\"image\":{\"@id\":\"https:\/\/www.oarcanjo.net\/site\/um-rei-diferente-dom-sergio\/#primaryimage\"},\"thumbnailUrl\":\"http:\/\/www.oarcanjo.net\/site\/wp-content\/uploads\/300502_159988240759727_100002456578485_296584_1555955916_a-150x150.jpg\",\"datePublished\":\"2012-11-23T14:29:44+00:00\",\"dateModified\":\"2012-11-25T14:31:50+00:00\",\"breadcrumb\":{\"@id\":\"https:\/\/www.oarcanjo.net\/site\/um-rei-diferente-dom-sergio\/#breadcrumb\"},\"inLanguage\":\"pt-BR\",\"potentialAction\":[{\"@type\":\"ReadAction\",\"target\":[\"https:\/\/www.oarcanjo.net\/site\/um-rei-diferente-dom-sergio\/\"]}]},{\"@type\":\"ImageObject\",\"inLanguage\":\"pt-BR\",\"@id\":\"https:\/\/www.oarcanjo.net\/site\/um-rei-diferente-dom-sergio\/#primaryimage\",\"url\":\"https:\/\/www.oarcanjo.net\/site\/wp-content\/uploads\/300502_159988240759727_100002456578485_296584_1555955916_a.jpg\",\"contentUrl\":\"https:\/\/www.oarcanjo.net\/site\/wp-content\/uploads\/300502_159988240759727_100002456578485_296584_1555955916_a.jpg\",\"width\":\"180\",\"height\":\"201\"},{\"@type\":\"BreadcrumbList\",\"@id\":\"https:\/\/www.oarcanjo.net\/site\/um-rei-diferente-dom-sergio\/#breadcrumb\",\"itemListElement\":[{\"@type\":\"ListItem\",\"position\":1,\"name\":\"In\u00edcio\",\"item\":\"https:\/\/www.oarcanjo.net\/site\/\"},{\"@type\":\"ListItem\",\"position\":2,\"name\":\"Um Rei Diferente\"}]},{\"@type\":\"WebSite\",\"@id\":\"https:\/\/www.oarcanjo.net\/site\/#website\",\"url\":\"https:\/\/www.oarcanjo.net\/site\/\",\"name\":\"O Arcanjo no ar\",\"description\":\"Site da Par\u00f3quia S\u00e3o Miguel Arcanjo (Arquidiocese de SP)\",\"publisher\":{\"@id\":\"https:\/\/www.oarcanjo.net\/site\/#organization\"},\"potentialAction\":[{\"@type\":\"SearchAction\",\"target\":{\"@type\":\"EntryPoint\",\"urlTemplate\":\"https:\/\/www.oarcanjo.net\/site\/?s={search_term_string}\"},\"query-input\":{\"@type\":\"PropertyValueSpecification\",\"valueRequired\":true,\"valueName\":\"search_term_string\"}}],\"inLanguage\":\"pt-BR\"},{\"@type\":\"Organization\",\"@id\":\"https:\/\/www.oarcanjo.net\/site\/#organization\",\"name\":\"Par\u00f3quia S\u00e3o Miguel Arcanjo\",\"url\":\"https:\/\/www.oarcanjo.net\/site\/\",\"logo\":{\"@type\":\"ImageObject\",\"inLanguage\":\"pt-BR\",\"@id\":\"https:\/\/www.oarcanjo.net\/site\/#\/schema\/logo\/image\/\",\"url\":\"https:\/\/www.oarcanjo.net\/site\/wp-content\/uploads\/LogoOArcanjo.png\",\"contentUrl\":\"https:\/\/www.oarcanjo.net\/site\/wp-content\/uploads\/LogoOArcanjo.png\",\"width\":319,\"height\":99,\"caption\":\"Par\u00f3quia S\u00e3o Miguel Arcanjo\"},\"image\":{\"@id\":\"https:\/\/www.oarcanjo.net\/site\/#\/schema\/logo\/image\/\"},\"sameAs\":[\"https:\/\/www.facebook.com\/OArcanjoNoAr\/\"]},{\"@type\":\"Person\",\"@id\":\"https:\/\/www.oarcanjo.net\/site\/#\/schema\/person\/58d7f78850a973b8e467c7ae4a7eb4ad\",\"name\":\"pe.geovane\"}]}<\/script>\n<!-- \/ Yoast SEO plugin. -->","yoast_head_json":{"title":"Um Rei Diferente - O Arcanjo no ar","robots":{"index":"index","follow":"follow","max-snippet":"max-snippet:-1","max-image-preview":"max-image-preview:large","max-video-preview":"max-video-preview:-1"},"canonical":"https:\/\/www.oarcanjo.net\/site\/um-rei-diferente-dom-sergio\/","og_locale":"pt_BR","og_type":"article","og_title":"Um Rei Diferente - O Arcanjo no ar","og_description":"Dom Sergio da Rocha Neste \u00faltimo domingo do ano lit\u00fargico, celebramos a solenidade de Nosso Senhor Jesus Cristo Rei do Universo. N\u00f3s exultamos de alegria, aclamando com o salmista que \u201cDeus \u00e9 rei e se vestiu de majestade; gl\u00f3ria ao Senhor!\u201d (Sl 92). A Liturgia da Palavra nos mostra que tipo de rei \u00e9 Jesus [&hellip;]","og_url":"https:\/\/www.oarcanjo.net\/site\/um-rei-diferente-dom-sergio\/","og_site_name":"O Arcanjo no ar","article_publisher":"https:\/\/www.facebook.com\/OArcanjoNoAr\/","article_published_time":"2012-11-23T14:29:44+00:00","article_modified_time":"2012-11-25T14:31:50+00:00","og_image":[{"url":"http:\/\/www.oarcanjo.net\/site\/wp-content\/uploads\/300502_159988240759727_100002456578485_296584_1555955916_a-150x150.jpg"}],"author":"pe.geovane","twitter_card":"summary_large_image","twitter_misc":{"Escrito por":"pe.geovane","Est. tempo de leitura":"3 minutos"},"schema":{"@context":"https:\/\/schema.org","@graph":[{"@type":"Article","@id":"https:\/\/www.oarcanjo.net\/site\/um-rei-diferente-dom-sergio\/#article","isPartOf":{"@id":"https:\/\/www.oarcanjo.net\/site\/um-rei-diferente-dom-sergio\/"},"author":{"name":"pe.geovane","@id":"https:\/\/www.oarcanjo.net\/site\/#\/schema\/person\/58d7f78850a973b8e467c7ae4a7eb4ad"},"headline":"Um Rei Diferente","datePublished":"2012-11-23T14:29:44+00:00","dateModified":"2012-11-25T14:31:50+00:00","mainEntityOfPage":{"@id":"https:\/\/www.oarcanjo.net\/site\/um-rei-diferente-dom-sergio\/"},"wordCount":505,"commentCount":0,"publisher":{"@id":"https:\/\/www.oarcanjo.net\/site\/#organization"},"image":{"@id":"https:\/\/www.oarcanjo.net\/site\/um-rei-diferente-dom-sergio\/#primaryimage"},"thumbnailUrl":"http:\/\/www.oarcanjo.net\/site\/wp-content\/uploads\/300502_159988240759727_100002456578485_296584_1555955916_a-150x150.jpg","articleSection":["Reflex\u00f5es"],"inLanguage":"pt-BR","potentialAction":[{"@type":"CommentAction","name":"Comment","target":["https:\/\/www.oarcanjo.net\/site\/um-rei-diferente-dom-sergio\/#respond"]}]},{"@type":"WebPage","@id":"https:\/\/www.oarcanjo.net\/site\/um-rei-diferente-dom-sergio\/","url":"https:\/\/www.oarcanjo.net\/site\/um-rei-diferente-dom-sergio\/","name":"Um Rei Diferente - O Arcanjo no ar","isPartOf":{"@id":"https:\/\/www.oarcanjo.net\/site\/#website"},"primaryImageOfPage":{"@id":"https:\/\/www.oarcanjo.net\/site\/um-rei-diferente-dom-sergio\/#primaryimage"},"image":{"@id":"https:\/\/www.oarcanjo.net\/site\/um-rei-diferente-dom-sergio\/#primaryimage"},"thumbnailUrl":"http:\/\/www.oarcanjo.net\/site\/wp-content\/uploads\/300502_159988240759727_100002456578485_296584_1555955916_a-150x150.jpg","datePublished":"2012-11-23T14:29:44+00:00","dateModified":"2012-11-25T14:31:50+00:00","breadcrumb":{"@id":"https:\/\/www.oarcanjo.net\/site\/um-rei-diferente-dom-sergio\/#breadcrumb"},"inLanguage":"pt-BR","potentialAction":[{"@type":"ReadAction","target":["https:\/\/www.oarcanjo.net\/site\/um-rei-diferente-dom-sergio\/"]}]},{"@type":"ImageObject","inLanguage":"pt-BR","@id":"https:\/\/www.oarcanjo.net\/site\/um-rei-diferente-dom-sergio\/#primaryimage","url":"https:\/\/www.oarcanjo.net\/site\/wp-content\/uploads\/300502_159988240759727_100002456578485_296584_1555955916_a.jpg","contentUrl":"https:\/\/www.oarcanjo.net\/site\/wp-content\/uploads\/300502_159988240759727_100002456578485_296584_1555955916_a.jpg","width":"180","height":"201"},{"@type":"BreadcrumbList","@id":"https:\/\/www.oarcanjo.net\/site\/um-rei-diferente-dom-sergio\/#breadcrumb","itemListElement":[{"@type":"ListItem","position":1,"name":"In\u00edcio","item":"https:\/\/www.oarcanjo.net\/site\/"},{"@type":"ListItem","position":2,"name":"Um Rei Diferente"}]},{"@type":"WebSite","@id":"https:\/\/www.oarcanjo.net\/site\/#website","url":"https:\/\/www.oarcanjo.net\/site\/","name":"O Arcanjo no ar","description":"Site da Par\u00f3quia S\u00e3o Miguel Arcanjo (Arquidiocese de SP)","publisher":{"@id":"https:\/\/www.oarcanjo.net\/site\/#organization"},"potentialAction":[{"@type":"SearchAction","target":{"@type":"EntryPoint","urlTemplate":"https:\/\/www.oarcanjo.net\/site\/?s={search_term_string}"},"query-input":{"@type":"PropertyValueSpecification","valueRequired":true,"valueName":"search_term_string"}}],"inLanguage":"pt-BR"},{"@type":"Organization","@id":"https:\/\/www.oarcanjo.net\/site\/#organization","name":"Par\u00f3quia S\u00e3o Miguel Arcanjo","url":"https:\/\/www.oarcanjo.net\/site\/","logo":{"@type":"ImageObject","inLanguage":"pt-BR","@id":"https:\/\/www.oarcanjo.net\/site\/#\/schema\/logo\/image\/","url":"https:\/\/www.oarcanjo.net\/site\/wp-content\/uploads\/LogoOArcanjo.png","contentUrl":"https:\/\/www.oarcanjo.net\/site\/wp-content\/uploads\/LogoOArcanjo.png","width":319,"height":99,"caption":"Par\u00f3quia S\u00e3o Miguel Arcanjo"},"image":{"@id":"https:\/\/www.oarcanjo.net\/site\/#\/schema\/logo\/image\/"},"sameAs":["https:\/\/www.facebook.com\/OArcanjoNoAr\/"]},{"@type":"Person","@id":"https:\/\/www.oarcanjo.net\/site\/#\/schema\/person\/58d7f78850a973b8e467c7ae4a7eb4ad","name":"pe.geovane"}]}},"publishpress_future_action":{"enabled":false,"date":"2026-05-09 09:30:00","action":"category","newStatus":"draft","terms":[],"taxonomy":"category"},"publishpress_future_workflow_manual_trigger":{"enabledWorkflows":[]},"_links":{"self":[{"href":"https:\/\/www.oarcanjo.net\/site\/wp-json\/wp\/v2\/posts\/19968"}],"collection":[{"href":"https:\/\/www.oarcanjo.net\/site\/wp-json\/wp\/v2\/posts"}],"about":[{"href":"https:\/\/www.oarcanjo.net\/site\/wp-json\/wp\/v2\/types\/post"}],"author":[{"embeddable":true,"href":"https:\/\/www.oarcanjo.net\/site\/wp-json\/wp\/v2\/users\/17"}],"replies":[{"embeddable":true,"href":"https:\/\/www.oarcanjo.net\/site\/wp-json\/wp\/v2\/comments?post=19968"}],"version-history":[{"count":0,"href":"https:\/\/www.oarcanjo.net\/site\/wp-json\/wp\/v2\/posts\/19968\/revisions"}],"wp:attachment":[{"href":"https:\/\/www.oarcanjo.net\/site\/wp-json\/wp\/v2\/media?parent=19968"}],"wp:term":[{"taxonomy":"category","embeddable":true,"href":"https:\/\/www.oarcanjo.net\/site\/wp-json\/wp\/v2\/categories?post=19968"},{"taxonomy":"post_tag","embeddable":true,"href":"https:\/\/www.oarcanjo.net\/site\/wp-json\/wp\/v2\/tags?post=19968"}],"curies":[{"name":"wp","href":"https:\/\/api.w.org\/{rel}","templated":true}]}}