
{"id":19979,"date":"2012-11-23T17:33:45","date_gmt":"2012-11-23T19:33:45","guid":{"rendered":"http:\/\/www.oarcanjo.net\/site\/?p=19979"},"modified":"2012-11-25T12:29:30","modified_gmt":"2012-11-25T14:29:30","slug":"projeto-missao-continental-propoe-paroquia-missionaria","status":"publish","type":"post","link":"https:\/\/www.oarcanjo.net\/site\/projeto-missao-continental-propoe-paroquia-missionaria\/","title":{"rendered":"Projeto Miss\u00e3o Continental prop\u00f5e Par\u00f3quia Mission\u00e1ria"},"content":{"rendered":"<p>Jaime C. Patias&nbsp;<br \/>\n<img loading=\"lazy\" decoding=\"async\" src=\"http:\/\/www.revistamissoes.org.br\/public\/tbnail\/?c=false&amp;w=610&amp;h=378&amp;f=..\/..\/\/public\/images\/mcefiles\/images\/participantes_0054.jpg\" border=\"0\" alt=\"\" width=\"400\" height=\"247\" \/><\/p>\n<p>O 3\u00ba Encontro Nacional da Miss\u00e3o Continental encerrou seus trabalhos nesta sexta-feira, 23, com propostas para intensificar a anima\u00e7\u00e3o mission\u00e1ria na Igreja local. O evento organizado pela Comiss\u00e3o para a Miss\u00e3o Continental da CNBB em parceria com o Centro Cultural Mission\u00e1rio (CCM) e as Pontif\u00edcias Obras Mission\u00e1rias (POM) reuniu, desde o dia 19, em Bras\u00edlia, 60 pessoas de todo o pa\u00eds para refletir sobre a par\u00f3quia em estado permanente de miss\u00e3o.<\/p>\n<p>As contribui\u00e7\u00f5es dos assessores motivaram propostas para dinamizar a evangeliza\u00e7\u00e3o no interior das paroquiais e lan\u00e7ar a comunidade na miss\u00e3o al\u00e9m-fronteiras. Criar e fortalecer os Conselhos Mission\u00e1rios Paroquiais e Diocesanos (COMIPAs e COMIDIs), realizar as Santas Miss\u00f5es Populares e outras experi\u00eancias semelhantes, planejar a pastoral de conjunto e implementar a setoriza\u00e7\u00e3o das par\u00f3quias, foram algumas das propostas indicadas.<\/p>\n<p>Outra preocupa\u00e7\u00e3o \u00e9 a forma\u00e7\u00e3o mission\u00e1ria das lideran\u00e7as para que as par\u00f3quias se abram \u00e0 miss\u00e3o al\u00e9m-fronteiras de forma organizada e articulada.<\/p>\n<p><img loading=\"lazy\" decoding=\"async\" src=\"http:\/\/www.revistamissoes.org.br\/public\/tbnail\/?c=false&amp;w=199&amp;h=262&amp;f=..\/..\/\/public\/images\/mcefiles\/images\/sidnei.jpg\" alt=\"\" width=\"199\" height=\"262\" \/><\/p>\n<p>Segundo padre Sidnei Ferreira, assessor da CNBB para a Miss\u00e3o Continental, este 3\u00ba Encontro deu um salto de qualidade nos trabalhos. &#8220;Conseguimos reunir representantes de todos os Regionais da CNBB. Com isso, al\u00e9m de realizarmos reuni\u00f5es com os bispos da Comiss\u00e3o fizemos um encontro de partilha com representantes dos Regionais o que nos deu uma ideia geral do trabalho em todo o Brasil&#8221;, avaliou. O assessor destacou ainda a import\u00e2ncia da par\u00f3quia mission\u00e1ria. &#8220;Com rela\u00e7\u00e3o a esse tema existe uma sensibilidade muito grande nas igrejas locais. Dioceses como Vit\u00f3ria da Conquista (BA), Itapetininga (SP) e Toledo (PR), por exemplo, enviaram v\u00e1rios representantes pensando em como implantar a par\u00f3quia mission\u00e1ria dentro do Plano Pastoral da diocese&#8221;.<\/p>\n<div style=\"text-align: justify;\">Para dom Adriano Ciocca Vasino, presidente da Comiss\u00e3o para a Miss\u00e3o Continental da CNBB e bispo da prelazia de S\u00e3o F\u00e9lix (MT), a cada encontro realizado se evidenciam com maior clareza os objetivos, os meios e os m\u00e9todos da Nova Evangeliza\u00e7\u00e3o. O bispo destaca ainda o envolvimento das dioceses no compromisso mission\u00e1rio. &#8220;O encontro foi muito positivo com muita participa\u00e7\u00e3o e partilha de experi\u00eancias. Creio que \u00e9 necess\u00e1rio continuar a traduzir as ideias em pr\u00e1ticas para que as dioceses assumam esse rosto mission\u00e1rio. A colabora\u00e7\u00e3o entre as POM, o CCM e a Comiss\u00e3o para a Miss\u00e3o da CNBB \u00e9 um testemunho de comunh\u00e3o. Parece uma equipe s\u00f3 trabalhando em setores diferentes. Precisamos fortalecer essa comunh\u00e3o&#8221;, sublinhou.<\/p>\n<p><img loading=\"lazy\" decoding=\"async\" src=\"http:\/\/www.revistamissoes.org.br\/public\/tbnail\/?c=false&amp;w=201&amp;h=234&amp;f=..\/..\/\/public\/images\/mcefiles\/images\/rosangela_0102.jpg\" alt=\"\" width=\"201\" height=\"234\" \/><\/p>\n<p>Ros\u00e2ngela de Souza Urt representou o\u00a0Regional Oeste I (Mato Grosso do Sul) onde coordena o COMIRE. &#8220;O Encontro ajudou a esclarecer sobre o que \u00e9 a Miss\u00e3o Continental. Vimos como trabalhar esse projeto em todos os \u00e2mbitos, principalmente na par\u00f3quia. Estou voltando para o meu regional entusiasmada&#8221;, confessou.<\/p>\n<p>Padre Guido Labont\u00e9 explicou que na arquidiocese de Manaus (AM), em 2010, realizou um Ano Mission\u00e1rio com v\u00e1rias iniciativas de evangeliza\u00e7\u00e3o. &#8220;Trabalhamos com o conhecido m\u00e9todo Ver, Julgar e Agir. Primeiro procuramos entender o que \u00e9 Miss\u00e3o, depois veio o tempo da an\u00e1lise e em seguida, do agir que foi o Congresso Mission\u00e1rio&#8221;. Em n\u00edvel regional, padre Guido informou que algumas Prelazias priorizaram o trabalho nas comunidades ribeirinhas. As comunidades do centro urbano enviam pessoal para acompanhar essas comunidades do interior.<\/p>\n<p>O pr\u00f3ximo Encontro Nacional da Miss\u00e3o Continental est\u00e1 programado para o m\u00eas de setembro de 2013.<\/p>\n<p><em>Fonte: <a href=\"http:\/\/www.pom.org.br\" target=\"_blank\">www.pom.org.br<\/a><\/em><\/p>\n<p><Postado por\u00a0<a title=\"author profile\" rel=\"author\" href=\"http:\/\/www.blogger.com\/profile\/12037961757835243213\">Par\u00f3quia de Santo Afonso <\/a><\/p>\n<div id=\"themify_builder_content-19979\" data-postid=\"19979\" class=\"themify_builder_content themify_builder_content-19979 themify_builder themify_builder_front\">\n\t<\/div>\n<!-- \/themify_builder_content -->","protected":false},"excerpt":{"rendered":"<p>Jaime C. Patias&nbsp; O 3\u00ba Encontro Nacional da Miss\u00e3o Continental encerrou seus trabalhos nesta sexta-feira, 23, com propostas para intensificar a anima\u00e7\u00e3o mission\u00e1ria na Igreja local. O evento organizado pela Comiss\u00e3o para a Miss\u00e3o Continental da CNBB em parceria com o Centro Cultural Mission\u00e1rio (CCM) e as Pontif\u00edcias Obras Mission\u00e1rias (POM) reuniu, desde o dia [&hellip;]<\/p>\n","protected":false},"author":17,"featured_media":0,"comment_status":"open","ping_status":"open","sticky":false,"template":"","format":"standard","meta":{"ngg_post_thumbnail":0,"footnotes":""},"categories":[8],"tags":[],"yoast_head":"<!-- This site is optimized with the Yoast SEO plugin v23.5 - https:\/\/yoast.com\/wordpress\/plugins\/seo\/ -->\n<title>Projeto Miss\u00e3o Continental prop\u00f5e Par\u00f3quia Mission\u00e1ria - O Arcanjo no ar<\/title>\n<meta name=\"robots\" content=\"index, follow, max-snippet:-1, max-image-preview:large, max-video-preview:-1\" \/>\n<link rel=\"canonical\" href=\"https:\/\/www.oarcanjo.net\/site\/projeto-missao-continental-propoe-paroquia-missionaria\/\" \/>\n<meta property=\"og:locale\" content=\"pt_BR\" \/>\n<meta property=\"og:type\" content=\"article\" \/>\n<meta property=\"og:title\" content=\"Projeto Miss\u00e3o Continental prop\u00f5e Par\u00f3quia Mission\u00e1ria - O Arcanjo no ar\" \/>\n<meta property=\"og:description\" content=\"Jaime C. Patias&nbsp; O 3\u00ba Encontro Nacional da Miss\u00e3o Continental encerrou seus trabalhos nesta sexta-feira, 23, com propostas para intensificar a anima\u00e7\u00e3o mission\u00e1ria na Igreja local. O evento organizado pela Comiss\u00e3o para a Miss\u00e3o Continental da CNBB em parceria com o Centro Cultural Mission\u00e1rio (CCM) e as Pontif\u00edcias Obras Mission\u00e1rias (POM) reuniu, desde o dia [&hellip;]\" \/>\n<meta property=\"og:url\" content=\"https:\/\/www.oarcanjo.net\/site\/projeto-missao-continental-propoe-paroquia-missionaria\/\" \/>\n<meta property=\"og:site_name\" content=\"O Arcanjo no ar\" \/>\n<meta property=\"article:publisher\" content=\"https:\/\/www.facebook.com\/OArcanjoNoAr\/\" \/>\n<meta property=\"article:published_time\" content=\"2012-11-23T19:33:45+00:00\" \/>\n<meta property=\"article:modified_time\" content=\"2012-11-25T14:29:30+00:00\" \/>\n<meta property=\"og:image\" content=\"http:\/\/www.revistamissoes.org.br\/public\/tbnail\/?c=false&amp;w=610&amp;h=378&amp;f=..\/..\/\/public\/images\/mcefiles\/images\/participantes_0054.jpg\" \/>\n<meta name=\"author\" content=\"pe.geovane\" \/>\n<meta name=\"twitter:card\" content=\"summary_large_image\" \/>\n<meta name=\"twitter:label1\" content=\"Escrito por\" \/>\n\t<meta name=\"twitter:data1\" content=\"pe.geovane\" \/>\n\t<meta name=\"twitter:label2\" content=\"Est. tempo de leitura\" \/>\n\t<meta name=\"twitter:data2\" content=\"3 minutos\" \/>\n<script type=\"application\/ld+json\" class=\"yoast-schema-graph\">{\"@context\":\"https:\/\/schema.org\",\"@graph\":[{\"@type\":\"Article\",\"@id\":\"https:\/\/www.oarcanjo.net\/site\/projeto-missao-continental-propoe-paroquia-missionaria\/#article\",\"isPartOf\":{\"@id\":\"https:\/\/www.oarcanjo.net\/site\/projeto-missao-continental-propoe-paroquia-missionaria\/\"},\"author\":{\"name\":\"pe.geovane\",\"@id\":\"https:\/\/www.oarcanjo.net\/site\/#\/schema\/person\/58d7f78850a973b8e467c7ae4a7eb4ad\"},\"headline\":\"Projeto Miss\u00e3o Continental prop\u00f5e Par\u00f3quia Mission\u00e1ria\",\"datePublished\":\"2012-11-23T19:33:45+00:00\",\"dateModified\":\"2012-11-25T14:29:30+00:00\",\"mainEntityOfPage\":{\"@id\":\"https:\/\/www.oarcanjo.net\/site\/projeto-missao-continental-propoe-paroquia-missionaria\/\"},\"wordCount\":606,\"commentCount\":0,\"publisher\":{\"@id\":\"https:\/\/www.oarcanjo.net\/site\/#organization\"},\"image\":{\"@id\":\"https:\/\/www.oarcanjo.net\/site\/projeto-missao-continental-propoe-paroquia-missionaria\/#primaryimage\"},\"thumbnailUrl\":\"http:\/\/www.revistamissoes.org.br\/public\/tbnail\/?c=false&amp;w=610&amp;h=378&amp;f=..\/..\/\/public\/images\/mcefiles\/images\/participantes_0054.jpg\",\"articleSection\":[\"Not\u00edcias\"],\"inLanguage\":\"pt-BR\",\"potentialAction\":[{\"@type\":\"CommentAction\",\"name\":\"Comment\",\"target\":[\"https:\/\/www.oarcanjo.net\/site\/projeto-missao-continental-propoe-paroquia-missionaria\/#respond\"]}]},{\"@type\":\"WebPage\",\"@id\":\"https:\/\/www.oarcanjo.net\/site\/projeto-missao-continental-propoe-paroquia-missionaria\/\",\"url\":\"https:\/\/www.oarcanjo.net\/site\/projeto-missao-continental-propoe-paroquia-missionaria\/\",\"name\":\"Projeto Miss\u00e3o Continental prop\u00f5e Par\u00f3quia Mission\u00e1ria - O Arcanjo no ar\",\"isPartOf\":{\"@id\":\"https:\/\/www.oarcanjo.net\/site\/#website\"},\"primaryImageOfPage\":{\"@id\":\"https:\/\/www.oarcanjo.net\/site\/projeto-missao-continental-propoe-paroquia-missionaria\/#primaryimage\"},\"image\":{\"@id\":\"https:\/\/www.oarcanjo.net\/site\/projeto-missao-continental-propoe-paroquia-missionaria\/#primaryimage\"},\"thumbnailUrl\":\"http:\/\/www.revistamissoes.org.br\/public\/tbnail\/?c=false&amp;w=610&amp;h=378&amp;f=..\/..\/\/public\/images\/mcefiles\/images\/participantes_0054.jpg\",\"datePublished\":\"2012-11-23T19:33:45+00:00\",\"dateModified\":\"2012-11-25T14:29:30+00:00\",\"breadcrumb\":{\"@id\":\"https:\/\/www.oarcanjo.net\/site\/projeto-missao-continental-propoe-paroquia-missionaria\/#breadcrumb\"},\"inLanguage\":\"pt-BR\",\"potentialAction\":[{\"@type\":\"ReadAction\",\"target\":[\"https:\/\/www.oarcanjo.net\/site\/projeto-missao-continental-propoe-paroquia-missionaria\/\"]}]},{\"@type\":\"ImageObject\",\"inLanguage\":\"pt-BR\",\"@id\":\"https:\/\/www.oarcanjo.net\/site\/projeto-missao-continental-propoe-paroquia-missionaria\/#primaryimage\",\"url\":\"http:\/\/www.revistamissoes.org.br\/public\/tbnail\/?c=false&amp;w=610&amp;h=378&amp;f=..\/..\/\/public\/images\/mcefiles\/images\/participantes_0054.jpg\",\"contentUrl\":\"http:\/\/www.revistamissoes.org.br\/public\/tbnail\/?c=false&amp;w=610&amp;h=378&amp;f=..\/..\/\/public\/images\/mcefiles\/images\/participantes_0054.jpg\"},{\"@type\":\"BreadcrumbList\",\"@id\":\"https:\/\/www.oarcanjo.net\/site\/projeto-missao-continental-propoe-paroquia-missionaria\/#breadcrumb\",\"itemListElement\":[{\"@type\":\"ListItem\",\"position\":1,\"name\":\"In\u00edcio\",\"item\":\"https:\/\/www.oarcanjo.net\/site\/\"},{\"@type\":\"ListItem\",\"position\":2,\"name\":\"Projeto Miss\u00e3o Continental prop\u00f5e Par\u00f3quia Mission\u00e1ria\"}]},{\"@type\":\"WebSite\",\"@id\":\"https:\/\/www.oarcanjo.net\/site\/#website\",\"url\":\"https:\/\/www.oarcanjo.net\/site\/\",\"name\":\"O Arcanjo no ar\",\"description\":\"Site da Par\u00f3quia S\u00e3o Miguel Arcanjo (Arquidiocese de SP)\",\"publisher\":{\"@id\":\"https:\/\/www.oarcanjo.net\/site\/#organization\"},\"potentialAction\":[{\"@type\":\"SearchAction\",\"target\":{\"@type\":\"EntryPoint\",\"urlTemplate\":\"https:\/\/www.oarcanjo.net\/site\/?s={search_term_string}\"},\"query-input\":{\"@type\":\"PropertyValueSpecification\",\"valueRequired\":true,\"valueName\":\"search_term_string\"}}],\"inLanguage\":\"pt-BR\"},{\"@type\":\"Organization\",\"@id\":\"https:\/\/www.oarcanjo.net\/site\/#organization\",\"name\":\"Par\u00f3quia S\u00e3o Miguel Arcanjo\",\"url\":\"https:\/\/www.oarcanjo.net\/site\/\",\"logo\":{\"@type\":\"ImageObject\",\"inLanguage\":\"pt-BR\",\"@id\":\"https:\/\/www.oarcanjo.net\/site\/#\/schema\/logo\/image\/\",\"url\":\"https:\/\/www.oarcanjo.net\/site\/wp-content\/uploads\/LogoOArcanjo.png\",\"contentUrl\":\"https:\/\/www.oarcanjo.net\/site\/wp-content\/uploads\/LogoOArcanjo.png\",\"width\":319,\"height\":99,\"caption\":\"Par\u00f3quia S\u00e3o Miguel Arcanjo\"},\"image\":{\"@id\":\"https:\/\/www.oarcanjo.net\/site\/#\/schema\/logo\/image\/\"},\"sameAs\":[\"https:\/\/www.facebook.com\/OArcanjoNoAr\/\"]},{\"@type\":\"Person\",\"@id\":\"https:\/\/www.oarcanjo.net\/site\/#\/schema\/person\/58d7f78850a973b8e467c7ae4a7eb4ad\",\"name\":\"pe.geovane\"}]}<\/script>\n<!-- \/ Yoast SEO plugin. -->","yoast_head_json":{"title":"Projeto Miss\u00e3o Continental prop\u00f5e Par\u00f3quia Mission\u00e1ria - O Arcanjo no ar","robots":{"index":"index","follow":"follow","max-snippet":"max-snippet:-1","max-image-preview":"max-image-preview:large","max-video-preview":"max-video-preview:-1"},"canonical":"https:\/\/www.oarcanjo.net\/site\/projeto-missao-continental-propoe-paroquia-missionaria\/","og_locale":"pt_BR","og_type":"article","og_title":"Projeto Miss\u00e3o Continental prop\u00f5e Par\u00f3quia Mission\u00e1ria - O Arcanjo no ar","og_description":"Jaime C. Patias&nbsp; O 3\u00ba Encontro Nacional da Miss\u00e3o Continental encerrou seus trabalhos nesta sexta-feira, 23, com propostas para intensificar a anima\u00e7\u00e3o mission\u00e1ria na Igreja local. O evento organizado pela Comiss\u00e3o para a Miss\u00e3o Continental da CNBB em parceria com o Centro Cultural Mission\u00e1rio (CCM) e as Pontif\u00edcias Obras Mission\u00e1rias (POM) reuniu, desde o dia [&hellip;]","og_url":"https:\/\/www.oarcanjo.net\/site\/projeto-missao-continental-propoe-paroquia-missionaria\/","og_site_name":"O Arcanjo no ar","article_publisher":"https:\/\/www.facebook.com\/OArcanjoNoAr\/","article_published_time":"2012-11-23T19:33:45+00:00","article_modified_time":"2012-11-25T14:29:30+00:00","og_image":[{"url":"http:\/\/www.revistamissoes.org.br\/public\/tbnail\/?c=false&amp;w=610&amp;h=378&amp;f=..\/..\/\/public\/images\/mcefiles\/images\/participantes_0054.jpg"}],"author":"pe.geovane","twitter_card":"summary_large_image","twitter_misc":{"Escrito por":"pe.geovane","Est. tempo de leitura":"3 minutos"},"schema":{"@context":"https:\/\/schema.org","@graph":[{"@type":"Article","@id":"https:\/\/www.oarcanjo.net\/site\/projeto-missao-continental-propoe-paroquia-missionaria\/#article","isPartOf":{"@id":"https:\/\/www.oarcanjo.net\/site\/projeto-missao-continental-propoe-paroquia-missionaria\/"},"author":{"name":"pe.geovane","@id":"https:\/\/www.oarcanjo.net\/site\/#\/schema\/person\/58d7f78850a973b8e467c7ae4a7eb4ad"},"headline":"Projeto Miss\u00e3o Continental prop\u00f5e Par\u00f3quia Mission\u00e1ria","datePublished":"2012-11-23T19:33:45+00:00","dateModified":"2012-11-25T14:29:30+00:00","mainEntityOfPage":{"@id":"https:\/\/www.oarcanjo.net\/site\/projeto-missao-continental-propoe-paroquia-missionaria\/"},"wordCount":606,"commentCount":0,"publisher":{"@id":"https:\/\/www.oarcanjo.net\/site\/#organization"},"image":{"@id":"https:\/\/www.oarcanjo.net\/site\/projeto-missao-continental-propoe-paroquia-missionaria\/#primaryimage"},"thumbnailUrl":"http:\/\/www.revistamissoes.org.br\/public\/tbnail\/?c=false&amp;w=610&amp;h=378&amp;f=..\/..\/\/public\/images\/mcefiles\/images\/participantes_0054.jpg","articleSection":["Not\u00edcias"],"inLanguage":"pt-BR","potentialAction":[{"@type":"CommentAction","name":"Comment","target":["https:\/\/www.oarcanjo.net\/site\/projeto-missao-continental-propoe-paroquia-missionaria\/#respond"]}]},{"@type":"WebPage","@id":"https:\/\/www.oarcanjo.net\/site\/projeto-missao-continental-propoe-paroquia-missionaria\/","url":"https:\/\/www.oarcanjo.net\/site\/projeto-missao-continental-propoe-paroquia-missionaria\/","name":"Projeto Miss\u00e3o Continental prop\u00f5e Par\u00f3quia Mission\u00e1ria - O Arcanjo no ar","isPartOf":{"@id":"https:\/\/www.oarcanjo.net\/site\/#website"},"primaryImageOfPage":{"@id":"https:\/\/www.oarcanjo.net\/site\/projeto-missao-continental-propoe-paroquia-missionaria\/#primaryimage"},"image":{"@id":"https:\/\/www.oarcanjo.net\/site\/projeto-missao-continental-propoe-paroquia-missionaria\/#primaryimage"},"thumbnailUrl":"http:\/\/www.revistamissoes.org.br\/public\/tbnail\/?c=false&amp;w=610&amp;h=378&amp;f=..\/..\/\/public\/images\/mcefiles\/images\/participantes_0054.jpg","datePublished":"2012-11-23T19:33:45+00:00","dateModified":"2012-11-25T14:29:30+00:00","breadcrumb":{"@id":"https:\/\/www.oarcanjo.net\/site\/projeto-missao-continental-propoe-paroquia-missionaria\/#breadcrumb"},"inLanguage":"pt-BR","potentialAction":[{"@type":"ReadAction","target":["https:\/\/www.oarcanjo.net\/site\/projeto-missao-continental-propoe-paroquia-missionaria\/"]}]},{"@type":"ImageObject","inLanguage":"pt-BR","@id":"https:\/\/www.oarcanjo.net\/site\/projeto-missao-continental-propoe-paroquia-missionaria\/#primaryimage","url":"http:\/\/www.revistamissoes.org.br\/public\/tbnail\/?c=false&amp;w=610&amp;h=378&amp;f=..\/..\/\/public\/images\/mcefiles\/images\/participantes_0054.jpg","contentUrl":"http:\/\/www.revistamissoes.org.br\/public\/tbnail\/?c=false&amp;w=610&amp;h=378&amp;f=..\/..\/\/public\/images\/mcefiles\/images\/participantes_0054.jpg"},{"@type":"BreadcrumbList","@id":"https:\/\/www.oarcanjo.net\/site\/projeto-missao-continental-propoe-paroquia-missionaria\/#breadcrumb","itemListElement":[{"@type":"ListItem","position":1,"name":"In\u00edcio","item":"https:\/\/www.oarcanjo.net\/site\/"},{"@type":"ListItem","position":2,"name":"Projeto Miss\u00e3o Continental prop\u00f5e Par\u00f3quia Mission\u00e1ria"}]},{"@type":"WebSite","@id":"https:\/\/www.oarcanjo.net\/site\/#website","url":"https:\/\/www.oarcanjo.net\/site\/","name":"O Arcanjo no ar","description":"Site da Par\u00f3quia S\u00e3o Miguel Arcanjo (Arquidiocese de SP)","publisher":{"@id":"https:\/\/www.oarcanjo.net\/site\/#organization"},"potentialAction":[{"@type":"SearchAction","target":{"@type":"EntryPoint","urlTemplate":"https:\/\/www.oarcanjo.net\/site\/?s={search_term_string}"},"query-input":{"@type":"PropertyValueSpecification","valueRequired":true,"valueName":"search_term_string"}}],"inLanguage":"pt-BR"},{"@type":"Organization","@id":"https:\/\/www.oarcanjo.net\/site\/#organization","name":"Par\u00f3quia S\u00e3o Miguel Arcanjo","url":"https:\/\/www.oarcanjo.net\/site\/","logo":{"@type":"ImageObject","inLanguage":"pt-BR","@id":"https:\/\/www.oarcanjo.net\/site\/#\/schema\/logo\/image\/","url":"https:\/\/www.oarcanjo.net\/site\/wp-content\/uploads\/LogoOArcanjo.png","contentUrl":"https:\/\/www.oarcanjo.net\/site\/wp-content\/uploads\/LogoOArcanjo.png","width":319,"height":99,"caption":"Par\u00f3quia S\u00e3o Miguel Arcanjo"},"image":{"@id":"https:\/\/www.oarcanjo.net\/site\/#\/schema\/logo\/image\/"},"sameAs":["https:\/\/www.facebook.com\/OArcanjoNoAr\/"]},{"@type":"Person","@id":"https:\/\/www.oarcanjo.net\/site\/#\/schema\/person\/58d7f78850a973b8e467c7ae4a7eb4ad","name":"pe.geovane"}]}},"publishpress_future_action":{"enabled":false,"date":"2026-05-07 08:06:26","action":"category","newStatus":"draft","terms":[],"taxonomy":"category"},"publishpress_future_workflow_manual_trigger":{"enabledWorkflows":[]},"_links":{"self":[{"href":"https:\/\/www.oarcanjo.net\/site\/wp-json\/wp\/v2\/posts\/19979"}],"collection":[{"href":"https:\/\/www.oarcanjo.net\/site\/wp-json\/wp\/v2\/posts"}],"about":[{"href":"https:\/\/www.oarcanjo.net\/site\/wp-json\/wp\/v2\/types\/post"}],"author":[{"embeddable":true,"href":"https:\/\/www.oarcanjo.net\/site\/wp-json\/wp\/v2\/users\/17"}],"replies":[{"embeddable":true,"href":"https:\/\/www.oarcanjo.net\/site\/wp-json\/wp\/v2\/comments?post=19979"}],"version-history":[{"count":0,"href":"https:\/\/www.oarcanjo.net\/site\/wp-json\/wp\/v2\/posts\/19979\/revisions"}],"wp:attachment":[{"href":"https:\/\/www.oarcanjo.net\/site\/wp-json\/wp\/v2\/media?parent=19979"}],"wp:term":[{"taxonomy":"category","embeddable":true,"href":"https:\/\/www.oarcanjo.net\/site\/wp-json\/wp\/v2\/categories?post=19979"},{"taxonomy":"post_tag","embeddable":true,"href":"https:\/\/www.oarcanjo.net\/site\/wp-json\/wp\/v2\/tags?post=19979"}],"curies":[{"name":"wp","href":"https:\/\/api.w.org\/{rel}","templated":true}]}}