
{"id":19983,"date":"2012-11-24T23:29:56","date_gmt":"2012-11-25T01:29:56","guid":{"rendered":"http:\/\/www.oarcanjo.net\/site\/?p=19983"},"modified":"2012-11-25T12:26:31","modified_gmt":"2012-11-25T14:26:31","slug":"sao-miguel-arcanjo-na-assembleia-do-setor","status":"publish","type":"post","link":"https:\/\/www.oarcanjo.net\/site\/sao-miguel-arcanjo-na-assembleia-do-setor\/","title":{"rendered":"S\u00e3o Miguel Arcanjo na Assembleia do Setor"},"content":{"rendered":"<p style=\"text-align: justify;\">A Par\u00f3quia S\u00e3o Miguel Arcanjo levou grande n\u00famero de participantes para a Assembleia do Setor Bel\u00e9m de 2012, realizada neste s\u00e1bado, 24 de novembro de 2012, na Par\u00f3quia S\u00e3o Carlos Borromeu. O Tema central foi a apresenta\u00e7\u00e3o do 11\u00ba Plano de Pastoral da Arquidiocese de S\u00e3o Paulo, com a realiza\u00e7\u00e3o de trabalho em grupos com as consideradas urg\u00eancias da Igreja, quais sejam: Igreja em estado permanente de miss\u00e3o, casa da inicia\u00e7\u00e3o \u00e0 vida crist\u00e3, comunidade animada pela Palavra de Deus, Comunidade de comunidades, Igreja a servi\u00e7o da vida plena para todos e a Igreja e a evangeliza\u00e7\u00e3o dos jovens.<\/p>\n<p style=\"text-align: justify;\">ngg_shortcode_0_placeholder<\/p>\n<p>Tivemos a  Reflex\u00e3o\/catequese sobre o Credo Niceno Constantinopolitano pelo C\u00f4nego Celso Pedro. Na sequ\u00eancia, a apresenta\u00e7\u00e3o do 11\u00ba Plano Pastoral da Arquidiocese de S\u00e3o Paulo pelo Pe. Tarcisio Mesquita. Depois os trabalhos em grupos, buscando para cada urg\u00eancia, procurar compreender a realidade do Setor, quais as possibilidades e desafios que esta urg\u00eancia apresenta.  Qual compromisso ser\u00e1 assumido, com rela\u00e7\u00e3o a cada urg\u00eancia, a partir das indica\u00e7\u00f5es pastorais contidas no 11\u00ba Plano de Pastoral.  Como ser\u00e1 vivido o ano da F\u00e9 no Setor. Destacamos, ent\u00e3o<\/p>\n<p>Primeira urg\u00eancia: Igreja em estado permanente de miss\u00e3o;<\/p>\n<p>Segunda urg\u00eancia: Igreja &#8211; casa da inicia\u00e7\u00e3o \u00e0 vida crist\u00e3;<\/p>\n<p>Terceira urg\u00eancia : Igreja &#8211; comunidade animada pela Palavra de Deus;<\/p>\n<p>Quarta urg\u00eancia   : Igreja &#8211; comunidade de comunidades;<\/p>\n<p>Quinta urg\u00eancia   : Igreja a servi\u00e7o da vida plena para todos;<\/p>\n<p>Sexta urg\u00eancia     : A igreja e a evangeliza\u00e7\u00e3o dos jovens.<\/p>\n<p>Por final vieram as apresenta\u00e7\u00f5es para o Plen\u00e1rio.<\/p>\n<p>Nos v\u00e1rios grupos formados estava sempre presente ao menos um representante da Par\u00f3quia S\u00e3o Miguel Arcanjo.<\/p>\n<p>Colaboradores do texto, Carlos Alberto Beatriz e Carlos Roberto de Oliveira Branco<\/p>\n<p style=\"text-align: justify;\"><span style=\"font-family: Times New Roman; font-size: small;\"> <\/span><\/p>\n<div id=\"themify_builder_content-19983\" data-postid=\"19983\" class=\"themify_builder_content themify_builder_content-19983 themify_builder themify_builder_front\">\n\t<\/div>\n<!-- \/themify_builder_content -->","protected":false},"excerpt":{"rendered":"<p>A Par\u00f3quia S\u00e3o Miguel Arcanjo levou grande n\u00famero de participantes para a Assembleia do Setor Bel\u00e9m de 2012, realizada neste s\u00e1bado, 24 de novembro de 2012, na Par\u00f3quia S\u00e3o Carlos Borromeu. O Tema central foi a apresenta\u00e7\u00e3o do 11\u00ba Plano de Pastoral da Arquidiocese de S\u00e3o Paulo, com a realiza\u00e7\u00e3o de trabalho em grupos com [&hellip;]<\/p>\n","protected":false},"author":10,"featured_media":0,"comment_status":"open","ping_status":"open","sticky":false,"template":"","format":"standard","meta":{"ngg_post_thumbnail":0,"footnotes":""},"categories":[2153,8],"tags":[],"yoast_head":"<!-- This site is optimized with the Yoast SEO plugin v23.5 - https:\/\/yoast.com\/wordpress\/plugins\/seo\/ -->\n<title>S\u00e3o Miguel Arcanjo na Assembleia do Setor - O Arcanjo no ar<\/title>\n<meta name=\"robots\" content=\"index, follow, max-snippet:-1, max-image-preview:large, max-video-preview:-1\" \/>\n<link rel=\"canonical\" href=\"https:\/\/www.oarcanjo.net\/site\/sao-miguel-arcanjo-na-assembleia-do-setor\/\" \/>\n<meta property=\"og:locale\" content=\"pt_BR\" \/>\n<meta property=\"og:type\" content=\"article\" \/>\n<meta property=\"og:title\" content=\"S\u00e3o Miguel Arcanjo na Assembleia do Setor - O Arcanjo no ar\" \/>\n<meta property=\"og:description\" content=\"A Par\u00f3quia S\u00e3o Miguel Arcanjo levou grande n\u00famero de participantes para a Assembleia do Setor Bel\u00e9m de 2012, realizada neste s\u00e1bado, 24 de novembro de 2012, na Par\u00f3quia S\u00e3o Carlos Borromeu. O Tema central foi a apresenta\u00e7\u00e3o do 11\u00ba Plano de Pastoral da Arquidiocese de S\u00e3o Paulo, com a realiza\u00e7\u00e3o de trabalho em grupos com [&hellip;]\" \/>\n<meta property=\"og:url\" content=\"https:\/\/www.oarcanjo.net\/site\/sao-miguel-arcanjo-na-assembleia-do-setor\/\" \/>\n<meta property=\"og:site_name\" content=\"O Arcanjo no ar\" \/>\n<meta property=\"article:publisher\" content=\"https:\/\/www.facebook.com\/OArcanjoNoAr\/\" \/>\n<meta property=\"article:published_time\" content=\"2012-11-25T01:29:56+00:00\" \/>\n<meta property=\"article:modified_time\" content=\"2012-11-25T14:26:31+00:00\" \/>\n<meta property=\"og:image\" content=\"https:\/\/www.oarcanjo.net\/site\/wp-content\/uploads\/logo-o-arcanjo-no-ar-facebook.png\" \/>\n\t<meta property=\"og:image:width\" content=\"300\" \/>\n\t<meta property=\"og:image:height\" content=\"300\" \/>\n\t<meta property=\"og:image:type\" content=\"image\/png\" \/>\n<meta name=\"author\" content=\"carlos\" \/>\n<meta name=\"twitter:card\" content=\"summary_large_image\" \/>\n<meta name=\"twitter:label1\" content=\"Escrito por\" \/>\n\t<meta name=\"twitter:data1\" content=\"carlos\" \/>\n\t<meta name=\"twitter:label2\" content=\"Est. tempo de leitura\" \/>\n\t<meta name=\"twitter:data2\" content=\"2 minutos\" \/>\n<script type=\"application\/ld+json\" class=\"yoast-schema-graph\">{\"@context\":\"https:\/\/schema.org\",\"@graph\":[{\"@type\":\"Article\",\"@id\":\"https:\/\/www.oarcanjo.net\/site\/sao-miguel-arcanjo-na-assembleia-do-setor\/#article\",\"isPartOf\":{\"@id\":\"https:\/\/www.oarcanjo.net\/site\/sao-miguel-arcanjo-na-assembleia-do-setor\/\"},\"author\":{\"name\":\"carlos\",\"@id\":\"https:\/\/www.oarcanjo.net\/site\/#\/schema\/person\/f7870e710d8c8c30673de3a0ac2e451d\"},\"headline\":\"S\u00e3o Miguel Arcanjo na Assembleia do Setor\",\"datePublished\":\"2012-11-25T01:29:56+00:00\",\"dateModified\":\"2012-11-25T14:26:31+00:00\",\"mainEntityOfPage\":{\"@id\":\"https:\/\/www.oarcanjo.net\/site\/sao-miguel-arcanjo-na-assembleia-do-setor\/\"},\"wordCount\":317,\"commentCount\":0,\"publisher\":{\"@id\":\"https:\/\/www.oarcanjo.net\/site\/#organization\"},\"articleSection\":[\"Ano da F\u00e9\",\"Not\u00edcias\"],\"inLanguage\":\"pt-BR\",\"potentialAction\":[{\"@type\":\"CommentAction\",\"name\":\"Comment\",\"target\":[\"https:\/\/www.oarcanjo.net\/site\/sao-miguel-arcanjo-na-assembleia-do-setor\/#respond\"]}]},{\"@type\":\"WebPage\",\"@id\":\"https:\/\/www.oarcanjo.net\/site\/sao-miguel-arcanjo-na-assembleia-do-setor\/\",\"url\":\"https:\/\/www.oarcanjo.net\/site\/sao-miguel-arcanjo-na-assembleia-do-setor\/\",\"name\":\"S\u00e3o Miguel Arcanjo na Assembleia do Setor - O Arcanjo no ar\",\"isPartOf\":{\"@id\":\"https:\/\/www.oarcanjo.net\/site\/#website\"},\"datePublished\":\"2012-11-25T01:29:56+00:00\",\"dateModified\":\"2012-11-25T14:26:31+00:00\",\"breadcrumb\":{\"@id\":\"https:\/\/www.oarcanjo.net\/site\/sao-miguel-arcanjo-na-assembleia-do-setor\/#breadcrumb\"},\"inLanguage\":\"pt-BR\",\"potentialAction\":[{\"@type\":\"ReadAction\",\"target\":[\"https:\/\/www.oarcanjo.net\/site\/sao-miguel-arcanjo-na-assembleia-do-setor\/\"]}]},{\"@type\":\"BreadcrumbList\",\"@id\":\"https:\/\/www.oarcanjo.net\/site\/sao-miguel-arcanjo-na-assembleia-do-setor\/#breadcrumb\",\"itemListElement\":[{\"@type\":\"ListItem\",\"position\":1,\"name\":\"In\u00edcio\",\"item\":\"https:\/\/www.oarcanjo.net\/site\/\"},{\"@type\":\"ListItem\",\"position\":2,\"name\":\"S\u00e3o Miguel Arcanjo na Assembleia do Setor\"}]},{\"@type\":\"WebSite\",\"@id\":\"https:\/\/www.oarcanjo.net\/site\/#website\",\"url\":\"https:\/\/www.oarcanjo.net\/site\/\",\"name\":\"O Arcanjo no ar\",\"description\":\"Site da Par\u00f3quia S\u00e3o Miguel Arcanjo (Arquidiocese de SP)\",\"publisher\":{\"@id\":\"https:\/\/www.oarcanjo.net\/site\/#organization\"},\"potentialAction\":[{\"@type\":\"SearchAction\",\"target\":{\"@type\":\"EntryPoint\",\"urlTemplate\":\"https:\/\/www.oarcanjo.net\/site\/?s={search_term_string}\"},\"query-input\":{\"@type\":\"PropertyValueSpecification\",\"valueRequired\":true,\"valueName\":\"search_term_string\"}}],\"inLanguage\":\"pt-BR\"},{\"@type\":\"Organization\",\"@id\":\"https:\/\/www.oarcanjo.net\/site\/#organization\",\"name\":\"Par\u00f3quia S\u00e3o Miguel Arcanjo\",\"url\":\"https:\/\/www.oarcanjo.net\/site\/\",\"logo\":{\"@type\":\"ImageObject\",\"inLanguage\":\"pt-BR\",\"@id\":\"https:\/\/www.oarcanjo.net\/site\/#\/schema\/logo\/image\/\",\"url\":\"https:\/\/www.oarcanjo.net\/site\/wp-content\/uploads\/LogoOArcanjo.png\",\"contentUrl\":\"https:\/\/www.oarcanjo.net\/site\/wp-content\/uploads\/LogoOArcanjo.png\",\"width\":319,\"height\":99,\"caption\":\"Par\u00f3quia S\u00e3o Miguel Arcanjo\"},\"image\":{\"@id\":\"https:\/\/www.oarcanjo.net\/site\/#\/schema\/logo\/image\/\"},\"sameAs\":[\"https:\/\/www.facebook.com\/OArcanjoNoAr\/\"]},{\"@type\":\"Person\",\"@id\":\"https:\/\/www.oarcanjo.net\/site\/#\/schema\/person\/f7870e710d8c8c30673de3a0ac2e451d\",\"name\":\"carlos\"}]}<\/script>\n<!-- \/ Yoast SEO plugin. -->","yoast_head_json":{"title":"S\u00e3o Miguel Arcanjo na Assembleia do Setor - O Arcanjo no ar","robots":{"index":"index","follow":"follow","max-snippet":"max-snippet:-1","max-image-preview":"max-image-preview:large","max-video-preview":"max-video-preview:-1"},"canonical":"https:\/\/www.oarcanjo.net\/site\/sao-miguel-arcanjo-na-assembleia-do-setor\/","og_locale":"pt_BR","og_type":"article","og_title":"S\u00e3o Miguel Arcanjo na Assembleia do Setor - O Arcanjo no ar","og_description":"A Par\u00f3quia S\u00e3o Miguel Arcanjo levou grande n\u00famero de participantes para a Assembleia do Setor Bel\u00e9m de 2012, realizada neste s\u00e1bado, 24 de novembro de 2012, na Par\u00f3quia S\u00e3o Carlos Borromeu. O Tema central foi a apresenta\u00e7\u00e3o do 11\u00ba Plano de Pastoral da Arquidiocese de S\u00e3o Paulo, com a realiza\u00e7\u00e3o de trabalho em grupos com [&hellip;]","og_url":"https:\/\/www.oarcanjo.net\/site\/sao-miguel-arcanjo-na-assembleia-do-setor\/","og_site_name":"O Arcanjo no ar","article_publisher":"https:\/\/www.facebook.com\/OArcanjoNoAr\/","article_published_time":"2012-11-25T01:29:56+00:00","article_modified_time":"2012-11-25T14:26:31+00:00","og_image":[{"width":300,"height":300,"url":"https:\/\/www.oarcanjo.net\/site\/wp-content\/uploads\/logo-o-arcanjo-no-ar-facebook.png","type":"image\/png"}],"author":"carlos","twitter_card":"summary_large_image","twitter_misc":{"Escrito por":"carlos","Est. tempo de leitura":"2 minutos"},"schema":{"@context":"https:\/\/schema.org","@graph":[{"@type":"Article","@id":"https:\/\/www.oarcanjo.net\/site\/sao-miguel-arcanjo-na-assembleia-do-setor\/#article","isPartOf":{"@id":"https:\/\/www.oarcanjo.net\/site\/sao-miguel-arcanjo-na-assembleia-do-setor\/"},"author":{"name":"carlos","@id":"https:\/\/www.oarcanjo.net\/site\/#\/schema\/person\/f7870e710d8c8c30673de3a0ac2e451d"},"headline":"S\u00e3o Miguel Arcanjo na Assembleia do Setor","datePublished":"2012-11-25T01:29:56+00:00","dateModified":"2012-11-25T14:26:31+00:00","mainEntityOfPage":{"@id":"https:\/\/www.oarcanjo.net\/site\/sao-miguel-arcanjo-na-assembleia-do-setor\/"},"wordCount":317,"commentCount":0,"publisher":{"@id":"https:\/\/www.oarcanjo.net\/site\/#organization"},"articleSection":["Ano da F\u00e9","Not\u00edcias"],"inLanguage":"pt-BR","potentialAction":[{"@type":"CommentAction","name":"Comment","target":["https:\/\/www.oarcanjo.net\/site\/sao-miguel-arcanjo-na-assembleia-do-setor\/#respond"]}]},{"@type":"WebPage","@id":"https:\/\/www.oarcanjo.net\/site\/sao-miguel-arcanjo-na-assembleia-do-setor\/","url":"https:\/\/www.oarcanjo.net\/site\/sao-miguel-arcanjo-na-assembleia-do-setor\/","name":"S\u00e3o Miguel Arcanjo na Assembleia do Setor - O Arcanjo no ar","isPartOf":{"@id":"https:\/\/www.oarcanjo.net\/site\/#website"},"datePublished":"2012-11-25T01:29:56+00:00","dateModified":"2012-11-25T14:26:31+00:00","breadcrumb":{"@id":"https:\/\/www.oarcanjo.net\/site\/sao-miguel-arcanjo-na-assembleia-do-setor\/#breadcrumb"},"inLanguage":"pt-BR","potentialAction":[{"@type":"ReadAction","target":["https:\/\/www.oarcanjo.net\/site\/sao-miguel-arcanjo-na-assembleia-do-setor\/"]}]},{"@type":"BreadcrumbList","@id":"https:\/\/www.oarcanjo.net\/site\/sao-miguel-arcanjo-na-assembleia-do-setor\/#breadcrumb","itemListElement":[{"@type":"ListItem","position":1,"name":"In\u00edcio","item":"https:\/\/www.oarcanjo.net\/site\/"},{"@type":"ListItem","position":2,"name":"S\u00e3o Miguel Arcanjo na Assembleia do Setor"}]},{"@type":"WebSite","@id":"https:\/\/www.oarcanjo.net\/site\/#website","url":"https:\/\/www.oarcanjo.net\/site\/","name":"O Arcanjo no ar","description":"Site da Par\u00f3quia S\u00e3o Miguel Arcanjo (Arquidiocese de SP)","publisher":{"@id":"https:\/\/www.oarcanjo.net\/site\/#organization"},"potentialAction":[{"@type":"SearchAction","target":{"@type":"EntryPoint","urlTemplate":"https:\/\/www.oarcanjo.net\/site\/?s={search_term_string}"},"query-input":{"@type":"PropertyValueSpecification","valueRequired":true,"valueName":"search_term_string"}}],"inLanguage":"pt-BR"},{"@type":"Organization","@id":"https:\/\/www.oarcanjo.net\/site\/#organization","name":"Par\u00f3quia S\u00e3o Miguel Arcanjo","url":"https:\/\/www.oarcanjo.net\/site\/","logo":{"@type":"ImageObject","inLanguage":"pt-BR","@id":"https:\/\/www.oarcanjo.net\/site\/#\/schema\/logo\/image\/","url":"https:\/\/www.oarcanjo.net\/site\/wp-content\/uploads\/LogoOArcanjo.png","contentUrl":"https:\/\/www.oarcanjo.net\/site\/wp-content\/uploads\/LogoOArcanjo.png","width":319,"height":99,"caption":"Par\u00f3quia S\u00e3o Miguel Arcanjo"},"image":{"@id":"https:\/\/www.oarcanjo.net\/site\/#\/schema\/logo\/image\/"},"sameAs":["https:\/\/www.facebook.com\/OArcanjoNoAr\/"]},{"@type":"Person","@id":"https:\/\/www.oarcanjo.net\/site\/#\/schema\/person\/f7870e710d8c8c30673de3a0ac2e451d","name":"carlos"}]}},"publishpress_future_action":{"enabled":false,"date":"2026-05-07 11:20:13","action":"category","newStatus":"draft","terms":[],"taxonomy":"category"},"publishpress_future_workflow_manual_trigger":{"enabledWorkflows":[]},"_links":{"self":[{"href":"https:\/\/www.oarcanjo.net\/site\/wp-json\/wp\/v2\/posts\/19983"}],"collection":[{"href":"https:\/\/www.oarcanjo.net\/site\/wp-json\/wp\/v2\/posts"}],"about":[{"href":"https:\/\/www.oarcanjo.net\/site\/wp-json\/wp\/v2\/types\/post"}],"author":[{"embeddable":true,"href":"https:\/\/www.oarcanjo.net\/site\/wp-json\/wp\/v2\/users\/10"}],"replies":[{"embeddable":true,"href":"https:\/\/www.oarcanjo.net\/site\/wp-json\/wp\/v2\/comments?post=19983"}],"version-history":[{"count":0,"href":"https:\/\/www.oarcanjo.net\/site\/wp-json\/wp\/v2\/posts\/19983\/revisions"}],"wp:attachment":[{"href":"https:\/\/www.oarcanjo.net\/site\/wp-json\/wp\/v2\/media?parent=19983"}],"wp:term":[{"taxonomy":"category","embeddable":true,"href":"https:\/\/www.oarcanjo.net\/site\/wp-json\/wp\/v2\/categories?post=19983"},{"taxonomy":"post_tag","embeddable":true,"href":"https:\/\/www.oarcanjo.net\/site\/wp-json\/wp\/v2\/tags?post=19983"}],"curies":[{"name":"wp","href":"https:\/\/api.w.org\/{rel}","templated":true}]}}