
{"id":20012,"date":"2012-11-26T16:59:33","date_gmt":"2012-11-26T18:59:33","guid":{"rendered":"http:\/\/www.oarcanjo.net\/site\/?p=20012"},"modified":"2012-11-27T21:02:08","modified_gmt":"2012-11-27T23:02:08","slug":"do-natal-nasce-a-paz-e-a-justica","status":"publish","type":"post","link":"https:\/\/www.oarcanjo.net\/site\/do-natal-nasce-a-paz-e-a-justica\/","title":{"rendered":"Do Natal, nasce a paz e a justi\u00e7a"},"content":{"rendered":"<p>Padre Geovane Saraiva*<\/p>\n<p style=\"text-align: justify\"><a href=\"http:\/\/www.oarcanjo.net\/site\/wp-content\/uploads\/geovane.png\"><img loading=\"lazy\" decoding=\"async\" class=\"alignleft size-thumbnail wp-image-19951\" src=\"http:\/\/www.oarcanjo.net\/site\/wp-content\/uploads\/geovane-146x150.png\" alt=\"\" width=\"146\" height=\"150\" \/><\/a>\u00c9 do c\u00e9u que vem a paz e a verdadeira felicidade, numa crian\u00e7a, trazendo-nos a t\u00e3o sonhada reden\u00e7\u00e3o! Da nossa parte cabe exultar e, ao mesmo tempo, contemplar associados aos anjos, que povoaram os c\u00e9us naquela noite feliz e memor\u00e1vel, no insond\u00e1vel e misterioso coro: \u201cGl\u00f3ria a Deus no mais alto dos c\u00e9us e paz na terra aos homens de boa vontade\u201d (Lc 2, 4).<\/p>\n<p style=\"text-align: justify\">Queridos irm\u00e3os e irm\u00e3s, \u00e9 a eternidade inaugurada pelo nosso Deus e Pai, que h\u00e1 mais de dois mil anos se repete, atrav\u00e9s de nossa f\u00e9 e do nosso testemunho, sempre a partir do lugar pobre da estribaria de Bel\u00e9m, no mist\u00e9rio que sempre quer se renovar e se eternizar em n\u00f3s, j\u00e1 aqui e agora, neste mundo.<\/p>\n<p style=\"text-align: justify\">Deus quer que trilhemos seu caminho, num constante desejo de supera\u00e7\u00e3o e renova\u00e7\u00e3o: \u201cDizei aos covardes: Tende coragem, n\u00e3o temais! Eis o nosso Deus! Chega \u00e0 vingan\u00e7a! A retribui\u00e7\u00e3o de Deus chega para nos salvar!\u201d (Is 35, 4). Um itiner\u00e1rio verdadeiramente crist\u00e3o se percebe a partir do constante desejo de renova\u00e7\u00e3o, de mudan\u00e7a espiritual e interior. As pessoas que abra\u00e7am a Palavra de Deus e tamb\u00e9m buscam o alimento da Eucaristia, jamais devem se afastar do grande ensinamento do enviado do Pai, ao afirmar: \u201cO Cristo que sendo rico, se fez pobre para nos enriquecer com sua pobreza\u201d (2Cor. 8, 9), com a grande novidade, sempre presente nos gestos de acolhida, solidariedade e justi\u00e7a.<\/p>\n<p style=\"text-align: justify\">Iniciando o ano lit\u00fargico (o Advento), tempo que precede o Natal e ao mesmo tempo tem como finalidade preparar as pessoas para a festa da encarna\u00e7\u00e3o de Deus, na pessoa de uma crian\u00e7a pobre e humilde, somos convidados \u00e0 vigil\u00e2ncia, que tem como alicerce o amor, que podemos chamar de ren\u00fancia, doa\u00e7\u00e3o e generosidade. Significa que temos que plantar uma boa semente, da qual nascer\u00e1 uma grande \u00e1rvore, que ir\u00e1 produzir fruto de amor e de justi\u00e7a, porque os dias anunciados pelo profeta Jeremias chegaram: \u201cEis que vir\u00e3o dias, diz o Senhor, em que falei nascer um descente de Davi; reinar\u00e1 e ser\u00e1 um rei s\u00e1bio, far\u00e1 valer a justi\u00e7a e a retid\u00e3o na terra\u201d (Jr 23, 5).<\/p>\n<p style=\"text-align: justify\">Advento \u00e9 um tempo rico, forte e precioso das gra\u00e7as de Deus no qual n\u00e3o podemos deixar passar despercebido. O convite que Deus nos faz \u00e9 o de endireitar e colocar no rumo certo tudo que est\u00e1 tortuoso em nosso cora\u00e7\u00e3o, substituindo a realidade de pecado e da injusti\u00e7a pela proposta que nos \u00e9 oferecida, de pessoas transformadas e redimidas, na gra\u00e7a de Deus, na qual experimentamos o esplendor de um Deus radicalmente bom e terno, que vir\u00e1 visitar o seu povo na paz e encher de gl\u00f3ria a face da terra.<\/p>\n<p style=\"text-align: justify\">O momento deve ser de aten\u00e7\u00e3o e vontade de escutar o mist\u00e9rio que nos quer envolver: \u201cSim povo de Si\u00e3o, o Senhor vem para salvar as na\u00e7\u00f5es! Na alegria do cora\u00e7\u00e3o o Senhor far\u00e1 ressoar majestosa sua paz\u201d (Is 30, 19.30). \u201cSenhor meu Deus, concede-me uma intelig\u00eancia que te conhe\u00e7a, uma vontade que te busque, uma sabedoria que te encontre e uma vida que te agrade. Uma perseveran\u00e7a que te espere com confian\u00e7a e uma confian\u00e7a que te possua sempre\u201d (Santo Tom\u00e1s de Aquino). Am\u00e9m!<\/p>\n<p><em>*Padre da Arquidiocese de Fortaleza, Escritor, Membro da Academia de Letras dos Munic\u00edpios do Estado Cear\u00e1 (ALMECE), e da Academia Metropolitana de Letras de Fortaleza.<\/em><\/p>\n<p><em>P\u00e1roco de Santo Afonso<\/em><\/p>\n<p><a href=\"mailto:geovanesaraiva@gmail.com\"><em>geovanesaraiva@gmail.com<\/em><\/a><\/p>\n<p><strong>Autor dos livros:<\/strong><\/p>\n<address><strong>\u201cO peregrino da Paz\u201d e \u201cNascido Para as Coisas Maiores\u201d (centen\u00e1rio de Dom Helder C\u00e2mara);<\/strong><\/address>\n<address><strong>\u201cA Ternura de um Pastor\u201d &#8211; 2\u00aa Edi\u00e7\u00e3o (homenagem ao Cardeal Lorscheider);<\/strong><\/address>\n<address><strong>\u201cA Esperan\u00e7a Tem Nome\u201d (espiritualidade e compromisso);<\/strong><\/address>\n<address><strong>&#8220;Dom Helder: sonhos e utopias&#8221; (o pastor dos empobrecidos).<\/strong><\/address>\n<p>&nbsp;<\/p>\n<p>&nbsp;<\/p>\n<div id=\"themify_builder_content-20012\" data-postid=\"20012\" class=\"themify_builder_content themify_builder_content-20012 themify_builder themify_builder_front\">\n\t<\/div>\n<!-- \/themify_builder_content -->","protected":false},"excerpt":{"rendered":"<p>Padre Geovane Saraiva* \u00c9 do c\u00e9u que vem a paz e a verdadeira felicidade, numa crian\u00e7a, trazendo-nos a t\u00e3o sonhada reden\u00e7\u00e3o! Da nossa parte cabe exultar e, ao mesmo tempo, contemplar associados aos anjos, que povoaram os c\u00e9us naquela noite feliz e memor\u00e1vel, no insond\u00e1vel e misterioso coro: \u201cGl\u00f3ria a Deus no mais alto dos [&hellip;]<\/p>\n","protected":false},"author":17,"featured_media":0,"comment_status":"open","ping_status":"open","sticky":false,"template":"","format":"standard","meta":{"ngg_post_thumbnail":0,"footnotes":""},"categories":[9],"tags":[],"yoast_head":"<!-- This site is optimized with the Yoast SEO plugin v23.5 - https:\/\/yoast.com\/wordpress\/plugins\/seo\/ -->\n<title>Do Natal, nasce a paz e a justi\u00e7a - O Arcanjo no ar<\/title>\n<meta name=\"robots\" content=\"index, follow, max-snippet:-1, max-image-preview:large, max-video-preview:-1\" \/>\n<link rel=\"canonical\" href=\"https:\/\/www.oarcanjo.net\/site\/do-natal-nasce-a-paz-e-a-justica\/\" \/>\n<meta property=\"og:locale\" content=\"pt_BR\" \/>\n<meta property=\"og:type\" content=\"article\" \/>\n<meta property=\"og:title\" content=\"Do Natal, nasce a paz e a justi\u00e7a - O Arcanjo no ar\" \/>\n<meta property=\"og:description\" content=\"Padre Geovane Saraiva* \u00c9 do c\u00e9u que vem a paz e a verdadeira felicidade, numa crian\u00e7a, trazendo-nos a t\u00e3o sonhada reden\u00e7\u00e3o! Da nossa parte cabe exultar e, ao mesmo tempo, contemplar associados aos anjos, que povoaram os c\u00e9us naquela noite feliz e memor\u00e1vel, no insond\u00e1vel e misterioso coro: \u201cGl\u00f3ria a Deus no mais alto dos [&hellip;]\" \/>\n<meta property=\"og:url\" content=\"https:\/\/www.oarcanjo.net\/site\/do-natal-nasce-a-paz-e-a-justica\/\" \/>\n<meta property=\"og:site_name\" content=\"O Arcanjo no ar\" \/>\n<meta property=\"article:publisher\" content=\"https:\/\/www.facebook.com\/OArcanjoNoAr\/\" \/>\n<meta property=\"article:published_time\" content=\"2012-11-26T18:59:33+00:00\" \/>\n<meta property=\"article:modified_time\" content=\"2012-11-27T23:02:08+00:00\" \/>\n<meta property=\"og:image\" content=\"http:\/\/www.oarcanjo.net\/site\/wp-content\/uploads\/geovane-146x150.png\" \/>\n<meta name=\"author\" content=\"pe.geovane\" \/>\n<meta name=\"twitter:card\" content=\"summary_large_image\" \/>\n<meta name=\"twitter:label1\" content=\"Escrito por\" \/>\n\t<meta name=\"twitter:data1\" content=\"pe.geovane\" \/>\n\t<meta name=\"twitter:label2\" content=\"Est. tempo de leitura\" \/>\n\t<meta name=\"twitter:data2\" content=\"3 minutos\" \/>\n<script type=\"application\/ld+json\" class=\"yoast-schema-graph\">{\"@context\":\"https:\/\/schema.org\",\"@graph\":[{\"@type\":\"Article\",\"@id\":\"https:\/\/www.oarcanjo.net\/site\/do-natal-nasce-a-paz-e-a-justica\/#article\",\"isPartOf\":{\"@id\":\"https:\/\/www.oarcanjo.net\/site\/do-natal-nasce-a-paz-e-a-justica\/\"},\"author\":{\"name\":\"pe.geovane\",\"@id\":\"https:\/\/www.oarcanjo.net\/site\/#\/schema\/person\/58d7f78850a973b8e467c7ae4a7eb4ad\"},\"headline\":\"Do Natal, nasce a paz e a justi\u00e7a\",\"datePublished\":\"2012-11-26T18:59:33+00:00\",\"dateModified\":\"2012-11-27T23:02:08+00:00\",\"mainEntityOfPage\":{\"@id\":\"https:\/\/www.oarcanjo.net\/site\/do-natal-nasce-a-paz-e-a-justica\/\"},\"wordCount\":668,\"commentCount\":0,\"publisher\":{\"@id\":\"https:\/\/www.oarcanjo.net\/site\/#organization\"},\"image\":{\"@id\":\"https:\/\/www.oarcanjo.net\/site\/do-natal-nasce-a-paz-e-a-justica\/#primaryimage\"},\"thumbnailUrl\":\"http:\/\/www.oarcanjo.net\/site\/wp-content\/uploads\/geovane-146x150.png\",\"articleSection\":[\"Reflex\u00f5es\"],\"inLanguage\":\"pt-BR\",\"potentialAction\":[{\"@type\":\"CommentAction\",\"name\":\"Comment\",\"target\":[\"https:\/\/www.oarcanjo.net\/site\/do-natal-nasce-a-paz-e-a-justica\/#respond\"]}]},{\"@type\":\"WebPage\",\"@id\":\"https:\/\/www.oarcanjo.net\/site\/do-natal-nasce-a-paz-e-a-justica\/\",\"url\":\"https:\/\/www.oarcanjo.net\/site\/do-natal-nasce-a-paz-e-a-justica\/\",\"name\":\"Do Natal, nasce a paz e a justi\u00e7a - O Arcanjo no ar\",\"isPartOf\":{\"@id\":\"https:\/\/www.oarcanjo.net\/site\/#website\"},\"primaryImageOfPage\":{\"@id\":\"https:\/\/www.oarcanjo.net\/site\/do-natal-nasce-a-paz-e-a-justica\/#primaryimage\"},\"image\":{\"@id\":\"https:\/\/www.oarcanjo.net\/site\/do-natal-nasce-a-paz-e-a-justica\/#primaryimage\"},\"thumbnailUrl\":\"http:\/\/www.oarcanjo.net\/site\/wp-content\/uploads\/geovane-146x150.png\",\"datePublished\":\"2012-11-26T18:59:33+00:00\",\"dateModified\":\"2012-11-27T23:02:08+00:00\",\"breadcrumb\":{\"@id\":\"https:\/\/www.oarcanjo.net\/site\/do-natal-nasce-a-paz-e-a-justica\/#breadcrumb\"},\"inLanguage\":\"pt-BR\",\"potentialAction\":[{\"@type\":\"ReadAction\",\"target\":[\"https:\/\/www.oarcanjo.net\/site\/do-natal-nasce-a-paz-e-a-justica\/\"]}]},{\"@type\":\"ImageObject\",\"inLanguage\":\"pt-BR\",\"@id\":\"https:\/\/www.oarcanjo.net\/site\/do-natal-nasce-a-paz-e-a-justica\/#primaryimage\",\"url\":\"https:\/\/www.oarcanjo.net\/site\/wp-content\/uploads\/geovane.png\",\"contentUrl\":\"https:\/\/www.oarcanjo.net\/site\/wp-content\/uploads\/geovane.png\",\"width\":\"146\",\"height\":\"204\"},{\"@type\":\"BreadcrumbList\",\"@id\":\"https:\/\/www.oarcanjo.net\/site\/do-natal-nasce-a-paz-e-a-justica\/#breadcrumb\",\"itemListElement\":[{\"@type\":\"ListItem\",\"position\":1,\"name\":\"In\u00edcio\",\"item\":\"https:\/\/www.oarcanjo.net\/site\/\"},{\"@type\":\"ListItem\",\"position\":2,\"name\":\"Do Natal, nasce a paz e a justi\u00e7a\"}]},{\"@type\":\"WebSite\",\"@id\":\"https:\/\/www.oarcanjo.net\/site\/#website\",\"url\":\"https:\/\/www.oarcanjo.net\/site\/\",\"name\":\"O Arcanjo no ar\",\"description\":\"Site da Par\u00f3quia S\u00e3o Miguel Arcanjo (Arquidiocese de SP)\",\"publisher\":{\"@id\":\"https:\/\/www.oarcanjo.net\/site\/#organization\"},\"potentialAction\":[{\"@type\":\"SearchAction\",\"target\":{\"@type\":\"EntryPoint\",\"urlTemplate\":\"https:\/\/www.oarcanjo.net\/site\/?s={search_term_string}\"},\"query-input\":{\"@type\":\"PropertyValueSpecification\",\"valueRequired\":true,\"valueName\":\"search_term_string\"}}],\"inLanguage\":\"pt-BR\"},{\"@type\":\"Organization\",\"@id\":\"https:\/\/www.oarcanjo.net\/site\/#organization\",\"name\":\"Par\u00f3quia S\u00e3o Miguel Arcanjo\",\"url\":\"https:\/\/www.oarcanjo.net\/site\/\",\"logo\":{\"@type\":\"ImageObject\",\"inLanguage\":\"pt-BR\",\"@id\":\"https:\/\/www.oarcanjo.net\/site\/#\/schema\/logo\/image\/\",\"url\":\"https:\/\/www.oarcanjo.net\/site\/wp-content\/uploads\/LogoOArcanjo.png\",\"contentUrl\":\"https:\/\/www.oarcanjo.net\/site\/wp-content\/uploads\/LogoOArcanjo.png\",\"width\":319,\"height\":99,\"caption\":\"Par\u00f3quia S\u00e3o Miguel Arcanjo\"},\"image\":{\"@id\":\"https:\/\/www.oarcanjo.net\/site\/#\/schema\/logo\/image\/\"},\"sameAs\":[\"https:\/\/www.facebook.com\/OArcanjoNoAr\/\"]},{\"@type\":\"Person\",\"@id\":\"https:\/\/www.oarcanjo.net\/site\/#\/schema\/person\/58d7f78850a973b8e467c7ae4a7eb4ad\",\"name\":\"pe.geovane\"}]}<\/script>\n<!-- \/ Yoast SEO plugin. -->","yoast_head_json":{"title":"Do Natal, nasce a paz e a justi\u00e7a - O Arcanjo no ar","robots":{"index":"index","follow":"follow","max-snippet":"max-snippet:-1","max-image-preview":"max-image-preview:large","max-video-preview":"max-video-preview:-1"},"canonical":"https:\/\/www.oarcanjo.net\/site\/do-natal-nasce-a-paz-e-a-justica\/","og_locale":"pt_BR","og_type":"article","og_title":"Do Natal, nasce a paz e a justi\u00e7a - O Arcanjo no ar","og_description":"Padre Geovane Saraiva* \u00c9 do c\u00e9u que vem a paz e a verdadeira felicidade, numa crian\u00e7a, trazendo-nos a t\u00e3o sonhada reden\u00e7\u00e3o! Da nossa parte cabe exultar e, ao mesmo tempo, contemplar associados aos anjos, que povoaram os c\u00e9us naquela noite feliz e memor\u00e1vel, no insond\u00e1vel e misterioso coro: \u201cGl\u00f3ria a Deus no mais alto dos [&hellip;]","og_url":"https:\/\/www.oarcanjo.net\/site\/do-natal-nasce-a-paz-e-a-justica\/","og_site_name":"O Arcanjo no ar","article_publisher":"https:\/\/www.facebook.com\/OArcanjoNoAr\/","article_published_time":"2012-11-26T18:59:33+00:00","article_modified_time":"2012-11-27T23:02:08+00:00","og_image":[{"url":"http:\/\/www.oarcanjo.net\/site\/wp-content\/uploads\/geovane-146x150.png"}],"author":"pe.geovane","twitter_card":"summary_large_image","twitter_misc":{"Escrito por":"pe.geovane","Est. tempo de leitura":"3 minutos"},"schema":{"@context":"https:\/\/schema.org","@graph":[{"@type":"Article","@id":"https:\/\/www.oarcanjo.net\/site\/do-natal-nasce-a-paz-e-a-justica\/#article","isPartOf":{"@id":"https:\/\/www.oarcanjo.net\/site\/do-natal-nasce-a-paz-e-a-justica\/"},"author":{"name":"pe.geovane","@id":"https:\/\/www.oarcanjo.net\/site\/#\/schema\/person\/58d7f78850a973b8e467c7ae4a7eb4ad"},"headline":"Do Natal, nasce a paz e a justi\u00e7a","datePublished":"2012-11-26T18:59:33+00:00","dateModified":"2012-11-27T23:02:08+00:00","mainEntityOfPage":{"@id":"https:\/\/www.oarcanjo.net\/site\/do-natal-nasce-a-paz-e-a-justica\/"},"wordCount":668,"commentCount":0,"publisher":{"@id":"https:\/\/www.oarcanjo.net\/site\/#organization"},"image":{"@id":"https:\/\/www.oarcanjo.net\/site\/do-natal-nasce-a-paz-e-a-justica\/#primaryimage"},"thumbnailUrl":"http:\/\/www.oarcanjo.net\/site\/wp-content\/uploads\/geovane-146x150.png","articleSection":["Reflex\u00f5es"],"inLanguage":"pt-BR","potentialAction":[{"@type":"CommentAction","name":"Comment","target":["https:\/\/www.oarcanjo.net\/site\/do-natal-nasce-a-paz-e-a-justica\/#respond"]}]},{"@type":"WebPage","@id":"https:\/\/www.oarcanjo.net\/site\/do-natal-nasce-a-paz-e-a-justica\/","url":"https:\/\/www.oarcanjo.net\/site\/do-natal-nasce-a-paz-e-a-justica\/","name":"Do Natal, nasce a paz e a justi\u00e7a - O Arcanjo no ar","isPartOf":{"@id":"https:\/\/www.oarcanjo.net\/site\/#website"},"primaryImageOfPage":{"@id":"https:\/\/www.oarcanjo.net\/site\/do-natal-nasce-a-paz-e-a-justica\/#primaryimage"},"image":{"@id":"https:\/\/www.oarcanjo.net\/site\/do-natal-nasce-a-paz-e-a-justica\/#primaryimage"},"thumbnailUrl":"http:\/\/www.oarcanjo.net\/site\/wp-content\/uploads\/geovane-146x150.png","datePublished":"2012-11-26T18:59:33+00:00","dateModified":"2012-11-27T23:02:08+00:00","breadcrumb":{"@id":"https:\/\/www.oarcanjo.net\/site\/do-natal-nasce-a-paz-e-a-justica\/#breadcrumb"},"inLanguage":"pt-BR","potentialAction":[{"@type":"ReadAction","target":["https:\/\/www.oarcanjo.net\/site\/do-natal-nasce-a-paz-e-a-justica\/"]}]},{"@type":"ImageObject","inLanguage":"pt-BR","@id":"https:\/\/www.oarcanjo.net\/site\/do-natal-nasce-a-paz-e-a-justica\/#primaryimage","url":"https:\/\/www.oarcanjo.net\/site\/wp-content\/uploads\/geovane.png","contentUrl":"https:\/\/www.oarcanjo.net\/site\/wp-content\/uploads\/geovane.png","width":"146","height":"204"},{"@type":"BreadcrumbList","@id":"https:\/\/www.oarcanjo.net\/site\/do-natal-nasce-a-paz-e-a-justica\/#breadcrumb","itemListElement":[{"@type":"ListItem","position":1,"name":"In\u00edcio","item":"https:\/\/www.oarcanjo.net\/site\/"},{"@type":"ListItem","position":2,"name":"Do Natal, nasce a paz e a justi\u00e7a"}]},{"@type":"WebSite","@id":"https:\/\/www.oarcanjo.net\/site\/#website","url":"https:\/\/www.oarcanjo.net\/site\/","name":"O Arcanjo no ar","description":"Site da Par\u00f3quia S\u00e3o Miguel Arcanjo (Arquidiocese de SP)","publisher":{"@id":"https:\/\/www.oarcanjo.net\/site\/#organization"},"potentialAction":[{"@type":"SearchAction","target":{"@type":"EntryPoint","urlTemplate":"https:\/\/www.oarcanjo.net\/site\/?s={search_term_string}"},"query-input":{"@type":"PropertyValueSpecification","valueRequired":true,"valueName":"search_term_string"}}],"inLanguage":"pt-BR"},{"@type":"Organization","@id":"https:\/\/www.oarcanjo.net\/site\/#organization","name":"Par\u00f3quia S\u00e3o Miguel Arcanjo","url":"https:\/\/www.oarcanjo.net\/site\/","logo":{"@type":"ImageObject","inLanguage":"pt-BR","@id":"https:\/\/www.oarcanjo.net\/site\/#\/schema\/logo\/image\/","url":"https:\/\/www.oarcanjo.net\/site\/wp-content\/uploads\/LogoOArcanjo.png","contentUrl":"https:\/\/www.oarcanjo.net\/site\/wp-content\/uploads\/LogoOArcanjo.png","width":319,"height":99,"caption":"Par\u00f3quia S\u00e3o Miguel Arcanjo"},"image":{"@id":"https:\/\/www.oarcanjo.net\/site\/#\/schema\/logo\/image\/"},"sameAs":["https:\/\/www.facebook.com\/OArcanjoNoAr\/"]},{"@type":"Person","@id":"https:\/\/www.oarcanjo.net\/site\/#\/schema\/person\/58d7f78850a973b8e467c7ae4a7eb4ad","name":"pe.geovane"}]}},"publishpress_future_action":{"enabled":false,"date":"2026-05-09 09:30:23","action":"category","newStatus":"draft","terms":[],"taxonomy":"category"},"publishpress_future_workflow_manual_trigger":{"enabledWorkflows":[]},"_links":{"self":[{"href":"https:\/\/www.oarcanjo.net\/site\/wp-json\/wp\/v2\/posts\/20012"}],"collection":[{"href":"https:\/\/www.oarcanjo.net\/site\/wp-json\/wp\/v2\/posts"}],"about":[{"href":"https:\/\/www.oarcanjo.net\/site\/wp-json\/wp\/v2\/types\/post"}],"author":[{"embeddable":true,"href":"https:\/\/www.oarcanjo.net\/site\/wp-json\/wp\/v2\/users\/17"}],"replies":[{"embeddable":true,"href":"https:\/\/www.oarcanjo.net\/site\/wp-json\/wp\/v2\/comments?post=20012"}],"version-history":[{"count":0,"href":"https:\/\/www.oarcanjo.net\/site\/wp-json\/wp\/v2\/posts\/20012\/revisions"}],"wp:attachment":[{"href":"https:\/\/www.oarcanjo.net\/site\/wp-json\/wp\/v2\/media?parent=20012"}],"wp:term":[{"taxonomy":"category","embeddable":true,"href":"https:\/\/www.oarcanjo.net\/site\/wp-json\/wp\/v2\/categories?post=20012"},{"taxonomy":"post_tag","embeddable":true,"href":"https:\/\/www.oarcanjo.net\/site\/wp-json\/wp\/v2\/tags?post=20012"}],"curies":[{"name":"wp","href":"https:\/\/api.w.org\/{rel}","templated":true}]}}