
{"id":20019,"date":"2012-11-25T09:33:26","date_gmt":"2012-11-25T11:33:26","guid":{"rendered":"http:\/\/www.oarcanjo.net\/site\/?p=20019"},"modified":"2012-11-27T09:36:24","modified_gmt":"2012-11-27T11:36:24","slug":"mensagem-para-o-dia-nacional-dos-leigos","status":"publish","type":"post","link":"https:\/\/www.oarcanjo.net\/site\/mensagem-para-o-dia-nacional-dos-leigos\/","title":{"rendered":"Mensagem para o Dia Nacional dos Leigos"},"content":{"rendered":"<p><em>Estimados irm\u00e3os leigos,<\/em><\/p>\n<p>Desejo dirigir-lhes esta MENSAGEM na ocasi\u00e3o do<strong> Dia Nacional dos Leigos<\/strong>, celebrado no pr\u00f3ximo domingo, dia 25 de novembro.<\/p>\n<p>Nesse Domingo, \u00faltimo do Ano Lit\u00fargico, 25.11.2012, celebramos a<strong> Solenidade de Cristo Rei<\/strong> e somos confrontados com o significado maior da nossa vida e da exist\u00eancia deste mundo: nossa meta final \u00e9 o encontro com Jesus Cristo glorificado, nosso Salvador, Senhor da Igreja e Senhor de nossas vidas; dele esperamos receber o convite t\u00e3o esperado para entrar na alegria da vida eterna e ter parte da felicidade sem fim do Reino de Deus, finalmente manifestado em sua plenitude. Seremos admitidos ao banquete celeste, se nesta vida tivermos sido bons e fi\u00e9is servidores do Reino de Deus, sobretudo pela acolhida e o servi\u00e7o aos irm\u00e3os mais necessitados.<\/p>\n<p>Ao mesmo tempo, a solenidade de Cristo Rei nos recorda que, enquanto disc\u00edpulos de Cristo e j\u00e1 \u201ccidad\u00e3os\u201d do Reino de Deus neste mundo, somos enviados como testemunhas e mensageiros da Boa Nova do Reino para nossos irm\u00e3os, em todos os ambientes sociais e circunst\u00e2ncias hist\u00f3ricas em que vivemos e atuamos. Conhecendo bem a preciosidade do Reino de Deus e atra\u00eddos por ele, como quem encontrou um grande tesouro, todos os batizados s\u00e3o convidados a dar o melhor de si para ajudar outras pessoas a descobrirem a \u201cp\u00e9rola preciosa\u201d do Reino de Deus e a se fazerem seus disc\u00edpulos.<\/p>\n<p>Assim, desejo encorajar todos voc\u00eas, caros leigos e leigas da Arquidiocese de S\u00e3o Paulo, a viverem intensamente o <strong>Ano da F\u00e9<\/strong>, que a Igreja toda est\u00e1 vivendo e celebrando; nossa f\u00e9 crist\u00e3 cat\u00f3lica \u00e9 valiosa como um tesouro e precisa ser melhor conhecida, para ser mais amada e transmitida ao pr\u00f3ximo, com verdadeira paix\u00e3o, sobretudo para quem a desconhece ainda. Nesse sentido, pe\u00e7amos todos que Deus nos conceda a gra\u00e7a de uma f\u00e9 firme e esclarecida, como lhes escrevi na minha 2\u00aa. Carta Pastoral \u2013 <em>Senhor, aumentai a nossa f\u00e9! <\/em>Escrevi essa Carta Pastoral, dedicando-a especialmente a todos voc\u00eas. Procuremos conhecer mais e melhor nossa f\u00e9, ao longo deste ano, lendo e estudando o Catecismo da Igreja Cat\u00f3lica, ou o Comp\u00eandio do Catecismo, como pede o Papa Bento XVI. Participemos das muitas iniciativas sugeridas na Carta Pastoral para viver com proveito o Ano da F\u00e9.<\/p>\n<p>Todos os batizados s\u00e3o participantes da vida e da miss\u00e3o da Igreja, cada um conforme o dom que recebeu de Deus. Aos pais e av\u00f3s, pe\u00e7o uma dedica\u00e7\u00e3o especial na transmiss\u00e3o da f\u00e9 aos filhos e netos e na sua inicia\u00e7\u00e3o \u00e0 vida crist\u00e3 e eclesial. Aos membros de agrega\u00e7\u00f5es laicais, dedicadas especialmente \u00e0 evangeliza\u00e7\u00e3o, encorajo a serem generosas testemunhas da f\u00e9 para os irm\u00e3os. Se isso for feito, as novas gera\u00e7\u00f5es continuar\u00e3o receber a \u201cheran\u00e7a da f\u00e9\u201d, como n\u00f3s recebemos, e continuar\u00e3o a crer, como n\u00f3s cremos; mas se isso deixar de ser feito, a nossa f\u00e9 corre o risco de n\u00e3o ser mais acolhida, professada e praticada pelas pr\u00f3ximas gera\u00e7\u00f5es. Ajudar algum irm\u00e3o ou filho a se aproximar de Deus e a ter uma experi\u00eancia forte e bela da f\u00e9 \u00e9 o maior bem que lhe podemos fazer!<\/p>\n<p>Mas quero encorajar tamb\u00e9m a todos os leigos e leigas, como disc\u00edpulos do Reino de Deus e de Jesus Cristo, <strong>a se envolverem na vida da sociedade e nas responsabilidades sociais<\/strong>. O vasto campo da miss\u00e3o dos leigos \u00e9, sobretudo, o das rela\u00e7\u00f5es familiares, sociais, econ\u00f4micas, pol\u00edticas, educativas e culturais. \u00c9 nelas que devemos, sobretudo, fazer aparecer a beleza do Reino de Deus e contribuir, com os demais agentes sociais, para edificar este mundo no bem. Sei que n\u00e3o \u00e9 uma miss\u00e3o f\u00e1cil, mas contamos com a gra\u00e7a de Deus, que nunca nos abandona.<\/p>\n<p>E, como se prop\u00f5e a Igreja de Cristo, que est\u00e1 na Arquidiocese de S\u00e3o Paulo, no seu novo Plano de Pastoral, sejamos<em> <strong>\u201ctestemunhas de Deus na cidade de S\u00e3o Paulo\u201d<\/strong><\/em>. Em toda parte onde as pessoas nos virem, saibam que somos disc\u00edpulos de Jesus Cristo e,por causa de nossa f\u00e9 nele, estamos profundamente comprometidos com o bem comum, a justi\u00e7a social, a dignidade humana e o respeito por toda pessoa. Isso \u00e9 tanto mais importante, quando vemos nossa cidade ferida de medo por causa da viol\u00eancia que se manifesta por toda parte. Somos disc\u00edpulos daquele que \u00e9 o Pr\u00edncipe da Paz e proclamou felizes e bem aventurados os promotores da paz.<\/p>\n<p>Car\u00edssimos filhos e filhas desta querida Arquidiocese de S\u00e3o Paulo, sejamos todos \u201cbons e fi\u00e9is servidores\u201d do Reino de Deus neste mundo, para sermos merecedores do belo convite do Grande Rei, quando nos apresentarmos diante dele, no final de nossa vida: \u201cmuito bem, servo bom e fiel, entra na legria do teu Senhor!\u201d (cf Mt 25,21).<\/p>\n<p>Deus os guarde na sua paz! Pela intercess\u00e3o de S\u00e3o Paulo Ap\u00f3stolo, Patrono de nossa Arquidiocese, e de Nossa Senhora da Assun\u00e7\u00e3o, invoco sobre todos a b\u00ean\u00e7\u00e3o de Deus!<\/p>\n<p><em>Card. D. Odilo P. Scherer<br \/>\nArcebispo de S\u00e3o Paulo<\/em><\/p>\n<div id=\"themify_builder_content-20019\" data-postid=\"20019\" class=\"themify_builder_content themify_builder_content-20019 themify_builder themify_builder_front\">\n\t<\/div>\n<!-- \/themify_builder_content -->","protected":false},"excerpt":{"rendered":"<p>Estimados irm\u00e3os leigos, Desejo dirigir-lhes esta MENSAGEM na ocasi\u00e3o do Dia Nacional dos Leigos, celebrado no pr\u00f3ximo domingo, dia 25 de novembro. Nesse Domingo, \u00faltimo do Ano Lit\u00fargico, 25.11.2012, celebramos a Solenidade de Cristo Rei e somos confrontados com o significado maior da nossa vida e da exist\u00eancia deste mundo: nossa meta final \u00e9 o [&hellip;]<\/p>\n","protected":false},"author":5,"featured_media":0,"comment_status":"open","ping_status":"open","sticky":false,"template":"","format":"standard","meta":{"ngg_post_thumbnail":0,"footnotes":""},"categories":[8],"tags":[2319,2320],"yoast_head":"<!-- This site is optimized with the Yoast SEO plugin v23.5 - https:\/\/yoast.com\/wordpress\/plugins\/seo\/ -->\n<title>Mensagem para o Dia Nacional dos Leigos - O Arcanjo no ar<\/title>\n<meta name=\"robots\" content=\"index, follow, max-snippet:-1, max-image-preview:large, max-video-preview:-1\" \/>\n<link rel=\"canonical\" href=\"https:\/\/www.oarcanjo.net\/site\/mensagem-para-o-dia-nacional-dos-leigos\/\" \/>\n<meta property=\"og:locale\" content=\"pt_BR\" \/>\n<meta property=\"og:type\" content=\"article\" \/>\n<meta property=\"og:title\" content=\"Mensagem para o Dia Nacional dos Leigos - O Arcanjo no ar\" \/>\n<meta property=\"og:description\" content=\"Estimados irm\u00e3os leigos, Desejo dirigir-lhes esta MENSAGEM na ocasi\u00e3o do Dia Nacional dos Leigos, celebrado no pr\u00f3ximo domingo, dia 25 de novembro. Nesse Domingo, \u00faltimo do Ano Lit\u00fargico, 25.11.2012, celebramos a Solenidade de Cristo Rei e somos confrontados com o significado maior da nossa vida e da exist\u00eancia deste mundo: nossa meta final \u00e9 o [&hellip;]\" \/>\n<meta property=\"og:url\" content=\"https:\/\/www.oarcanjo.net\/site\/mensagem-para-o-dia-nacional-dos-leigos\/\" \/>\n<meta property=\"og:site_name\" content=\"O Arcanjo no ar\" \/>\n<meta property=\"article:publisher\" content=\"https:\/\/www.facebook.com\/OArcanjoNoAr\/\" \/>\n<meta property=\"article:published_time\" content=\"2012-11-25T11:33:26+00:00\" \/>\n<meta property=\"article:modified_time\" content=\"2012-11-27T11:36:24+00:00\" \/>\n<meta property=\"og:image\" content=\"https:\/\/www.oarcanjo.net\/site\/wp-content\/uploads\/logo-o-arcanjo-no-ar-facebook.png\" \/>\n\t<meta property=\"og:image:width\" content=\"300\" \/>\n\t<meta property=\"og:image:height\" content=\"300\" \/>\n\t<meta property=\"og:image:type\" content=\"image\/png\" \/>\n<meta name=\"author\" content=\"editor\" \/>\n<meta name=\"twitter:card\" content=\"summary_large_image\" \/>\n<meta name=\"twitter:label1\" content=\"Escrito por\" \/>\n\t<meta name=\"twitter:data1\" content=\"editor\" \/>\n\t<meta name=\"twitter:label2\" content=\"Est. tempo de leitura\" \/>\n\t<meta name=\"twitter:data2\" content=\"4 minutos\" \/>\n<script type=\"application\/ld+json\" class=\"yoast-schema-graph\">{\"@context\":\"https:\/\/schema.org\",\"@graph\":[{\"@type\":\"Article\",\"@id\":\"https:\/\/www.oarcanjo.net\/site\/mensagem-para-o-dia-nacional-dos-leigos\/#article\",\"isPartOf\":{\"@id\":\"https:\/\/www.oarcanjo.net\/site\/mensagem-para-o-dia-nacional-dos-leigos\/\"},\"author\":{\"name\":\"editor\",\"@id\":\"https:\/\/www.oarcanjo.net\/site\/#\/schema\/person\/f7024d007863202483a31326673a0838\"},\"headline\":\"Mensagem para o Dia Nacional dos Leigos\",\"datePublished\":\"2012-11-25T11:33:26+00:00\",\"dateModified\":\"2012-11-27T11:36:24+00:00\",\"mainEntityOfPage\":{\"@id\":\"https:\/\/www.oarcanjo.net\/site\/mensagem-para-o-dia-nacional-dos-leigos\/\"},\"wordCount\":881,\"commentCount\":0,\"publisher\":{\"@id\":\"https:\/\/www.oarcanjo.net\/site\/#organization\"},\"keywords\":[\"Dia Nacional dos Leigos\",\"Solenidade de Cristo Rei\"],\"articleSection\":[\"Not\u00edcias\"],\"inLanguage\":\"pt-BR\",\"potentialAction\":[{\"@type\":\"CommentAction\",\"name\":\"Comment\",\"target\":[\"https:\/\/www.oarcanjo.net\/site\/mensagem-para-o-dia-nacional-dos-leigos\/#respond\"]}]},{\"@type\":\"WebPage\",\"@id\":\"https:\/\/www.oarcanjo.net\/site\/mensagem-para-o-dia-nacional-dos-leigos\/\",\"url\":\"https:\/\/www.oarcanjo.net\/site\/mensagem-para-o-dia-nacional-dos-leigos\/\",\"name\":\"Mensagem para o Dia Nacional dos Leigos - O Arcanjo no ar\",\"isPartOf\":{\"@id\":\"https:\/\/www.oarcanjo.net\/site\/#website\"},\"datePublished\":\"2012-11-25T11:33:26+00:00\",\"dateModified\":\"2012-11-27T11:36:24+00:00\",\"breadcrumb\":{\"@id\":\"https:\/\/www.oarcanjo.net\/site\/mensagem-para-o-dia-nacional-dos-leigos\/#breadcrumb\"},\"inLanguage\":\"pt-BR\",\"potentialAction\":[{\"@type\":\"ReadAction\",\"target\":[\"https:\/\/www.oarcanjo.net\/site\/mensagem-para-o-dia-nacional-dos-leigos\/\"]}]},{\"@type\":\"BreadcrumbList\",\"@id\":\"https:\/\/www.oarcanjo.net\/site\/mensagem-para-o-dia-nacional-dos-leigos\/#breadcrumb\",\"itemListElement\":[{\"@type\":\"ListItem\",\"position\":1,\"name\":\"In\u00edcio\",\"item\":\"https:\/\/www.oarcanjo.net\/site\/\"},{\"@type\":\"ListItem\",\"position\":2,\"name\":\"Mensagem para o Dia Nacional dos Leigos\"}]},{\"@type\":\"WebSite\",\"@id\":\"https:\/\/www.oarcanjo.net\/site\/#website\",\"url\":\"https:\/\/www.oarcanjo.net\/site\/\",\"name\":\"O Arcanjo no ar\",\"description\":\"Site da Par\u00f3quia S\u00e3o Miguel Arcanjo (Arquidiocese de SP)\",\"publisher\":{\"@id\":\"https:\/\/www.oarcanjo.net\/site\/#organization\"},\"potentialAction\":[{\"@type\":\"SearchAction\",\"target\":{\"@type\":\"EntryPoint\",\"urlTemplate\":\"https:\/\/www.oarcanjo.net\/site\/?s={search_term_string}\"},\"query-input\":{\"@type\":\"PropertyValueSpecification\",\"valueRequired\":true,\"valueName\":\"search_term_string\"}}],\"inLanguage\":\"pt-BR\"},{\"@type\":\"Organization\",\"@id\":\"https:\/\/www.oarcanjo.net\/site\/#organization\",\"name\":\"Par\u00f3quia S\u00e3o Miguel Arcanjo\",\"url\":\"https:\/\/www.oarcanjo.net\/site\/\",\"logo\":{\"@type\":\"ImageObject\",\"inLanguage\":\"pt-BR\",\"@id\":\"https:\/\/www.oarcanjo.net\/site\/#\/schema\/logo\/image\/\",\"url\":\"https:\/\/www.oarcanjo.net\/site\/wp-content\/uploads\/LogoOArcanjo.png\",\"contentUrl\":\"https:\/\/www.oarcanjo.net\/site\/wp-content\/uploads\/LogoOArcanjo.png\",\"width\":319,\"height\":99,\"caption\":\"Par\u00f3quia S\u00e3o Miguel Arcanjo\"},\"image\":{\"@id\":\"https:\/\/www.oarcanjo.net\/site\/#\/schema\/logo\/image\/\"},\"sameAs\":[\"https:\/\/www.facebook.com\/OArcanjoNoAr\/\"]},{\"@type\":\"Person\",\"@id\":\"https:\/\/www.oarcanjo.net\/site\/#\/schema\/person\/f7024d007863202483a31326673a0838\",\"name\":\"editor\",\"sameAs\":[\"http:\/\/www.oarcanjo.net\"]}]}<\/script>\n<!-- \/ Yoast SEO plugin. -->","yoast_head_json":{"title":"Mensagem para o Dia Nacional dos Leigos - O Arcanjo no ar","robots":{"index":"index","follow":"follow","max-snippet":"max-snippet:-1","max-image-preview":"max-image-preview:large","max-video-preview":"max-video-preview:-1"},"canonical":"https:\/\/www.oarcanjo.net\/site\/mensagem-para-o-dia-nacional-dos-leigos\/","og_locale":"pt_BR","og_type":"article","og_title":"Mensagem para o Dia Nacional dos Leigos - O Arcanjo no ar","og_description":"Estimados irm\u00e3os leigos, Desejo dirigir-lhes esta MENSAGEM na ocasi\u00e3o do Dia Nacional dos Leigos, celebrado no pr\u00f3ximo domingo, dia 25 de novembro. Nesse Domingo, \u00faltimo do Ano Lit\u00fargico, 25.11.2012, celebramos a Solenidade de Cristo Rei e somos confrontados com o significado maior da nossa vida e da exist\u00eancia deste mundo: nossa meta final \u00e9 o [&hellip;]","og_url":"https:\/\/www.oarcanjo.net\/site\/mensagem-para-o-dia-nacional-dos-leigos\/","og_site_name":"O Arcanjo no ar","article_publisher":"https:\/\/www.facebook.com\/OArcanjoNoAr\/","article_published_time":"2012-11-25T11:33:26+00:00","article_modified_time":"2012-11-27T11:36:24+00:00","og_image":[{"width":300,"height":300,"url":"https:\/\/www.oarcanjo.net\/site\/wp-content\/uploads\/logo-o-arcanjo-no-ar-facebook.png","type":"image\/png"}],"author":"editor","twitter_card":"summary_large_image","twitter_misc":{"Escrito por":"editor","Est. tempo de leitura":"4 minutos"},"schema":{"@context":"https:\/\/schema.org","@graph":[{"@type":"Article","@id":"https:\/\/www.oarcanjo.net\/site\/mensagem-para-o-dia-nacional-dos-leigos\/#article","isPartOf":{"@id":"https:\/\/www.oarcanjo.net\/site\/mensagem-para-o-dia-nacional-dos-leigos\/"},"author":{"name":"editor","@id":"https:\/\/www.oarcanjo.net\/site\/#\/schema\/person\/f7024d007863202483a31326673a0838"},"headline":"Mensagem para o Dia Nacional dos Leigos","datePublished":"2012-11-25T11:33:26+00:00","dateModified":"2012-11-27T11:36:24+00:00","mainEntityOfPage":{"@id":"https:\/\/www.oarcanjo.net\/site\/mensagem-para-o-dia-nacional-dos-leigos\/"},"wordCount":881,"commentCount":0,"publisher":{"@id":"https:\/\/www.oarcanjo.net\/site\/#organization"},"keywords":["Dia Nacional dos Leigos","Solenidade de Cristo Rei"],"articleSection":["Not\u00edcias"],"inLanguage":"pt-BR","potentialAction":[{"@type":"CommentAction","name":"Comment","target":["https:\/\/www.oarcanjo.net\/site\/mensagem-para-o-dia-nacional-dos-leigos\/#respond"]}]},{"@type":"WebPage","@id":"https:\/\/www.oarcanjo.net\/site\/mensagem-para-o-dia-nacional-dos-leigos\/","url":"https:\/\/www.oarcanjo.net\/site\/mensagem-para-o-dia-nacional-dos-leigos\/","name":"Mensagem para o Dia Nacional dos Leigos - O Arcanjo no ar","isPartOf":{"@id":"https:\/\/www.oarcanjo.net\/site\/#website"},"datePublished":"2012-11-25T11:33:26+00:00","dateModified":"2012-11-27T11:36:24+00:00","breadcrumb":{"@id":"https:\/\/www.oarcanjo.net\/site\/mensagem-para-o-dia-nacional-dos-leigos\/#breadcrumb"},"inLanguage":"pt-BR","potentialAction":[{"@type":"ReadAction","target":["https:\/\/www.oarcanjo.net\/site\/mensagem-para-o-dia-nacional-dos-leigos\/"]}]},{"@type":"BreadcrumbList","@id":"https:\/\/www.oarcanjo.net\/site\/mensagem-para-o-dia-nacional-dos-leigos\/#breadcrumb","itemListElement":[{"@type":"ListItem","position":1,"name":"In\u00edcio","item":"https:\/\/www.oarcanjo.net\/site\/"},{"@type":"ListItem","position":2,"name":"Mensagem para o Dia Nacional dos Leigos"}]},{"@type":"WebSite","@id":"https:\/\/www.oarcanjo.net\/site\/#website","url":"https:\/\/www.oarcanjo.net\/site\/","name":"O Arcanjo no ar","description":"Site da Par\u00f3quia S\u00e3o Miguel Arcanjo (Arquidiocese de SP)","publisher":{"@id":"https:\/\/www.oarcanjo.net\/site\/#organization"},"potentialAction":[{"@type":"SearchAction","target":{"@type":"EntryPoint","urlTemplate":"https:\/\/www.oarcanjo.net\/site\/?s={search_term_string}"},"query-input":{"@type":"PropertyValueSpecification","valueRequired":true,"valueName":"search_term_string"}}],"inLanguage":"pt-BR"},{"@type":"Organization","@id":"https:\/\/www.oarcanjo.net\/site\/#organization","name":"Par\u00f3quia S\u00e3o Miguel Arcanjo","url":"https:\/\/www.oarcanjo.net\/site\/","logo":{"@type":"ImageObject","inLanguage":"pt-BR","@id":"https:\/\/www.oarcanjo.net\/site\/#\/schema\/logo\/image\/","url":"https:\/\/www.oarcanjo.net\/site\/wp-content\/uploads\/LogoOArcanjo.png","contentUrl":"https:\/\/www.oarcanjo.net\/site\/wp-content\/uploads\/LogoOArcanjo.png","width":319,"height":99,"caption":"Par\u00f3quia S\u00e3o Miguel Arcanjo"},"image":{"@id":"https:\/\/www.oarcanjo.net\/site\/#\/schema\/logo\/image\/"},"sameAs":["https:\/\/www.facebook.com\/OArcanjoNoAr\/"]},{"@type":"Person","@id":"https:\/\/www.oarcanjo.net\/site\/#\/schema\/person\/f7024d007863202483a31326673a0838","name":"editor","sameAs":["http:\/\/www.oarcanjo.net"]}]}},"publishpress_future_action":{"enabled":false,"date":"2026-05-07 11:20:27","action":"category","newStatus":"draft","terms":[],"taxonomy":"category"},"publishpress_future_workflow_manual_trigger":{"enabledWorkflows":[]},"_links":{"self":[{"href":"https:\/\/www.oarcanjo.net\/site\/wp-json\/wp\/v2\/posts\/20019"}],"collection":[{"href":"https:\/\/www.oarcanjo.net\/site\/wp-json\/wp\/v2\/posts"}],"about":[{"href":"https:\/\/www.oarcanjo.net\/site\/wp-json\/wp\/v2\/types\/post"}],"author":[{"embeddable":true,"href":"https:\/\/www.oarcanjo.net\/site\/wp-json\/wp\/v2\/users\/5"}],"replies":[{"embeddable":true,"href":"https:\/\/www.oarcanjo.net\/site\/wp-json\/wp\/v2\/comments?post=20019"}],"version-history":[{"count":0,"href":"https:\/\/www.oarcanjo.net\/site\/wp-json\/wp\/v2\/posts\/20019\/revisions"}],"wp:attachment":[{"href":"https:\/\/www.oarcanjo.net\/site\/wp-json\/wp\/v2\/media?parent=20019"}],"wp:term":[{"taxonomy":"category","embeddable":true,"href":"https:\/\/www.oarcanjo.net\/site\/wp-json\/wp\/v2\/categories?post=20019"},{"taxonomy":"post_tag","embeddable":true,"href":"https:\/\/www.oarcanjo.net\/site\/wp-json\/wp\/v2\/tags?post=20019"}],"curies":[{"name":"wp","href":"https:\/\/api.w.org\/{rel}","templated":true}]}}