
{"id":20025,"date":"2012-11-29T11:27:13","date_gmt":"2012-11-29T13:27:13","guid":{"rendered":"http:\/\/www.oarcanjo.net\/site\/?p=20025"},"modified":"2012-11-29T11:27:13","modified_gmt":"2012-11-29T13:27:13","slug":"catequese-de-bento-xvi-28112012","status":"publish","type":"post","link":"https:\/\/www.oarcanjo.net\/site\/catequese-de-bento-xvi-28112012\/","title":{"rendered":"Catequese de Bento XVI &#8211; 28\/11\/2012"},"content":{"rendered":"<p><\/p>\n<p><em>Queridos irm\u00e3os e irm\u00e3s,<\/em><\/p>\n<p>O an\u00fancio que leva ao encontro com Deus-Amor, revelado de modo \u00fanico em Jesus crucificado, \u00e9 destinado a todos: n\u00e3o h\u00e1 salva\u00e7\u00e3o fora de Jesus Cristo. Como podemos falar de Deus hoje? O Ano da F\u00e9 \u00e9 ocasi\u00e3o de buscar novos caminhos, sob a inspira\u00e7\u00e3o do Esp\u00edrito Santo, para transmitir a Boa Nova da salva\u00e7\u00e3o. Neste sentido, o primeiro passo \u00e9 procurar crescer na f\u00e9, na familiaridade com Jesus e com o seu Evangelho, aprendendo da forma como Deus se comunica ao longo da hist\u00f3ria humana, sobretudo com a Encarna\u00e7\u00e3o: atrav\u00e9s da simplicidade. \u00c9 necess\u00e1rio retornar ao aspecto essencial do an\u00fancio, olhando para o exemplo de Jesus. N\u2019Ele, o an\u00fancio e a vida se entrela\u00e7am: Jesus atua e ensina, partindo sempre da sua rela\u00e7\u00e3o \u00edntima com Deus Pai. De fato, comunicar a f\u00e9 n\u00e3o significa levar a si mesmo aos demais, mas transmitir publicamente a experi\u00eancia do encontro com Cristo, a come\u00e7ar pela pr\u00f3pria fam\u00edlia. Esta \u00e9 um lugar privilegiado para falar de Deus, onde se deve procurar fazer entender que a f\u00e9 n\u00e3o \u00e9 um peso, mas uma profunda alegria que transforma a vida.<\/p>\n<p>* * *<\/p>\n<p>Uma sauda\u00e7\u00e3o cordial a todos os peregrinos de l\u00edngua portuguesa, com votos de serem por todo o lado zelosos mensageiros e testemunhas da f\u00e9 que vieram afirmar e consolidar neste encontro com o Sucessor de Pedro. Que Deus vos aben\u00e7oe! Obrigado!<\/p>\n<p><img loading=\"lazy\" decoding=\"async\" class=\"alignnone size-full wp-image-19876\" title=\"BENTO XVI\" src=\"http:\/\/www.oarcanjo.net\/site\/wp-content\/uploads\/assinatura-BENTOXVI.png\" alt=\"BENTO XVI\" width=\"200\" height=\"51\" \/><\/p>\n<p>&nbsp;<\/p>\n<p><em>\u00a9 Copyright 2012 &#8211; Libreria Editrice Vaticana<\/em><\/p>\n<p><\/p>\n<div id=\"themify_builder_content-20025\" data-postid=\"20025\" class=\"themify_builder_content themify_builder_content-20025 themify_builder themify_builder_front\">\n\t<\/div>\n<!-- \/themify_builder_content -->","protected":false},"excerpt":{"rendered":"<p>Queridos irm\u00e3os e irm\u00e3s, O an\u00fancio que leva ao encontro com Deus-Amor, revelado de modo \u00fanico em Jesus crucificado, \u00e9 destinado a todos: n\u00e3o h\u00e1 salva\u00e7\u00e3o fora de Jesus Cristo. Como podemos falar de Deus hoje? O Ano da F\u00e9 \u00e9 ocasi\u00e3o de buscar novos caminhos, sob a inspira\u00e7\u00e3o do Esp\u00edrito Santo, para transmitir a [&hellip;]<\/p>\n","protected":false},"author":5,"featured_media":0,"comment_status":"open","ping_status":"open","sticky":false,"template":"","format":"standard","meta":{"ngg_post_thumbnail":0,"footnotes":""},"categories":[2153,9],"tags":[3213,2312,2311],"yoast_head":"<!-- This site is optimized with the Yoast SEO plugin v23.5 - https:\/\/yoast.com\/wordpress\/plugins\/seo\/ -->\n<title>Catequese de Bento XVI - 28\/11\/2012 - O Arcanjo no ar<\/title>\n<meta name=\"robots\" content=\"index, follow, max-snippet:-1, max-image-preview:large, max-video-preview:-1\" \/>\n<link rel=\"canonical\" href=\"https:\/\/www.oarcanjo.net\/site\/catequese-de-bento-xvi-28112012\/\" \/>\n<meta property=\"og:locale\" content=\"pt_BR\" \/>\n<meta property=\"og:type\" content=\"article\" \/>\n<meta property=\"og:title\" content=\"Catequese de Bento XVI - 28\/11\/2012 - O Arcanjo no ar\" \/>\n<meta property=\"og:description\" content=\"Queridos irm\u00e3os e irm\u00e3s, O an\u00fancio que leva ao encontro com Deus-Amor, revelado de modo \u00fanico em Jesus crucificado, \u00e9 destinado a todos: n\u00e3o h\u00e1 salva\u00e7\u00e3o fora de Jesus Cristo. Como podemos falar de Deus hoje? O Ano da F\u00e9 \u00e9 ocasi\u00e3o de buscar novos caminhos, sob a inspira\u00e7\u00e3o do Esp\u00edrito Santo, para transmitir a [&hellip;]\" \/>\n<meta property=\"og:url\" content=\"https:\/\/www.oarcanjo.net\/site\/catequese-de-bento-xvi-28112012\/\" \/>\n<meta property=\"og:site_name\" content=\"O Arcanjo no ar\" \/>\n<meta property=\"article:publisher\" content=\"https:\/\/www.facebook.com\/OArcanjoNoAr\/\" \/>\n<meta property=\"article:published_time\" content=\"2012-11-29T13:27:13+00:00\" \/>\n<meta property=\"og:image\" content=\"http:\/\/www.oarcanjo.net\/site\/wp-content\/uploads\/assinatura-BENTOXVI.png\" \/>\n<meta name=\"author\" content=\"editor\" \/>\n<meta name=\"twitter:card\" content=\"summary_large_image\" \/>\n<meta name=\"twitter:label1\" content=\"Escrito por\" \/>\n\t<meta name=\"twitter:data1\" content=\"editor\" \/>\n\t<meta name=\"twitter:label2\" content=\"Est. tempo de leitura\" \/>\n\t<meta name=\"twitter:data2\" content=\"1 minuto\" \/>\n<script type=\"application\/ld+json\" class=\"yoast-schema-graph\">{\"@context\":\"https:\/\/schema.org\",\"@graph\":[{\"@type\":\"Article\",\"@id\":\"https:\/\/www.oarcanjo.net\/site\/catequese-de-bento-xvi-28112012\/#article\",\"isPartOf\":{\"@id\":\"https:\/\/www.oarcanjo.net\/site\/catequese-de-bento-xvi-28112012\/\"},\"author\":{\"name\":\"editor\",\"@id\":\"https:\/\/www.oarcanjo.net\/site\/#\/schema\/person\/f7024d007863202483a31326673a0838\"},\"headline\":\"Catequese de Bento XVI &#8211; 28\/11\/2012\",\"datePublished\":\"2012-11-29T13:27:13+00:00\",\"dateModified\":\"2012-11-29T13:27:13+00:00\",\"mainEntityOfPage\":{\"@id\":\"https:\/\/www.oarcanjo.net\/site\/catequese-de-bento-xvi-28112012\/\"},\"wordCount\":262,\"commentCount\":0,\"publisher\":{\"@id\":\"https:\/\/www.oarcanjo.net\/site\/#organization\"},\"image\":{\"@id\":\"https:\/\/www.oarcanjo.net\/site\/catequese-de-bento-xvi-28112012\/#primaryimage\"},\"thumbnailUrl\":\"http:\/\/www.oarcanjo.net\/site\/wp-content\/uploads\/assinatura-BENTOXVI.png\",\"keywords\":[\"Ano da F\u00e9\",\"Catequese de Bento 16\",\"Catequese de Bento XVI\"],\"articleSection\":[\"Ano da F\u00e9\",\"Reflex\u00f5es\"],\"inLanguage\":\"pt-BR\",\"potentialAction\":[{\"@type\":\"CommentAction\",\"name\":\"Comment\",\"target\":[\"https:\/\/www.oarcanjo.net\/site\/catequese-de-bento-xvi-28112012\/#respond\"]}]},{\"@type\":\"WebPage\",\"@id\":\"https:\/\/www.oarcanjo.net\/site\/catequese-de-bento-xvi-28112012\/\",\"url\":\"https:\/\/www.oarcanjo.net\/site\/catequese-de-bento-xvi-28112012\/\",\"name\":\"Catequese de Bento XVI - 28\/11\/2012 - O Arcanjo no ar\",\"isPartOf\":{\"@id\":\"https:\/\/www.oarcanjo.net\/site\/#website\"},\"primaryImageOfPage\":{\"@id\":\"https:\/\/www.oarcanjo.net\/site\/catequese-de-bento-xvi-28112012\/#primaryimage\"},\"image\":{\"@id\":\"https:\/\/www.oarcanjo.net\/site\/catequese-de-bento-xvi-28112012\/#primaryimage\"},\"thumbnailUrl\":\"http:\/\/www.oarcanjo.net\/site\/wp-content\/uploads\/assinatura-BENTOXVI.png\",\"datePublished\":\"2012-11-29T13:27:13+00:00\",\"dateModified\":\"2012-11-29T13:27:13+00:00\",\"breadcrumb\":{\"@id\":\"https:\/\/www.oarcanjo.net\/site\/catequese-de-bento-xvi-28112012\/#breadcrumb\"},\"inLanguage\":\"pt-BR\",\"potentialAction\":[{\"@type\":\"ReadAction\",\"target\":[\"https:\/\/www.oarcanjo.net\/site\/catequese-de-bento-xvi-28112012\/\"]}]},{\"@type\":\"ImageObject\",\"inLanguage\":\"pt-BR\",\"@id\":\"https:\/\/www.oarcanjo.net\/site\/catequese-de-bento-xvi-28112012\/#primaryimage\",\"url\":\"http:\/\/www.oarcanjo.net\/site\/wp-content\/uploads\/assinatura-BENTOXVI.png\",\"contentUrl\":\"http:\/\/www.oarcanjo.net\/site\/wp-content\/uploads\/assinatura-BENTOXVI.png\"},{\"@type\":\"BreadcrumbList\",\"@id\":\"https:\/\/www.oarcanjo.net\/site\/catequese-de-bento-xvi-28112012\/#breadcrumb\",\"itemListElement\":[{\"@type\":\"ListItem\",\"position\":1,\"name\":\"In\u00edcio\",\"item\":\"https:\/\/www.oarcanjo.net\/site\/\"},{\"@type\":\"ListItem\",\"position\":2,\"name\":\"Catequese de Bento XVI &#8211; 28\/11\/2012\"}]},{\"@type\":\"WebSite\",\"@id\":\"https:\/\/www.oarcanjo.net\/site\/#website\",\"url\":\"https:\/\/www.oarcanjo.net\/site\/\",\"name\":\"O Arcanjo no ar\",\"description\":\"Site da Par\u00f3quia S\u00e3o Miguel Arcanjo (Arquidiocese de SP)\",\"publisher\":{\"@id\":\"https:\/\/www.oarcanjo.net\/site\/#organization\"},\"potentialAction\":[{\"@type\":\"SearchAction\",\"target\":{\"@type\":\"EntryPoint\",\"urlTemplate\":\"https:\/\/www.oarcanjo.net\/site\/?s={search_term_string}\"},\"query-input\":{\"@type\":\"PropertyValueSpecification\",\"valueRequired\":true,\"valueName\":\"search_term_string\"}}],\"inLanguage\":\"pt-BR\"},{\"@type\":\"Organization\",\"@id\":\"https:\/\/www.oarcanjo.net\/site\/#organization\",\"name\":\"Par\u00f3quia S\u00e3o Miguel Arcanjo\",\"url\":\"https:\/\/www.oarcanjo.net\/site\/\",\"logo\":{\"@type\":\"ImageObject\",\"inLanguage\":\"pt-BR\",\"@id\":\"https:\/\/www.oarcanjo.net\/site\/#\/schema\/logo\/image\/\",\"url\":\"https:\/\/www.oarcanjo.net\/site\/wp-content\/uploads\/LogoOArcanjo.png\",\"contentUrl\":\"https:\/\/www.oarcanjo.net\/site\/wp-content\/uploads\/LogoOArcanjo.png\",\"width\":319,\"height\":99,\"caption\":\"Par\u00f3quia S\u00e3o Miguel Arcanjo\"},\"image\":{\"@id\":\"https:\/\/www.oarcanjo.net\/site\/#\/schema\/logo\/image\/\"},\"sameAs\":[\"https:\/\/www.facebook.com\/OArcanjoNoAr\/\"]},{\"@type\":\"Person\",\"@id\":\"https:\/\/www.oarcanjo.net\/site\/#\/schema\/person\/f7024d007863202483a31326673a0838\",\"name\":\"editor\",\"sameAs\":[\"http:\/\/www.oarcanjo.net\"]}]}<\/script>\n<!-- \/ Yoast SEO plugin. -->","yoast_head_json":{"title":"Catequese de Bento XVI - 28\/11\/2012 - O Arcanjo no ar","robots":{"index":"index","follow":"follow","max-snippet":"max-snippet:-1","max-image-preview":"max-image-preview:large","max-video-preview":"max-video-preview:-1"},"canonical":"https:\/\/www.oarcanjo.net\/site\/catequese-de-bento-xvi-28112012\/","og_locale":"pt_BR","og_type":"article","og_title":"Catequese de Bento XVI - 28\/11\/2012 - O Arcanjo no ar","og_description":"Queridos irm\u00e3os e irm\u00e3s, O an\u00fancio que leva ao encontro com Deus-Amor, revelado de modo \u00fanico em Jesus crucificado, \u00e9 destinado a todos: n\u00e3o h\u00e1 salva\u00e7\u00e3o fora de Jesus Cristo. Como podemos falar de Deus hoje? O Ano da F\u00e9 \u00e9 ocasi\u00e3o de buscar novos caminhos, sob a inspira\u00e7\u00e3o do Esp\u00edrito Santo, para transmitir a [&hellip;]","og_url":"https:\/\/www.oarcanjo.net\/site\/catequese-de-bento-xvi-28112012\/","og_site_name":"O Arcanjo no ar","article_publisher":"https:\/\/www.facebook.com\/OArcanjoNoAr\/","article_published_time":"2012-11-29T13:27:13+00:00","og_image":[{"url":"http:\/\/www.oarcanjo.net\/site\/wp-content\/uploads\/assinatura-BENTOXVI.png"}],"author":"editor","twitter_card":"summary_large_image","twitter_misc":{"Escrito por":"editor","Est. tempo de leitura":"1 minuto"},"schema":{"@context":"https:\/\/schema.org","@graph":[{"@type":"Article","@id":"https:\/\/www.oarcanjo.net\/site\/catequese-de-bento-xvi-28112012\/#article","isPartOf":{"@id":"https:\/\/www.oarcanjo.net\/site\/catequese-de-bento-xvi-28112012\/"},"author":{"name":"editor","@id":"https:\/\/www.oarcanjo.net\/site\/#\/schema\/person\/f7024d007863202483a31326673a0838"},"headline":"Catequese de Bento XVI &#8211; 28\/11\/2012","datePublished":"2012-11-29T13:27:13+00:00","dateModified":"2012-11-29T13:27:13+00:00","mainEntityOfPage":{"@id":"https:\/\/www.oarcanjo.net\/site\/catequese-de-bento-xvi-28112012\/"},"wordCount":262,"commentCount":0,"publisher":{"@id":"https:\/\/www.oarcanjo.net\/site\/#organization"},"image":{"@id":"https:\/\/www.oarcanjo.net\/site\/catequese-de-bento-xvi-28112012\/#primaryimage"},"thumbnailUrl":"http:\/\/www.oarcanjo.net\/site\/wp-content\/uploads\/assinatura-BENTOXVI.png","keywords":["Ano da F\u00e9","Catequese de Bento 16","Catequese de Bento XVI"],"articleSection":["Ano da F\u00e9","Reflex\u00f5es"],"inLanguage":"pt-BR","potentialAction":[{"@type":"CommentAction","name":"Comment","target":["https:\/\/www.oarcanjo.net\/site\/catequese-de-bento-xvi-28112012\/#respond"]}]},{"@type":"WebPage","@id":"https:\/\/www.oarcanjo.net\/site\/catequese-de-bento-xvi-28112012\/","url":"https:\/\/www.oarcanjo.net\/site\/catequese-de-bento-xvi-28112012\/","name":"Catequese de Bento XVI - 28\/11\/2012 - O Arcanjo no ar","isPartOf":{"@id":"https:\/\/www.oarcanjo.net\/site\/#website"},"primaryImageOfPage":{"@id":"https:\/\/www.oarcanjo.net\/site\/catequese-de-bento-xvi-28112012\/#primaryimage"},"image":{"@id":"https:\/\/www.oarcanjo.net\/site\/catequese-de-bento-xvi-28112012\/#primaryimage"},"thumbnailUrl":"http:\/\/www.oarcanjo.net\/site\/wp-content\/uploads\/assinatura-BENTOXVI.png","datePublished":"2012-11-29T13:27:13+00:00","dateModified":"2012-11-29T13:27:13+00:00","breadcrumb":{"@id":"https:\/\/www.oarcanjo.net\/site\/catequese-de-bento-xvi-28112012\/#breadcrumb"},"inLanguage":"pt-BR","potentialAction":[{"@type":"ReadAction","target":["https:\/\/www.oarcanjo.net\/site\/catequese-de-bento-xvi-28112012\/"]}]},{"@type":"ImageObject","inLanguage":"pt-BR","@id":"https:\/\/www.oarcanjo.net\/site\/catequese-de-bento-xvi-28112012\/#primaryimage","url":"http:\/\/www.oarcanjo.net\/site\/wp-content\/uploads\/assinatura-BENTOXVI.png","contentUrl":"http:\/\/www.oarcanjo.net\/site\/wp-content\/uploads\/assinatura-BENTOXVI.png"},{"@type":"BreadcrumbList","@id":"https:\/\/www.oarcanjo.net\/site\/catequese-de-bento-xvi-28112012\/#breadcrumb","itemListElement":[{"@type":"ListItem","position":1,"name":"In\u00edcio","item":"https:\/\/www.oarcanjo.net\/site\/"},{"@type":"ListItem","position":2,"name":"Catequese de Bento XVI &#8211; 28\/11\/2012"}]},{"@type":"WebSite","@id":"https:\/\/www.oarcanjo.net\/site\/#website","url":"https:\/\/www.oarcanjo.net\/site\/","name":"O Arcanjo no ar","description":"Site da Par\u00f3quia S\u00e3o Miguel Arcanjo (Arquidiocese de SP)","publisher":{"@id":"https:\/\/www.oarcanjo.net\/site\/#organization"},"potentialAction":[{"@type":"SearchAction","target":{"@type":"EntryPoint","urlTemplate":"https:\/\/www.oarcanjo.net\/site\/?s={search_term_string}"},"query-input":{"@type":"PropertyValueSpecification","valueRequired":true,"valueName":"search_term_string"}}],"inLanguage":"pt-BR"},{"@type":"Organization","@id":"https:\/\/www.oarcanjo.net\/site\/#organization","name":"Par\u00f3quia S\u00e3o Miguel Arcanjo","url":"https:\/\/www.oarcanjo.net\/site\/","logo":{"@type":"ImageObject","inLanguage":"pt-BR","@id":"https:\/\/www.oarcanjo.net\/site\/#\/schema\/logo\/image\/","url":"https:\/\/www.oarcanjo.net\/site\/wp-content\/uploads\/LogoOArcanjo.png","contentUrl":"https:\/\/www.oarcanjo.net\/site\/wp-content\/uploads\/LogoOArcanjo.png","width":319,"height":99,"caption":"Par\u00f3quia S\u00e3o Miguel Arcanjo"},"image":{"@id":"https:\/\/www.oarcanjo.net\/site\/#\/schema\/logo\/image\/"},"sameAs":["https:\/\/www.facebook.com\/OArcanjoNoAr\/"]},{"@type":"Person","@id":"https:\/\/www.oarcanjo.net\/site\/#\/schema\/person\/f7024d007863202483a31326673a0838","name":"editor","sameAs":["http:\/\/www.oarcanjo.net"]}]}},"publishpress_future_action":{"enabled":false,"date":"2026-05-09 09:30:07","action":"category","newStatus":"draft","terms":[],"taxonomy":"category"},"publishpress_future_workflow_manual_trigger":{"enabledWorkflows":[]},"_links":{"self":[{"href":"https:\/\/www.oarcanjo.net\/site\/wp-json\/wp\/v2\/posts\/20025"}],"collection":[{"href":"https:\/\/www.oarcanjo.net\/site\/wp-json\/wp\/v2\/posts"}],"about":[{"href":"https:\/\/www.oarcanjo.net\/site\/wp-json\/wp\/v2\/types\/post"}],"author":[{"embeddable":true,"href":"https:\/\/www.oarcanjo.net\/site\/wp-json\/wp\/v2\/users\/5"}],"replies":[{"embeddable":true,"href":"https:\/\/www.oarcanjo.net\/site\/wp-json\/wp\/v2\/comments?post=20025"}],"version-history":[{"count":0,"href":"https:\/\/www.oarcanjo.net\/site\/wp-json\/wp\/v2\/posts\/20025\/revisions"}],"wp:attachment":[{"href":"https:\/\/www.oarcanjo.net\/site\/wp-json\/wp\/v2\/media?parent=20025"}],"wp:term":[{"taxonomy":"category","embeddable":true,"href":"https:\/\/www.oarcanjo.net\/site\/wp-json\/wp\/v2\/categories?post=20025"},{"taxonomy":"post_tag","embeddable":true,"href":"https:\/\/www.oarcanjo.net\/site\/wp-json\/wp\/v2\/tags?post=20025"}],"curies":[{"name":"wp","href":"https:\/\/api.w.org\/{rel}","templated":true}]}}