
{"id":20051,"date":"2012-11-29T20:50:40","date_gmt":"2012-11-29T22:50:40","guid":{"rendered":"http:\/\/www.oarcanjo.net\/site\/?p=20051"},"modified":"2012-11-30T16:36:48","modified_gmt":"2012-11-30T18:36:48","slug":"ficai-atentos-e-orai-dom-sergio","status":"publish","type":"post","link":"https:\/\/www.oarcanjo.net\/site\/ficai-atentos-e-orai-dom-sergio\/","title":{"rendered":"Ficai atentos e orai! &#8211; Dom Sergio"},"content":{"rendered":"<p>Dom Sergio da Rocha<\/p>\n<p><img decoding=\"async\" src=\"http:\/\/4.bp.blogspot.com\/-tx00ZynDtIQ\/ULfl8aUMW4I\/AAAAAAAAP7U\/KjGTROtN-QY\/s1600\/Dom+Sergio2.png\" border=\"0\" alt=\"\" \/><\/p>\n<p>Estamos iniciando o novo Ano Lit\u00fargico, com a celebra\u00e7\u00e3o do primeiro domingo do Advento. A Igreja nos ensina que \u201co tempo do Advento possui dupla caracter\u00edstica: sendo um tempo de prepara\u00e7\u00e3o para a solenidade do Natal, em que se comemora a primeira vinda do Filho de Deus entre os homens, \u00e9 tamb\u00e9m um tempo em que, por meio desta lembran\u00e7a, voltam-se os cora\u00e7\u00f5es para a expectativa da segunda vinda do Cristo no fim dos tempos. Por este duplo motivo, o tempo do Advento se apresenta como um tempo de piedosa e alegre expectativa\u201d (Normas sobre o Ano Lit\u00fargico, n.39). A cor lit\u00fargica roxa, utilizada neste tempo lit\u00fargico, nos convida \u00e0 penit\u00eancia e \u00e0 convers\u00e3o, em vista do advento de Cristo.<\/p>\n<p>O modo como iremos celebrar e viver o Natal depender\u00e1 muito de como nos dispomos a viver este tempo do Advento. Um Natal feliz, tal como sempre desejamos a todos, depender\u00e1 de um Advento vivido de modo frutuoso e, por isso, feliz. Al\u00e9m disso, de acordo com o esp\u00edrito deste tempo lit\u00fargico, precisamos tamb\u00e9m nos preparar, ao longo de toda a vida, para o encontro definitivo com o Senhor, no dia do ju\u00edzo.<\/p>\n<p>A Liturgia da Palavra nos mostra como deve ser a nossa prepara\u00e7\u00e3o para o Advento do Senhor. No Evangelho, Jesus Cristo nos diz: \u201cficai atentos e orai a todo o momento\u201d (Lc 21, 34). Ao inv\u00e9s do medo, as nossas atitudes devem ser: a vigil\u00e2ncia sobre a pr\u00f3pria conduta e a ora\u00e7\u00e3o, assim como, a prontid\u00e3o e a confian\u00e7a em Deus, segundo a palavra proclamada: \u201clevantai-vos e erguei a cabe\u00e7a, porque a vossa liberta\u00e7\u00e3o est\u00e1 pr\u00f3xima\u201d (Lc 21,28).<\/p>\n<p>A Primeira Carta de S\u00e3o Paulo aos Tessalonicenses nos exorta a viver \u201cna santidade, sem defeito aos olhos de Deus\u201d, atrav\u00e9s do amor entre n\u00f3s e para com todos (1Ts 3,12). Ningu\u00e9m dever\u00e1 jamais se acomodar em seu itiner\u00e1rio de vida crist\u00e3, mas dever\u00e1 crescer sempre em santidade, \u201cfazendo progressos ainda maiores\u201d. Para tanto, suplicamos com o salmista: \u201cmostrai-me, \u00f3 Senhor, vossos caminhos e fazei-me conhecer a vossa estrada!\u201d (Sl 24). Necessitamos da sabedoria e da gra\u00e7a de Deus para viver bem este Advento e, assim, preparar bem o nosso encontro com o Senhor. Seja este Advento, tempo de reconcilia\u00e7\u00e3o e de paz, a come\u00e7ar da nossa vida em fam\u00edlia.<\/p>\n<p>Em todo o Brasil, neste per\u00edodo, realiza-se a Campanha para a Evangeliza\u00e7\u00e3o, a ser conclu\u00edda no dia 16, terceiro domingo do Advento, com uma coleta, lembrando que todos n\u00f3s somos respons\u00e1veis pela evangeliza\u00e7\u00e3o e, por isso, devemos oferecer tamb\u00e9m a nossa partilha para a sustenta\u00e7\u00e3o da a\u00e7\u00e3o evangelizadora da Igreja.<\/p>\n<p>*Arcebispo Metropolitano de Bras\u00edlia<\/p>\n<p>Postado por\u00a0<a title=\"author profile\" rel=\"author\" href=\"http:\/\/www.blogger.com\/profile\/12037961757835243213\">Par\u00f3quia de Santo Afonso <\/a><\/p>\n<div id=\"themify_builder_content-20051\" data-postid=\"20051\" class=\"themify_builder_content themify_builder_content-20051 themify_builder themify_builder_front\">\n\t<\/div>\n<!-- \/themify_builder_content -->","protected":false},"excerpt":{"rendered":"<p>Dom Sergio da Rocha Estamos iniciando o novo Ano Lit\u00fargico, com a celebra\u00e7\u00e3o do primeiro domingo do Advento. A Igreja nos ensina que \u201co tempo do Advento possui dupla caracter\u00edstica: sendo um tempo de prepara\u00e7\u00e3o para a solenidade do Natal, em que se comemora a primeira vinda do Filho de Deus entre os homens, \u00e9 [&hellip;]<\/p>\n","protected":false},"author":17,"featured_media":0,"comment_status":"open","ping_status":"open","sticky":false,"template":"","format":"standard","meta":{"ngg_post_thumbnail":0,"footnotes":""},"categories":[9],"tags":[],"yoast_head":"<!-- This site is optimized with the Yoast SEO plugin v23.5 - https:\/\/yoast.com\/wordpress\/plugins\/seo\/ -->\n<title>Ficai atentos e orai! - Dom Sergio - O Arcanjo no ar<\/title>\n<meta name=\"robots\" content=\"index, follow, max-snippet:-1, max-image-preview:large, max-video-preview:-1\" \/>\n<link rel=\"canonical\" href=\"https:\/\/www.oarcanjo.net\/site\/ficai-atentos-e-orai-dom-sergio\/\" \/>\n<meta property=\"og:locale\" content=\"pt_BR\" \/>\n<meta property=\"og:type\" content=\"article\" \/>\n<meta property=\"og:title\" content=\"Ficai atentos e orai! - Dom Sergio - O Arcanjo no ar\" \/>\n<meta property=\"og:description\" content=\"Dom Sergio da Rocha Estamos iniciando o novo Ano Lit\u00fargico, com a celebra\u00e7\u00e3o do primeiro domingo do Advento. A Igreja nos ensina que \u201co tempo do Advento possui dupla caracter\u00edstica: sendo um tempo de prepara\u00e7\u00e3o para a solenidade do Natal, em que se comemora a primeira vinda do Filho de Deus entre os homens, \u00e9 [&hellip;]\" \/>\n<meta property=\"og:url\" content=\"https:\/\/www.oarcanjo.net\/site\/ficai-atentos-e-orai-dom-sergio\/\" \/>\n<meta property=\"og:site_name\" content=\"O Arcanjo no ar\" \/>\n<meta property=\"article:publisher\" content=\"https:\/\/www.facebook.com\/OArcanjoNoAr\/\" \/>\n<meta property=\"article:published_time\" content=\"2012-11-29T22:50:40+00:00\" \/>\n<meta property=\"article:modified_time\" content=\"2012-11-30T18:36:48+00:00\" \/>\n<meta property=\"og:image\" content=\"http:\/\/4.bp.blogspot.com\/-tx00ZynDtIQ\/ULfl8aUMW4I\/AAAAAAAAP7U\/KjGTROtN-QY\/s1600\/Dom+Sergio2.png\" \/>\n<meta name=\"author\" content=\"pe.geovane\" \/>\n<meta name=\"twitter:card\" content=\"summary_large_image\" \/>\n<meta name=\"twitter:label1\" content=\"Escrito por\" \/>\n\t<meta name=\"twitter:data1\" content=\"pe.geovane\" \/>\n\t<meta name=\"twitter:label2\" content=\"Est. tempo de leitura\" \/>\n\t<meta name=\"twitter:data2\" content=\"2 minutos\" \/>\n<script type=\"application\/ld+json\" class=\"yoast-schema-graph\">{\"@context\":\"https:\/\/schema.org\",\"@graph\":[{\"@type\":\"Article\",\"@id\":\"https:\/\/www.oarcanjo.net\/site\/ficai-atentos-e-orai-dom-sergio\/#article\",\"isPartOf\":{\"@id\":\"https:\/\/www.oarcanjo.net\/site\/ficai-atentos-e-orai-dom-sergio\/\"},\"author\":{\"name\":\"pe.geovane\",\"@id\":\"https:\/\/www.oarcanjo.net\/site\/#\/schema\/person\/58d7f78850a973b8e467c7ae4a7eb4ad\"},\"headline\":\"Ficai atentos e orai! &#8211; Dom Sergio\",\"datePublished\":\"2012-11-29T22:50:40+00:00\",\"dateModified\":\"2012-11-30T18:36:48+00:00\",\"mainEntityOfPage\":{\"@id\":\"https:\/\/www.oarcanjo.net\/site\/ficai-atentos-e-orai-dom-sergio\/\"},\"wordCount\":489,\"commentCount\":0,\"publisher\":{\"@id\":\"https:\/\/www.oarcanjo.net\/site\/#organization\"},\"image\":{\"@id\":\"https:\/\/www.oarcanjo.net\/site\/ficai-atentos-e-orai-dom-sergio\/#primaryimage\"},\"thumbnailUrl\":\"http:\/\/4.bp.blogspot.com\/-tx00ZynDtIQ\/ULfl8aUMW4I\/AAAAAAAAP7U\/KjGTROtN-QY\/s1600\/Dom+Sergio2.png\",\"articleSection\":[\"Reflex\u00f5es\"],\"inLanguage\":\"pt-BR\",\"potentialAction\":[{\"@type\":\"CommentAction\",\"name\":\"Comment\",\"target\":[\"https:\/\/www.oarcanjo.net\/site\/ficai-atentos-e-orai-dom-sergio\/#respond\"]}]},{\"@type\":\"WebPage\",\"@id\":\"https:\/\/www.oarcanjo.net\/site\/ficai-atentos-e-orai-dom-sergio\/\",\"url\":\"https:\/\/www.oarcanjo.net\/site\/ficai-atentos-e-orai-dom-sergio\/\",\"name\":\"Ficai atentos e orai! - Dom Sergio - O Arcanjo no ar\",\"isPartOf\":{\"@id\":\"https:\/\/www.oarcanjo.net\/site\/#website\"},\"primaryImageOfPage\":{\"@id\":\"https:\/\/www.oarcanjo.net\/site\/ficai-atentos-e-orai-dom-sergio\/#primaryimage\"},\"image\":{\"@id\":\"https:\/\/www.oarcanjo.net\/site\/ficai-atentos-e-orai-dom-sergio\/#primaryimage\"},\"thumbnailUrl\":\"http:\/\/4.bp.blogspot.com\/-tx00ZynDtIQ\/ULfl8aUMW4I\/AAAAAAAAP7U\/KjGTROtN-QY\/s1600\/Dom+Sergio2.png\",\"datePublished\":\"2012-11-29T22:50:40+00:00\",\"dateModified\":\"2012-11-30T18:36:48+00:00\",\"breadcrumb\":{\"@id\":\"https:\/\/www.oarcanjo.net\/site\/ficai-atentos-e-orai-dom-sergio\/#breadcrumb\"},\"inLanguage\":\"pt-BR\",\"potentialAction\":[{\"@type\":\"ReadAction\",\"target\":[\"https:\/\/www.oarcanjo.net\/site\/ficai-atentos-e-orai-dom-sergio\/\"]}]},{\"@type\":\"ImageObject\",\"inLanguage\":\"pt-BR\",\"@id\":\"https:\/\/www.oarcanjo.net\/site\/ficai-atentos-e-orai-dom-sergio\/#primaryimage\",\"url\":\"http:\/\/4.bp.blogspot.com\/-tx00ZynDtIQ\/ULfl8aUMW4I\/AAAAAAAAP7U\/KjGTROtN-QY\/s1600\/Dom+Sergio2.png\",\"contentUrl\":\"http:\/\/4.bp.blogspot.com\/-tx00ZynDtIQ\/ULfl8aUMW4I\/AAAAAAAAP7U\/KjGTROtN-QY\/s1600\/Dom+Sergio2.png\"},{\"@type\":\"BreadcrumbList\",\"@id\":\"https:\/\/www.oarcanjo.net\/site\/ficai-atentos-e-orai-dom-sergio\/#breadcrumb\",\"itemListElement\":[{\"@type\":\"ListItem\",\"position\":1,\"name\":\"In\u00edcio\",\"item\":\"https:\/\/www.oarcanjo.net\/site\/\"},{\"@type\":\"ListItem\",\"position\":2,\"name\":\"Ficai atentos e orai! &#8211; Dom Sergio\"}]},{\"@type\":\"WebSite\",\"@id\":\"https:\/\/www.oarcanjo.net\/site\/#website\",\"url\":\"https:\/\/www.oarcanjo.net\/site\/\",\"name\":\"O Arcanjo no ar\",\"description\":\"Site da Par\u00f3quia S\u00e3o Miguel Arcanjo (Arquidiocese de SP)\",\"publisher\":{\"@id\":\"https:\/\/www.oarcanjo.net\/site\/#organization\"},\"potentialAction\":[{\"@type\":\"SearchAction\",\"target\":{\"@type\":\"EntryPoint\",\"urlTemplate\":\"https:\/\/www.oarcanjo.net\/site\/?s={search_term_string}\"},\"query-input\":{\"@type\":\"PropertyValueSpecification\",\"valueRequired\":true,\"valueName\":\"search_term_string\"}}],\"inLanguage\":\"pt-BR\"},{\"@type\":\"Organization\",\"@id\":\"https:\/\/www.oarcanjo.net\/site\/#organization\",\"name\":\"Par\u00f3quia S\u00e3o Miguel Arcanjo\",\"url\":\"https:\/\/www.oarcanjo.net\/site\/\",\"logo\":{\"@type\":\"ImageObject\",\"inLanguage\":\"pt-BR\",\"@id\":\"https:\/\/www.oarcanjo.net\/site\/#\/schema\/logo\/image\/\",\"url\":\"https:\/\/www.oarcanjo.net\/site\/wp-content\/uploads\/LogoOArcanjo.png\",\"contentUrl\":\"https:\/\/www.oarcanjo.net\/site\/wp-content\/uploads\/LogoOArcanjo.png\",\"width\":319,\"height\":99,\"caption\":\"Par\u00f3quia S\u00e3o Miguel Arcanjo\"},\"image\":{\"@id\":\"https:\/\/www.oarcanjo.net\/site\/#\/schema\/logo\/image\/\"},\"sameAs\":[\"https:\/\/www.facebook.com\/OArcanjoNoAr\/\"]},{\"@type\":\"Person\",\"@id\":\"https:\/\/www.oarcanjo.net\/site\/#\/schema\/person\/58d7f78850a973b8e467c7ae4a7eb4ad\",\"name\":\"pe.geovane\"}]}<\/script>\n<!-- \/ Yoast SEO plugin. -->","yoast_head_json":{"title":"Ficai atentos e orai! - Dom Sergio - O Arcanjo no ar","robots":{"index":"index","follow":"follow","max-snippet":"max-snippet:-1","max-image-preview":"max-image-preview:large","max-video-preview":"max-video-preview:-1"},"canonical":"https:\/\/www.oarcanjo.net\/site\/ficai-atentos-e-orai-dom-sergio\/","og_locale":"pt_BR","og_type":"article","og_title":"Ficai atentos e orai! - Dom Sergio - O Arcanjo no ar","og_description":"Dom Sergio da Rocha Estamos iniciando o novo Ano Lit\u00fargico, com a celebra\u00e7\u00e3o do primeiro domingo do Advento. A Igreja nos ensina que \u201co tempo do Advento possui dupla caracter\u00edstica: sendo um tempo de prepara\u00e7\u00e3o para a solenidade do Natal, em que se comemora a primeira vinda do Filho de Deus entre os homens, \u00e9 [&hellip;]","og_url":"https:\/\/www.oarcanjo.net\/site\/ficai-atentos-e-orai-dom-sergio\/","og_site_name":"O Arcanjo no ar","article_publisher":"https:\/\/www.facebook.com\/OArcanjoNoAr\/","article_published_time":"2012-11-29T22:50:40+00:00","article_modified_time":"2012-11-30T18:36:48+00:00","og_image":[{"url":"http:\/\/4.bp.blogspot.com\/-tx00ZynDtIQ\/ULfl8aUMW4I\/AAAAAAAAP7U\/KjGTROtN-QY\/s1600\/Dom+Sergio2.png"}],"author":"pe.geovane","twitter_card":"summary_large_image","twitter_misc":{"Escrito por":"pe.geovane","Est. tempo de leitura":"2 minutos"},"schema":{"@context":"https:\/\/schema.org","@graph":[{"@type":"Article","@id":"https:\/\/www.oarcanjo.net\/site\/ficai-atentos-e-orai-dom-sergio\/#article","isPartOf":{"@id":"https:\/\/www.oarcanjo.net\/site\/ficai-atentos-e-orai-dom-sergio\/"},"author":{"name":"pe.geovane","@id":"https:\/\/www.oarcanjo.net\/site\/#\/schema\/person\/58d7f78850a973b8e467c7ae4a7eb4ad"},"headline":"Ficai atentos e orai! &#8211; Dom Sergio","datePublished":"2012-11-29T22:50:40+00:00","dateModified":"2012-11-30T18:36:48+00:00","mainEntityOfPage":{"@id":"https:\/\/www.oarcanjo.net\/site\/ficai-atentos-e-orai-dom-sergio\/"},"wordCount":489,"commentCount":0,"publisher":{"@id":"https:\/\/www.oarcanjo.net\/site\/#organization"},"image":{"@id":"https:\/\/www.oarcanjo.net\/site\/ficai-atentos-e-orai-dom-sergio\/#primaryimage"},"thumbnailUrl":"http:\/\/4.bp.blogspot.com\/-tx00ZynDtIQ\/ULfl8aUMW4I\/AAAAAAAAP7U\/KjGTROtN-QY\/s1600\/Dom+Sergio2.png","articleSection":["Reflex\u00f5es"],"inLanguage":"pt-BR","potentialAction":[{"@type":"CommentAction","name":"Comment","target":["https:\/\/www.oarcanjo.net\/site\/ficai-atentos-e-orai-dom-sergio\/#respond"]}]},{"@type":"WebPage","@id":"https:\/\/www.oarcanjo.net\/site\/ficai-atentos-e-orai-dom-sergio\/","url":"https:\/\/www.oarcanjo.net\/site\/ficai-atentos-e-orai-dom-sergio\/","name":"Ficai atentos e orai! - Dom Sergio - O Arcanjo no ar","isPartOf":{"@id":"https:\/\/www.oarcanjo.net\/site\/#website"},"primaryImageOfPage":{"@id":"https:\/\/www.oarcanjo.net\/site\/ficai-atentos-e-orai-dom-sergio\/#primaryimage"},"image":{"@id":"https:\/\/www.oarcanjo.net\/site\/ficai-atentos-e-orai-dom-sergio\/#primaryimage"},"thumbnailUrl":"http:\/\/4.bp.blogspot.com\/-tx00ZynDtIQ\/ULfl8aUMW4I\/AAAAAAAAP7U\/KjGTROtN-QY\/s1600\/Dom+Sergio2.png","datePublished":"2012-11-29T22:50:40+00:00","dateModified":"2012-11-30T18:36:48+00:00","breadcrumb":{"@id":"https:\/\/www.oarcanjo.net\/site\/ficai-atentos-e-orai-dom-sergio\/#breadcrumb"},"inLanguage":"pt-BR","potentialAction":[{"@type":"ReadAction","target":["https:\/\/www.oarcanjo.net\/site\/ficai-atentos-e-orai-dom-sergio\/"]}]},{"@type":"ImageObject","inLanguage":"pt-BR","@id":"https:\/\/www.oarcanjo.net\/site\/ficai-atentos-e-orai-dom-sergio\/#primaryimage","url":"http:\/\/4.bp.blogspot.com\/-tx00ZynDtIQ\/ULfl8aUMW4I\/AAAAAAAAP7U\/KjGTROtN-QY\/s1600\/Dom+Sergio2.png","contentUrl":"http:\/\/4.bp.blogspot.com\/-tx00ZynDtIQ\/ULfl8aUMW4I\/AAAAAAAAP7U\/KjGTROtN-QY\/s1600\/Dom+Sergio2.png"},{"@type":"BreadcrumbList","@id":"https:\/\/www.oarcanjo.net\/site\/ficai-atentos-e-orai-dom-sergio\/#breadcrumb","itemListElement":[{"@type":"ListItem","position":1,"name":"In\u00edcio","item":"https:\/\/www.oarcanjo.net\/site\/"},{"@type":"ListItem","position":2,"name":"Ficai atentos e orai! &#8211; Dom Sergio"}]},{"@type":"WebSite","@id":"https:\/\/www.oarcanjo.net\/site\/#website","url":"https:\/\/www.oarcanjo.net\/site\/","name":"O Arcanjo no ar","description":"Site da Par\u00f3quia S\u00e3o Miguel Arcanjo (Arquidiocese de SP)","publisher":{"@id":"https:\/\/www.oarcanjo.net\/site\/#organization"},"potentialAction":[{"@type":"SearchAction","target":{"@type":"EntryPoint","urlTemplate":"https:\/\/www.oarcanjo.net\/site\/?s={search_term_string}"},"query-input":{"@type":"PropertyValueSpecification","valueRequired":true,"valueName":"search_term_string"}}],"inLanguage":"pt-BR"},{"@type":"Organization","@id":"https:\/\/www.oarcanjo.net\/site\/#organization","name":"Par\u00f3quia S\u00e3o Miguel Arcanjo","url":"https:\/\/www.oarcanjo.net\/site\/","logo":{"@type":"ImageObject","inLanguage":"pt-BR","@id":"https:\/\/www.oarcanjo.net\/site\/#\/schema\/logo\/image\/","url":"https:\/\/www.oarcanjo.net\/site\/wp-content\/uploads\/LogoOArcanjo.png","contentUrl":"https:\/\/www.oarcanjo.net\/site\/wp-content\/uploads\/LogoOArcanjo.png","width":319,"height":99,"caption":"Par\u00f3quia S\u00e3o Miguel Arcanjo"},"image":{"@id":"https:\/\/www.oarcanjo.net\/site\/#\/schema\/logo\/image\/"},"sameAs":["https:\/\/www.facebook.com\/OArcanjoNoAr\/"]},{"@type":"Person","@id":"https:\/\/www.oarcanjo.net\/site\/#\/schema\/person\/58d7f78850a973b8e467c7ae4a7eb4ad","name":"pe.geovane"}]}},"publishpress_future_action":{"enabled":false,"date":"2026-05-09 09:30:23","action":"category","newStatus":"draft","terms":[],"taxonomy":"category"},"publishpress_future_workflow_manual_trigger":{"enabledWorkflows":[]},"_links":{"self":[{"href":"https:\/\/www.oarcanjo.net\/site\/wp-json\/wp\/v2\/posts\/20051"}],"collection":[{"href":"https:\/\/www.oarcanjo.net\/site\/wp-json\/wp\/v2\/posts"}],"about":[{"href":"https:\/\/www.oarcanjo.net\/site\/wp-json\/wp\/v2\/types\/post"}],"author":[{"embeddable":true,"href":"https:\/\/www.oarcanjo.net\/site\/wp-json\/wp\/v2\/users\/17"}],"replies":[{"embeddable":true,"href":"https:\/\/www.oarcanjo.net\/site\/wp-json\/wp\/v2\/comments?post=20051"}],"version-history":[{"count":0,"href":"https:\/\/www.oarcanjo.net\/site\/wp-json\/wp\/v2\/posts\/20051\/revisions"}],"wp:attachment":[{"href":"https:\/\/www.oarcanjo.net\/site\/wp-json\/wp\/v2\/media?parent=20051"}],"wp:term":[{"taxonomy":"category","embeddable":true,"href":"https:\/\/www.oarcanjo.net\/site\/wp-json\/wp\/v2\/categories?post=20051"},{"taxonomy":"post_tag","embeddable":true,"href":"https:\/\/www.oarcanjo.net\/site\/wp-json\/wp\/v2\/tags?post=20051"}],"curies":[{"name":"wp","href":"https:\/\/api.w.org\/{rel}","templated":true}]}}