
{"id":20068,"date":"2012-12-02T15:58:18","date_gmt":"2012-12-02T17:58:18","guid":{"rendered":"http:\/\/www.oarcanjo.net\/site\/?p=20068"},"modified":"2012-12-03T09:30:13","modified_gmt":"2012-12-03T11:30:13","slug":"o-esplendor-da-face-de-deus","status":"publish","type":"post","link":"https:\/\/www.oarcanjo.net\/site\/o-esplendor-da-face-de-deus\/","title":{"rendered":"O esplendor da face de Deus"},"content":{"rendered":"<p>Pe. Geovane Saraiva*<\/p>\n<p><img loading=\"lazy\" decoding=\"async\" src=\"http:\/\/www.oarcanjo.net\/site\/wp-content\/uploads\/geovane-146x150.png\" alt=\"\" width=\"146\" height=\"150\" \/><\/p>\n<p>Neste mundo conturbado em que vivemos, quando o Ter nos \u00e9 apresentado como algo supremo e absoluto, em detrimento do Ser, que \u00e9 colocado em segundo plano, o que devemos fazer? \u00c9 preciso que tenhamos um olhar diferente.<\/p>\n<p>Para todos aqueles que desejam ardentemente viver a sua f\u00e9, no seguimento de Jesus de Nazar\u00e9, urge pensar e refletir sobre sua pr\u00f3pria voca\u00e7\u00e3o, no sentido mais amplo da antropologia crist\u00e3: ser pessoas otimistas, num mundo extremamente marcado pelo pessimismo, com o compromisso de edific\u00e1-lo, atrav\u00e9s da f\u00e9 que professam, numa din\u00e2mica, sempre projetada para o futuro, num desejo de ajudar a perceber o momento presente, nos sinais de esperan\u00e7a e otimismo.abedoria, profundo e, ao mesmo tempo paciente, para com o mundo em que a pessoa humana est\u00e1 inserida. Jos\u00e9 Saramago, ao ser acusado de pessimista, respondeu: \u201cEu n\u00e3o sou pessimista. O mundo \u00e9 que \u00e9 p\u00e9ssimo\u201d.<\/p>\n<p>Francisco de Assis, no seu otimismo e no seu relacionamento \u00edntimo com Deus e com suas criaturas, rendia gra\u00e7as ao bom Deus deste modo: \u201cTu \u00e9s o santo Senhor e Deus \u00fanico, que operas maravilhas. Tu \u00e9s forte; tu \u00e9s grande; tu \u00e9s o alt\u00edssimo. Tu \u00e9s o rei onipotente, santo pai, rei do c\u00e9u e da terra; tu \u00e9s o trino e o uno, Senhor e Deus, o bem universal; tu \u00e9s o bem, todo bem, o sumo bem, Senhor e Deus, vivo e verdadeiro. Tu \u00e9s a del\u00edcia do amor; tu \u00e9s a sabedoria; tu \u00e9s a humildade; tu \u00e9s a paci\u00eancia; tu \u00e9s a seguran\u00e7a; tu \u00e9s o descanso; tu \u00e9s a alegria e o j\u00fabilo; tu \u00e9s a justi\u00e7a e a temperan\u00e7a; tu \u00e9s a plenitude da riqueza; tu \u00e9s a beleza; tu \u00e9s a mansid\u00e3o; tu \u00e9s o protetor; tu \u00e9s o guarda e o defensor; tu \u00e9s a fortaleza; tu \u00e9s o al\u00edvio; tu \u00e9s nossa esperan\u00e7a; tu \u00e9s nossa f\u00e9. Tu \u00e9s nossa eterna vida, \u00f3 grande e maravilhoso Deus, Senhor onipotente, misericordioso redentor\u201d.<\/p>\n<p>Olhando para a vida desse homem marcado profundamente pela gra\u00e7a de Deus, supliquemos para que a nossa vida aqui na terra seja uma bela caminhada, que podemos chamar de \u00eaxodo rumo \u00e0 eternidade. Por causa da eternidade, que j\u00e1 experimentamos aqui, de algum modo, Deus exige algo de cada batizado, numa palavra, a ser sinal de contradi\u00e7\u00e3o.<\/p>\n<p>Como t\u00e3o bem disse Dom Alo\u00edsio Lorscheider na sua Carta Pastoral de oito de dezembro de 1989: \u201cO Reino de Deus n\u00e3o se constr\u00f3i sem sacrif\u00edcio, sem ren\u00fancia a si mesmo, sem aceita\u00e7\u00e3o da cruz. Celebrar \u00e9 recordar aqui e agora o que Deus realizou no passado da hist\u00f3ria da salva\u00e7\u00e3o, tornando vivo e presente todo esse passado e projetando-o ativamente para o futuro\u201d.<\/p>\n<p>O exemplo mesmo vem do Filho de Deus, na profecia do velho Sime\u00e3o, que se realizou na realidade e cultura de seu tempo, resgatando a esperan\u00e7a e trazendo otimismo para a humanidade, ao colocar o menino nos bra\u00e7os e dizer: Este menino ser\u00e1 sinal de contradi\u00e7\u00e3o (cf. Lc 2, 33-35). Embora ele assumisse em tudo a condi\u00e7\u00e3o humana, menos o pecado, causou esc\u00e2ndalos e conflitos, al\u00e9m de questionar os donos poder, ao mesmo tempo em que defendeu os marginalizados e exclu\u00eddos. Por fim recebeu o pre\u00e7o de sua miss\u00e3o: a morte de cruz.<\/p>\n<p>No alto da montanha, Jesus Cristo, antes da sua paix\u00e3o, com Mois\u00e9s e Elias revelou o esplendor de sua face amiga, dizendo-nos que haveremos de nos transfigurar, na seguinte afirma\u00e7\u00e3o: \u201cN\u00f3s somos cidad\u00e3os do c\u00e9u. De l\u00e1 aguardamos o Salvador, o Senhor, Jesus Cristo. Ele transformar\u00e1 o nosso corpo humilhado e o tornar\u00e1 semelhante ao seu corpo glorioso\u201d (Fl 3, 20-21).<\/p>\n<p>Guardemos no \u00edntimo do cora\u00e7\u00e3o a mensagem de otimismo e esperan\u00e7a, deixada por Dom Helder C\u00e2mara, o artes\u00e3o da paz e cidad\u00e3o do mundo, ao falar com paix\u00e3o que Deus \u00e9 amor: \u201cFomos n\u00f3s, as tuas criaturas que inventamos teu nome!? O nome n\u00e3o \u00e9, n\u00e3o deve ser um r\u00f3tulo colado sobre as pessoas e sobre as coisas&#8230; O nome vem de dentro das coisas e pessoas, e n\u00e3o deve ser falso&#8230; Tem que exprimir o mais \u00edntimo do \u00edntimo, a pr\u00f3pria raz\u00e3o de ser e existir da coisa ou da pessoa nomeada&#8230; Teu nome \u00e9 e s\u00f3 podia ser amor\u201d.<\/p>\n<p><em>*Padre da Arquidiocese de Fortaleza, Escritor, Membro da Academia de Letras dos Munic\u00edpios do Estado Cear\u00e1 (ALMECE), e da Academia Metropolitana de Letras de Fortaleza.<\/em><br \/>\n<em>P\u00e1roco de Santo Afonso<\/em><\/p>\n<div><em><a href=\"mailto:geovanesaraiva@gmail.com\">geovanesaraiva@gmail.com<\/a><\/em><br \/>\nAutor dos livros:<br \/>\n<strong>\u201cO peregrino da Paz\u201d e \u201cNascido Para as Coisas Maiores\u201d (centen\u00e1rio de Dom Helder C\u00e2mara);<\/strong><br \/>\n<strong>\u201cA Ternura de um Pastor\u201d &#8211; 2\u00aa Edi\u00e7\u00e3o (homenagem ao Cardeal Lorscheider);<\/strong><br \/>\n<strong>\u201cA Esperan\u00e7a Tem Nome\u201d (espiritualidade e compromisso);<\/strong><br \/>\n<strong>&#8220;Dom Helder: sonhos e utopias&#8221; (o pastor dos empobrecidos).<\/strong>&nbsp;<\/p>\n<p>Postado por\u00a0<a title=\"author profile\" rel=\"author\" href=\"http:\/\/www.blogger.com\/profile\/12037961757835243213\">Par\u00f3quia de Santo Afonso<\/a><\/p>\n<\/div>\n<div id=\"themify_builder_content-20068\" data-postid=\"20068\" class=\"themify_builder_content themify_builder_content-20068 themify_builder themify_builder_front\">\n\t<\/div>\n<!-- \/themify_builder_content -->","protected":false},"excerpt":{"rendered":"<p>Pe. Geovane Saraiva* Neste mundo conturbado em que vivemos, quando o Ter nos \u00e9 apresentado como algo supremo e absoluto, em detrimento do Ser, que \u00e9 colocado em segundo plano, o que devemos fazer? \u00c9 preciso que tenhamos um olhar diferente. Para todos aqueles que desejam ardentemente viver a sua f\u00e9, no seguimento de Jesus [&hellip;]<\/p>\n","protected":false},"author":17,"featured_media":0,"comment_status":"open","ping_status":"open","sticky":false,"template":"","format":"standard","meta":{"ngg_post_thumbnail":0,"footnotes":""},"categories":[9],"tags":[],"yoast_head":"<!-- This site is optimized with the Yoast SEO plugin v23.5 - https:\/\/yoast.com\/wordpress\/plugins\/seo\/ -->\n<title>O esplendor da face de Deus - O Arcanjo no ar<\/title>\n<meta name=\"robots\" content=\"index, follow, max-snippet:-1, max-image-preview:large, max-video-preview:-1\" \/>\n<link rel=\"canonical\" href=\"https:\/\/www.oarcanjo.net\/site\/o-esplendor-da-face-de-deus\/\" \/>\n<meta property=\"og:locale\" content=\"pt_BR\" \/>\n<meta property=\"og:type\" content=\"article\" \/>\n<meta property=\"og:title\" content=\"O esplendor da face de Deus - O Arcanjo no ar\" \/>\n<meta property=\"og:description\" content=\"Pe. Geovane Saraiva* Neste mundo conturbado em que vivemos, quando o Ter nos \u00e9 apresentado como algo supremo e absoluto, em detrimento do Ser, que \u00e9 colocado em segundo plano, o que devemos fazer? \u00c9 preciso que tenhamos um olhar diferente. Para todos aqueles que desejam ardentemente viver a sua f\u00e9, no seguimento de Jesus [&hellip;]\" \/>\n<meta property=\"og:url\" content=\"https:\/\/www.oarcanjo.net\/site\/o-esplendor-da-face-de-deus\/\" \/>\n<meta property=\"og:site_name\" content=\"O Arcanjo no ar\" \/>\n<meta property=\"article:publisher\" content=\"https:\/\/www.facebook.com\/OArcanjoNoAr\/\" \/>\n<meta property=\"article:published_time\" content=\"2012-12-02T17:58:18+00:00\" \/>\n<meta property=\"article:modified_time\" content=\"2012-12-03T11:30:13+00:00\" \/>\n<meta property=\"og:image\" content=\"http:\/\/www.oarcanjo.net\/site\/wp-content\/uploads\/geovane-146x150.png\" \/>\n<meta name=\"author\" content=\"pe.geovane\" \/>\n<meta name=\"twitter:card\" content=\"summary_large_image\" \/>\n<meta name=\"twitter:label1\" content=\"Escrito por\" \/>\n\t<meta name=\"twitter:data1\" content=\"pe.geovane\" \/>\n\t<meta name=\"twitter:label2\" content=\"Est. tempo de leitura\" \/>\n\t<meta name=\"twitter:data2\" content=\"4 minutos\" \/>\n<script type=\"application\/ld+json\" class=\"yoast-schema-graph\">{\"@context\":\"https:\/\/schema.org\",\"@graph\":[{\"@type\":\"Article\",\"@id\":\"https:\/\/www.oarcanjo.net\/site\/o-esplendor-da-face-de-deus\/#article\",\"isPartOf\":{\"@id\":\"https:\/\/www.oarcanjo.net\/site\/o-esplendor-da-face-de-deus\/\"},\"author\":{\"name\":\"pe.geovane\",\"@id\":\"https:\/\/www.oarcanjo.net\/site\/#\/schema\/person\/58d7f78850a973b8e467c7ae4a7eb4ad\"},\"headline\":\"O esplendor da face de Deus\",\"datePublished\":\"2012-12-02T17:58:18+00:00\",\"dateModified\":\"2012-12-03T11:30:13+00:00\",\"mainEntityOfPage\":{\"@id\":\"https:\/\/www.oarcanjo.net\/site\/o-esplendor-da-face-de-deus\/\"},\"wordCount\":849,\"commentCount\":0,\"publisher\":{\"@id\":\"https:\/\/www.oarcanjo.net\/site\/#organization\"},\"image\":{\"@id\":\"https:\/\/www.oarcanjo.net\/site\/o-esplendor-da-face-de-deus\/#primaryimage\"},\"thumbnailUrl\":\"http:\/\/www.oarcanjo.net\/site\/wp-content\/uploads\/geovane-146x150.png\",\"articleSection\":[\"Reflex\u00f5es\"],\"inLanguage\":\"pt-BR\",\"potentialAction\":[{\"@type\":\"CommentAction\",\"name\":\"Comment\",\"target\":[\"https:\/\/www.oarcanjo.net\/site\/o-esplendor-da-face-de-deus\/#respond\"]}]},{\"@type\":\"WebPage\",\"@id\":\"https:\/\/www.oarcanjo.net\/site\/o-esplendor-da-face-de-deus\/\",\"url\":\"https:\/\/www.oarcanjo.net\/site\/o-esplendor-da-face-de-deus\/\",\"name\":\"O esplendor da face de Deus - O Arcanjo no ar\",\"isPartOf\":{\"@id\":\"https:\/\/www.oarcanjo.net\/site\/#website\"},\"primaryImageOfPage\":{\"@id\":\"https:\/\/www.oarcanjo.net\/site\/o-esplendor-da-face-de-deus\/#primaryimage\"},\"image\":{\"@id\":\"https:\/\/www.oarcanjo.net\/site\/o-esplendor-da-face-de-deus\/#primaryimage\"},\"thumbnailUrl\":\"http:\/\/www.oarcanjo.net\/site\/wp-content\/uploads\/geovane-146x150.png\",\"datePublished\":\"2012-12-02T17:58:18+00:00\",\"dateModified\":\"2012-12-03T11:30:13+00:00\",\"breadcrumb\":{\"@id\":\"https:\/\/www.oarcanjo.net\/site\/o-esplendor-da-face-de-deus\/#breadcrumb\"},\"inLanguage\":\"pt-BR\",\"potentialAction\":[{\"@type\":\"ReadAction\",\"target\":[\"https:\/\/www.oarcanjo.net\/site\/o-esplendor-da-face-de-deus\/\"]}]},{\"@type\":\"ImageObject\",\"inLanguage\":\"pt-BR\",\"@id\":\"https:\/\/www.oarcanjo.net\/site\/o-esplendor-da-face-de-deus\/#primaryimage\",\"url\":\"https:\/\/www.oarcanjo.net\/site\/wp-content\/uploads\/geovane.png\",\"contentUrl\":\"https:\/\/www.oarcanjo.net\/site\/wp-content\/uploads\/geovane.png\",\"width\":\"146\",\"height\":\"204\"},{\"@type\":\"BreadcrumbList\",\"@id\":\"https:\/\/www.oarcanjo.net\/site\/o-esplendor-da-face-de-deus\/#breadcrumb\",\"itemListElement\":[{\"@type\":\"ListItem\",\"position\":1,\"name\":\"In\u00edcio\",\"item\":\"https:\/\/www.oarcanjo.net\/site\/\"},{\"@type\":\"ListItem\",\"position\":2,\"name\":\"O esplendor da face de Deus\"}]},{\"@type\":\"WebSite\",\"@id\":\"https:\/\/www.oarcanjo.net\/site\/#website\",\"url\":\"https:\/\/www.oarcanjo.net\/site\/\",\"name\":\"O Arcanjo no ar\",\"description\":\"Site da Par\u00f3quia S\u00e3o Miguel Arcanjo (Arquidiocese de SP)\",\"publisher\":{\"@id\":\"https:\/\/www.oarcanjo.net\/site\/#organization\"},\"potentialAction\":[{\"@type\":\"SearchAction\",\"target\":{\"@type\":\"EntryPoint\",\"urlTemplate\":\"https:\/\/www.oarcanjo.net\/site\/?s={search_term_string}\"},\"query-input\":{\"@type\":\"PropertyValueSpecification\",\"valueRequired\":true,\"valueName\":\"search_term_string\"}}],\"inLanguage\":\"pt-BR\"},{\"@type\":\"Organization\",\"@id\":\"https:\/\/www.oarcanjo.net\/site\/#organization\",\"name\":\"Par\u00f3quia S\u00e3o Miguel Arcanjo\",\"url\":\"https:\/\/www.oarcanjo.net\/site\/\",\"logo\":{\"@type\":\"ImageObject\",\"inLanguage\":\"pt-BR\",\"@id\":\"https:\/\/www.oarcanjo.net\/site\/#\/schema\/logo\/image\/\",\"url\":\"https:\/\/www.oarcanjo.net\/site\/wp-content\/uploads\/LogoOArcanjo.png\",\"contentUrl\":\"https:\/\/www.oarcanjo.net\/site\/wp-content\/uploads\/LogoOArcanjo.png\",\"width\":319,\"height\":99,\"caption\":\"Par\u00f3quia S\u00e3o Miguel Arcanjo\"},\"image\":{\"@id\":\"https:\/\/www.oarcanjo.net\/site\/#\/schema\/logo\/image\/\"},\"sameAs\":[\"https:\/\/www.facebook.com\/OArcanjoNoAr\/\"]},{\"@type\":\"Person\",\"@id\":\"https:\/\/www.oarcanjo.net\/site\/#\/schema\/person\/58d7f78850a973b8e467c7ae4a7eb4ad\",\"name\":\"pe.geovane\"}]}<\/script>\n<!-- \/ Yoast SEO plugin. -->","yoast_head_json":{"title":"O esplendor da face de Deus - O Arcanjo no ar","robots":{"index":"index","follow":"follow","max-snippet":"max-snippet:-1","max-image-preview":"max-image-preview:large","max-video-preview":"max-video-preview:-1"},"canonical":"https:\/\/www.oarcanjo.net\/site\/o-esplendor-da-face-de-deus\/","og_locale":"pt_BR","og_type":"article","og_title":"O esplendor da face de Deus - O Arcanjo no ar","og_description":"Pe. Geovane Saraiva* Neste mundo conturbado em que vivemos, quando o Ter nos \u00e9 apresentado como algo supremo e absoluto, em detrimento do Ser, que \u00e9 colocado em segundo plano, o que devemos fazer? \u00c9 preciso que tenhamos um olhar diferente. Para todos aqueles que desejam ardentemente viver a sua f\u00e9, no seguimento de Jesus [&hellip;]","og_url":"https:\/\/www.oarcanjo.net\/site\/o-esplendor-da-face-de-deus\/","og_site_name":"O Arcanjo no ar","article_publisher":"https:\/\/www.facebook.com\/OArcanjoNoAr\/","article_published_time":"2012-12-02T17:58:18+00:00","article_modified_time":"2012-12-03T11:30:13+00:00","og_image":[{"url":"http:\/\/www.oarcanjo.net\/site\/wp-content\/uploads\/geovane-146x150.png"}],"author":"pe.geovane","twitter_card":"summary_large_image","twitter_misc":{"Escrito por":"pe.geovane","Est. tempo de leitura":"4 minutos"},"schema":{"@context":"https:\/\/schema.org","@graph":[{"@type":"Article","@id":"https:\/\/www.oarcanjo.net\/site\/o-esplendor-da-face-de-deus\/#article","isPartOf":{"@id":"https:\/\/www.oarcanjo.net\/site\/o-esplendor-da-face-de-deus\/"},"author":{"name":"pe.geovane","@id":"https:\/\/www.oarcanjo.net\/site\/#\/schema\/person\/58d7f78850a973b8e467c7ae4a7eb4ad"},"headline":"O esplendor da face de Deus","datePublished":"2012-12-02T17:58:18+00:00","dateModified":"2012-12-03T11:30:13+00:00","mainEntityOfPage":{"@id":"https:\/\/www.oarcanjo.net\/site\/o-esplendor-da-face-de-deus\/"},"wordCount":849,"commentCount":0,"publisher":{"@id":"https:\/\/www.oarcanjo.net\/site\/#organization"},"image":{"@id":"https:\/\/www.oarcanjo.net\/site\/o-esplendor-da-face-de-deus\/#primaryimage"},"thumbnailUrl":"http:\/\/www.oarcanjo.net\/site\/wp-content\/uploads\/geovane-146x150.png","articleSection":["Reflex\u00f5es"],"inLanguage":"pt-BR","potentialAction":[{"@type":"CommentAction","name":"Comment","target":["https:\/\/www.oarcanjo.net\/site\/o-esplendor-da-face-de-deus\/#respond"]}]},{"@type":"WebPage","@id":"https:\/\/www.oarcanjo.net\/site\/o-esplendor-da-face-de-deus\/","url":"https:\/\/www.oarcanjo.net\/site\/o-esplendor-da-face-de-deus\/","name":"O esplendor da face de Deus - O Arcanjo no ar","isPartOf":{"@id":"https:\/\/www.oarcanjo.net\/site\/#website"},"primaryImageOfPage":{"@id":"https:\/\/www.oarcanjo.net\/site\/o-esplendor-da-face-de-deus\/#primaryimage"},"image":{"@id":"https:\/\/www.oarcanjo.net\/site\/o-esplendor-da-face-de-deus\/#primaryimage"},"thumbnailUrl":"http:\/\/www.oarcanjo.net\/site\/wp-content\/uploads\/geovane-146x150.png","datePublished":"2012-12-02T17:58:18+00:00","dateModified":"2012-12-03T11:30:13+00:00","breadcrumb":{"@id":"https:\/\/www.oarcanjo.net\/site\/o-esplendor-da-face-de-deus\/#breadcrumb"},"inLanguage":"pt-BR","potentialAction":[{"@type":"ReadAction","target":["https:\/\/www.oarcanjo.net\/site\/o-esplendor-da-face-de-deus\/"]}]},{"@type":"ImageObject","inLanguage":"pt-BR","@id":"https:\/\/www.oarcanjo.net\/site\/o-esplendor-da-face-de-deus\/#primaryimage","url":"https:\/\/www.oarcanjo.net\/site\/wp-content\/uploads\/geovane.png","contentUrl":"https:\/\/www.oarcanjo.net\/site\/wp-content\/uploads\/geovane.png","width":"146","height":"204"},{"@type":"BreadcrumbList","@id":"https:\/\/www.oarcanjo.net\/site\/o-esplendor-da-face-de-deus\/#breadcrumb","itemListElement":[{"@type":"ListItem","position":1,"name":"In\u00edcio","item":"https:\/\/www.oarcanjo.net\/site\/"},{"@type":"ListItem","position":2,"name":"O esplendor da face de Deus"}]},{"@type":"WebSite","@id":"https:\/\/www.oarcanjo.net\/site\/#website","url":"https:\/\/www.oarcanjo.net\/site\/","name":"O Arcanjo no ar","description":"Site da Par\u00f3quia S\u00e3o Miguel Arcanjo (Arquidiocese de SP)","publisher":{"@id":"https:\/\/www.oarcanjo.net\/site\/#organization"},"potentialAction":[{"@type":"SearchAction","target":{"@type":"EntryPoint","urlTemplate":"https:\/\/www.oarcanjo.net\/site\/?s={search_term_string}"},"query-input":{"@type":"PropertyValueSpecification","valueRequired":true,"valueName":"search_term_string"}}],"inLanguage":"pt-BR"},{"@type":"Organization","@id":"https:\/\/www.oarcanjo.net\/site\/#organization","name":"Par\u00f3quia S\u00e3o Miguel Arcanjo","url":"https:\/\/www.oarcanjo.net\/site\/","logo":{"@type":"ImageObject","inLanguage":"pt-BR","@id":"https:\/\/www.oarcanjo.net\/site\/#\/schema\/logo\/image\/","url":"https:\/\/www.oarcanjo.net\/site\/wp-content\/uploads\/LogoOArcanjo.png","contentUrl":"https:\/\/www.oarcanjo.net\/site\/wp-content\/uploads\/LogoOArcanjo.png","width":319,"height":99,"caption":"Par\u00f3quia S\u00e3o Miguel Arcanjo"},"image":{"@id":"https:\/\/www.oarcanjo.net\/site\/#\/schema\/logo\/image\/"},"sameAs":["https:\/\/www.facebook.com\/OArcanjoNoAr\/"]},{"@type":"Person","@id":"https:\/\/www.oarcanjo.net\/site\/#\/schema\/person\/58d7f78850a973b8e467c7ae4a7eb4ad","name":"pe.geovane"}]}},"publishpress_future_action":{"enabled":false,"date":"2026-05-09 08:42:31","action":"category","newStatus":"draft","terms":[],"taxonomy":"category"},"publishpress_future_workflow_manual_trigger":{"enabledWorkflows":[]},"_links":{"self":[{"href":"https:\/\/www.oarcanjo.net\/site\/wp-json\/wp\/v2\/posts\/20068"}],"collection":[{"href":"https:\/\/www.oarcanjo.net\/site\/wp-json\/wp\/v2\/posts"}],"about":[{"href":"https:\/\/www.oarcanjo.net\/site\/wp-json\/wp\/v2\/types\/post"}],"author":[{"embeddable":true,"href":"https:\/\/www.oarcanjo.net\/site\/wp-json\/wp\/v2\/users\/17"}],"replies":[{"embeddable":true,"href":"https:\/\/www.oarcanjo.net\/site\/wp-json\/wp\/v2\/comments?post=20068"}],"version-history":[{"count":0,"href":"https:\/\/www.oarcanjo.net\/site\/wp-json\/wp\/v2\/posts\/20068\/revisions"}],"wp:attachment":[{"href":"https:\/\/www.oarcanjo.net\/site\/wp-json\/wp\/v2\/media?parent=20068"}],"wp:term":[{"taxonomy":"category","embeddable":true,"href":"https:\/\/www.oarcanjo.net\/site\/wp-json\/wp\/v2\/categories?post=20068"},{"taxonomy":"post_tag","embeddable":true,"href":"https:\/\/www.oarcanjo.net\/site\/wp-json\/wp\/v2\/tags?post=20068"}],"curies":[{"name":"wp","href":"https:\/\/api.w.org\/{rel}","templated":true}]}}