
{"id":20106,"date":"2012-12-03T16:00:40","date_gmt":"2012-12-03T18:00:40","guid":{"rendered":"http:\/\/www.oarcanjo.net\/site\/?p=20106"},"modified":"2012-12-04T13:20:14","modified_gmt":"2012-12-04T15:20:14","slug":"o-gigante-da-historia-das-missoes-sao-francisco-xavier","status":"publish","type":"post","link":"https:\/\/www.oarcanjo.net\/site\/o-gigante-da-historia-das-missoes-sao-francisco-xavier\/","title":{"rendered":"O gigante da hist\u00f3ria das miss\u00f5es, S\u00e3o Francisco Xavier"},"content":{"rendered":"<div>\n<div style=\"text-align: justify\">Padre Geovane Saraiva*<\/div>\n<div><a href=\"http:\/\/1.bp.blogspot.com\/-fX6Irf27kC4\/ULzcs57gvzI\/AAAAAAAAQSg\/fuEZDjmM-7k\/s1600\/sao-francisco-xavier1+(1).jpg\"><\/a><a href=\"http:\/\/1.bp.blogspot.com\/-VbT3FNNW090\/ULzbVTEKnyI\/AAAAAAAAQSY\/JjAGHrOq1w4\/s1600\/Posse+na+ALMECE.jpg\"><\/a>&nbsp;<\/p>\n<div style=\"text-align: justify\">\n<p><a href=\"http:\/\/www.oarcanjo.net\/site\/wp-content\/uploads\/pegeovane.png\"><img loading=\"lazy\" decoding=\"async\" class=\"alignleft size-thumbnail wp-image-20109\" src=\"http:\/\/www.oarcanjo.net\/site\/wp-content\/uploads\/pegeovane-127x150.png\" alt=\"\" width=\"127\" height=\"150\" \/><\/a>A Igreja Cat\u00f3lica celebra, agradecida ao bom Deus, neste dia 03 de dezembro, S\u00e3o Francisco Xavier (1506-2006 \u2013 500 anos), considerado o Ap\u00f3stolo do Oriente, \u201co gigante da hist\u00f3ria das miss\u00f5es\u201d. Ele um sonhador, cheio de ambi\u00e7\u00e3o e vaidade! Homem talentoso e de intelig\u00eancia privilegiada, que estudou na Universidade de Paris, doutorando-se em 1526. L\u00e1 em Paris, logo conheceu In\u00e1cio de Loyola, com quem estabeleceu uma s\u00f3lida e estreita rela\u00e7\u00e3o de amizade. E foi justamente esta amizade e as conversas constantes, como tamb\u00e9m uma intensa vida ora\u00e7\u00e3o, que o transformou por completo, num verdadeiro sonhador e idealista que foi, ao fazer sua op\u00e7\u00e3o pelo projeto de Nosso Senhor Jesus Cristo, dizendo n\u00e3o \u00e0 gl\u00f3ria do mundo, vaidades e riquezas.<\/p>\n<p>Deus entrou em cheio na sua vida e foi mais forte, atrav\u00e9s de In\u00e1cio de Loyola, estudante muito especial daquela Universidade e seu colega, um rec\u00e9m-convertido, que sonhava formar um grupo de irm\u00e3os corajosos para dilatar o Reino de Deus. Aquele que ficou conhecido como o <em>grande mestre dos exerc\u00edcios espirituais<\/em>, foi ao encontro do jovem Francisco Xavier, seu conterr\u00e2neo e futuro pai espiritual, a fim de ganh\u00e1-lo, no seu grande desejo de contribuir na edifica\u00e7\u00e3o do Reino de Deus.<\/p>\n<p>Seus sonhos e projetos eram antag\u00f4nicos. Contudo, o mestre e fundador da Companhia de Jesus, com f\u00e9 e confian\u00e7a, insistentemente, suplicou a Deus Pai, at\u00e9 seduzi-lo. \u201cQue adianta o homem ganhar o mundo inteiro e perder sua alma?\u201d (Mt 16, 26). A frase do Divino Jesus foi incisiva, penetrando em profundidade, na mente e no cora\u00e7\u00e3o do jovem Francisco Xavier, dita por In\u00e1cio de Loyola, dobrando sua resist\u00eancia e entregando-se inteiramente a Deus, a ponto de tornar-se o seu maior e mais fiel disc\u00edpulo e companheiro.<\/p>\n<p>A \u00cdndia o esperava, na catequese de crian\u00e7as e adultos, que sempre em n\u00famero elevado acorriam para receber os sacramentos. Levou por toda parte por onde passou a mensagem do Evangelho. Visitou Ilhas long\u00ednquas, penetrou no Jap\u00e3o, formando l\u00e1 s\u00f3lidas comunidades de f\u00e9, de tal modo, que sua caracter\u00edstica foi o imperativo de Jesus, Mestre e Senhor, concretizada no: \u201cIde pelo mundo inteiro e pregai o Evangelho a toda criatura\u201d (Mc 16, 15). Seu zelo mission\u00e1rio de se consumir pelo Evangelho foi fort\u00edssimo, que num curto espa\u00e7o de tempo de 10 anos visitou pa\u00edses e catequizou e diversas na\u00e7\u00f5es, tornando-se quase imposs\u00edvel imaginar tal mobilidade e fa\u00e7anha nos dias de hoje. Podemos contemplar, aos olhos da f\u00e9 e agradecidos, seu gigantesco e maravilhoso trabalho!<\/p>\n<p>Antes de morrer, aos 46 anos, no dia 03\/12\/1552, escreveu a In\u00e1cio de Loyola assim: \u201cS\u00e3o muitos os que n\u00e3o se tornam crist\u00e3os, simplesmente por falta de evangelizadores e mission\u00e1rios\u201d, tendo na mente o que o Ap\u00f3stolo Paulo anunciou com grande esperan\u00e7a: \u201cComo poderiam ouvir sem pregador? E como poderiam pregar se n\u00e3o forem enviados?\u201d (Rm 10, 14-15). Queria ir pelas Universidades e por toda parte, gritando como um louco e sacudindo as consci\u00eancias daqueles que se comportam e agem mais pela raz\u00e3o do que pela f\u00e9, clamando: \u201cComo \u00e9 enorme o n\u00famero dos que s\u00e3o exclu\u00eddos do Reino, por vossa culpa!\u201d. Ele era considerado o mission\u00e1rio da China pelo seu ardente desejo e vontade de anunciar o Evangelho aquele povo, chegando a dizer, \u201cse eu n\u00e3o encontrar um barco para ir \u00e0 China, vou nadando, mas vou\u201d. Foi uma pena n\u00e3o tenha chegado l\u00e1.<\/p>\n<p>Agradecemos ao nosso bom Deus, por S\u00e3o Francisco Xavier, no dia de sua p\u00e1scoa eterna. Ele, criatura de Deus, apaixonado pelo Reino, com uma disposi\u00e7\u00e3o interior para o trabalho mission\u00e1rio, no seu jeito de viver e testemunhar a f\u00e9 que professou, ao plantar a semente do Evangelho no Oriente. Que a Igreja, sacramento de salva\u00e7\u00e3o, continue corajosamente e com grande sabedoria e ardor, a anunciar o mesmo Evangelho por ele anunciado aos homens hoje, por toda extens\u00e3o da terra. Deus seja louvado por este irm\u00e3o querido, considerado maior mission\u00e1rio de todos os tempos.<\/p>\n<p><strong>*Pe Geovane Saraiva, P\u00e1roco de Santo Afonso<\/strong><\/p>\n<address><strong>geovanesaraiva@gmail.com<\/strong><\/address>\n<address><strong>Facebook:<\/strong><strong> <\/strong><strong>http:\/\/www.facebook.com\/geovanesaraiva.saraiva<\/strong><\/address>\n<address><strong>Twitter: <\/strong><strong> <\/strong><strong>http:\/\/twitter.com\/pegeovane<\/strong><\/address>\n<address><strong>Site:<\/strong><strong> <\/strong><strong>http:\/\/paroquiasantoafonso.org.br<\/strong><br \/>\n((85)3223-8785<\/address>\n<p><strong>Autor dos livros:<\/strong><\/p>\n<address><span style=\"color: #0000ff\"><strong>\u201cO peregrino da Paz\u201d e \u201cNascido Para as Coisas Maiores\u201d (centen\u00e1rio de Dom Helder C\u00e2mara);<\/strong><\/span><\/address>\n<address><span style=\"color: #0000ff\"><strong>\u201cA Ternura de um Pastor\u201d &#8211; 2\u00aa Edi\u00e7\u00e3o (homenagem ao Cardeal Lorscheider);<\/strong><\/span><\/address>\n<address><span style=\"color: #0000ff\"><strong>\u201cA Esperan\u00e7a Tem Nome\u201d (espiritualidade e compromisso);<\/strong><\/span><\/address>\n<address><span style=\"color: #0000ff\"><strong>&#8220;Dom Helder: sonhos e utopias&#8221; (o pastor dos empobrecidos).<\/strong><\/span><\/address>\n<p>&nbsp;<\/p>\n<p><a href=\"http:\/\/www.oarcanjo.net\/site\/wp-content\/uploads\/DSC03049.jpg\"><\/a><\/p>\n<\/div>\n<\/div>\n<\/div>\n<p>&nbsp;<\/p>\n<div id=\"themify_builder_content-20106\" data-postid=\"20106\" class=\"themify_builder_content themify_builder_content-20106 themify_builder themify_builder_front\">\n\t<\/div>\n<!-- \/themify_builder_content -->","protected":false},"excerpt":{"rendered":"<p>Padre Geovane Saraiva* &nbsp; A Igreja Cat\u00f3lica celebra, agradecida ao bom Deus, neste dia 03 de dezembro, S\u00e3o Francisco Xavier (1506-2006 \u2013 500 anos), considerado o Ap\u00f3stolo do Oriente, \u201co gigante da hist\u00f3ria das miss\u00f5es\u201d. Ele um sonhador, cheio de ambi\u00e7\u00e3o e vaidade! Homem talentoso e de intelig\u00eancia privilegiada, que estudou na Universidade de Paris, [&hellip;]<\/p>\n","protected":false},"author":17,"featured_media":0,"comment_status":"open","ping_status":"open","sticky":false,"template":"","format":"standard","meta":{"ngg_post_thumbnail":0,"footnotes":""},"categories":[9],"tags":[],"yoast_head":"<!-- This site is optimized with the Yoast SEO plugin v23.5 - https:\/\/yoast.com\/wordpress\/plugins\/seo\/ -->\n<title>O gigante da hist\u00f3ria das miss\u00f5es, S\u00e3o Francisco Xavier - O Arcanjo no ar<\/title>\n<meta name=\"robots\" content=\"index, follow, max-snippet:-1, max-image-preview:large, max-video-preview:-1\" \/>\n<link rel=\"canonical\" href=\"https:\/\/www.oarcanjo.net\/site\/o-gigante-da-historia-das-missoes-sao-francisco-xavier\/\" \/>\n<meta property=\"og:locale\" content=\"pt_BR\" \/>\n<meta property=\"og:type\" content=\"article\" \/>\n<meta property=\"og:title\" content=\"O gigante da hist\u00f3ria das miss\u00f5es, S\u00e3o Francisco Xavier - O Arcanjo no ar\" \/>\n<meta property=\"og:description\" content=\"Padre Geovane Saraiva* &nbsp; A Igreja Cat\u00f3lica celebra, agradecida ao bom Deus, neste dia 03 de dezembro, S\u00e3o Francisco Xavier (1506-2006 \u2013 500 anos), considerado o Ap\u00f3stolo do Oriente, \u201co gigante da hist\u00f3ria das miss\u00f5es\u201d. Ele um sonhador, cheio de ambi\u00e7\u00e3o e vaidade! Homem talentoso e de intelig\u00eancia privilegiada, que estudou na Universidade de Paris, [&hellip;]\" \/>\n<meta property=\"og:url\" content=\"https:\/\/www.oarcanjo.net\/site\/o-gigante-da-historia-das-missoes-sao-francisco-xavier\/\" \/>\n<meta property=\"og:site_name\" content=\"O Arcanjo no ar\" \/>\n<meta property=\"article:publisher\" content=\"https:\/\/www.facebook.com\/OArcanjoNoAr\/\" \/>\n<meta property=\"article:published_time\" content=\"2012-12-03T18:00:40+00:00\" \/>\n<meta property=\"article:modified_time\" content=\"2012-12-04T15:20:14+00:00\" \/>\n<meta property=\"og:image\" content=\"http:\/\/www.oarcanjo.net\/site\/wp-content\/uploads\/pegeovane-127x150.png\" \/>\n<meta name=\"author\" content=\"pe.geovane\" \/>\n<meta name=\"twitter:card\" content=\"summary_large_image\" \/>\n<meta name=\"twitter:label1\" content=\"Escrito por\" \/>\n\t<meta name=\"twitter:data1\" content=\"pe.geovane\" \/>\n\t<meta name=\"twitter:label2\" content=\"Est. tempo de leitura\" \/>\n\t<meta name=\"twitter:data2\" content=\"4 minutos\" \/>\n<script type=\"application\/ld+json\" class=\"yoast-schema-graph\">{\"@context\":\"https:\/\/schema.org\",\"@graph\":[{\"@type\":\"Article\",\"@id\":\"https:\/\/www.oarcanjo.net\/site\/o-gigante-da-historia-das-missoes-sao-francisco-xavier\/#article\",\"isPartOf\":{\"@id\":\"https:\/\/www.oarcanjo.net\/site\/o-gigante-da-historia-das-missoes-sao-francisco-xavier\/\"},\"author\":{\"name\":\"pe.geovane\",\"@id\":\"https:\/\/www.oarcanjo.net\/site\/#\/schema\/person\/58d7f78850a973b8e467c7ae4a7eb4ad\"},\"headline\":\"O gigante da hist\u00f3ria das miss\u00f5es, S\u00e3o Francisco Xavier\",\"datePublished\":\"2012-12-03T18:00:40+00:00\",\"dateModified\":\"2012-12-04T15:20:14+00:00\",\"mainEntityOfPage\":{\"@id\":\"https:\/\/www.oarcanjo.net\/site\/o-gigante-da-historia-das-missoes-sao-francisco-xavier\/\"},\"wordCount\":794,\"commentCount\":1,\"publisher\":{\"@id\":\"https:\/\/www.oarcanjo.net\/site\/#organization\"},\"image\":{\"@id\":\"https:\/\/www.oarcanjo.net\/site\/o-gigante-da-historia-das-missoes-sao-francisco-xavier\/#primaryimage\"},\"thumbnailUrl\":\"http:\/\/www.oarcanjo.net\/site\/wp-content\/uploads\/pegeovane-127x150.png\",\"articleSection\":[\"Reflex\u00f5es\"],\"inLanguage\":\"pt-BR\",\"potentialAction\":[{\"@type\":\"CommentAction\",\"name\":\"Comment\",\"target\":[\"https:\/\/www.oarcanjo.net\/site\/o-gigante-da-historia-das-missoes-sao-francisco-xavier\/#respond\"]}]},{\"@type\":\"WebPage\",\"@id\":\"https:\/\/www.oarcanjo.net\/site\/o-gigante-da-historia-das-missoes-sao-francisco-xavier\/\",\"url\":\"https:\/\/www.oarcanjo.net\/site\/o-gigante-da-historia-das-missoes-sao-francisco-xavier\/\",\"name\":\"O gigante da hist\u00f3ria das miss\u00f5es, S\u00e3o Francisco Xavier - O Arcanjo no ar\",\"isPartOf\":{\"@id\":\"https:\/\/www.oarcanjo.net\/site\/#website\"},\"primaryImageOfPage\":{\"@id\":\"https:\/\/www.oarcanjo.net\/site\/o-gigante-da-historia-das-missoes-sao-francisco-xavier\/#primaryimage\"},\"image\":{\"@id\":\"https:\/\/www.oarcanjo.net\/site\/o-gigante-da-historia-das-missoes-sao-francisco-xavier\/#primaryimage\"},\"thumbnailUrl\":\"http:\/\/www.oarcanjo.net\/site\/wp-content\/uploads\/pegeovane-127x150.png\",\"datePublished\":\"2012-12-03T18:00:40+00:00\",\"dateModified\":\"2012-12-04T15:20:14+00:00\",\"breadcrumb\":{\"@id\":\"https:\/\/www.oarcanjo.net\/site\/o-gigante-da-historia-das-missoes-sao-francisco-xavier\/#breadcrumb\"},\"inLanguage\":\"pt-BR\",\"potentialAction\":[{\"@type\":\"ReadAction\",\"target\":[\"https:\/\/www.oarcanjo.net\/site\/o-gigante-da-historia-das-missoes-sao-francisco-xavier\/\"]}]},{\"@type\":\"ImageObject\",\"inLanguage\":\"pt-BR\",\"@id\":\"https:\/\/www.oarcanjo.net\/site\/o-gigante-da-historia-das-missoes-sao-francisco-xavier\/#primaryimage\",\"url\":\"https:\/\/www.oarcanjo.net\/site\/wp-content\/uploads\/pegeovane.png\",\"contentUrl\":\"https:\/\/www.oarcanjo.net\/site\/wp-content\/uploads\/pegeovane.png\",\"width\":\"127\",\"height\":\"167\"},{\"@type\":\"BreadcrumbList\",\"@id\":\"https:\/\/www.oarcanjo.net\/site\/o-gigante-da-historia-das-missoes-sao-francisco-xavier\/#breadcrumb\",\"itemListElement\":[{\"@type\":\"ListItem\",\"position\":1,\"name\":\"In\u00edcio\",\"item\":\"https:\/\/www.oarcanjo.net\/site\/\"},{\"@type\":\"ListItem\",\"position\":2,\"name\":\"O gigante da hist\u00f3ria das miss\u00f5es, S\u00e3o Francisco Xavier\"}]},{\"@type\":\"WebSite\",\"@id\":\"https:\/\/www.oarcanjo.net\/site\/#website\",\"url\":\"https:\/\/www.oarcanjo.net\/site\/\",\"name\":\"O Arcanjo no ar\",\"description\":\"Site da Par\u00f3quia S\u00e3o Miguel Arcanjo (Arquidiocese de SP)\",\"publisher\":{\"@id\":\"https:\/\/www.oarcanjo.net\/site\/#organization\"},\"potentialAction\":[{\"@type\":\"SearchAction\",\"target\":{\"@type\":\"EntryPoint\",\"urlTemplate\":\"https:\/\/www.oarcanjo.net\/site\/?s={search_term_string}\"},\"query-input\":{\"@type\":\"PropertyValueSpecification\",\"valueRequired\":true,\"valueName\":\"search_term_string\"}}],\"inLanguage\":\"pt-BR\"},{\"@type\":\"Organization\",\"@id\":\"https:\/\/www.oarcanjo.net\/site\/#organization\",\"name\":\"Par\u00f3quia S\u00e3o Miguel Arcanjo\",\"url\":\"https:\/\/www.oarcanjo.net\/site\/\",\"logo\":{\"@type\":\"ImageObject\",\"inLanguage\":\"pt-BR\",\"@id\":\"https:\/\/www.oarcanjo.net\/site\/#\/schema\/logo\/image\/\",\"url\":\"https:\/\/www.oarcanjo.net\/site\/wp-content\/uploads\/LogoOArcanjo.png\",\"contentUrl\":\"https:\/\/www.oarcanjo.net\/site\/wp-content\/uploads\/LogoOArcanjo.png\",\"width\":319,\"height\":99,\"caption\":\"Par\u00f3quia S\u00e3o Miguel Arcanjo\"},\"image\":{\"@id\":\"https:\/\/www.oarcanjo.net\/site\/#\/schema\/logo\/image\/\"},\"sameAs\":[\"https:\/\/www.facebook.com\/OArcanjoNoAr\/\"]},{\"@type\":\"Person\",\"@id\":\"https:\/\/www.oarcanjo.net\/site\/#\/schema\/person\/58d7f78850a973b8e467c7ae4a7eb4ad\",\"name\":\"pe.geovane\"}]}<\/script>\n<!-- \/ Yoast SEO plugin. -->","yoast_head_json":{"title":"O gigante da hist\u00f3ria das miss\u00f5es, S\u00e3o Francisco Xavier - O Arcanjo no ar","robots":{"index":"index","follow":"follow","max-snippet":"max-snippet:-1","max-image-preview":"max-image-preview:large","max-video-preview":"max-video-preview:-1"},"canonical":"https:\/\/www.oarcanjo.net\/site\/o-gigante-da-historia-das-missoes-sao-francisco-xavier\/","og_locale":"pt_BR","og_type":"article","og_title":"O gigante da hist\u00f3ria das miss\u00f5es, S\u00e3o Francisco Xavier - O Arcanjo no ar","og_description":"Padre Geovane Saraiva* &nbsp; A Igreja Cat\u00f3lica celebra, agradecida ao bom Deus, neste dia 03 de dezembro, S\u00e3o Francisco Xavier (1506-2006 \u2013 500 anos), considerado o Ap\u00f3stolo do Oriente, \u201co gigante da hist\u00f3ria das miss\u00f5es\u201d. Ele um sonhador, cheio de ambi\u00e7\u00e3o e vaidade! Homem talentoso e de intelig\u00eancia privilegiada, que estudou na Universidade de Paris, [&hellip;]","og_url":"https:\/\/www.oarcanjo.net\/site\/o-gigante-da-historia-das-missoes-sao-francisco-xavier\/","og_site_name":"O Arcanjo no ar","article_publisher":"https:\/\/www.facebook.com\/OArcanjoNoAr\/","article_published_time":"2012-12-03T18:00:40+00:00","article_modified_time":"2012-12-04T15:20:14+00:00","og_image":[{"url":"http:\/\/www.oarcanjo.net\/site\/wp-content\/uploads\/pegeovane-127x150.png"}],"author":"pe.geovane","twitter_card":"summary_large_image","twitter_misc":{"Escrito por":"pe.geovane","Est. tempo de leitura":"4 minutos"},"schema":{"@context":"https:\/\/schema.org","@graph":[{"@type":"Article","@id":"https:\/\/www.oarcanjo.net\/site\/o-gigante-da-historia-das-missoes-sao-francisco-xavier\/#article","isPartOf":{"@id":"https:\/\/www.oarcanjo.net\/site\/o-gigante-da-historia-das-missoes-sao-francisco-xavier\/"},"author":{"name":"pe.geovane","@id":"https:\/\/www.oarcanjo.net\/site\/#\/schema\/person\/58d7f78850a973b8e467c7ae4a7eb4ad"},"headline":"O gigante da hist\u00f3ria das miss\u00f5es, S\u00e3o Francisco Xavier","datePublished":"2012-12-03T18:00:40+00:00","dateModified":"2012-12-04T15:20:14+00:00","mainEntityOfPage":{"@id":"https:\/\/www.oarcanjo.net\/site\/o-gigante-da-historia-das-missoes-sao-francisco-xavier\/"},"wordCount":794,"commentCount":1,"publisher":{"@id":"https:\/\/www.oarcanjo.net\/site\/#organization"},"image":{"@id":"https:\/\/www.oarcanjo.net\/site\/o-gigante-da-historia-das-missoes-sao-francisco-xavier\/#primaryimage"},"thumbnailUrl":"http:\/\/www.oarcanjo.net\/site\/wp-content\/uploads\/pegeovane-127x150.png","articleSection":["Reflex\u00f5es"],"inLanguage":"pt-BR","potentialAction":[{"@type":"CommentAction","name":"Comment","target":["https:\/\/www.oarcanjo.net\/site\/o-gigante-da-historia-das-missoes-sao-francisco-xavier\/#respond"]}]},{"@type":"WebPage","@id":"https:\/\/www.oarcanjo.net\/site\/o-gigante-da-historia-das-missoes-sao-francisco-xavier\/","url":"https:\/\/www.oarcanjo.net\/site\/o-gigante-da-historia-das-missoes-sao-francisco-xavier\/","name":"O gigante da hist\u00f3ria das miss\u00f5es, S\u00e3o Francisco Xavier - O Arcanjo no ar","isPartOf":{"@id":"https:\/\/www.oarcanjo.net\/site\/#website"},"primaryImageOfPage":{"@id":"https:\/\/www.oarcanjo.net\/site\/o-gigante-da-historia-das-missoes-sao-francisco-xavier\/#primaryimage"},"image":{"@id":"https:\/\/www.oarcanjo.net\/site\/o-gigante-da-historia-das-missoes-sao-francisco-xavier\/#primaryimage"},"thumbnailUrl":"http:\/\/www.oarcanjo.net\/site\/wp-content\/uploads\/pegeovane-127x150.png","datePublished":"2012-12-03T18:00:40+00:00","dateModified":"2012-12-04T15:20:14+00:00","breadcrumb":{"@id":"https:\/\/www.oarcanjo.net\/site\/o-gigante-da-historia-das-missoes-sao-francisco-xavier\/#breadcrumb"},"inLanguage":"pt-BR","potentialAction":[{"@type":"ReadAction","target":["https:\/\/www.oarcanjo.net\/site\/o-gigante-da-historia-das-missoes-sao-francisco-xavier\/"]}]},{"@type":"ImageObject","inLanguage":"pt-BR","@id":"https:\/\/www.oarcanjo.net\/site\/o-gigante-da-historia-das-missoes-sao-francisco-xavier\/#primaryimage","url":"https:\/\/www.oarcanjo.net\/site\/wp-content\/uploads\/pegeovane.png","contentUrl":"https:\/\/www.oarcanjo.net\/site\/wp-content\/uploads\/pegeovane.png","width":"127","height":"167"},{"@type":"BreadcrumbList","@id":"https:\/\/www.oarcanjo.net\/site\/o-gigante-da-historia-das-missoes-sao-francisco-xavier\/#breadcrumb","itemListElement":[{"@type":"ListItem","position":1,"name":"In\u00edcio","item":"https:\/\/www.oarcanjo.net\/site\/"},{"@type":"ListItem","position":2,"name":"O gigante da hist\u00f3ria das miss\u00f5es, S\u00e3o Francisco Xavier"}]},{"@type":"WebSite","@id":"https:\/\/www.oarcanjo.net\/site\/#website","url":"https:\/\/www.oarcanjo.net\/site\/","name":"O Arcanjo no ar","description":"Site da Par\u00f3quia S\u00e3o Miguel Arcanjo (Arquidiocese de SP)","publisher":{"@id":"https:\/\/www.oarcanjo.net\/site\/#organization"},"potentialAction":[{"@type":"SearchAction","target":{"@type":"EntryPoint","urlTemplate":"https:\/\/www.oarcanjo.net\/site\/?s={search_term_string}"},"query-input":{"@type":"PropertyValueSpecification","valueRequired":true,"valueName":"search_term_string"}}],"inLanguage":"pt-BR"},{"@type":"Organization","@id":"https:\/\/www.oarcanjo.net\/site\/#organization","name":"Par\u00f3quia S\u00e3o Miguel Arcanjo","url":"https:\/\/www.oarcanjo.net\/site\/","logo":{"@type":"ImageObject","inLanguage":"pt-BR","@id":"https:\/\/www.oarcanjo.net\/site\/#\/schema\/logo\/image\/","url":"https:\/\/www.oarcanjo.net\/site\/wp-content\/uploads\/LogoOArcanjo.png","contentUrl":"https:\/\/www.oarcanjo.net\/site\/wp-content\/uploads\/LogoOArcanjo.png","width":319,"height":99,"caption":"Par\u00f3quia S\u00e3o Miguel Arcanjo"},"image":{"@id":"https:\/\/www.oarcanjo.net\/site\/#\/schema\/logo\/image\/"},"sameAs":["https:\/\/www.facebook.com\/OArcanjoNoAr\/"]},{"@type":"Person","@id":"https:\/\/www.oarcanjo.net\/site\/#\/schema\/person\/58d7f78850a973b8e467c7ae4a7eb4ad","name":"pe.geovane"}]}},"publishpress_future_action":{"enabled":false,"date":"2026-05-09 09:03:15","action":"category","newStatus":"draft","terms":[],"taxonomy":"category"},"publishpress_future_workflow_manual_trigger":{"enabledWorkflows":[]},"_links":{"self":[{"href":"https:\/\/www.oarcanjo.net\/site\/wp-json\/wp\/v2\/posts\/20106"}],"collection":[{"href":"https:\/\/www.oarcanjo.net\/site\/wp-json\/wp\/v2\/posts"}],"about":[{"href":"https:\/\/www.oarcanjo.net\/site\/wp-json\/wp\/v2\/types\/post"}],"author":[{"embeddable":true,"href":"https:\/\/www.oarcanjo.net\/site\/wp-json\/wp\/v2\/users\/17"}],"replies":[{"embeddable":true,"href":"https:\/\/www.oarcanjo.net\/site\/wp-json\/wp\/v2\/comments?post=20106"}],"version-history":[{"count":0,"href":"https:\/\/www.oarcanjo.net\/site\/wp-json\/wp\/v2\/posts\/20106\/revisions"}],"wp:attachment":[{"href":"https:\/\/www.oarcanjo.net\/site\/wp-json\/wp\/v2\/media?parent=20106"}],"wp:term":[{"taxonomy":"category","embeddable":true,"href":"https:\/\/www.oarcanjo.net\/site\/wp-json\/wp\/v2\/categories?post=20106"},{"taxonomy":"post_tag","embeddable":true,"href":"https:\/\/www.oarcanjo.net\/site\/wp-json\/wp\/v2\/tags?post=20106"}],"curies":[{"name":"wp","href":"https:\/\/api.w.org\/{rel}","templated":true}]}}