
{"id":20116,"date":"2012-12-05T21:48:54","date_gmt":"2012-12-05T23:48:54","guid":{"rendered":"http:\/\/www.oarcanjo.net\/site\/?p=20116"},"modified":"2012-12-05T21:48:54","modified_gmt":"2012-12-05T23:48:54","slug":"saude-brasileira-e-compaixao-evangelica","status":"publish","type":"post","link":"https:\/\/www.oarcanjo.net\/site\/saude-brasileira-e-compaixao-evangelica\/","title":{"rendered":"Sa\u00fade brasileira e Compaix\u00e3o evang\u00e9lica"},"content":{"rendered":"<p style=\"text-align: right;\"><em>\u201cJesus percorria todas as cidades e povoados,<\/em><\/p>\n<p style=\"text-align: right;\"><em>ensinando em suas sinagogas, pregando a Boa Nova do Evangelho,<\/em><\/p>\n<p style=\"text-align: right;\"><em>e curando todo tipo de doen\u00e7a e enfermidade. Vendo as multid\u00f5es, <\/em><\/p>\n<p style=\"text-align: right;\"><em>Jesus teve compaix\u00e3o, porque estavam cansadas e abatidas, <\/em><\/p>\n<p style=\"text-align: right;\"><em>como ovelhas que n\u00e3o t\u00eam pastor\u201d (Mt 9, 35-36).<\/em><\/p>\n<p style=\"text-align: justify;\">&nbsp;<\/p>\n<p style=\"text-align: justify;\"><em>Pe. Alfredo J. Gon\u00e7alves, CS<\/em><\/p>\n<p style=\"text-align: justify;\">Dor sem rem\u00e9dio, doen\u00e7a sem cura, enfermidade cr\u00f4nica \u2013 eis como aparece o sistema de sa\u00fade brasileiro no dia-a-dia da popula\u00e7\u00e3o. As imagens recentes, especialmente nas capitais de Salvador e Rio de Janeiro, j\u00e1 se tornaram \u201cp\u00e3o nosso de cada dia\u201d: fila intermin\u00e1vel para marcar consulta, muitas vezes somente para o pr\u00f3ximo ano; idosos, enfermos, pessoas em cadeira de rodas, \u00a0gente visivelmente debilitada, chegando a dormir na fila para n\u00e3o perder o lugar; alguns morrendo antes de serem atendidos; senhas que n\u00e3o alcan\u00e7am a todos, deixando boa parte \u00e0 margem&#8230; E coisas desse tipo! Chagas vivas de um sistema de sa\u00fade enfermi\u00e7o.<\/p>\n<p style=\"text-align: justify;\">Apesar de comuns e amplamente divulgadas pelos meios de comunica\u00e7\u00e3o social, tais cenas chocam e impressionam duplamente a opini\u00e3o p\u00fablica: de um lado, rostos e membros mutilados por um sofrimento acumulado, expostos \u00e0 luz do sol e da m\u00eddia, feridas que parecem jamais cicatrizar; de outro lado, o descaso dos funcion\u00e1rios, atendentes e m\u00e9dicos, mas de modo particular\u00a0 das autoridades de primeiro escal\u00e3o do sistema de sa\u00fade, em n\u00edvel municipal, estadual e nacional.<\/p>\n<p style=\"text-align: justify;\">Dos postos e ambulat\u00f3rios de atendimento assistencial e imediato ao Minist\u00e9rio da Sa\u00fade, passando por hospitais, laborat\u00f3rios e farm\u00e1cias, planos de sa\u00fade, o que se v\u00ea \u00e9 uma rede cheia de n\u00f3s, de curtos-circuitos, onde sobram os males e faltam solu\u00e7\u00f5es, sobram as dores e faltam rem\u00e9dios. Um verdadeiro labirinto sem sa\u00edda, em que emperram, se engavetam ou s\u00e3o adiadas exames, consultas, cirurgias. Em nenhum outro setor das pol\u00edticas p\u00fablicas \u00e9 t\u00e3o evidente e flagrante o\u00a0 jogo de empurra-empurra.<\/p>\n<p style=\"text-align: justify;\">Das casas e ruas, dos pontos de \u00f4nibus e feiras, dos botecos e supermercados, dos campos e pra\u00e7as \u2013 levanta-se uma \u00fanica pergunta: <strong><em>o que est\u00e1 faltando?<\/em><\/strong> Recursos p\u00fablicos? Certamente n\u00e3o, pois eles aparecem com extrema abund\u00e2ncia em outras \u00e1reas, especialmente nos incentivos fiscais \u00e0 ind\u00fastria e ao com\u00e9rcio, ao agroneg\u00f3cio e \u00e0s grande obras do PAC, como se o crescimento a qualquer pre\u00e7o fosse a \u201cpanaceia para todos os males\u201d. Sem falar dos gastos com a m\u00e1quina administrativa dos tr\u00eas poderes, executivo, legislativo e judici\u00e1rio, e deixando de lado os desvios com a corrup\u00e7\u00e3o.<\/p>\n<p style=\"text-align: justify;\">Segue de p\u00e9 a pergunta: <strong><em>o que est\u00e1 faltando?<\/em><\/strong> Or\u00e7amento para a sa\u00fade p\u00fablica? Tamb\u00e9m n\u00e3o, porque ele existe, mas muitas vezes \u00e9 contingenciado (como o s\u00e3o os gastos com educa\u00e7\u00e3o, transporte, seguran\u00e7a, infra-estrutura, calamidades, etc.), em vistas de outras \u201curg\u00eancias governamentais\u201d.\u00a0 O que importa \u00e9 manter a porcentagem do PIB em permanente ascens\u00e3o, satisfazendo, por exemplo, o transporte privado, o consumo da classe m\u00e9dia ou os lucros estratosf\u00e9ricos do sistema financeiro (leia-se Bradesco, Ita\u00fa, Santander&#8230;).\u00a0 Deixemos de lado, uma vez mais, os gastos com a Copa do Mundo e as Olimp\u00edadas, os quais, por si s\u00f3, exigiriam um cap\u00edtulo \u00e0 parte.<\/p>\n<p style=\"text-align: justify;\">A pergunta \u00e9 teimosa como a pr\u00f3pria dor: <strong><em>o que est\u00e1 faltando?<\/em><\/strong> Talvez uma concep\u00e7\u00e3o diferente da sa\u00fade p\u00fablica (para n\u00e3o falar de outras \u00e1reas). O que prevalece em geral \u00e9 a vis\u00e3o mercantilista. Os servi\u00e7os se convertem em oportunidades de ac\u00famulo de capital. Os direitos adquiridos se reconvertem em mercadorias a ser negociada na f\u00e9rrea lei da oferta\u00a0 procura. No contexto do mercado total, tudo se transforma em <em>bens de troca<\/em>, incluindo a uma consulta urgente, sob risco de morte; os alimentos da cesta b\u00e1sica, em meio \u00e0 mis\u00e9ria e fome; o rem\u00e9dio indispens\u00e1vel e ininterrupto, que subordina a pr\u00f3pria sobreviv\u00eancia; o deslocamento para o trabalho, longo, caro e cansativo; o sexo, o prazer e o lazer;\u00a0 e at\u00e9 os bens relacionados ao sagrado.<\/p>\n<p style=\"text-align: justify;\">Caminhando para a conclus\u00e3o, vale retomar as palavras evang\u00e9licas da ep\u00edgrafe. Dor, fome e solid\u00e3o constituem tr\u00eas irm\u00e3s siamesas: n\u00e3o podem esperar! \u00c9 isso o que mostra a pr\u00e1tica de Jesus. Sua caravana nunca atropela quem sofre, nunca abandona e necessitados. Sempre se det\u00e9m diante o grito que vem dos pobres (\u00e9 o caso dos cegos de nascen\u00e7a, da mulher que sofria de fluxo de sangue e de tantos outros). Grito tanto mais eloquente quanto mais silencioso e silenciado. Os sem vez e sem voz encontram profunda repercuss\u00e3o no cora\u00e7\u00e3o de Jesus. Da\u00ed sua aguda aten\u00e7\u00e3o aos mudos e mutilados da hist\u00f3ria, mutilados no corpo, na alma, nos direitos \u2013 \u201cmultid\u00f5es cansadas e abatidas, como ovelhas sem pastor\u201d.<\/p>\n<p style=\"text-align: justify;\">No ponto final, uma pequena luz \u00e0 insistente pergunta: <strong><em>o que est\u00e1 faltando?<\/em><\/strong> Quem sabe uma pr\u00e1tica pol\u00edtica fundamentada na \u00e9tica e nos valores acumulados pela humanidade ao longo dos s\u00e9culos. Nesta perspectiva, o que est\u00e1 em jogo n\u00e3o s\u00e3o os privil\u00e9gios e o patrim\u00f4nio das classes poderosas e dominantes, e sim o <em>bem comum<\/em> da popula\u00e7\u00e3o como um todo. Creio n\u00e3o ser inoportuno o crit\u00e9rio da \u201ccompaix\u00e3o evang\u00e9lica\u201d\u00a0 como bar\u00f4metro das decis\u00f5es a serem tomadas diante dos setores de baixa renda, evitando sempre o fundamentalismo e o obscurantismo religioso, que tanto mal semearam nas trilhas da hist\u00f3ria.<\/p>\n<p style=\"text-align: justify;\">No fundo, nada de novo, apenas o regime democr\u00e1tico levado a s\u00e9rio, n\u00e3o somente no espet\u00e1culo das elei\u00e7\u00f5es e campanhas, urnas e votos, mas sobretudo da partilha justa e equitativa, fraterna e solid\u00e1ria da riqueza produzida por toda a na\u00e7\u00e3o. Mais do que \u201ccrescer para depois dividir o bolo\u201d (como dizia Delfim Neto em anos passados), o que se necessita \u00e9 abrir oportunidades a todos, numa economia nova em termos sociais, pol\u00edticos, culturais e ecol\u00f3gicos. Boas iniciativas t\u00eam sido criadas pelos \u00faltimos governos, mas esse enfoque pol\u00edtico e econ\u00f4mico requer novos canais, instrumentos e mecanismos de participa\u00e7\u00e3o popular, no sentido de controlar a a\u00e7\u00e3o de seus representantes pol\u00edticos, de decidir sobre as pol\u00edticas p\u00fablicas, como tamb\u00e9m de controlar o or\u00e7amento em todos os n\u00edveis.<\/p>\n<p style=\"text-align: justify;\">Numa palavra: socializar em termais cada vez mas vastos e eficazes\u00a0 tr\u00eas quest\u00f5es de fundamental import\u00e2ncia para uma economia justa, solid\u00e1ria e sustent\u00e1vel: o que produzir? Como produzir? E para quem produzir?<\/p>\n<p style=\"text-align: justify;\">&nbsp;<\/p>\n<div id=\"themify_builder_content-20116\" data-postid=\"20116\" class=\"themify_builder_content themify_builder_content-20116 themify_builder themify_builder_front\">\n\t<\/div>\n<!-- \/themify_builder_content -->","protected":false},"excerpt":{"rendered":"<p>\u201cJesus percorria todas as cidades e povoados, ensinando em suas sinagogas, pregando a Boa Nova do Evangelho, e curando todo tipo de doen\u00e7a e enfermidade. Vendo as multid\u00f5es, Jesus teve compaix\u00e3o, porque estavam cansadas e abatidas, como ovelhas que n\u00e3o t\u00eam pastor\u201d (Mt 9, 35-36). &nbsp; Pe. Alfredo J. Gon\u00e7alves, CS Dor sem rem\u00e9dio, doen\u00e7a [&hellip;]<\/p>\n","protected":false},"author":15,"featured_media":0,"comment_status":"open","ping_status":"open","sticky":false,"template":"","format":"standard","meta":{"ngg_post_thumbnail":0,"footnotes":""},"categories":[9],"tags":[],"yoast_head":"<!-- This site is optimized with the Yoast SEO plugin v23.5 - https:\/\/yoast.com\/wordpress\/plugins\/seo\/ -->\n<title>Sa\u00fade brasileira e Compaix\u00e3o evang\u00e9lica - O Arcanjo no ar<\/title>\n<meta name=\"robots\" content=\"index, follow, max-snippet:-1, max-image-preview:large, max-video-preview:-1\" \/>\n<link rel=\"canonical\" href=\"https:\/\/www.oarcanjo.net\/site\/saude-brasileira-e-compaixao-evangelica\/\" \/>\n<meta property=\"og:locale\" content=\"pt_BR\" \/>\n<meta property=\"og:type\" content=\"article\" \/>\n<meta property=\"og:title\" content=\"Sa\u00fade brasileira e Compaix\u00e3o evang\u00e9lica - O Arcanjo no ar\" \/>\n<meta property=\"og:description\" content=\"\u201cJesus percorria todas as cidades e povoados, ensinando em suas sinagogas, pregando a Boa Nova do Evangelho, e curando todo tipo de doen\u00e7a e enfermidade. Vendo as multid\u00f5es, Jesus teve compaix\u00e3o, porque estavam cansadas e abatidas, como ovelhas que n\u00e3o t\u00eam pastor\u201d (Mt 9, 35-36). &nbsp; Pe. Alfredo J. Gon\u00e7alves, CS Dor sem rem\u00e9dio, doen\u00e7a [&hellip;]\" \/>\n<meta property=\"og:url\" content=\"https:\/\/www.oarcanjo.net\/site\/saude-brasileira-e-compaixao-evangelica\/\" \/>\n<meta property=\"og:site_name\" content=\"O Arcanjo no ar\" \/>\n<meta property=\"article:publisher\" content=\"https:\/\/www.facebook.com\/OArcanjoNoAr\/\" \/>\n<meta property=\"article:published_time\" content=\"2012-12-05T23:48:54+00:00\" \/>\n<meta property=\"og:image\" content=\"https:\/\/www.oarcanjo.net\/site\/wp-content\/uploads\/logo-o-arcanjo-no-ar-facebook.png\" \/>\n\t<meta property=\"og:image:width\" content=\"300\" \/>\n\t<meta property=\"og:image:height\" content=\"300\" \/>\n\t<meta property=\"og:image:type\" content=\"image\/png\" \/>\n<meta name=\"author\" content=\"Alexandre Nunes\" \/>\n<meta name=\"twitter:card\" content=\"summary_large_image\" \/>\n<meta name=\"twitter:label1\" content=\"Escrito por\" \/>\n\t<meta name=\"twitter:data1\" content=\"Alexandre Nunes\" \/>\n\t<meta name=\"twitter:label2\" content=\"Est. tempo de leitura\" \/>\n\t<meta name=\"twitter:data2\" content=\"6 minutos\" \/>\n<script type=\"application\/ld+json\" class=\"yoast-schema-graph\">{\"@context\":\"https:\/\/schema.org\",\"@graph\":[{\"@type\":\"Article\",\"@id\":\"https:\/\/www.oarcanjo.net\/site\/saude-brasileira-e-compaixao-evangelica\/#article\",\"isPartOf\":{\"@id\":\"https:\/\/www.oarcanjo.net\/site\/saude-brasileira-e-compaixao-evangelica\/\"},\"author\":{\"name\":\"Alexandre Nunes\",\"@id\":\"https:\/\/www.oarcanjo.net\/site\/#\/schema\/person\/0a2ae077c1a09b69d29928e3b9f1c0d1\"},\"headline\":\"Sa\u00fade brasileira e Compaix\u00e3o evang\u00e9lica\",\"datePublished\":\"2012-12-05T23:48:54+00:00\",\"dateModified\":\"2012-12-05T23:48:54+00:00\",\"mainEntityOfPage\":{\"@id\":\"https:\/\/www.oarcanjo.net\/site\/saude-brasileira-e-compaixao-evangelica\/\"},\"wordCount\":1127,\"commentCount\":0,\"publisher\":{\"@id\":\"https:\/\/www.oarcanjo.net\/site\/#organization\"},\"articleSection\":[\"Reflex\u00f5es\"],\"inLanguage\":\"pt-BR\",\"potentialAction\":[{\"@type\":\"CommentAction\",\"name\":\"Comment\",\"target\":[\"https:\/\/www.oarcanjo.net\/site\/saude-brasileira-e-compaixao-evangelica\/#respond\"]}]},{\"@type\":\"WebPage\",\"@id\":\"https:\/\/www.oarcanjo.net\/site\/saude-brasileira-e-compaixao-evangelica\/\",\"url\":\"https:\/\/www.oarcanjo.net\/site\/saude-brasileira-e-compaixao-evangelica\/\",\"name\":\"Sa\u00fade brasileira e Compaix\u00e3o evang\u00e9lica - O Arcanjo no ar\",\"isPartOf\":{\"@id\":\"https:\/\/www.oarcanjo.net\/site\/#website\"},\"datePublished\":\"2012-12-05T23:48:54+00:00\",\"dateModified\":\"2012-12-05T23:48:54+00:00\",\"breadcrumb\":{\"@id\":\"https:\/\/www.oarcanjo.net\/site\/saude-brasileira-e-compaixao-evangelica\/#breadcrumb\"},\"inLanguage\":\"pt-BR\",\"potentialAction\":[{\"@type\":\"ReadAction\",\"target\":[\"https:\/\/www.oarcanjo.net\/site\/saude-brasileira-e-compaixao-evangelica\/\"]}]},{\"@type\":\"BreadcrumbList\",\"@id\":\"https:\/\/www.oarcanjo.net\/site\/saude-brasileira-e-compaixao-evangelica\/#breadcrumb\",\"itemListElement\":[{\"@type\":\"ListItem\",\"position\":1,\"name\":\"In\u00edcio\",\"item\":\"https:\/\/www.oarcanjo.net\/site\/\"},{\"@type\":\"ListItem\",\"position\":2,\"name\":\"Sa\u00fade brasileira e Compaix\u00e3o evang\u00e9lica\"}]},{\"@type\":\"WebSite\",\"@id\":\"https:\/\/www.oarcanjo.net\/site\/#website\",\"url\":\"https:\/\/www.oarcanjo.net\/site\/\",\"name\":\"O Arcanjo no ar\",\"description\":\"Site da Par\u00f3quia S\u00e3o Miguel Arcanjo (Arquidiocese de SP)\",\"publisher\":{\"@id\":\"https:\/\/www.oarcanjo.net\/site\/#organization\"},\"potentialAction\":[{\"@type\":\"SearchAction\",\"target\":{\"@type\":\"EntryPoint\",\"urlTemplate\":\"https:\/\/www.oarcanjo.net\/site\/?s={search_term_string}\"},\"query-input\":{\"@type\":\"PropertyValueSpecification\",\"valueRequired\":true,\"valueName\":\"search_term_string\"}}],\"inLanguage\":\"pt-BR\"},{\"@type\":\"Organization\",\"@id\":\"https:\/\/www.oarcanjo.net\/site\/#organization\",\"name\":\"Par\u00f3quia S\u00e3o Miguel Arcanjo\",\"url\":\"https:\/\/www.oarcanjo.net\/site\/\",\"logo\":{\"@type\":\"ImageObject\",\"inLanguage\":\"pt-BR\",\"@id\":\"https:\/\/www.oarcanjo.net\/site\/#\/schema\/logo\/image\/\",\"url\":\"https:\/\/www.oarcanjo.net\/site\/wp-content\/uploads\/LogoOArcanjo.png\",\"contentUrl\":\"https:\/\/www.oarcanjo.net\/site\/wp-content\/uploads\/LogoOArcanjo.png\",\"width\":319,\"height\":99,\"caption\":\"Par\u00f3quia S\u00e3o Miguel Arcanjo\"},\"image\":{\"@id\":\"https:\/\/www.oarcanjo.net\/site\/#\/schema\/logo\/image\/\"},\"sameAs\":[\"https:\/\/www.facebook.com\/OArcanjoNoAr\/\"]},{\"@type\":\"Person\",\"@id\":\"https:\/\/www.oarcanjo.net\/site\/#\/schema\/person\/0a2ae077c1a09b69d29928e3b9f1c0d1\",\"name\":\"Alexandre Nunes\",\"sameAs\":[\"http:\/\/alexandrenu.com\"]}]}<\/script>\n<!-- \/ Yoast SEO plugin. -->","yoast_head_json":{"title":"Sa\u00fade brasileira e Compaix\u00e3o evang\u00e9lica - O Arcanjo no ar","robots":{"index":"index","follow":"follow","max-snippet":"max-snippet:-1","max-image-preview":"max-image-preview:large","max-video-preview":"max-video-preview:-1"},"canonical":"https:\/\/www.oarcanjo.net\/site\/saude-brasileira-e-compaixao-evangelica\/","og_locale":"pt_BR","og_type":"article","og_title":"Sa\u00fade brasileira e Compaix\u00e3o evang\u00e9lica - O Arcanjo no ar","og_description":"\u201cJesus percorria todas as cidades e povoados, ensinando em suas sinagogas, pregando a Boa Nova do Evangelho, e curando todo tipo de doen\u00e7a e enfermidade. Vendo as multid\u00f5es, Jesus teve compaix\u00e3o, porque estavam cansadas e abatidas, como ovelhas que n\u00e3o t\u00eam pastor\u201d (Mt 9, 35-36). &nbsp; Pe. Alfredo J. Gon\u00e7alves, CS Dor sem rem\u00e9dio, doen\u00e7a [&hellip;]","og_url":"https:\/\/www.oarcanjo.net\/site\/saude-brasileira-e-compaixao-evangelica\/","og_site_name":"O Arcanjo no ar","article_publisher":"https:\/\/www.facebook.com\/OArcanjoNoAr\/","article_published_time":"2012-12-05T23:48:54+00:00","og_image":[{"width":300,"height":300,"url":"https:\/\/www.oarcanjo.net\/site\/wp-content\/uploads\/logo-o-arcanjo-no-ar-facebook.png","type":"image\/png"}],"author":"Alexandre Nunes","twitter_card":"summary_large_image","twitter_misc":{"Escrito por":"Alexandre Nunes","Est. tempo de leitura":"6 minutos"},"schema":{"@context":"https:\/\/schema.org","@graph":[{"@type":"Article","@id":"https:\/\/www.oarcanjo.net\/site\/saude-brasileira-e-compaixao-evangelica\/#article","isPartOf":{"@id":"https:\/\/www.oarcanjo.net\/site\/saude-brasileira-e-compaixao-evangelica\/"},"author":{"name":"Alexandre Nunes","@id":"https:\/\/www.oarcanjo.net\/site\/#\/schema\/person\/0a2ae077c1a09b69d29928e3b9f1c0d1"},"headline":"Sa\u00fade brasileira e Compaix\u00e3o evang\u00e9lica","datePublished":"2012-12-05T23:48:54+00:00","dateModified":"2012-12-05T23:48:54+00:00","mainEntityOfPage":{"@id":"https:\/\/www.oarcanjo.net\/site\/saude-brasileira-e-compaixao-evangelica\/"},"wordCount":1127,"commentCount":0,"publisher":{"@id":"https:\/\/www.oarcanjo.net\/site\/#organization"},"articleSection":["Reflex\u00f5es"],"inLanguage":"pt-BR","potentialAction":[{"@type":"CommentAction","name":"Comment","target":["https:\/\/www.oarcanjo.net\/site\/saude-brasileira-e-compaixao-evangelica\/#respond"]}]},{"@type":"WebPage","@id":"https:\/\/www.oarcanjo.net\/site\/saude-brasileira-e-compaixao-evangelica\/","url":"https:\/\/www.oarcanjo.net\/site\/saude-brasileira-e-compaixao-evangelica\/","name":"Sa\u00fade brasileira e Compaix\u00e3o evang\u00e9lica - O Arcanjo no ar","isPartOf":{"@id":"https:\/\/www.oarcanjo.net\/site\/#website"},"datePublished":"2012-12-05T23:48:54+00:00","dateModified":"2012-12-05T23:48:54+00:00","breadcrumb":{"@id":"https:\/\/www.oarcanjo.net\/site\/saude-brasileira-e-compaixao-evangelica\/#breadcrumb"},"inLanguage":"pt-BR","potentialAction":[{"@type":"ReadAction","target":["https:\/\/www.oarcanjo.net\/site\/saude-brasileira-e-compaixao-evangelica\/"]}]},{"@type":"BreadcrumbList","@id":"https:\/\/www.oarcanjo.net\/site\/saude-brasileira-e-compaixao-evangelica\/#breadcrumb","itemListElement":[{"@type":"ListItem","position":1,"name":"In\u00edcio","item":"https:\/\/www.oarcanjo.net\/site\/"},{"@type":"ListItem","position":2,"name":"Sa\u00fade brasileira e Compaix\u00e3o evang\u00e9lica"}]},{"@type":"WebSite","@id":"https:\/\/www.oarcanjo.net\/site\/#website","url":"https:\/\/www.oarcanjo.net\/site\/","name":"O Arcanjo no ar","description":"Site da Par\u00f3quia S\u00e3o Miguel Arcanjo (Arquidiocese de SP)","publisher":{"@id":"https:\/\/www.oarcanjo.net\/site\/#organization"},"potentialAction":[{"@type":"SearchAction","target":{"@type":"EntryPoint","urlTemplate":"https:\/\/www.oarcanjo.net\/site\/?s={search_term_string}"},"query-input":{"@type":"PropertyValueSpecification","valueRequired":true,"valueName":"search_term_string"}}],"inLanguage":"pt-BR"},{"@type":"Organization","@id":"https:\/\/www.oarcanjo.net\/site\/#organization","name":"Par\u00f3quia S\u00e3o Miguel Arcanjo","url":"https:\/\/www.oarcanjo.net\/site\/","logo":{"@type":"ImageObject","inLanguage":"pt-BR","@id":"https:\/\/www.oarcanjo.net\/site\/#\/schema\/logo\/image\/","url":"https:\/\/www.oarcanjo.net\/site\/wp-content\/uploads\/LogoOArcanjo.png","contentUrl":"https:\/\/www.oarcanjo.net\/site\/wp-content\/uploads\/LogoOArcanjo.png","width":319,"height":99,"caption":"Par\u00f3quia S\u00e3o Miguel Arcanjo"},"image":{"@id":"https:\/\/www.oarcanjo.net\/site\/#\/schema\/logo\/image\/"},"sameAs":["https:\/\/www.facebook.com\/OArcanjoNoAr\/"]},{"@type":"Person","@id":"https:\/\/www.oarcanjo.net\/site\/#\/schema\/person\/0a2ae077c1a09b69d29928e3b9f1c0d1","name":"Alexandre Nunes","sameAs":["http:\/\/alexandrenu.com"]}]}},"publishpress_future_action":{"enabled":false,"date":"2026-05-09 09:04:02","action":"category","newStatus":"draft","terms":[],"taxonomy":"category"},"publishpress_future_workflow_manual_trigger":{"enabledWorkflows":[]},"_links":{"self":[{"href":"https:\/\/www.oarcanjo.net\/site\/wp-json\/wp\/v2\/posts\/20116"}],"collection":[{"href":"https:\/\/www.oarcanjo.net\/site\/wp-json\/wp\/v2\/posts"}],"about":[{"href":"https:\/\/www.oarcanjo.net\/site\/wp-json\/wp\/v2\/types\/post"}],"author":[{"embeddable":true,"href":"https:\/\/www.oarcanjo.net\/site\/wp-json\/wp\/v2\/users\/15"}],"replies":[{"embeddable":true,"href":"https:\/\/www.oarcanjo.net\/site\/wp-json\/wp\/v2\/comments?post=20116"}],"version-history":[{"count":0,"href":"https:\/\/www.oarcanjo.net\/site\/wp-json\/wp\/v2\/posts\/20116\/revisions"}],"wp:attachment":[{"href":"https:\/\/www.oarcanjo.net\/site\/wp-json\/wp\/v2\/media?parent=20116"}],"wp:term":[{"taxonomy":"category","embeddable":true,"href":"https:\/\/www.oarcanjo.net\/site\/wp-json\/wp\/v2\/categories?post=20116"},{"taxonomy":"post_tag","embeddable":true,"href":"https:\/\/www.oarcanjo.net\/site\/wp-json\/wp\/v2\/tags?post=20116"}],"curies":[{"name":"wp","href":"https:\/\/api.w.org\/{rel}","templated":true}]}}