
{"id":20118,"date":"2012-12-07T13:15:41","date_gmt":"2012-12-07T15:15:41","guid":{"rendered":"http:\/\/www.oarcanjo.net\/site\/?p=20118"},"modified":"2012-12-07T13:15:41","modified_gmt":"2012-12-07T15:15:41","slug":"alegrai-vos-sempre-no-senhor-dom-sergio","status":"publish","type":"post","link":"https:\/\/www.oarcanjo.net\/site\/alegrai-vos-sempre-no-senhor-dom-sergio\/","title":{"rendered":"Alegrai-vos sempre no Senhor! &#8211; Dom Sergio"},"content":{"rendered":"<h3><\/h3>\n<div>\n<h3>\nDom Sergio da Rocha*<\/h3>\n<div>\n<div><a href=\"http:\/\/4.bp.blogspot.com\/-J8mx2Xz8MbY\/UMIG7_ZJayI\/AAAAAAAAQrg\/BVPdjxr9SBs\/s1600\/Dom+Sergio2.png\"><img loading=\"lazy\" decoding=\"async\" src=\"http:\/\/4.bp.blogspot.com\/-J8mx2Xz8MbY\/UMIG7_ZJayI\/AAAAAAAAQrg\/BVPdjxr9SBs\/s200\/Dom+Sergio2.png\" border=\"0\" alt=\"\" width=\"198\" height=\"200\" \/><\/a><\/div>\n<div>O terceiro Domingo do Advento \u00e9 denominado Domingo \u201cGaudete\u201d, geralmente chamado \u201cDomingo da Alegria\u201d. A palavra latina\u00a0<em>gaudete<\/em> \u00e9 tomada da ant\u00edfona de entrada da missa: \u201cGaudete in Domino\u201d, isto \u00e9, \u201cAlegrai-vos no Senhor\u201d, extra\u00edda da Carta de S. Paulo aos Filipenses (Fl 4,4s), que se completa com a afirma\u00e7\u00e3o \u201cO Senhor est\u00e1 perto\u201d, indicando a raz\u00e3o de ser dessa alegria. Por isso, nas celebra\u00e7\u00f5es lit\u00fargicas deste domingo, pode-se utilizar a cor r\u00f3sea para melhor exprimir a alegria que acompanha a espera do Senhor.<\/div>\n<div>O profeta Sofonias anuncia ao povo de Israel: \u201cCanta de alegria! Rejubila-te! Alegra-te e exulta de todo o cora\u00e7\u00e3o!\u201d (Sf 3,14), completando, a seguir: \u201cN\u00e3o temas, n\u00e3o te deixes levar pelo des\u00e2nimo!\u201d (Sf 3,16). O profeta explica a raz\u00e3o de ser desta alegria: \u201cO Senhor, teu Deus est\u00e1 no meio de ti, o valente guerreiro que te salva\u201d. A presen\u00e7a de Deus no cora\u00e7\u00e3o e na vida \u00e9 sempre motivo de alegria e de paz.<\/div>\n<div>S\u00e3o Paulo, escrevendo aos Filipenses, tamb\u00e9m convida a alegria. \u201cAlegrai-vos sempre no Senhor; eu repito, alegrai-vos\u201d (Fl 4,4-7), pois o Senhor est\u00e1 chegando. Tal alegria deve ser acompanhada da confian\u00e7a em Deus e da bondade para com todos. Afirma o Ap\u00f3stolo: \u201cQue a vossa bondade seja conhecida de todos!\u201d; \u201cn\u00e3o vos inquieteis com coisa alguma, mas apresentai as vossas necessidades a Deus\u201d, atrav\u00e9s de s\u00faplicas e a\u00e7\u00e3o de gra\u00e7as. Neste Advento, temos a oportunidade de fazer a experi\u00eancia da alegria que brota da ora\u00e7\u00e3o confiante em Deus e da bondade para com as pessoas.<\/div>\n<div>A Liturgia da Palavra continua a por em relevo a figura de Jo\u00e3o Batista, destacando o convite \u00e0 convers\u00e3o dirigido a todos que o procuravam. \u201cQue devemos fazer?\u201d, perguntavam as pessoas a Jo\u00e3o (Lc 3,10). O relato segundo S. Lucas destaca que o chamado \u00e0 convers\u00e3o, feito por Jo\u00e3o Batista, com humildade e coragem, se dirige a todos e de forma bastante concreta, destacando as exig\u00eancias da partilha, da simplicidade, da honestidade e da verdade. Isso nos faz pensar que n\u00e3o basta o sentimento de convers\u00e3o ou apenas uma inten\u00e7\u00e3o geral de se converter; \u00e9 necess\u00e1rio atitudes concretas. Por isso, diante de Deus, tamb\u00e9m devemos nos perguntar: \u201cque devemos fazer?\u201d, dando passos concretos de convers\u00e3o e vida nova em Cristo.<\/div>\n<div>Em todo o Brasil, neste domingo, realiza-se a coleta nacional da\u00a0<em>Campanha para a Evangeliza\u00e7\u00e3o, <\/em>destinada a promo\u00e7\u00e3o e a sustenta\u00e7\u00e3o da a\u00e7\u00e3o evangelizadora da Igreja. Todos n\u00f3s somos respons\u00e1veis pela evangeliza\u00e7\u00e3o! Por isso, al\u00e9m da ora\u00e7\u00e3o e da participa\u00e7\u00e3o nas iniciativas pastorais da Igreja, somos convidados a oferecer tamb\u00e9m a nossa colabora\u00e7\u00e3o representada por essa coleta especial.<\/div>\n<p>*Arcebispo Metropolitano de Bras\u00edlia<\/p><\/div>\n<\/div>\n<div>\n<div>Postado por\u00a0<a title=\"author profile\" rel=\"author\" href=\"http:\/\/www.blogger.com\/profile\/12037961757835243213\">Par\u00f3quia de Santo Afonso <\/a><\/div>\n<\/div>\n<p>&nbsp;<\/p>\n<div id=\"themify_builder_content-20118\" data-postid=\"20118\" class=\"themify_builder_content themify_builder_content-20118 themify_builder themify_builder_front\">\n\t<\/div>\n<!-- \/themify_builder_content -->","protected":false},"excerpt":{"rendered":"<p>Dom Sergio da Rocha* O terceiro Domingo do Advento \u00e9 denominado Domingo \u201cGaudete\u201d, geralmente chamado \u201cDomingo da Alegria\u201d. A palavra latina\u00a0gaudete \u00e9 tomada da ant\u00edfona de entrada da missa: \u201cGaudete in Domino\u201d, isto \u00e9, \u201cAlegrai-vos no Senhor\u201d, extra\u00edda da Carta de S. Paulo aos Filipenses (Fl 4,4s), que se completa com a afirma\u00e7\u00e3o \u201cO Senhor [&hellip;]<\/p>\n","protected":false},"author":17,"featured_media":0,"comment_status":"open","ping_status":"open","sticky":false,"template":"","format":"standard","meta":{"ngg_post_thumbnail":0,"footnotes":""},"categories":[9],"tags":[],"yoast_head":"<!-- This site is optimized with the Yoast SEO plugin v23.5 - https:\/\/yoast.com\/wordpress\/plugins\/seo\/ -->\n<title>Alegrai-vos sempre no Senhor! - Dom Sergio - O Arcanjo no ar<\/title>\n<meta name=\"robots\" content=\"index, follow, max-snippet:-1, max-image-preview:large, max-video-preview:-1\" \/>\n<link rel=\"canonical\" href=\"https:\/\/www.oarcanjo.net\/site\/alegrai-vos-sempre-no-senhor-dom-sergio\/\" \/>\n<meta property=\"og:locale\" content=\"pt_BR\" \/>\n<meta property=\"og:type\" content=\"article\" \/>\n<meta property=\"og:title\" content=\"Alegrai-vos sempre no Senhor! - Dom Sergio - O Arcanjo no ar\" \/>\n<meta property=\"og:description\" content=\"Dom Sergio da Rocha* O terceiro Domingo do Advento \u00e9 denominado Domingo \u201cGaudete\u201d, geralmente chamado \u201cDomingo da Alegria\u201d. A palavra latina\u00a0gaudete \u00e9 tomada da ant\u00edfona de entrada da missa: \u201cGaudete in Domino\u201d, isto \u00e9, \u201cAlegrai-vos no Senhor\u201d, extra\u00edda da Carta de S. Paulo aos Filipenses (Fl 4,4s), que se completa com a afirma\u00e7\u00e3o \u201cO Senhor [&hellip;]\" \/>\n<meta property=\"og:url\" content=\"https:\/\/www.oarcanjo.net\/site\/alegrai-vos-sempre-no-senhor-dom-sergio\/\" \/>\n<meta property=\"og:site_name\" content=\"O Arcanjo no ar\" \/>\n<meta property=\"article:publisher\" content=\"https:\/\/www.facebook.com\/OArcanjoNoAr\/\" \/>\n<meta property=\"article:published_time\" content=\"2012-12-07T15:15:41+00:00\" \/>\n<meta property=\"og:image\" content=\"http:\/\/4.bp.blogspot.com\/-J8mx2Xz8MbY\/UMIG7_ZJayI\/AAAAAAAAQrg\/BVPdjxr9SBs\/s200\/Dom+Sergio2.png\" \/>\n<meta name=\"author\" content=\"pe.geovane\" \/>\n<meta name=\"twitter:card\" content=\"summary_large_image\" \/>\n<meta name=\"twitter:label1\" content=\"Escrito por\" \/>\n\t<meta name=\"twitter:data1\" content=\"pe.geovane\" \/>\n\t<meta name=\"twitter:label2\" content=\"Est. tempo de leitura\" \/>\n\t<meta name=\"twitter:data2\" content=\"2 minutos\" \/>\n<script type=\"application\/ld+json\" class=\"yoast-schema-graph\">{\"@context\":\"https:\/\/schema.org\",\"@graph\":[{\"@type\":\"Article\",\"@id\":\"https:\/\/www.oarcanjo.net\/site\/alegrai-vos-sempre-no-senhor-dom-sergio\/#article\",\"isPartOf\":{\"@id\":\"https:\/\/www.oarcanjo.net\/site\/alegrai-vos-sempre-no-senhor-dom-sergio\/\"},\"author\":{\"name\":\"pe.geovane\",\"@id\":\"https:\/\/www.oarcanjo.net\/site\/#\/schema\/person\/58d7f78850a973b8e467c7ae4a7eb4ad\"},\"headline\":\"Alegrai-vos sempre no Senhor! &#8211; Dom Sergio\",\"datePublished\":\"2012-12-07T15:15:41+00:00\",\"dateModified\":\"2012-12-07T15:15:41+00:00\",\"mainEntityOfPage\":{\"@id\":\"https:\/\/www.oarcanjo.net\/site\/alegrai-vos-sempre-no-senhor-dom-sergio\/\"},\"wordCount\":494,\"commentCount\":0,\"publisher\":{\"@id\":\"https:\/\/www.oarcanjo.net\/site\/#organization\"},\"image\":{\"@id\":\"https:\/\/www.oarcanjo.net\/site\/alegrai-vos-sempre-no-senhor-dom-sergio\/#primaryimage\"},\"thumbnailUrl\":\"http:\/\/4.bp.blogspot.com\/-J8mx2Xz8MbY\/UMIG7_ZJayI\/AAAAAAAAQrg\/BVPdjxr9SBs\/s200\/Dom+Sergio2.png\",\"articleSection\":[\"Reflex\u00f5es\"],\"inLanguage\":\"pt-BR\",\"potentialAction\":[{\"@type\":\"CommentAction\",\"name\":\"Comment\",\"target\":[\"https:\/\/www.oarcanjo.net\/site\/alegrai-vos-sempre-no-senhor-dom-sergio\/#respond\"]}]},{\"@type\":\"WebPage\",\"@id\":\"https:\/\/www.oarcanjo.net\/site\/alegrai-vos-sempre-no-senhor-dom-sergio\/\",\"url\":\"https:\/\/www.oarcanjo.net\/site\/alegrai-vos-sempre-no-senhor-dom-sergio\/\",\"name\":\"Alegrai-vos sempre no Senhor! - Dom Sergio - O Arcanjo no ar\",\"isPartOf\":{\"@id\":\"https:\/\/www.oarcanjo.net\/site\/#website\"},\"primaryImageOfPage\":{\"@id\":\"https:\/\/www.oarcanjo.net\/site\/alegrai-vos-sempre-no-senhor-dom-sergio\/#primaryimage\"},\"image\":{\"@id\":\"https:\/\/www.oarcanjo.net\/site\/alegrai-vos-sempre-no-senhor-dom-sergio\/#primaryimage\"},\"thumbnailUrl\":\"http:\/\/4.bp.blogspot.com\/-J8mx2Xz8MbY\/UMIG7_ZJayI\/AAAAAAAAQrg\/BVPdjxr9SBs\/s200\/Dom+Sergio2.png\",\"datePublished\":\"2012-12-07T15:15:41+00:00\",\"dateModified\":\"2012-12-07T15:15:41+00:00\",\"breadcrumb\":{\"@id\":\"https:\/\/www.oarcanjo.net\/site\/alegrai-vos-sempre-no-senhor-dom-sergio\/#breadcrumb\"},\"inLanguage\":\"pt-BR\",\"potentialAction\":[{\"@type\":\"ReadAction\",\"target\":[\"https:\/\/www.oarcanjo.net\/site\/alegrai-vos-sempre-no-senhor-dom-sergio\/\"]}]},{\"@type\":\"ImageObject\",\"inLanguage\":\"pt-BR\",\"@id\":\"https:\/\/www.oarcanjo.net\/site\/alegrai-vos-sempre-no-senhor-dom-sergio\/#primaryimage\",\"url\":\"http:\/\/4.bp.blogspot.com\/-J8mx2Xz8MbY\/UMIG7_ZJayI\/AAAAAAAAQrg\/BVPdjxr9SBs\/s200\/Dom+Sergio2.png\",\"contentUrl\":\"http:\/\/4.bp.blogspot.com\/-J8mx2Xz8MbY\/UMIG7_ZJayI\/AAAAAAAAQrg\/BVPdjxr9SBs\/s200\/Dom+Sergio2.png\"},{\"@type\":\"BreadcrumbList\",\"@id\":\"https:\/\/www.oarcanjo.net\/site\/alegrai-vos-sempre-no-senhor-dom-sergio\/#breadcrumb\",\"itemListElement\":[{\"@type\":\"ListItem\",\"position\":1,\"name\":\"In\u00edcio\",\"item\":\"https:\/\/www.oarcanjo.net\/site\/\"},{\"@type\":\"ListItem\",\"position\":2,\"name\":\"Alegrai-vos sempre no Senhor! &#8211; Dom Sergio\"}]},{\"@type\":\"WebSite\",\"@id\":\"https:\/\/www.oarcanjo.net\/site\/#website\",\"url\":\"https:\/\/www.oarcanjo.net\/site\/\",\"name\":\"O Arcanjo no ar\",\"description\":\"Site da Par\u00f3quia S\u00e3o Miguel Arcanjo (Arquidiocese de SP)\",\"publisher\":{\"@id\":\"https:\/\/www.oarcanjo.net\/site\/#organization\"},\"potentialAction\":[{\"@type\":\"SearchAction\",\"target\":{\"@type\":\"EntryPoint\",\"urlTemplate\":\"https:\/\/www.oarcanjo.net\/site\/?s={search_term_string}\"},\"query-input\":{\"@type\":\"PropertyValueSpecification\",\"valueRequired\":true,\"valueName\":\"search_term_string\"}}],\"inLanguage\":\"pt-BR\"},{\"@type\":\"Organization\",\"@id\":\"https:\/\/www.oarcanjo.net\/site\/#organization\",\"name\":\"Par\u00f3quia S\u00e3o Miguel Arcanjo\",\"url\":\"https:\/\/www.oarcanjo.net\/site\/\",\"logo\":{\"@type\":\"ImageObject\",\"inLanguage\":\"pt-BR\",\"@id\":\"https:\/\/www.oarcanjo.net\/site\/#\/schema\/logo\/image\/\",\"url\":\"https:\/\/www.oarcanjo.net\/site\/wp-content\/uploads\/LogoOArcanjo.png\",\"contentUrl\":\"https:\/\/www.oarcanjo.net\/site\/wp-content\/uploads\/LogoOArcanjo.png\",\"width\":319,\"height\":99,\"caption\":\"Par\u00f3quia S\u00e3o Miguel Arcanjo\"},\"image\":{\"@id\":\"https:\/\/www.oarcanjo.net\/site\/#\/schema\/logo\/image\/\"},\"sameAs\":[\"https:\/\/www.facebook.com\/OArcanjoNoAr\/\"]},{\"@type\":\"Person\",\"@id\":\"https:\/\/www.oarcanjo.net\/site\/#\/schema\/person\/58d7f78850a973b8e467c7ae4a7eb4ad\",\"name\":\"pe.geovane\"}]}<\/script>\n<!-- \/ Yoast SEO plugin. -->","yoast_head_json":{"title":"Alegrai-vos sempre no Senhor! - Dom Sergio - O Arcanjo no ar","robots":{"index":"index","follow":"follow","max-snippet":"max-snippet:-1","max-image-preview":"max-image-preview:large","max-video-preview":"max-video-preview:-1"},"canonical":"https:\/\/www.oarcanjo.net\/site\/alegrai-vos-sempre-no-senhor-dom-sergio\/","og_locale":"pt_BR","og_type":"article","og_title":"Alegrai-vos sempre no Senhor! - Dom Sergio - O Arcanjo no ar","og_description":"Dom Sergio da Rocha* O terceiro Domingo do Advento \u00e9 denominado Domingo \u201cGaudete\u201d, geralmente chamado \u201cDomingo da Alegria\u201d. A palavra latina\u00a0gaudete \u00e9 tomada da ant\u00edfona de entrada da missa: \u201cGaudete in Domino\u201d, isto \u00e9, \u201cAlegrai-vos no Senhor\u201d, extra\u00edda da Carta de S. Paulo aos Filipenses (Fl 4,4s), que se completa com a afirma\u00e7\u00e3o \u201cO Senhor [&hellip;]","og_url":"https:\/\/www.oarcanjo.net\/site\/alegrai-vos-sempre-no-senhor-dom-sergio\/","og_site_name":"O Arcanjo no ar","article_publisher":"https:\/\/www.facebook.com\/OArcanjoNoAr\/","article_published_time":"2012-12-07T15:15:41+00:00","og_image":[{"url":"http:\/\/4.bp.blogspot.com\/-J8mx2Xz8MbY\/UMIG7_ZJayI\/AAAAAAAAQrg\/BVPdjxr9SBs\/s200\/Dom+Sergio2.png"}],"author":"pe.geovane","twitter_card":"summary_large_image","twitter_misc":{"Escrito por":"pe.geovane","Est. tempo de leitura":"2 minutos"},"schema":{"@context":"https:\/\/schema.org","@graph":[{"@type":"Article","@id":"https:\/\/www.oarcanjo.net\/site\/alegrai-vos-sempre-no-senhor-dom-sergio\/#article","isPartOf":{"@id":"https:\/\/www.oarcanjo.net\/site\/alegrai-vos-sempre-no-senhor-dom-sergio\/"},"author":{"name":"pe.geovane","@id":"https:\/\/www.oarcanjo.net\/site\/#\/schema\/person\/58d7f78850a973b8e467c7ae4a7eb4ad"},"headline":"Alegrai-vos sempre no Senhor! &#8211; Dom Sergio","datePublished":"2012-12-07T15:15:41+00:00","dateModified":"2012-12-07T15:15:41+00:00","mainEntityOfPage":{"@id":"https:\/\/www.oarcanjo.net\/site\/alegrai-vos-sempre-no-senhor-dom-sergio\/"},"wordCount":494,"commentCount":0,"publisher":{"@id":"https:\/\/www.oarcanjo.net\/site\/#organization"},"image":{"@id":"https:\/\/www.oarcanjo.net\/site\/alegrai-vos-sempre-no-senhor-dom-sergio\/#primaryimage"},"thumbnailUrl":"http:\/\/4.bp.blogspot.com\/-J8mx2Xz8MbY\/UMIG7_ZJayI\/AAAAAAAAQrg\/BVPdjxr9SBs\/s200\/Dom+Sergio2.png","articleSection":["Reflex\u00f5es"],"inLanguage":"pt-BR","potentialAction":[{"@type":"CommentAction","name":"Comment","target":["https:\/\/www.oarcanjo.net\/site\/alegrai-vos-sempre-no-senhor-dom-sergio\/#respond"]}]},{"@type":"WebPage","@id":"https:\/\/www.oarcanjo.net\/site\/alegrai-vos-sempre-no-senhor-dom-sergio\/","url":"https:\/\/www.oarcanjo.net\/site\/alegrai-vos-sempre-no-senhor-dom-sergio\/","name":"Alegrai-vos sempre no Senhor! - Dom Sergio - O Arcanjo no ar","isPartOf":{"@id":"https:\/\/www.oarcanjo.net\/site\/#website"},"primaryImageOfPage":{"@id":"https:\/\/www.oarcanjo.net\/site\/alegrai-vos-sempre-no-senhor-dom-sergio\/#primaryimage"},"image":{"@id":"https:\/\/www.oarcanjo.net\/site\/alegrai-vos-sempre-no-senhor-dom-sergio\/#primaryimage"},"thumbnailUrl":"http:\/\/4.bp.blogspot.com\/-J8mx2Xz8MbY\/UMIG7_ZJayI\/AAAAAAAAQrg\/BVPdjxr9SBs\/s200\/Dom+Sergio2.png","datePublished":"2012-12-07T15:15:41+00:00","dateModified":"2012-12-07T15:15:41+00:00","breadcrumb":{"@id":"https:\/\/www.oarcanjo.net\/site\/alegrai-vos-sempre-no-senhor-dom-sergio\/#breadcrumb"},"inLanguage":"pt-BR","potentialAction":[{"@type":"ReadAction","target":["https:\/\/www.oarcanjo.net\/site\/alegrai-vos-sempre-no-senhor-dom-sergio\/"]}]},{"@type":"ImageObject","inLanguage":"pt-BR","@id":"https:\/\/www.oarcanjo.net\/site\/alegrai-vos-sempre-no-senhor-dom-sergio\/#primaryimage","url":"http:\/\/4.bp.blogspot.com\/-J8mx2Xz8MbY\/UMIG7_ZJayI\/AAAAAAAAQrg\/BVPdjxr9SBs\/s200\/Dom+Sergio2.png","contentUrl":"http:\/\/4.bp.blogspot.com\/-J8mx2Xz8MbY\/UMIG7_ZJayI\/AAAAAAAAQrg\/BVPdjxr9SBs\/s200\/Dom+Sergio2.png"},{"@type":"BreadcrumbList","@id":"https:\/\/www.oarcanjo.net\/site\/alegrai-vos-sempre-no-senhor-dom-sergio\/#breadcrumb","itemListElement":[{"@type":"ListItem","position":1,"name":"In\u00edcio","item":"https:\/\/www.oarcanjo.net\/site\/"},{"@type":"ListItem","position":2,"name":"Alegrai-vos sempre no Senhor! &#8211; Dom Sergio"}]},{"@type":"WebSite","@id":"https:\/\/www.oarcanjo.net\/site\/#website","url":"https:\/\/www.oarcanjo.net\/site\/","name":"O Arcanjo no ar","description":"Site da Par\u00f3quia S\u00e3o Miguel Arcanjo (Arquidiocese de SP)","publisher":{"@id":"https:\/\/www.oarcanjo.net\/site\/#organization"},"potentialAction":[{"@type":"SearchAction","target":{"@type":"EntryPoint","urlTemplate":"https:\/\/www.oarcanjo.net\/site\/?s={search_term_string}"},"query-input":{"@type":"PropertyValueSpecification","valueRequired":true,"valueName":"search_term_string"}}],"inLanguage":"pt-BR"},{"@type":"Organization","@id":"https:\/\/www.oarcanjo.net\/site\/#organization","name":"Par\u00f3quia S\u00e3o Miguel Arcanjo","url":"https:\/\/www.oarcanjo.net\/site\/","logo":{"@type":"ImageObject","inLanguage":"pt-BR","@id":"https:\/\/www.oarcanjo.net\/site\/#\/schema\/logo\/image\/","url":"https:\/\/www.oarcanjo.net\/site\/wp-content\/uploads\/LogoOArcanjo.png","contentUrl":"https:\/\/www.oarcanjo.net\/site\/wp-content\/uploads\/LogoOArcanjo.png","width":319,"height":99,"caption":"Par\u00f3quia S\u00e3o Miguel Arcanjo"},"image":{"@id":"https:\/\/www.oarcanjo.net\/site\/#\/schema\/logo\/image\/"},"sameAs":["https:\/\/www.facebook.com\/OArcanjoNoAr\/"]},{"@type":"Person","@id":"https:\/\/www.oarcanjo.net\/site\/#\/schema\/person\/58d7f78850a973b8e467c7ae4a7eb4ad","name":"pe.geovane"}]}},"publishpress_future_action":{"enabled":false,"date":"2026-05-09 08:53:30","action":"category","newStatus":"draft","terms":[],"taxonomy":"category"},"publishpress_future_workflow_manual_trigger":{"enabledWorkflows":[]},"_links":{"self":[{"href":"https:\/\/www.oarcanjo.net\/site\/wp-json\/wp\/v2\/posts\/20118"}],"collection":[{"href":"https:\/\/www.oarcanjo.net\/site\/wp-json\/wp\/v2\/posts"}],"about":[{"href":"https:\/\/www.oarcanjo.net\/site\/wp-json\/wp\/v2\/types\/post"}],"author":[{"embeddable":true,"href":"https:\/\/www.oarcanjo.net\/site\/wp-json\/wp\/v2\/users\/17"}],"replies":[{"embeddable":true,"href":"https:\/\/www.oarcanjo.net\/site\/wp-json\/wp\/v2\/comments?post=20118"}],"version-history":[{"count":0,"href":"https:\/\/www.oarcanjo.net\/site\/wp-json\/wp\/v2\/posts\/20118\/revisions"}],"wp:attachment":[{"href":"https:\/\/www.oarcanjo.net\/site\/wp-json\/wp\/v2\/media?parent=20118"}],"wp:term":[{"taxonomy":"category","embeddable":true,"href":"https:\/\/www.oarcanjo.net\/site\/wp-json\/wp\/v2\/categories?post=20118"},{"taxonomy":"post_tag","embeddable":true,"href":"https:\/\/www.oarcanjo.net\/site\/wp-json\/wp\/v2\/tags?post=20118"}],"curies":[{"name":"wp","href":"https:\/\/api.w.org\/{rel}","templated":true}]}}