
{"id":20121,"date":"2012-12-07T13:21:08","date_gmt":"2012-12-07T15:21:08","guid":{"rendered":"http:\/\/www.oarcanjo.net\/site\/?p=20121"},"modified":"2012-12-10T09:23:20","modified_gmt":"2012-12-10T11:23:20","slug":"cantores-da-estrela-abrem-assembleia-da-infancia-e-adolescencia-missionaria","status":"publish","type":"post","link":"https:\/\/www.oarcanjo.net\/site\/cantores-da-estrela-abrem-assembleia-da-infancia-e-adolescencia-missionaria\/","title":{"rendered":"\u201cCantores da Estrela\u201d abrem Assembleia da Inf\u00e2ncia e Adolesc\u00eancia Mission\u00e1ria"},"content":{"rendered":"<p>Jaime C. Patias<br \/>\n<img loading=\"lazy\" decoding=\"async\" src=\"http:\/\/www.revistamissoes.org.br\/public\/tbnail\/?c=false&amp;w=610&amp;h=348&amp;f=..\/..\/\/public\/images\/mcefiles\/images\/1222abertura_iam.jpg\" border=\"0\" alt=\"\" width=\"400\" height=\"228\" \/><\/p>\n<p>Uma apresenta\u00e7\u00e3o denominada &#8220;Cantores da Estrela&#8221; abriu, na noite desta quinta-feira, 06, a 17\u00aa Assembleia Nacional da Inf\u00e2ncia e Adolesc\u00eancia Mission\u00e1ria (IAM), que re\u00fane na sede das Pontif\u00edcias Obras Mission\u00e1rias (POM), em Bras\u00edlia (DF), 30 coordenadores estaduais da Obra de todo o pa\u00eds.<\/p>\n<p>Crian\u00e7as e adolescentes da comunidade S\u00e3o Luiz Gonzaga pertencente \u00e0 Par\u00f3quia S\u00e3o Jo\u00e3o Batista do Gama (DF) demonstraram uma experi\u00eancia inusitada no Brasil e muito popular na Alemanha conhecida como &#8220;Cantores da Estrela&#8221;. Nela, as crian\u00e7as e adolescentes visitam fam\u00edlias onde anunciam o nascimento do Menino Jesus, rezam, cantam e coletam ofertas para as crian\u00e7as que sofrem em todo o mundo.<\/p>\n<p><img loading=\"lazy\" decoding=\"async\" style=\"text-align: justify;\" src=\"http:\/\/www.revistamissoes.org.br\/public\/tbnail\/?c=false&amp;w=308&amp;h=204&amp;f=..\/..\/\/public\/images\/mcefiles\/images\/1cantores_da_estrela.jpg\" alt=\"\" width=\"308\" height=\"204\" \/><\/p>\n<p>Segundo padre Andr\u00e9 Luiz de Negreiros, Secret\u00e1rio da Obra no Brasil e coordenador da Assembleia, &#8220;a experi\u00eancia da IAM na Alemanha se tornou a maior iniciativa de solidariedade realizada por crian\u00e7as e adolescentes em todo o mundo, em favor dos menores necessitados&#8221;. Na a\u00e7\u00e3o, personagens como Maria, Jos\u00e9 e os Reis Magos recordam diversas realidades vividas pelas crian\u00e7as e adolescentes, tais como, a dos ind\u00edgenas, quilombolas, sem-terra, crian\u00e7as em situa\u00e7\u00e3o de rua, sujeitas ao trabalho infantil ou abandonadas.<\/p>\n<p>Ao saudar os participantes no in\u00edcio dos trabalhos, padre Camilo Pauletti, diretor Nacional das POM, manifestou o desejo de que o Encontro propicie &#8220;um momento de partilha e reflex\u00e3o renovando o esp\u00edrito mission\u00e1rio. Gostar\u00edamos que aproveitassem bem a Assembleia colaborando para o seu bom andamento&#8221; afirmou. &#8220;Percebe-se que na coordena\u00e7\u00e3o dos Regionais, as mulheres s\u00e3o a maioria o que representa uma grande for\u00e7a na Igreja&#8221;, observou.<br \/>\n<img loading=\"lazy\" decoding=\"async\" src=\"http:\/\/www.revistamissoes.org.br\/public\/tbnail\/?c=false&amp;w=229&amp;h=185&amp;f=..\/..\/\/public\/images\/mcefiles\/images\/1cantores_da_estrel2.jpg\" alt=\"\" width=\"229\" height=\"185\" \/><\/p>\n<p>Irm\u00e3 Dirce Gomes, assessora da Comiss\u00e3o para A\u00e7\u00e3o Mission\u00e1ria da CNBB manifestou sua alegria pela caminhada da IAM no Brasil. &#8220;Foi com a IAM que aprendi a vivenciar a voca\u00e7\u00e3o mission\u00e1ria recebida no batismo. Desejo a todos uma feliz e aben\u00e7oada Assembleia para sermos sempre mais amigas de todas as crian\u00e7as do mundo. Como Igreja, estamos felizes pela vossa caminhada, pois nos Regionais da CNBB sentimos a for\u00e7a da IAM na anima\u00e7\u00e3o mission\u00e1ria&#8221;, destacou.<\/p>\n<p>Na manh\u00e3 desta sexta-feira, 7, dom Leonardo Ulrich Steiner, Secret\u00e1rio Geral da CNBB presidiu a missa e deixou uma mensagem aos participantes. Os trabalhos prosseguem com um momento de espiritualidade orientado Dom Eduardo Zielski, bispo de Campo Maior (PI) e referencial para a dimens\u00e3o mission\u00e1ria no estado do Piau\u00ed.<\/p>\n<p>Fonte: www.pom.org.br<\/p>\n<p>Postado por\u00a0<a title=\"author profile\" rel=\"author\" href=\"http:\/\/www.blogger.com\/profile\/12037961757835243213\">Par\u00f3quia de Santo Afonso<\/a><\/p>\n<div id=\"themify_builder_content-20121\" data-postid=\"20121\" class=\"themify_builder_content themify_builder_content-20121 themify_builder themify_builder_front\">\n\t<\/div>\n<!-- \/themify_builder_content -->","protected":false},"excerpt":{"rendered":"<p>Jaime C. Patias Uma apresenta\u00e7\u00e3o denominada &#8220;Cantores da Estrela&#8221; abriu, na noite desta quinta-feira, 06, a 17\u00aa Assembleia Nacional da Inf\u00e2ncia e Adolesc\u00eancia Mission\u00e1ria (IAM), que re\u00fane na sede das Pontif\u00edcias Obras Mission\u00e1rias (POM), em Bras\u00edlia (DF), 30 coordenadores estaduais da Obra de todo o pa\u00eds. Crian\u00e7as e adolescentes da comunidade S\u00e3o Luiz Gonzaga pertencente [&hellip;]<\/p>\n","protected":false},"author":17,"featured_media":0,"comment_status":"open","ping_status":"open","sticky":false,"template":"","format":"standard","meta":{"ngg_post_thumbnail":0,"footnotes":""},"categories":[8],"tags":[],"yoast_head":"<!-- This site is optimized with the Yoast SEO plugin v23.5 - https:\/\/yoast.com\/wordpress\/plugins\/seo\/ -->\n<title>\u201cCantores da Estrela\u201d abrem Assembleia da Inf\u00e2ncia e Adolesc\u00eancia Mission\u00e1ria - O Arcanjo no ar<\/title>\n<meta name=\"robots\" content=\"index, follow, max-snippet:-1, max-image-preview:large, max-video-preview:-1\" \/>\n<link rel=\"canonical\" href=\"https:\/\/www.oarcanjo.net\/site\/cantores-da-estrela-abrem-assembleia-da-infancia-e-adolescencia-missionaria\/\" \/>\n<meta property=\"og:locale\" content=\"pt_BR\" \/>\n<meta property=\"og:type\" content=\"article\" \/>\n<meta property=\"og:title\" content=\"\u201cCantores da Estrela\u201d abrem Assembleia da Inf\u00e2ncia e Adolesc\u00eancia Mission\u00e1ria - O Arcanjo no ar\" \/>\n<meta property=\"og:description\" content=\"Jaime C. Patias Uma apresenta\u00e7\u00e3o denominada &#8220;Cantores da Estrela&#8221; abriu, na noite desta quinta-feira, 06, a 17\u00aa Assembleia Nacional da Inf\u00e2ncia e Adolesc\u00eancia Mission\u00e1ria (IAM), que re\u00fane na sede das Pontif\u00edcias Obras Mission\u00e1rias (POM), em Bras\u00edlia (DF), 30 coordenadores estaduais da Obra de todo o pa\u00eds. Crian\u00e7as e adolescentes da comunidade S\u00e3o Luiz Gonzaga pertencente [&hellip;]\" \/>\n<meta property=\"og:url\" content=\"https:\/\/www.oarcanjo.net\/site\/cantores-da-estrela-abrem-assembleia-da-infancia-e-adolescencia-missionaria\/\" \/>\n<meta property=\"og:site_name\" content=\"O Arcanjo no ar\" \/>\n<meta property=\"article:publisher\" content=\"https:\/\/www.facebook.com\/OArcanjoNoAr\/\" \/>\n<meta property=\"article:published_time\" content=\"2012-12-07T15:21:08+00:00\" \/>\n<meta property=\"article:modified_time\" content=\"2012-12-10T11:23:20+00:00\" \/>\n<meta property=\"og:image\" content=\"http:\/\/www.revistamissoes.org.br\/public\/tbnail\/?c=false&amp;w=610&amp;h=348&amp;f=..\/..\/\/public\/images\/mcefiles\/images\/1222abertura_iam.jpg\" \/>\n<meta name=\"author\" content=\"pe.geovane\" \/>\n<meta name=\"twitter:card\" content=\"summary_large_image\" \/>\n<meta name=\"twitter:label1\" content=\"Escrito por\" \/>\n\t<meta name=\"twitter:data1\" content=\"pe.geovane\" \/>\n\t<meta name=\"twitter:label2\" content=\"Est. tempo de leitura\" \/>\n\t<meta name=\"twitter:data2\" content=\"2 minutos\" \/>\n<script type=\"application\/ld+json\" class=\"yoast-schema-graph\">{\"@context\":\"https:\/\/schema.org\",\"@graph\":[{\"@type\":\"Article\",\"@id\":\"https:\/\/www.oarcanjo.net\/site\/cantores-da-estrela-abrem-assembleia-da-infancia-e-adolescencia-missionaria\/#article\",\"isPartOf\":{\"@id\":\"https:\/\/www.oarcanjo.net\/site\/cantores-da-estrela-abrem-assembleia-da-infancia-e-adolescencia-missionaria\/\"},\"author\":{\"name\":\"pe.geovane\",\"@id\":\"https:\/\/www.oarcanjo.net\/site\/#\/schema\/person\/58d7f78850a973b8e467c7ae4a7eb4ad\"},\"headline\":\"\u201cCantores da Estrela\u201d abrem Assembleia da Inf\u00e2ncia e Adolesc\u00eancia Mission\u00e1ria\",\"datePublished\":\"2012-12-07T15:21:08+00:00\",\"dateModified\":\"2012-12-10T11:23:20+00:00\",\"mainEntityOfPage\":{\"@id\":\"https:\/\/www.oarcanjo.net\/site\/cantores-da-estrela-abrem-assembleia-da-infancia-e-adolescencia-missionaria\/\"},\"wordCount\":441,\"commentCount\":0,\"publisher\":{\"@id\":\"https:\/\/www.oarcanjo.net\/site\/#organization\"},\"image\":{\"@id\":\"https:\/\/www.oarcanjo.net\/site\/cantores-da-estrela-abrem-assembleia-da-infancia-e-adolescencia-missionaria\/#primaryimage\"},\"thumbnailUrl\":\"http:\/\/www.revistamissoes.org.br\/public\/tbnail\/?c=false&amp;w=610&amp;h=348&amp;f=..\/..\/\/public\/images\/mcefiles\/images\/1222abertura_iam.jpg\",\"articleSection\":[\"Not\u00edcias\"],\"inLanguage\":\"pt-BR\",\"potentialAction\":[{\"@type\":\"CommentAction\",\"name\":\"Comment\",\"target\":[\"https:\/\/www.oarcanjo.net\/site\/cantores-da-estrela-abrem-assembleia-da-infancia-e-adolescencia-missionaria\/#respond\"]}]},{\"@type\":\"WebPage\",\"@id\":\"https:\/\/www.oarcanjo.net\/site\/cantores-da-estrela-abrem-assembleia-da-infancia-e-adolescencia-missionaria\/\",\"url\":\"https:\/\/www.oarcanjo.net\/site\/cantores-da-estrela-abrem-assembleia-da-infancia-e-adolescencia-missionaria\/\",\"name\":\"\u201cCantores da Estrela\u201d abrem Assembleia da Inf\u00e2ncia e Adolesc\u00eancia Mission\u00e1ria - O Arcanjo no ar\",\"isPartOf\":{\"@id\":\"https:\/\/www.oarcanjo.net\/site\/#website\"},\"primaryImageOfPage\":{\"@id\":\"https:\/\/www.oarcanjo.net\/site\/cantores-da-estrela-abrem-assembleia-da-infancia-e-adolescencia-missionaria\/#primaryimage\"},\"image\":{\"@id\":\"https:\/\/www.oarcanjo.net\/site\/cantores-da-estrela-abrem-assembleia-da-infancia-e-adolescencia-missionaria\/#primaryimage\"},\"thumbnailUrl\":\"http:\/\/www.revistamissoes.org.br\/public\/tbnail\/?c=false&amp;w=610&amp;h=348&amp;f=..\/..\/\/public\/images\/mcefiles\/images\/1222abertura_iam.jpg\",\"datePublished\":\"2012-12-07T15:21:08+00:00\",\"dateModified\":\"2012-12-10T11:23:20+00:00\",\"breadcrumb\":{\"@id\":\"https:\/\/www.oarcanjo.net\/site\/cantores-da-estrela-abrem-assembleia-da-infancia-e-adolescencia-missionaria\/#breadcrumb\"},\"inLanguage\":\"pt-BR\",\"potentialAction\":[{\"@type\":\"ReadAction\",\"target\":[\"https:\/\/www.oarcanjo.net\/site\/cantores-da-estrela-abrem-assembleia-da-infancia-e-adolescencia-missionaria\/\"]}]},{\"@type\":\"ImageObject\",\"inLanguage\":\"pt-BR\",\"@id\":\"https:\/\/www.oarcanjo.net\/site\/cantores-da-estrela-abrem-assembleia-da-infancia-e-adolescencia-missionaria\/#primaryimage\",\"url\":\"http:\/\/www.revistamissoes.org.br\/public\/tbnail\/?c=false&amp;w=610&amp;h=348&amp;f=..\/..\/\/public\/images\/mcefiles\/images\/1222abertura_iam.jpg\",\"contentUrl\":\"http:\/\/www.revistamissoes.org.br\/public\/tbnail\/?c=false&amp;w=610&amp;h=348&amp;f=..\/..\/\/public\/images\/mcefiles\/images\/1222abertura_iam.jpg\"},{\"@type\":\"BreadcrumbList\",\"@id\":\"https:\/\/www.oarcanjo.net\/site\/cantores-da-estrela-abrem-assembleia-da-infancia-e-adolescencia-missionaria\/#breadcrumb\",\"itemListElement\":[{\"@type\":\"ListItem\",\"position\":1,\"name\":\"In\u00edcio\",\"item\":\"https:\/\/www.oarcanjo.net\/site\/\"},{\"@type\":\"ListItem\",\"position\":2,\"name\":\"\u201cCantores da Estrela\u201d abrem Assembleia da Inf\u00e2ncia e Adolesc\u00eancia Mission\u00e1ria\"}]},{\"@type\":\"WebSite\",\"@id\":\"https:\/\/www.oarcanjo.net\/site\/#website\",\"url\":\"https:\/\/www.oarcanjo.net\/site\/\",\"name\":\"O Arcanjo no ar\",\"description\":\"Site da Par\u00f3quia S\u00e3o Miguel Arcanjo (Arquidiocese de SP)\",\"publisher\":{\"@id\":\"https:\/\/www.oarcanjo.net\/site\/#organization\"},\"potentialAction\":[{\"@type\":\"SearchAction\",\"target\":{\"@type\":\"EntryPoint\",\"urlTemplate\":\"https:\/\/www.oarcanjo.net\/site\/?s={search_term_string}\"},\"query-input\":{\"@type\":\"PropertyValueSpecification\",\"valueRequired\":true,\"valueName\":\"search_term_string\"}}],\"inLanguage\":\"pt-BR\"},{\"@type\":\"Organization\",\"@id\":\"https:\/\/www.oarcanjo.net\/site\/#organization\",\"name\":\"Par\u00f3quia S\u00e3o Miguel Arcanjo\",\"url\":\"https:\/\/www.oarcanjo.net\/site\/\",\"logo\":{\"@type\":\"ImageObject\",\"inLanguage\":\"pt-BR\",\"@id\":\"https:\/\/www.oarcanjo.net\/site\/#\/schema\/logo\/image\/\",\"url\":\"https:\/\/www.oarcanjo.net\/site\/wp-content\/uploads\/LogoOArcanjo.png\",\"contentUrl\":\"https:\/\/www.oarcanjo.net\/site\/wp-content\/uploads\/LogoOArcanjo.png\",\"width\":319,\"height\":99,\"caption\":\"Par\u00f3quia S\u00e3o Miguel Arcanjo\"},\"image\":{\"@id\":\"https:\/\/www.oarcanjo.net\/site\/#\/schema\/logo\/image\/\"},\"sameAs\":[\"https:\/\/www.facebook.com\/OArcanjoNoAr\/\"]},{\"@type\":\"Person\",\"@id\":\"https:\/\/www.oarcanjo.net\/site\/#\/schema\/person\/58d7f78850a973b8e467c7ae4a7eb4ad\",\"name\":\"pe.geovane\"}]}<\/script>\n<!-- \/ Yoast SEO plugin. -->","yoast_head_json":{"title":"\u201cCantores da Estrela\u201d abrem Assembleia da Inf\u00e2ncia e Adolesc\u00eancia Mission\u00e1ria - O Arcanjo no ar","robots":{"index":"index","follow":"follow","max-snippet":"max-snippet:-1","max-image-preview":"max-image-preview:large","max-video-preview":"max-video-preview:-1"},"canonical":"https:\/\/www.oarcanjo.net\/site\/cantores-da-estrela-abrem-assembleia-da-infancia-e-adolescencia-missionaria\/","og_locale":"pt_BR","og_type":"article","og_title":"\u201cCantores da Estrela\u201d abrem Assembleia da Inf\u00e2ncia e Adolesc\u00eancia Mission\u00e1ria - O Arcanjo no ar","og_description":"Jaime C. Patias Uma apresenta\u00e7\u00e3o denominada &#8220;Cantores da Estrela&#8221; abriu, na noite desta quinta-feira, 06, a 17\u00aa Assembleia Nacional da Inf\u00e2ncia e Adolesc\u00eancia Mission\u00e1ria (IAM), que re\u00fane na sede das Pontif\u00edcias Obras Mission\u00e1rias (POM), em Bras\u00edlia (DF), 30 coordenadores estaduais da Obra de todo o pa\u00eds. Crian\u00e7as e adolescentes da comunidade S\u00e3o Luiz Gonzaga pertencente [&hellip;]","og_url":"https:\/\/www.oarcanjo.net\/site\/cantores-da-estrela-abrem-assembleia-da-infancia-e-adolescencia-missionaria\/","og_site_name":"O Arcanjo no ar","article_publisher":"https:\/\/www.facebook.com\/OArcanjoNoAr\/","article_published_time":"2012-12-07T15:21:08+00:00","article_modified_time":"2012-12-10T11:23:20+00:00","og_image":[{"url":"http:\/\/www.revistamissoes.org.br\/public\/tbnail\/?c=false&amp;w=610&amp;h=348&amp;f=..\/..\/\/public\/images\/mcefiles\/images\/1222abertura_iam.jpg"}],"author":"pe.geovane","twitter_card":"summary_large_image","twitter_misc":{"Escrito por":"pe.geovane","Est. tempo de leitura":"2 minutos"},"schema":{"@context":"https:\/\/schema.org","@graph":[{"@type":"Article","@id":"https:\/\/www.oarcanjo.net\/site\/cantores-da-estrela-abrem-assembleia-da-infancia-e-adolescencia-missionaria\/#article","isPartOf":{"@id":"https:\/\/www.oarcanjo.net\/site\/cantores-da-estrela-abrem-assembleia-da-infancia-e-adolescencia-missionaria\/"},"author":{"name":"pe.geovane","@id":"https:\/\/www.oarcanjo.net\/site\/#\/schema\/person\/58d7f78850a973b8e467c7ae4a7eb4ad"},"headline":"\u201cCantores da Estrela\u201d abrem Assembleia da Inf\u00e2ncia e Adolesc\u00eancia Mission\u00e1ria","datePublished":"2012-12-07T15:21:08+00:00","dateModified":"2012-12-10T11:23:20+00:00","mainEntityOfPage":{"@id":"https:\/\/www.oarcanjo.net\/site\/cantores-da-estrela-abrem-assembleia-da-infancia-e-adolescencia-missionaria\/"},"wordCount":441,"commentCount":0,"publisher":{"@id":"https:\/\/www.oarcanjo.net\/site\/#organization"},"image":{"@id":"https:\/\/www.oarcanjo.net\/site\/cantores-da-estrela-abrem-assembleia-da-infancia-e-adolescencia-missionaria\/#primaryimage"},"thumbnailUrl":"http:\/\/www.revistamissoes.org.br\/public\/tbnail\/?c=false&amp;w=610&amp;h=348&amp;f=..\/..\/\/public\/images\/mcefiles\/images\/1222abertura_iam.jpg","articleSection":["Not\u00edcias"],"inLanguage":"pt-BR","potentialAction":[{"@type":"CommentAction","name":"Comment","target":["https:\/\/www.oarcanjo.net\/site\/cantores-da-estrela-abrem-assembleia-da-infancia-e-adolescencia-missionaria\/#respond"]}]},{"@type":"WebPage","@id":"https:\/\/www.oarcanjo.net\/site\/cantores-da-estrela-abrem-assembleia-da-infancia-e-adolescencia-missionaria\/","url":"https:\/\/www.oarcanjo.net\/site\/cantores-da-estrela-abrem-assembleia-da-infancia-e-adolescencia-missionaria\/","name":"\u201cCantores da Estrela\u201d abrem Assembleia da Inf\u00e2ncia e Adolesc\u00eancia Mission\u00e1ria - O Arcanjo no ar","isPartOf":{"@id":"https:\/\/www.oarcanjo.net\/site\/#website"},"primaryImageOfPage":{"@id":"https:\/\/www.oarcanjo.net\/site\/cantores-da-estrela-abrem-assembleia-da-infancia-e-adolescencia-missionaria\/#primaryimage"},"image":{"@id":"https:\/\/www.oarcanjo.net\/site\/cantores-da-estrela-abrem-assembleia-da-infancia-e-adolescencia-missionaria\/#primaryimage"},"thumbnailUrl":"http:\/\/www.revistamissoes.org.br\/public\/tbnail\/?c=false&amp;w=610&amp;h=348&amp;f=..\/..\/\/public\/images\/mcefiles\/images\/1222abertura_iam.jpg","datePublished":"2012-12-07T15:21:08+00:00","dateModified":"2012-12-10T11:23:20+00:00","breadcrumb":{"@id":"https:\/\/www.oarcanjo.net\/site\/cantores-da-estrela-abrem-assembleia-da-infancia-e-adolescencia-missionaria\/#breadcrumb"},"inLanguage":"pt-BR","potentialAction":[{"@type":"ReadAction","target":["https:\/\/www.oarcanjo.net\/site\/cantores-da-estrela-abrem-assembleia-da-infancia-e-adolescencia-missionaria\/"]}]},{"@type":"ImageObject","inLanguage":"pt-BR","@id":"https:\/\/www.oarcanjo.net\/site\/cantores-da-estrela-abrem-assembleia-da-infancia-e-adolescencia-missionaria\/#primaryimage","url":"http:\/\/www.revistamissoes.org.br\/public\/tbnail\/?c=false&amp;w=610&amp;h=348&amp;f=..\/..\/\/public\/images\/mcefiles\/images\/1222abertura_iam.jpg","contentUrl":"http:\/\/www.revistamissoes.org.br\/public\/tbnail\/?c=false&amp;w=610&amp;h=348&amp;f=..\/..\/\/public\/images\/mcefiles\/images\/1222abertura_iam.jpg"},{"@type":"BreadcrumbList","@id":"https:\/\/www.oarcanjo.net\/site\/cantores-da-estrela-abrem-assembleia-da-infancia-e-adolescencia-missionaria\/#breadcrumb","itemListElement":[{"@type":"ListItem","position":1,"name":"In\u00edcio","item":"https:\/\/www.oarcanjo.net\/site\/"},{"@type":"ListItem","position":2,"name":"\u201cCantores da Estrela\u201d abrem Assembleia da Inf\u00e2ncia e Adolesc\u00eancia Mission\u00e1ria"}]},{"@type":"WebSite","@id":"https:\/\/www.oarcanjo.net\/site\/#website","url":"https:\/\/www.oarcanjo.net\/site\/","name":"O Arcanjo no ar","description":"Site da Par\u00f3quia S\u00e3o Miguel Arcanjo (Arquidiocese de SP)","publisher":{"@id":"https:\/\/www.oarcanjo.net\/site\/#organization"},"potentialAction":[{"@type":"SearchAction","target":{"@type":"EntryPoint","urlTemplate":"https:\/\/www.oarcanjo.net\/site\/?s={search_term_string}"},"query-input":{"@type":"PropertyValueSpecification","valueRequired":true,"valueName":"search_term_string"}}],"inLanguage":"pt-BR"},{"@type":"Organization","@id":"https:\/\/www.oarcanjo.net\/site\/#organization","name":"Par\u00f3quia S\u00e3o Miguel Arcanjo","url":"https:\/\/www.oarcanjo.net\/site\/","logo":{"@type":"ImageObject","inLanguage":"pt-BR","@id":"https:\/\/www.oarcanjo.net\/site\/#\/schema\/logo\/image\/","url":"https:\/\/www.oarcanjo.net\/site\/wp-content\/uploads\/LogoOArcanjo.png","contentUrl":"https:\/\/www.oarcanjo.net\/site\/wp-content\/uploads\/LogoOArcanjo.png","width":319,"height":99,"caption":"Par\u00f3quia S\u00e3o Miguel Arcanjo"},"image":{"@id":"https:\/\/www.oarcanjo.net\/site\/#\/schema\/logo\/image\/"},"sameAs":["https:\/\/www.facebook.com\/OArcanjoNoAr\/"]},{"@type":"Person","@id":"https:\/\/www.oarcanjo.net\/site\/#\/schema\/person\/58d7f78850a973b8e467c7ae4a7eb4ad","name":"pe.geovane"}]}},"publishpress_future_action":{"enabled":false,"date":"2026-05-09 07:35:29","action":"category","newStatus":"draft","terms":[],"taxonomy":"category"},"publishpress_future_workflow_manual_trigger":{"enabledWorkflows":[]},"_links":{"self":[{"href":"https:\/\/www.oarcanjo.net\/site\/wp-json\/wp\/v2\/posts\/20121"}],"collection":[{"href":"https:\/\/www.oarcanjo.net\/site\/wp-json\/wp\/v2\/posts"}],"about":[{"href":"https:\/\/www.oarcanjo.net\/site\/wp-json\/wp\/v2\/types\/post"}],"author":[{"embeddable":true,"href":"https:\/\/www.oarcanjo.net\/site\/wp-json\/wp\/v2\/users\/17"}],"replies":[{"embeddable":true,"href":"https:\/\/www.oarcanjo.net\/site\/wp-json\/wp\/v2\/comments?post=20121"}],"version-history":[{"count":0,"href":"https:\/\/www.oarcanjo.net\/site\/wp-json\/wp\/v2\/posts\/20121\/revisions"}],"wp:attachment":[{"href":"https:\/\/www.oarcanjo.net\/site\/wp-json\/wp\/v2\/media?parent=20121"}],"wp:term":[{"taxonomy":"category","embeddable":true,"href":"https:\/\/www.oarcanjo.net\/site\/wp-json\/wp\/v2\/categories?post=20121"},{"taxonomy":"post_tag","embeddable":true,"href":"https:\/\/www.oarcanjo.net\/site\/wp-json\/wp\/v2\/tags?post=20121"}],"curies":[{"name":"wp","href":"https:\/\/api.w.org\/{rel}","templated":true}]}}