
{"id":20128,"date":"2012-12-09T08:59:00","date_gmt":"2012-12-09T10:59:00","guid":{"rendered":"http:\/\/www.oarcanjo.net\/site\/?p=20128"},"modified":"2012-12-09T08:59:00","modified_gmt":"2012-12-09T10:59:00","slug":"organizar-a-caridade","status":"publish","type":"post","link":"https:\/\/www.oarcanjo.net\/site\/organizar-a-caridade\/","title":{"rendered":"Organizar a caridade"},"content":{"rendered":"<p><em>Dom Dem\u00e9trio Valentini<\/em><br \/>\n<em>Bispo de Jales (SP) e Presidente da C\u00e1ritas Brasileira at\u00e9 novembro de 2011<\/em><br \/>\n<em>Adital<\/em><\/p>\n<p>Acaba de ser publicado um importante documento do Papa Bento 16. Trata do servi\u00e7o da caridade, que \u00e9 indispens\u00e1vel para a Igreja cumprir a miss\u00e3o recebida de Cristo, e confiada aos Ap\u00f3stolos.<\/p>\n<p>O documento leva o nome de &#8220;\u00cdntima Ecclesiae Natura\u201d, express\u00e3o tirada da primeira enc\u00edclica do seu pontificado, sobre a Caridade, com o t\u00edtulo de &#8220;Deus C\u00e1ritas est\u201d.<\/p>\n<p>As palavras usadas, &#8220;\u00edntima natureza da Igreja\u201d, sinalizam a centralidade do assunto abordado agora pelo Papa em forma de &#8220;Motu Pr\u00f3prio\u201d, que desta vez traz o car\u00e1ter bem claro de &#8220;legisla\u00e7\u00e3o\u201d espec\u00edfica, que a partir de agora vai regular a pr\u00e1tica comunit\u00e1ria da caridade por parte da Igreja em suas diversas inst\u00e2ncias, especialmente em \u00e2mbito de Igreja Local.<\/p>\n<p>A prop\u00f3sito das responsabilidades do Bispo Diocesano, o documento do Papa, amparado na Enc\u00edclica &#8220;Deus C\u00e1ritas est\u201d, observa que a pr\u00e1tica da caridade \u00e9 um dos elementos constitutivos da vida da Igreja. Junto com o an\u00fancio da Palavra e a celebra\u00e7\u00e3o dos Sacramentos, n\u00e3o pode faltar em cada Diocese um servi\u00e7o organizado da caridade.<\/p>\n<p>Na medida em que este servi\u00e7o, por necessidades administrativas, e por exig\u00eancias de cada pa\u00eds, assumir forma jur\u00eddica, de entidade concreta, esta forma jur\u00eddica deve expressar claramente a \u00edndole eclesial destas institui\u00e7\u00f5es de caridade.<\/p>\n<p>Desta disposi\u00e7\u00e3o, regulada agora por este Decreto do Papa, vai resultar uma dupla consequ\u00eancia.<\/p>\n<p>De um lado, as entidades caritativas que querem se apresentar como vinculadas oficialmente \u00e0 Igreja, precisam &#8220;vestir a camisa\u201d da Igreja, colocando seus estatutos em sintonia com o Direito Can\u00f4nico, que regula os relacionamentos oficiais dentro da Igreja.<\/p>\n<p>Por outro lado, as entidades que se disp\u00f5em a integrar a a\u00e7\u00e3o caritativa oficial da Igreja dever\u00e3o contar com o apoio expl\u00edcito e efetivo das Dioceses. Pois, para cumprir um dever que lhes \u00e9 constitutivo, as dioceses saber\u00e3o apoiar as entidades que em nome da Igreja procuram cumprir esta obriga\u00e7\u00e3o.<\/p>\n<p>A legisla\u00e7\u00e3o, decretada agora por este Motu Pr\u00f3prio, a entrar em vigor a partir do pr\u00f3ximo dia 10 deste m\u00eas de dezembro de 2012, estabelece que o bispo deve incentivar as par\u00f3quias, para que todas tenham o servi\u00e7o oficial da caridade, a ser assumido em forma de &#8220;C\u00e1ritas Paroquial\u201d. Onde se mostrar conveniente, a C\u00e1ritas Paroquial pode ser assumida por diversas par\u00f3quias em conjunto.<\/p>\n<p>Olhando a trajet\u00f3ria da C\u00e1ritas Brasileira, ao longo dos seus quase sessenta anos de atua\u00e7\u00e3o no Brasil, ela sempre primou em estar em sintonia com a CNBB, ao servi\u00e7o da qual ela sempre se colocou, como entidade estatutariamente identificada com a Igreja, e pronta a colaborar para que a Igreja expresse sua natureza \u00edntima pela pr\u00e1tica da caridade, como agora recomenda Bento 16.<\/p>\n<p>Talvez se fa\u00e7am necess\u00e1rios alguns ajustes estatut\u00e1rios, que de resto a C\u00e1ritas Brasileira sempre esteve pronta a fazer, na medida das necessidades e das conveni\u00eancias.<\/p>\n<p>Diante da normatiza\u00e7\u00e3o da pr\u00e1tica comunit\u00e1ria da caridade, que o Papa Bento 16 acaba de fazer com este decreto, com toda a certeza a C\u00e1ritas Brasileira se colocar\u00e1 \u00e0 disposi\u00e7\u00e3o da CNBB, para com ela empreender os ajustes legais necess\u00e1rios.<\/p>\n<p>O importante \u00e9 que se pratique a caridade, e que por ela expressemos a natureza \u00edntima de Deus, pois &#8220;Deus C\u00e1ritas est\u201d, e expressemos tamb\u00e9m a miss\u00e3o da Igreja, que n\u00e3o pode prescindir da pr\u00e1tica da caridade como miss\u00e3o que lhe foi confiada por Cristo.<\/p>\n<div id=\"themify_builder_content-20128\" data-postid=\"20128\" class=\"themify_builder_content themify_builder_content-20128 themify_builder themify_builder_front\">\n\t<\/div>\n<!-- \/themify_builder_content -->","protected":false},"excerpt":{"rendered":"<p>Dom Dem\u00e9trio Valentini Bispo de Jales (SP) e Presidente da C\u00e1ritas Brasileira at\u00e9 novembro de 2011 Adital Acaba de ser publicado um importante documento do Papa Bento 16. Trata do servi\u00e7o da caridade, que \u00e9 indispens\u00e1vel para a Igreja cumprir a miss\u00e3o recebida de Cristo, e confiada aos Ap\u00f3stolos. O documento leva o nome de [&hellip;]<\/p>\n","protected":false},"author":5,"featured_media":0,"comment_status":"open","ping_status":"open","sticky":false,"template":"","format":"standard","meta":{"ngg_post_thumbnail":0,"footnotes":""},"categories":[9],"tags":[100,2325,2324,88],"yoast_head":"<!-- This site is optimized with the Yoast SEO plugin v23.5 - https:\/\/yoast.com\/wordpress\/plugins\/seo\/ -->\n<title>Organizar a caridade - O Arcanjo no ar<\/title>\n<meta name=\"robots\" content=\"index, follow, max-snippet:-1, max-image-preview:large, max-video-preview:-1\" \/>\n<link rel=\"canonical\" href=\"https:\/\/www.oarcanjo.net\/site\/organizar-a-caridade\/\" \/>\n<meta property=\"og:locale\" content=\"pt_BR\" \/>\n<meta property=\"og:type\" content=\"article\" \/>\n<meta property=\"og:title\" content=\"Organizar a caridade - O Arcanjo no ar\" \/>\n<meta property=\"og:description\" content=\"Dom Dem\u00e9trio Valentini Bispo de Jales (SP) e Presidente da C\u00e1ritas Brasileira at\u00e9 novembro de 2011 Adital Acaba de ser publicado um importante documento do Papa Bento 16. Trata do servi\u00e7o da caridade, que \u00e9 indispens\u00e1vel para a Igreja cumprir a miss\u00e3o recebida de Cristo, e confiada aos Ap\u00f3stolos. O documento leva o nome de [&hellip;]\" \/>\n<meta property=\"og:url\" content=\"https:\/\/www.oarcanjo.net\/site\/organizar-a-caridade\/\" \/>\n<meta property=\"og:site_name\" content=\"O Arcanjo no ar\" \/>\n<meta property=\"article:publisher\" content=\"https:\/\/www.facebook.com\/OArcanjoNoAr\/\" \/>\n<meta property=\"article:published_time\" content=\"2012-12-09T10:59:00+00:00\" \/>\n<meta property=\"og:image\" content=\"https:\/\/www.oarcanjo.net\/site\/wp-content\/uploads\/logo-o-arcanjo-no-ar-facebook.png\" \/>\n\t<meta property=\"og:image:width\" content=\"300\" \/>\n\t<meta property=\"og:image:height\" content=\"300\" \/>\n\t<meta property=\"og:image:type\" content=\"image\/png\" \/>\n<meta name=\"author\" content=\"editor\" \/>\n<meta name=\"twitter:card\" content=\"summary_large_image\" \/>\n<meta name=\"twitter:label1\" content=\"Escrito por\" \/>\n\t<meta name=\"twitter:data1\" content=\"editor\" \/>\n\t<meta name=\"twitter:label2\" content=\"Est. tempo de leitura\" \/>\n\t<meta name=\"twitter:data2\" content=\"3 minutos\" \/>\n<script type=\"application\/ld+json\" class=\"yoast-schema-graph\">{\"@context\":\"https:\/\/schema.org\",\"@graph\":[{\"@type\":\"Article\",\"@id\":\"https:\/\/www.oarcanjo.net\/site\/organizar-a-caridade\/#article\",\"isPartOf\":{\"@id\":\"https:\/\/www.oarcanjo.net\/site\/organizar-a-caridade\/\"},\"author\":{\"name\":\"editor\",\"@id\":\"https:\/\/www.oarcanjo.net\/site\/#\/schema\/person\/f7024d007863202483a31326673a0838\"},\"headline\":\"Organizar a caridade\",\"datePublished\":\"2012-12-09T10:59:00+00:00\",\"dateModified\":\"2012-12-09T10:59:00+00:00\",\"mainEntityOfPage\":{\"@id\":\"https:\/\/www.oarcanjo.net\/site\/organizar-a-caridade\/\"},\"wordCount\":623,\"commentCount\":0,\"publisher\":{\"@id\":\"https:\/\/www.oarcanjo.net\/site\/#organization\"},\"keywords\":[\"caridade\",\"Deus C\u00e1ritas est\",\"\u00cdntima Ecclesiae Natura\",\"solidariedade\"],\"articleSection\":[\"Reflex\u00f5es\"],\"inLanguage\":\"pt-BR\",\"potentialAction\":[{\"@type\":\"CommentAction\",\"name\":\"Comment\",\"target\":[\"https:\/\/www.oarcanjo.net\/site\/organizar-a-caridade\/#respond\"]}]},{\"@type\":\"WebPage\",\"@id\":\"https:\/\/www.oarcanjo.net\/site\/organizar-a-caridade\/\",\"url\":\"https:\/\/www.oarcanjo.net\/site\/organizar-a-caridade\/\",\"name\":\"Organizar a caridade - O Arcanjo no ar\",\"isPartOf\":{\"@id\":\"https:\/\/www.oarcanjo.net\/site\/#website\"},\"datePublished\":\"2012-12-09T10:59:00+00:00\",\"dateModified\":\"2012-12-09T10:59:00+00:00\",\"breadcrumb\":{\"@id\":\"https:\/\/www.oarcanjo.net\/site\/organizar-a-caridade\/#breadcrumb\"},\"inLanguage\":\"pt-BR\",\"potentialAction\":[{\"@type\":\"ReadAction\",\"target\":[\"https:\/\/www.oarcanjo.net\/site\/organizar-a-caridade\/\"]}]},{\"@type\":\"BreadcrumbList\",\"@id\":\"https:\/\/www.oarcanjo.net\/site\/organizar-a-caridade\/#breadcrumb\",\"itemListElement\":[{\"@type\":\"ListItem\",\"position\":1,\"name\":\"In\u00edcio\",\"item\":\"https:\/\/www.oarcanjo.net\/site\/\"},{\"@type\":\"ListItem\",\"position\":2,\"name\":\"Organizar a caridade\"}]},{\"@type\":\"WebSite\",\"@id\":\"https:\/\/www.oarcanjo.net\/site\/#website\",\"url\":\"https:\/\/www.oarcanjo.net\/site\/\",\"name\":\"O Arcanjo no ar\",\"description\":\"Site da Par\u00f3quia S\u00e3o Miguel Arcanjo (Arquidiocese de SP)\",\"publisher\":{\"@id\":\"https:\/\/www.oarcanjo.net\/site\/#organization\"},\"potentialAction\":[{\"@type\":\"SearchAction\",\"target\":{\"@type\":\"EntryPoint\",\"urlTemplate\":\"https:\/\/www.oarcanjo.net\/site\/?s={search_term_string}\"},\"query-input\":{\"@type\":\"PropertyValueSpecification\",\"valueRequired\":true,\"valueName\":\"search_term_string\"}}],\"inLanguage\":\"pt-BR\"},{\"@type\":\"Organization\",\"@id\":\"https:\/\/www.oarcanjo.net\/site\/#organization\",\"name\":\"Par\u00f3quia S\u00e3o Miguel Arcanjo\",\"url\":\"https:\/\/www.oarcanjo.net\/site\/\",\"logo\":{\"@type\":\"ImageObject\",\"inLanguage\":\"pt-BR\",\"@id\":\"https:\/\/www.oarcanjo.net\/site\/#\/schema\/logo\/image\/\",\"url\":\"https:\/\/www.oarcanjo.net\/site\/wp-content\/uploads\/LogoOArcanjo.png\",\"contentUrl\":\"https:\/\/www.oarcanjo.net\/site\/wp-content\/uploads\/LogoOArcanjo.png\",\"width\":319,\"height\":99,\"caption\":\"Par\u00f3quia S\u00e3o Miguel Arcanjo\"},\"image\":{\"@id\":\"https:\/\/www.oarcanjo.net\/site\/#\/schema\/logo\/image\/\"},\"sameAs\":[\"https:\/\/www.facebook.com\/OArcanjoNoAr\/\"]},{\"@type\":\"Person\",\"@id\":\"https:\/\/www.oarcanjo.net\/site\/#\/schema\/person\/f7024d007863202483a31326673a0838\",\"name\":\"editor\",\"sameAs\":[\"http:\/\/www.oarcanjo.net\"]}]}<\/script>\n<!-- \/ Yoast SEO plugin. -->","yoast_head_json":{"title":"Organizar a caridade - O Arcanjo no ar","robots":{"index":"index","follow":"follow","max-snippet":"max-snippet:-1","max-image-preview":"max-image-preview:large","max-video-preview":"max-video-preview:-1"},"canonical":"https:\/\/www.oarcanjo.net\/site\/organizar-a-caridade\/","og_locale":"pt_BR","og_type":"article","og_title":"Organizar a caridade - O Arcanjo no ar","og_description":"Dom Dem\u00e9trio Valentini Bispo de Jales (SP) e Presidente da C\u00e1ritas Brasileira at\u00e9 novembro de 2011 Adital Acaba de ser publicado um importante documento do Papa Bento 16. Trata do servi\u00e7o da caridade, que \u00e9 indispens\u00e1vel para a Igreja cumprir a miss\u00e3o recebida de Cristo, e confiada aos Ap\u00f3stolos. O documento leva o nome de [&hellip;]","og_url":"https:\/\/www.oarcanjo.net\/site\/organizar-a-caridade\/","og_site_name":"O Arcanjo no ar","article_publisher":"https:\/\/www.facebook.com\/OArcanjoNoAr\/","article_published_time":"2012-12-09T10:59:00+00:00","og_image":[{"width":300,"height":300,"url":"https:\/\/www.oarcanjo.net\/site\/wp-content\/uploads\/logo-o-arcanjo-no-ar-facebook.png","type":"image\/png"}],"author":"editor","twitter_card":"summary_large_image","twitter_misc":{"Escrito por":"editor","Est. tempo de leitura":"3 minutos"},"schema":{"@context":"https:\/\/schema.org","@graph":[{"@type":"Article","@id":"https:\/\/www.oarcanjo.net\/site\/organizar-a-caridade\/#article","isPartOf":{"@id":"https:\/\/www.oarcanjo.net\/site\/organizar-a-caridade\/"},"author":{"name":"editor","@id":"https:\/\/www.oarcanjo.net\/site\/#\/schema\/person\/f7024d007863202483a31326673a0838"},"headline":"Organizar a caridade","datePublished":"2012-12-09T10:59:00+00:00","dateModified":"2012-12-09T10:59:00+00:00","mainEntityOfPage":{"@id":"https:\/\/www.oarcanjo.net\/site\/organizar-a-caridade\/"},"wordCount":623,"commentCount":0,"publisher":{"@id":"https:\/\/www.oarcanjo.net\/site\/#organization"},"keywords":["caridade","Deus C\u00e1ritas est","\u00cdntima Ecclesiae Natura","solidariedade"],"articleSection":["Reflex\u00f5es"],"inLanguage":"pt-BR","potentialAction":[{"@type":"CommentAction","name":"Comment","target":["https:\/\/www.oarcanjo.net\/site\/organizar-a-caridade\/#respond"]}]},{"@type":"WebPage","@id":"https:\/\/www.oarcanjo.net\/site\/organizar-a-caridade\/","url":"https:\/\/www.oarcanjo.net\/site\/organizar-a-caridade\/","name":"Organizar a caridade - O Arcanjo no ar","isPartOf":{"@id":"https:\/\/www.oarcanjo.net\/site\/#website"},"datePublished":"2012-12-09T10:59:00+00:00","dateModified":"2012-12-09T10:59:00+00:00","breadcrumb":{"@id":"https:\/\/www.oarcanjo.net\/site\/organizar-a-caridade\/#breadcrumb"},"inLanguage":"pt-BR","potentialAction":[{"@type":"ReadAction","target":["https:\/\/www.oarcanjo.net\/site\/organizar-a-caridade\/"]}]},{"@type":"BreadcrumbList","@id":"https:\/\/www.oarcanjo.net\/site\/organizar-a-caridade\/#breadcrumb","itemListElement":[{"@type":"ListItem","position":1,"name":"In\u00edcio","item":"https:\/\/www.oarcanjo.net\/site\/"},{"@type":"ListItem","position":2,"name":"Organizar a caridade"}]},{"@type":"WebSite","@id":"https:\/\/www.oarcanjo.net\/site\/#website","url":"https:\/\/www.oarcanjo.net\/site\/","name":"O Arcanjo no ar","description":"Site da Par\u00f3quia S\u00e3o Miguel Arcanjo (Arquidiocese de SP)","publisher":{"@id":"https:\/\/www.oarcanjo.net\/site\/#organization"},"potentialAction":[{"@type":"SearchAction","target":{"@type":"EntryPoint","urlTemplate":"https:\/\/www.oarcanjo.net\/site\/?s={search_term_string}"},"query-input":{"@type":"PropertyValueSpecification","valueRequired":true,"valueName":"search_term_string"}}],"inLanguage":"pt-BR"},{"@type":"Organization","@id":"https:\/\/www.oarcanjo.net\/site\/#organization","name":"Par\u00f3quia S\u00e3o Miguel Arcanjo","url":"https:\/\/www.oarcanjo.net\/site\/","logo":{"@type":"ImageObject","inLanguage":"pt-BR","@id":"https:\/\/www.oarcanjo.net\/site\/#\/schema\/logo\/image\/","url":"https:\/\/www.oarcanjo.net\/site\/wp-content\/uploads\/LogoOArcanjo.png","contentUrl":"https:\/\/www.oarcanjo.net\/site\/wp-content\/uploads\/LogoOArcanjo.png","width":319,"height":99,"caption":"Par\u00f3quia S\u00e3o Miguel Arcanjo"},"image":{"@id":"https:\/\/www.oarcanjo.net\/site\/#\/schema\/logo\/image\/"},"sameAs":["https:\/\/www.facebook.com\/OArcanjoNoAr\/"]},{"@type":"Person","@id":"https:\/\/www.oarcanjo.net\/site\/#\/schema\/person\/f7024d007863202483a31326673a0838","name":"editor","sameAs":["http:\/\/www.oarcanjo.net"]}]}},"publishpress_future_action":{"enabled":false,"date":"2026-05-09 08:53:31","action":"category","newStatus":"draft","terms":[],"taxonomy":"category"},"publishpress_future_workflow_manual_trigger":{"enabledWorkflows":[]},"_links":{"self":[{"href":"https:\/\/www.oarcanjo.net\/site\/wp-json\/wp\/v2\/posts\/20128"}],"collection":[{"href":"https:\/\/www.oarcanjo.net\/site\/wp-json\/wp\/v2\/posts"}],"about":[{"href":"https:\/\/www.oarcanjo.net\/site\/wp-json\/wp\/v2\/types\/post"}],"author":[{"embeddable":true,"href":"https:\/\/www.oarcanjo.net\/site\/wp-json\/wp\/v2\/users\/5"}],"replies":[{"embeddable":true,"href":"https:\/\/www.oarcanjo.net\/site\/wp-json\/wp\/v2\/comments?post=20128"}],"version-history":[{"count":0,"href":"https:\/\/www.oarcanjo.net\/site\/wp-json\/wp\/v2\/posts\/20128\/revisions"}],"wp:attachment":[{"href":"https:\/\/www.oarcanjo.net\/site\/wp-json\/wp\/v2\/media?parent=20128"}],"wp:term":[{"taxonomy":"category","embeddable":true,"href":"https:\/\/www.oarcanjo.net\/site\/wp-json\/wp\/v2\/categories?post=20128"},{"taxonomy":"post_tag","embeddable":true,"href":"https:\/\/www.oarcanjo.net\/site\/wp-json\/wp\/v2\/tags?post=20128"}],"curies":[{"name":"wp","href":"https:\/\/api.w.org\/{rel}","templated":true}]}}