
{"id":20130,"date":"2012-12-08T08:59:18","date_gmt":"2012-12-08T10:59:18","guid":{"rendered":"http:\/\/www.oarcanjo.net\/site\/?p=20130"},"modified":"2012-12-09T09:00:50","modified_gmt":"2012-12-09T11:00:50","slug":"a-infancia-de-jesus-segundo-bento-xvi","status":"publish","type":"post","link":"https:\/\/www.oarcanjo.net\/site\/a-infancia-de-jesus-segundo-bento-xvi\/","title":{"rendered":"A Inf\u00e2ncia de Jesus segundo Bento XVI"},"content":{"rendered":"<p><em>Maria Clara Lucchetti Bingemer<\/em><br \/>\n<em>Te\u00f3loga, professora e decana do Centro de Teologia e Ci\u00eancias Humanas da PUC-Rio<\/em><br \/>\n<em>Adital<\/em><\/p>\n<p>Ao come\u00e7ar o Advento, a Igreja e a sociedade recebem o livro escrito por Bento XVI sobre a inf\u00e2ncia de Jesus. Trata-se de uma medita\u00e7\u00e3o teol\u00f3gica. Ningu\u00e9m poder\u00e1 l\u00ea-lo sem entrar no ritmo de ora\u00e7\u00e3o que o atravessa do in\u00edcio ao fim e que convida a contemplar o Mist\u00e9rio de Jesus de Nazar\u00e9, filho de Maria e filho de Deus, salvador e redentor do mundo.<\/p>\n<p>A inten\u00e7\u00e3o do autor n\u00e3o \u00e9 tanto comentar, com erudi\u00e7\u00e3o e estilo refinado, os fatos do passado, mas sim conduzir o leitor em dire\u00e7\u00e3o a uma atualiza\u00e7\u00e3o da mensagem de salva\u00e7\u00e3o que os Evangelhos da inf\u00e2ncia de Cristo trazem e revelam. Alguns pontos s\u00e3o extremamente significativos no texto.<\/p>\n<p>O tema da origem de Jesus aparece como insepar\u00e1vel da revela\u00e7\u00e3o feita a Israel, da qual Jesus \u00e9 a culmin\u00e2ncia. Deste modo, o Papa demonstra com clareza a import\u00e2ncia da B\u00edblia judaica e do povo de Israel, no seio do qual nasceu o Salvador. Todo o desenvolvimento do mist\u00e9rio da encarna\u00e7\u00e3o, vida, morte e ressurrei\u00e7\u00e3o de Jesus de Nazar\u00e9 acontecer\u00e1 em continuidade com a revela\u00e7\u00e3o feita ao povo de Deus atrav\u00e9s da boca dos profetas e que se exprime na espera do Messias. De outro lado, o texto demonstra que a genealogia de Jesus apresenta um novo in\u00edcio, em Maria, com a qual termina e \u00e9 relativizada toda a genealogia.<\/p>\n<p>A humilde mo\u00e7a de Nazar\u00e9, Maria, prometida a um homem justo de nome Jos\u00e9 \u00e9, portanto, aquela na qual adv\u00e9m um novo in\u00edcio para a humanidade. Nova Eva, \u00e9 nela que o fato de ser uma pessoa humana recome\u00e7a de modo novo. A raiz \u00faltima e definitiva daquilo que encarna a presen\u00e7a de Deus no mundo se encontra &#8220;no alto\u201d, em Deus que est\u00e1 na origem de todo ser. E tamb\u00e9m no corpo fecundo de Maria de Nazar\u00e9.<\/p>\n<p>O livro abre diante do leitor a afirma\u00e7\u00e3o, bela e surpreendente ao mesmo tempo, de que em Jesus a humanidade recome\u00e7a. A genealogia descrita nos Evangelhos exprime, de fato, uma promessa que n\u00e3o diz respeito somente \u00e0 fam\u00edlia ou ao povo no qual Jesus nascer\u00e1, mas \u00e0 humanidade inteira. Jesus assume em si toda a humanidade, toda a hist\u00f3ria da humanidade, e &#8220;lhe d\u00e1 um novo giro, decisivo, em dire\u00e7\u00e3o a um novo ser pessoa humana\u201d.<\/p>\n<p>A origem de Jesus se torna, ent\u00e3o, a origem de todo homem e toda mulher que vem ao mundo. Sua origem \u00e9 nossa origem. E Bento XVI o reafirma: nossa verdadeira &#8220;genealogia\u201d \u00e9 a f\u00e9 em Jesus, que nos faz nascer &#8220;de Deus\u201d.<\/p>\n<p>Maria aparece ressaltando em sua pessoa as atitudes pr\u00f3prias do crente frente ao fato \u00fanico da presen\u00e7a de Deus que se aproxima e se prop\u00f5e. \u00c9 \u00e0 sua liberdade de pessoa, de mulher, de crente, que se dirige a sauda\u00e7\u00e3o do anjo, que a chama &#8220;cheia de gra\u00e7a\u201d e a convida a alegrar-se.<\/p>\n<p>Maria d\u00e1 uma resposta livre e confiante, mas n\u00e3o irracional. Interpelada pelo an\u00fancio do anjo, Maria procura compreender e permanece senhora de si. E esta escuta honesta e obediente leva ao &#8220;sim\u201d incondicionado daquela que se declara &#8220;a serva do Senhor\u201d. Maria n\u00e3o conhece o futuro, mas conhece o seu Deus e n\u00e3o tem medo, crendo na palavra do anjo que lhe disse: &#8220;N\u00e3o temas\u201d.<\/p>\n<p>Parece-me extremamente importante que Bento XVI, ap\u00f3s haver apresentado o an\u00fancio a Maria, d\u00ea grande relevo tamb\u00e9m ao an\u00fancio feito a Jos\u00e9 justo, fiel, crente, que &#8220;na lei do Senhor encontra sua alegria\u201d, para o qual a lei &#8220;se torna espontaneamente \u2018evangelho\u2019, boa not\u00edcia\u201d, e que recebe tamb\u00e9m o an\u00fancio do anjo, mas em sonho.<\/p>\n<p>A Maria e a Jos\u00e9 o anjo diz n\u00e3o ter medo. O an\u00fancio \u00e9 dom e tamb\u00e9m tarefa. Acolhendo-o, Jos\u00e9 se far\u00e1 cargo do menino que nascer\u00e1 da mulher que ama e que n\u00e3o lhe pertence. Ele o amar\u00e1 e o proteger\u00e1 e o chamar\u00e1 Jesus.<\/p>\n<p>Gra\u00e7as \u00e0 obedi\u00eancia livre de Maria, sustentada pela de Jos\u00e9, tem ent\u00e3o lugar na hist\u00f3ria a nova cria\u00e7\u00e3o. Evento universal, que, no entanto, se d\u00e1, muito concretamente, como diz o Autor, em &#8220;um tempo exatamente dat\u00e1vel\u201d e em &#8220;um ambiente geogr\u00e1fico exatamente indicado: o universal e o concreto se tocam de perto\u201d.<\/p>\n<p>Chegando ao cap\u00edtulo no qual prop\u00f5e a reflex\u00e3o sobre o nascimento de Jesus, o Papa chama a aten\u00e7\u00e3o sobre o fato de que Jesus nasce em um espa\u00e7o &#8220;outro\u201d, porque n\u00e3o havia espa\u00e7o para ele. Por este motivo, sua m\u00e3e o acomoda em uma manjedoura. Bento XVI, com grande sensibilidade, faz notar: &#8220;Para o Salvador do mundo, para Aquele em vista do qual todas as coisas foram criadas (cf. Col 1,16), n\u00e3o h\u00e1 lugar\u201d. Deste modo, o Papa sublinha o mist\u00e9rio da pessoa de Jesus, portador de uma certa contradi\u00e7\u00e3o: \u00e9 o impotente, o sem lugar; e, no entanto, \u00e9 Ele o verdadeiro poderoso; apresenta-se como um menino indefeso, mas neste menino repousa a salva\u00e7\u00e3o do mundo inteiro.<\/p>\n<p>Os cap\u00edtulos seguintes mostram o menino crescendo em sabedoria e gra\u00e7a. \u00c9 obediente a seus pais, mas n\u00e3o hesita em colocar em primeiro lugar a obedi\u00eancia a Deus, a quem chama de Pai. Sua liberdade n\u00e3o \u00e9 &#8220;a liberdade do liberal\u201d; mas, a do Filho. Em sua pessoa se conciliam liberdade e obedi\u00eancia.<\/p>\n<p>O Santo Padre termina seu livro sublinhando a verdadeira humanidade de Jesus: &#8220;Enquanto homem, Ele n\u00e3o vive em uma abstrata onisci\u00eancia, mas se radica em uma hist\u00f3ria concreta, em um lugar e um tempo, nas v\u00e1rias fases da vida humana; e da\u00ed recebe a forma concreta do seu saber. Assim aparece aqui, de um modo muito claro, que Ele pensou e aprendeu de maneira humana\u201d.<\/p>\n<p>\u00c0quele que \u00e9 verdadeiro homem e verdadeiro Deus, o Papa nos convida ent\u00e3o, atrav\u00e9s de seu livro, a abrir um espa\u00e7o. Preparando-nos para celebrar a grande festa do Natal, este livro pode ajudar em modo muito profundo a abrir em n\u00f3s um espa\u00e7o, a fim de que o Salvador possa nascer e manifestar-se em um mundo como o nosso, que tanto necessita de seu Evangelho.<\/p>\n<div id=\"themify_builder_content-20130\" data-postid=\"20130\" class=\"themify_builder_content themify_builder_content-20130 themify_builder themify_builder_front\">\n\t<\/div>\n<!-- \/themify_builder_content -->","protected":false},"excerpt":{"rendered":"<p>Maria Clara Lucchetti Bingemer Te\u00f3loga, professora e decana do Centro de Teologia e Ci\u00eancias Humanas da PUC-Rio Adital Ao come\u00e7ar o Advento, a Igreja e a sociedade recebem o livro escrito por Bento XVI sobre a inf\u00e2ncia de Jesus. Trata-se de uma medita\u00e7\u00e3o teol\u00f3gica. Ningu\u00e9m poder\u00e1 l\u00ea-lo sem entrar no ritmo de ora\u00e7\u00e3o que o [&hellip;]<\/p>\n","protected":false},"author":5,"featured_media":0,"comment_status":"open","ping_status":"open","sticky":false,"template":"","format":"standard","meta":{"ngg_post_thumbnail":0,"footnotes":""},"categories":[9],"tags":[206,2326,2327,349],"yoast_head":"<!-- This site is optimized with the Yoast SEO plugin v23.5 - https:\/\/yoast.com\/wordpress\/plugins\/seo\/ -->\n<title>A Inf\u00e2ncia de Jesus segundo Bento XVI - O Arcanjo no ar<\/title>\n<meta name=\"robots\" content=\"index, follow, max-snippet:-1, max-image-preview:large, max-video-preview:-1\" \/>\n<link rel=\"canonical\" href=\"https:\/\/www.oarcanjo.net\/site\/a-infancia-de-jesus-segundo-bento-xvi\/\" \/>\n<meta property=\"og:locale\" content=\"pt_BR\" \/>\n<meta property=\"og:type\" content=\"article\" \/>\n<meta property=\"og:title\" content=\"A Inf\u00e2ncia de Jesus segundo Bento XVI - O Arcanjo no ar\" \/>\n<meta property=\"og:description\" content=\"Maria Clara Lucchetti Bingemer Te\u00f3loga, professora e decana do Centro de Teologia e Ci\u00eancias Humanas da PUC-Rio Adital Ao come\u00e7ar o Advento, a Igreja e a sociedade recebem o livro escrito por Bento XVI sobre a inf\u00e2ncia de Jesus. Trata-se de uma medita\u00e7\u00e3o teol\u00f3gica. Ningu\u00e9m poder\u00e1 l\u00ea-lo sem entrar no ritmo de ora\u00e7\u00e3o que o [&hellip;]\" \/>\n<meta property=\"og:url\" content=\"https:\/\/www.oarcanjo.net\/site\/a-infancia-de-jesus-segundo-bento-xvi\/\" \/>\n<meta property=\"og:site_name\" content=\"O Arcanjo no ar\" \/>\n<meta property=\"article:publisher\" content=\"https:\/\/www.facebook.com\/OArcanjoNoAr\/\" \/>\n<meta property=\"article:published_time\" content=\"2012-12-08T10:59:18+00:00\" \/>\n<meta property=\"article:modified_time\" content=\"2012-12-09T11:00:50+00:00\" \/>\n<meta property=\"og:image\" content=\"https:\/\/www.oarcanjo.net\/site\/wp-content\/uploads\/logo-o-arcanjo-no-ar-facebook.png\" \/>\n\t<meta property=\"og:image:width\" content=\"300\" \/>\n\t<meta property=\"og:image:height\" content=\"300\" \/>\n\t<meta property=\"og:image:type\" content=\"image\/png\" \/>\n<meta name=\"author\" content=\"editor\" \/>\n<meta name=\"twitter:card\" content=\"summary_large_image\" \/>\n<meta name=\"twitter:label1\" content=\"Escrito por\" \/>\n\t<meta name=\"twitter:data1\" content=\"editor\" \/>\n\t<meta name=\"twitter:label2\" content=\"Est. tempo de leitura\" \/>\n\t<meta name=\"twitter:data2\" content=\"5 minutos\" \/>\n<script type=\"application\/ld+json\" class=\"yoast-schema-graph\">{\"@context\":\"https:\/\/schema.org\",\"@graph\":[{\"@type\":\"Article\",\"@id\":\"https:\/\/www.oarcanjo.net\/site\/a-infancia-de-jesus-segundo-bento-xvi\/#article\",\"isPartOf\":{\"@id\":\"https:\/\/www.oarcanjo.net\/site\/a-infancia-de-jesus-segundo-bento-xvi\/\"},\"author\":{\"name\":\"editor\",\"@id\":\"https:\/\/www.oarcanjo.net\/site\/#\/schema\/person\/f7024d007863202483a31326673a0838\"},\"headline\":\"A Inf\u00e2ncia de Jesus segundo Bento XVI\",\"datePublished\":\"2012-12-08T10:59:18+00:00\",\"dateModified\":\"2012-12-09T11:00:50+00:00\",\"mainEntityOfPage\":{\"@id\":\"https:\/\/www.oarcanjo.net\/site\/a-infancia-de-jesus-segundo-bento-xvi\/\"},\"wordCount\":1097,\"commentCount\":0,\"publisher\":{\"@id\":\"https:\/\/www.oarcanjo.net\/site\/#organization\"},\"keywords\":[\"Bento XVI\",\"Inf\u00e2ncia de Jesus\",\"Jos\u00e9\",\"Maria\"],\"articleSection\":[\"Reflex\u00f5es\"],\"inLanguage\":\"pt-BR\",\"potentialAction\":[{\"@type\":\"CommentAction\",\"name\":\"Comment\",\"target\":[\"https:\/\/www.oarcanjo.net\/site\/a-infancia-de-jesus-segundo-bento-xvi\/#respond\"]}]},{\"@type\":\"WebPage\",\"@id\":\"https:\/\/www.oarcanjo.net\/site\/a-infancia-de-jesus-segundo-bento-xvi\/\",\"url\":\"https:\/\/www.oarcanjo.net\/site\/a-infancia-de-jesus-segundo-bento-xvi\/\",\"name\":\"A Inf\u00e2ncia de Jesus segundo Bento XVI - O Arcanjo no ar\",\"isPartOf\":{\"@id\":\"https:\/\/www.oarcanjo.net\/site\/#website\"},\"datePublished\":\"2012-12-08T10:59:18+00:00\",\"dateModified\":\"2012-12-09T11:00:50+00:00\",\"breadcrumb\":{\"@id\":\"https:\/\/www.oarcanjo.net\/site\/a-infancia-de-jesus-segundo-bento-xvi\/#breadcrumb\"},\"inLanguage\":\"pt-BR\",\"potentialAction\":[{\"@type\":\"ReadAction\",\"target\":[\"https:\/\/www.oarcanjo.net\/site\/a-infancia-de-jesus-segundo-bento-xvi\/\"]}]},{\"@type\":\"BreadcrumbList\",\"@id\":\"https:\/\/www.oarcanjo.net\/site\/a-infancia-de-jesus-segundo-bento-xvi\/#breadcrumb\",\"itemListElement\":[{\"@type\":\"ListItem\",\"position\":1,\"name\":\"In\u00edcio\",\"item\":\"https:\/\/www.oarcanjo.net\/site\/\"},{\"@type\":\"ListItem\",\"position\":2,\"name\":\"A Inf\u00e2ncia de Jesus segundo Bento XVI\"}]},{\"@type\":\"WebSite\",\"@id\":\"https:\/\/www.oarcanjo.net\/site\/#website\",\"url\":\"https:\/\/www.oarcanjo.net\/site\/\",\"name\":\"O Arcanjo no ar\",\"description\":\"Site da Par\u00f3quia S\u00e3o Miguel Arcanjo (Arquidiocese de SP)\",\"publisher\":{\"@id\":\"https:\/\/www.oarcanjo.net\/site\/#organization\"},\"potentialAction\":[{\"@type\":\"SearchAction\",\"target\":{\"@type\":\"EntryPoint\",\"urlTemplate\":\"https:\/\/www.oarcanjo.net\/site\/?s={search_term_string}\"},\"query-input\":{\"@type\":\"PropertyValueSpecification\",\"valueRequired\":true,\"valueName\":\"search_term_string\"}}],\"inLanguage\":\"pt-BR\"},{\"@type\":\"Organization\",\"@id\":\"https:\/\/www.oarcanjo.net\/site\/#organization\",\"name\":\"Par\u00f3quia S\u00e3o Miguel Arcanjo\",\"url\":\"https:\/\/www.oarcanjo.net\/site\/\",\"logo\":{\"@type\":\"ImageObject\",\"inLanguage\":\"pt-BR\",\"@id\":\"https:\/\/www.oarcanjo.net\/site\/#\/schema\/logo\/image\/\",\"url\":\"https:\/\/www.oarcanjo.net\/site\/wp-content\/uploads\/LogoOArcanjo.png\",\"contentUrl\":\"https:\/\/www.oarcanjo.net\/site\/wp-content\/uploads\/LogoOArcanjo.png\",\"width\":319,\"height\":99,\"caption\":\"Par\u00f3quia S\u00e3o Miguel Arcanjo\"},\"image\":{\"@id\":\"https:\/\/www.oarcanjo.net\/site\/#\/schema\/logo\/image\/\"},\"sameAs\":[\"https:\/\/www.facebook.com\/OArcanjoNoAr\/\"]},{\"@type\":\"Person\",\"@id\":\"https:\/\/www.oarcanjo.net\/site\/#\/schema\/person\/f7024d007863202483a31326673a0838\",\"name\":\"editor\",\"sameAs\":[\"http:\/\/www.oarcanjo.net\"]}]}<\/script>\n<!-- \/ Yoast SEO plugin. -->","yoast_head_json":{"title":"A Inf\u00e2ncia de Jesus segundo Bento XVI - O Arcanjo no ar","robots":{"index":"index","follow":"follow","max-snippet":"max-snippet:-1","max-image-preview":"max-image-preview:large","max-video-preview":"max-video-preview:-1"},"canonical":"https:\/\/www.oarcanjo.net\/site\/a-infancia-de-jesus-segundo-bento-xvi\/","og_locale":"pt_BR","og_type":"article","og_title":"A Inf\u00e2ncia de Jesus segundo Bento XVI - O Arcanjo no ar","og_description":"Maria Clara Lucchetti Bingemer Te\u00f3loga, professora e decana do Centro de Teologia e Ci\u00eancias Humanas da PUC-Rio Adital Ao come\u00e7ar o Advento, a Igreja e a sociedade recebem o livro escrito por Bento XVI sobre a inf\u00e2ncia de Jesus. Trata-se de uma medita\u00e7\u00e3o teol\u00f3gica. Ningu\u00e9m poder\u00e1 l\u00ea-lo sem entrar no ritmo de ora\u00e7\u00e3o que o [&hellip;]","og_url":"https:\/\/www.oarcanjo.net\/site\/a-infancia-de-jesus-segundo-bento-xvi\/","og_site_name":"O Arcanjo no ar","article_publisher":"https:\/\/www.facebook.com\/OArcanjoNoAr\/","article_published_time":"2012-12-08T10:59:18+00:00","article_modified_time":"2012-12-09T11:00:50+00:00","og_image":[{"width":300,"height":300,"url":"https:\/\/www.oarcanjo.net\/site\/wp-content\/uploads\/logo-o-arcanjo-no-ar-facebook.png","type":"image\/png"}],"author":"editor","twitter_card":"summary_large_image","twitter_misc":{"Escrito por":"editor","Est. tempo de leitura":"5 minutos"},"schema":{"@context":"https:\/\/schema.org","@graph":[{"@type":"Article","@id":"https:\/\/www.oarcanjo.net\/site\/a-infancia-de-jesus-segundo-bento-xvi\/#article","isPartOf":{"@id":"https:\/\/www.oarcanjo.net\/site\/a-infancia-de-jesus-segundo-bento-xvi\/"},"author":{"name":"editor","@id":"https:\/\/www.oarcanjo.net\/site\/#\/schema\/person\/f7024d007863202483a31326673a0838"},"headline":"A Inf\u00e2ncia de Jesus segundo Bento XVI","datePublished":"2012-12-08T10:59:18+00:00","dateModified":"2012-12-09T11:00:50+00:00","mainEntityOfPage":{"@id":"https:\/\/www.oarcanjo.net\/site\/a-infancia-de-jesus-segundo-bento-xvi\/"},"wordCount":1097,"commentCount":0,"publisher":{"@id":"https:\/\/www.oarcanjo.net\/site\/#organization"},"keywords":["Bento XVI","Inf\u00e2ncia de Jesus","Jos\u00e9","Maria"],"articleSection":["Reflex\u00f5es"],"inLanguage":"pt-BR","potentialAction":[{"@type":"CommentAction","name":"Comment","target":["https:\/\/www.oarcanjo.net\/site\/a-infancia-de-jesus-segundo-bento-xvi\/#respond"]}]},{"@type":"WebPage","@id":"https:\/\/www.oarcanjo.net\/site\/a-infancia-de-jesus-segundo-bento-xvi\/","url":"https:\/\/www.oarcanjo.net\/site\/a-infancia-de-jesus-segundo-bento-xvi\/","name":"A Inf\u00e2ncia de Jesus segundo Bento XVI - O Arcanjo no ar","isPartOf":{"@id":"https:\/\/www.oarcanjo.net\/site\/#website"},"datePublished":"2012-12-08T10:59:18+00:00","dateModified":"2012-12-09T11:00:50+00:00","breadcrumb":{"@id":"https:\/\/www.oarcanjo.net\/site\/a-infancia-de-jesus-segundo-bento-xvi\/#breadcrumb"},"inLanguage":"pt-BR","potentialAction":[{"@type":"ReadAction","target":["https:\/\/www.oarcanjo.net\/site\/a-infancia-de-jesus-segundo-bento-xvi\/"]}]},{"@type":"BreadcrumbList","@id":"https:\/\/www.oarcanjo.net\/site\/a-infancia-de-jesus-segundo-bento-xvi\/#breadcrumb","itemListElement":[{"@type":"ListItem","position":1,"name":"In\u00edcio","item":"https:\/\/www.oarcanjo.net\/site\/"},{"@type":"ListItem","position":2,"name":"A Inf\u00e2ncia de Jesus segundo Bento XVI"}]},{"@type":"WebSite","@id":"https:\/\/www.oarcanjo.net\/site\/#website","url":"https:\/\/www.oarcanjo.net\/site\/","name":"O Arcanjo no ar","description":"Site da Par\u00f3quia S\u00e3o Miguel Arcanjo (Arquidiocese de SP)","publisher":{"@id":"https:\/\/www.oarcanjo.net\/site\/#organization"},"potentialAction":[{"@type":"SearchAction","target":{"@type":"EntryPoint","urlTemplate":"https:\/\/www.oarcanjo.net\/site\/?s={search_term_string}"},"query-input":{"@type":"PropertyValueSpecification","valueRequired":true,"valueName":"search_term_string"}}],"inLanguage":"pt-BR"},{"@type":"Organization","@id":"https:\/\/www.oarcanjo.net\/site\/#organization","name":"Par\u00f3quia S\u00e3o Miguel Arcanjo","url":"https:\/\/www.oarcanjo.net\/site\/","logo":{"@type":"ImageObject","inLanguage":"pt-BR","@id":"https:\/\/www.oarcanjo.net\/site\/#\/schema\/logo\/image\/","url":"https:\/\/www.oarcanjo.net\/site\/wp-content\/uploads\/LogoOArcanjo.png","contentUrl":"https:\/\/www.oarcanjo.net\/site\/wp-content\/uploads\/LogoOArcanjo.png","width":319,"height":99,"caption":"Par\u00f3quia S\u00e3o Miguel Arcanjo"},"image":{"@id":"https:\/\/www.oarcanjo.net\/site\/#\/schema\/logo\/image\/"},"sameAs":["https:\/\/www.facebook.com\/OArcanjoNoAr\/"]},{"@type":"Person","@id":"https:\/\/www.oarcanjo.net\/site\/#\/schema\/person\/f7024d007863202483a31326673a0838","name":"editor","sameAs":["http:\/\/www.oarcanjo.net"]}]}},"publishpress_future_action":{"enabled":false,"date":"2026-05-09 09:01:04","action":"category","newStatus":"draft","terms":[],"taxonomy":"category"},"publishpress_future_workflow_manual_trigger":{"enabledWorkflows":[]},"_links":{"self":[{"href":"https:\/\/www.oarcanjo.net\/site\/wp-json\/wp\/v2\/posts\/20130"}],"collection":[{"href":"https:\/\/www.oarcanjo.net\/site\/wp-json\/wp\/v2\/posts"}],"about":[{"href":"https:\/\/www.oarcanjo.net\/site\/wp-json\/wp\/v2\/types\/post"}],"author":[{"embeddable":true,"href":"https:\/\/www.oarcanjo.net\/site\/wp-json\/wp\/v2\/users\/5"}],"replies":[{"embeddable":true,"href":"https:\/\/www.oarcanjo.net\/site\/wp-json\/wp\/v2\/comments?post=20130"}],"version-history":[{"count":0,"href":"https:\/\/www.oarcanjo.net\/site\/wp-json\/wp\/v2\/posts\/20130\/revisions"}],"wp:attachment":[{"href":"https:\/\/www.oarcanjo.net\/site\/wp-json\/wp\/v2\/media?parent=20130"}],"wp:term":[{"taxonomy":"category","embeddable":true,"href":"https:\/\/www.oarcanjo.net\/site\/wp-json\/wp\/v2\/categories?post=20130"},{"taxonomy":"post_tag","embeddable":true,"href":"https:\/\/www.oarcanjo.net\/site\/wp-json\/wp\/v2\/tags?post=20130"}],"curies":[{"name":"wp","href":"https:\/\/api.w.org\/{rel}","templated":true}]}}