
{"id":20133,"date":"2012-12-06T15:26:38","date_gmt":"2012-12-06T17:26:38","guid":{"rendered":"http:\/\/www.oarcanjo.net\/site\/?p=20133"},"modified":"2012-12-10T00:31:53","modified_gmt":"2012-12-10T02:31:53","slug":"alianca-de-misericordia-e-novas-comunidades-realizam-a-missao-thalita-kum-2012","status":"publish","type":"post","link":"https:\/\/www.oarcanjo.net\/site\/alianca-de-misericordia-e-novas-comunidades-realizam-a-missao-thalita-kum-2012\/","title":{"rendered":"Alian\u00e7a de Miseric\u00f3rdia e Novas Comunidades realizam a Miss\u00e3o Thalita Kum 2012"},"content":{"rendered":"<p><em>Da reda\u00e7\u00e3o do site da Arquidiocese de S\u00e3o Paulo<\/em><\/p>\n<p>Acontece em S\u00e3o Paulo, de 9 e 16 de dezembro, a 12\u00aa edi\u00e7\u00e3o da Miss\u00e3o Thalita Kum que este ano tem como tema \u201cNatal Feliz \u00e9 Natal com F\u00e9\u201d. Segundo os organizadores, este tema foi escolhido n\u00e3o apenas para que o evento esteja em sintonia com as iniciativas promovidas pela Arquidiocese de S\u00e3o Paulo neste final de ano, mas tamb\u00e9m se configure como uma resposta aos apelos feitos pelo papa Bento 16, ao proclamar o Ano da F\u00e9. \u201cDesejo que o Ano da F\u00e9 possa contribuir, com a colabora\u00e7\u00e3o cordial de todos os componentes do Povo de Deus, para tornar Deus novamente presente neste mundo e para abrir aos homens o acesso \u00e0 f\u00e9, ao confiar-se \u00e0quele Deus que nos amou at\u00e9 o fim (cf. Jo 13,1), em Jesus Cristo crucificado e ressuscitado\u201d, diz o Papa na Carta Apost\u00f3lica Porta da F\u00e9.<\/p>\n<p>Atrav\u00e9s de diversas atividades e com express\u00f5es concretas de caridade, buscar\u00e3o fazer a diferen\u00e7a nas v\u00e9speras deste Natal levando a Boa Nova de Cristo aos c\u00e1rceres, pra\u00e7as, \u00f4nibus, hospitais e ruas do centro da Capital Paulista. Em alguns pontos (Pra\u00e7a da S\u00e9 e Pra\u00e7a do Patriarca) haver\u00e1 atendimento de confiss\u00f5es e a adora\u00e7\u00e3o ao Sant\u00edssimo Sacramento. Al\u00e9m do an\u00fancio, ser\u00e3o realizados trabalhos de ajuda e atendimento emergencial para os mais carentes, oferecendo atendimento de higieniza\u00e7\u00e3o, alimenta\u00e7\u00e3o e outras atividades, a fim de que vivam um Natal mais digno e fraterno.<\/p>\n<p>O evento, que desde 2007 \u00e9 realizado em parceria com o SEJUSP (Setor da Juventude da Arquidiocese de S\u00e3o Paulo), torna-se em 2012 um projeto de comunh\u00e3o de diversas Novas Comunidades e Movimentos presentes na cidade: Shalom, Can\u00e7\u00e3o Nova, Betel Santa M\u00e3e de Deus, Olhar Divino, Totus Mariae, Magnificat, Cen\u00e1culo de Amor, Voz dos Pobres, Alian\u00e7a de Cristo Rei, Mensagem de Paz, Instrumento de Deus, Miss\u00e3o Bel\u00e9m, Divina Miseric\u00f3rdia, dentre outras.<\/p>\n<p>A Miss\u00e3o Thalita Kum, express\u00e3o de origem hebraica que significa &#8220;jovem, levanta-te&#8221;, realiza, por meio do an\u00fancio, m\u00fasica, teatro e dan\u00e7a, uma verdadeira &#8220;invas\u00e3o&#8221; de jovens no centro de S\u00e3o Paulo. De acordo com padre Jo\u00e3o Henrique, que junto a padre Antonello Caddeddu \u00e9 um dos respons\u00e1veis pelo Movimento Alian\u00e7a de Miseric\u00f3rdia, a Miss\u00e3o \u00e9 realizada na \u00e9poca do Natal para ajudar as pessoas a voltarem seu olhar ao aut\u00eantico sentido desta festa e tamb\u00e9m para proporcionar momentos de promo\u00e7\u00e3o social e maior dignidade \u00e0 popula\u00e7\u00e3o de rua do centro da cidade. <\/p>\n<div id=\"themify_builder_content-20133\" data-postid=\"20133\" class=\"themify_builder_content themify_builder_content-20133 themify_builder themify_builder_front\">\n\t<\/div>\n<!-- \/themify_builder_content -->","protected":false},"excerpt":{"rendered":"<p>Da reda\u00e7\u00e3o do site da Arquidiocese de S\u00e3o Paulo Acontece em S\u00e3o Paulo, de 9 e 16 de dezembro, a 12\u00aa edi\u00e7\u00e3o da Miss\u00e3o Thalita Kum que este ano tem como tema \u201cNatal Feliz \u00e9 Natal com F\u00e9\u201d. Segundo os organizadores, este tema foi escolhido n\u00e3o apenas para que o evento esteja em sintonia com [&hellip;]<\/p>\n","protected":false},"author":5,"featured_media":0,"comment_status":"open","ping_status":"open","sticky":false,"template":"","format":"standard","meta":{"ngg_post_thumbnail":0,"footnotes":""},"categories":[8],"tags":[1334,2328],"yoast_head":"<!-- This site is optimized with the Yoast SEO plugin v23.5 - https:\/\/yoast.com\/wordpress\/plugins\/seo\/ -->\n<title>Alian\u00e7a de Miseric\u00f3rdia e Novas Comunidades realizam a Miss\u00e3o Thalita Kum 2012 - O Arcanjo no ar<\/title>\n<meta name=\"robots\" content=\"index, follow, max-snippet:-1, max-image-preview:large, max-video-preview:-1\" \/>\n<link rel=\"canonical\" href=\"https:\/\/www.oarcanjo.net\/site\/alianca-de-misericordia-e-novas-comunidades-realizam-a-missao-thalita-kum-2012\/\" \/>\n<meta property=\"og:locale\" content=\"pt_BR\" \/>\n<meta property=\"og:type\" content=\"article\" \/>\n<meta property=\"og:title\" content=\"Alian\u00e7a de Miseric\u00f3rdia e Novas Comunidades realizam a Miss\u00e3o Thalita Kum 2012 - O Arcanjo no ar\" \/>\n<meta property=\"og:description\" content=\"Da reda\u00e7\u00e3o do site da Arquidiocese de S\u00e3o Paulo Acontece em S\u00e3o Paulo, de 9 e 16 de dezembro, a 12\u00aa edi\u00e7\u00e3o da Miss\u00e3o Thalita Kum que este ano tem como tema \u201cNatal Feliz \u00e9 Natal com F\u00e9\u201d. Segundo os organizadores, este tema foi escolhido n\u00e3o apenas para que o evento esteja em sintonia com [&hellip;]\" \/>\n<meta property=\"og:url\" content=\"https:\/\/www.oarcanjo.net\/site\/alianca-de-misericordia-e-novas-comunidades-realizam-a-missao-thalita-kum-2012\/\" \/>\n<meta property=\"og:site_name\" content=\"O Arcanjo no ar\" \/>\n<meta property=\"article:publisher\" content=\"https:\/\/www.facebook.com\/OArcanjoNoAr\/\" \/>\n<meta property=\"article:published_time\" content=\"2012-12-06T17:26:38+00:00\" \/>\n<meta property=\"article:modified_time\" content=\"2012-12-10T02:31:53+00:00\" \/>\n<meta property=\"og:image\" content=\"https:\/\/www.oarcanjo.net\/site\/wp-content\/uploads\/logo-o-arcanjo-no-ar-facebook.png\" \/>\n\t<meta property=\"og:image:width\" content=\"300\" \/>\n\t<meta property=\"og:image:height\" content=\"300\" \/>\n\t<meta property=\"og:image:type\" content=\"image\/png\" \/>\n<meta name=\"author\" content=\"editor\" \/>\n<meta name=\"twitter:card\" content=\"summary_large_image\" \/>\n<meta name=\"twitter:label1\" content=\"Escrito por\" \/>\n\t<meta name=\"twitter:data1\" content=\"editor\" \/>\n\t<meta name=\"twitter:label2\" content=\"Est. tempo de leitura\" \/>\n\t<meta name=\"twitter:data2\" content=\"2 minutos\" \/>\n<script type=\"application\/ld+json\" class=\"yoast-schema-graph\">{\"@context\":\"https:\/\/schema.org\",\"@graph\":[{\"@type\":\"Article\",\"@id\":\"https:\/\/www.oarcanjo.net\/site\/alianca-de-misericordia-e-novas-comunidades-realizam-a-missao-thalita-kum-2012\/#article\",\"isPartOf\":{\"@id\":\"https:\/\/www.oarcanjo.net\/site\/alianca-de-misericordia-e-novas-comunidades-realizam-a-missao-thalita-kum-2012\/\"},\"author\":{\"name\":\"editor\",\"@id\":\"https:\/\/www.oarcanjo.net\/site\/#\/schema\/person\/f7024d007863202483a31326673a0838\"},\"headline\":\"Alian\u00e7a de Miseric\u00f3rdia e Novas Comunidades realizam a Miss\u00e3o Thalita Kum 2012\",\"datePublished\":\"2012-12-06T17:26:38+00:00\",\"dateModified\":\"2012-12-10T02:31:53+00:00\",\"mainEntityOfPage\":{\"@id\":\"https:\/\/www.oarcanjo.net\/site\/alianca-de-misericordia-e-novas-comunidades-realizam-a-missao-thalita-kum-2012\/\"},\"wordCount\":457,\"commentCount\":0,\"publisher\":{\"@id\":\"https:\/\/www.oarcanjo.net\/site\/#organization\"},\"keywords\":[\"Alian\u00e7a de Miseric\u00f3rdia\",\"Thalita Kum\"],\"articleSection\":[\"Not\u00edcias\"],\"inLanguage\":\"pt-BR\",\"potentialAction\":[{\"@type\":\"CommentAction\",\"name\":\"Comment\",\"target\":[\"https:\/\/www.oarcanjo.net\/site\/alianca-de-misericordia-e-novas-comunidades-realizam-a-missao-thalita-kum-2012\/#respond\"]}]},{\"@type\":\"WebPage\",\"@id\":\"https:\/\/www.oarcanjo.net\/site\/alianca-de-misericordia-e-novas-comunidades-realizam-a-missao-thalita-kum-2012\/\",\"url\":\"https:\/\/www.oarcanjo.net\/site\/alianca-de-misericordia-e-novas-comunidades-realizam-a-missao-thalita-kum-2012\/\",\"name\":\"Alian\u00e7a de Miseric\u00f3rdia e Novas Comunidades realizam a Miss\u00e3o Thalita Kum 2012 - O Arcanjo no ar\",\"isPartOf\":{\"@id\":\"https:\/\/www.oarcanjo.net\/site\/#website\"},\"datePublished\":\"2012-12-06T17:26:38+00:00\",\"dateModified\":\"2012-12-10T02:31:53+00:00\",\"breadcrumb\":{\"@id\":\"https:\/\/www.oarcanjo.net\/site\/alianca-de-misericordia-e-novas-comunidades-realizam-a-missao-thalita-kum-2012\/#breadcrumb\"},\"inLanguage\":\"pt-BR\",\"potentialAction\":[{\"@type\":\"ReadAction\",\"target\":[\"https:\/\/www.oarcanjo.net\/site\/alianca-de-misericordia-e-novas-comunidades-realizam-a-missao-thalita-kum-2012\/\"]}]},{\"@type\":\"BreadcrumbList\",\"@id\":\"https:\/\/www.oarcanjo.net\/site\/alianca-de-misericordia-e-novas-comunidades-realizam-a-missao-thalita-kum-2012\/#breadcrumb\",\"itemListElement\":[{\"@type\":\"ListItem\",\"position\":1,\"name\":\"In\u00edcio\",\"item\":\"https:\/\/www.oarcanjo.net\/site\/\"},{\"@type\":\"ListItem\",\"position\":2,\"name\":\"Alian\u00e7a de Miseric\u00f3rdia e Novas Comunidades realizam a Miss\u00e3o Thalita Kum 2012\"}]},{\"@type\":\"WebSite\",\"@id\":\"https:\/\/www.oarcanjo.net\/site\/#website\",\"url\":\"https:\/\/www.oarcanjo.net\/site\/\",\"name\":\"O Arcanjo no ar\",\"description\":\"Site da Par\u00f3quia S\u00e3o Miguel Arcanjo (Arquidiocese de SP)\",\"publisher\":{\"@id\":\"https:\/\/www.oarcanjo.net\/site\/#organization\"},\"potentialAction\":[{\"@type\":\"SearchAction\",\"target\":{\"@type\":\"EntryPoint\",\"urlTemplate\":\"https:\/\/www.oarcanjo.net\/site\/?s={search_term_string}\"},\"query-input\":{\"@type\":\"PropertyValueSpecification\",\"valueRequired\":true,\"valueName\":\"search_term_string\"}}],\"inLanguage\":\"pt-BR\"},{\"@type\":\"Organization\",\"@id\":\"https:\/\/www.oarcanjo.net\/site\/#organization\",\"name\":\"Par\u00f3quia S\u00e3o Miguel Arcanjo\",\"url\":\"https:\/\/www.oarcanjo.net\/site\/\",\"logo\":{\"@type\":\"ImageObject\",\"inLanguage\":\"pt-BR\",\"@id\":\"https:\/\/www.oarcanjo.net\/site\/#\/schema\/logo\/image\/\",\"url\":\"https:\/\/www.oarcanjo.net\/site\/wp-content\/uploads\/LogoOArcanjo.png\",\"contentUrl\":\"https:\/\/www.oarcanjo.net\/site\/wp-content\/uploads\/LogoOArcanjo.png\",\"width\":319,\"height\":99,\"caption\":\"Par\u00f3quia S\u00e3o Miguel Arcanjo\"},\"image\":{\"@id\":\"https:\/\/www.oarcanjo.net\/site\/#\/schema\/logo\/image\/\"},\"sameAs\":[\"https:\/\/www.facebook.com\/OArcanjoNoAr\/\"]},{\"@type\":\"Person\",\"@id\":\"https:\/\/www.oarcanjo.net\/site\/#\/schema\/person\/f7024d007863202483a31326673a0838\",\"name\":\"editor\",\"sameAs\":[\"http:\/\/www.oarcanjo.net\"]}]}<\/script>\n<!-- \/ Yoast SEO plugin. -->","yoast_head_json":{"title":"Alian\u00e7a de Miseric\u00f3rdia e Novas Comunidades realizam a Miss\u00e3o Thalita Kum 2012 - O Arcanjo no ar","robots":{"index":"index","follow":"follow","max-snippet":"max-snippet:-1","max-image-preview":"max-image-preview:large","max-video-preview":"max-video-preview:-1"},"canonical":"https:\/\/www.oarcanjo.net\/site\/alianca-de-misericordia-e-novas-comunidades-realizam-a-missao-thalita-kum-2012\/","og_locale":"pt_BR","og_type":"article","og_title":"Alian\u00e7a de Miseric\u00f3rdia e Novas Comunidades realizam a Miss\u00e3o Thalita Kum 2012 - O Arcanjo no ar","og_description":"Da reda\u00e7\u00e3o do site da Arquidiocese de S\u00e3o Paulo Acontece em S\u00e3o Paulo, de 9 e 16 de dezembro, a 12\u00aa edi\u00e7\u00e3o da Miss\u00e3o Thalita Kum que este ano tem como tema \u201cNatal Feliz \u00e9 Natal com F\u00e9\u201d. Segundo os organizadores, este tema foi escolhido n\u00e3o apenas para que o evento esteja em sintonia com [&hellip;]","og_url":"https:\/\/www.oarcanjo.net\/site\/alianca-de-misericordia-e-novas-comunidades-realizam-a-missao-thalita-kum-2012\/","og_site_name":"O Arcanjo no ar","article_publisher":"https:\/\/www.facebook.com\/OArcanjoNoAr\/","article_published_time":"2012-12-06T17:26:38+00:00","article_modified_time":"2012-12-10T02:31:53+00:00","og_image":[{"width":300,"height":300,"url":"https:\/\/www.oarcanjo.net\/site\/wp-content\/uploads\/logo-o-arcanjo-no-ar-facebook.png","type":"image\/png"}],"author":"editor","twitter_card":"summary_large_image","twitter_misc":{"Escrito por":"editor","Est. tempo de leitura":"2 minutos"},"schema":{"@context":"https:\/\/schema.org","@graph":[{"@type":"Article","@id":"https:\/\/www.oarcanjo.net\/site\/alianca-de-misericordia-e-novas-comunidades-realizam-a-missao-thalita-kum-2012\/#article","isPartOf":{"@id":"https:\/\/www.oarcanjo.net\/site\/alianca-de-misericordia-e-novas-comunidades-realizam-a-missao-thalita-kum-2012\/"},"author":{"name":"editor","@id":"https:\/\/www.oarcanjo.net\/site\/#\/schema\/person\/f7024d007863202483a31326673a0838"},"headline":"Alian\u00e7a de Miseric\u00f3rdia e Novas Comunidades realizam a Miss\u00e3o Thalita Kum 2012","datePublished":"2012-12-06T17:26:38+00:00","dateModified":"2012-12-10T02:31:53+00:00","mainEntityOfPage":{"@id":"https:\/\/www.oarcanjo.net\/site\/alianca-de-misericordia-e-novas-comunidades-realizam-a-missao-thalita-kum-2012\/"},"wordCount":457,"commentCount":0,"publisher":{"@id":"https:\/\/www.oarcanjo.net\/site\/#organization"},"keywords":["Alian\u00e7a de Miseric\u00f3rdia","Thalita Kum"],"articleSection":["Not\u00edcias"],"inLanguage":"pt-BR","potentialAction":[{"@type":"CommentAction","name":"Comment","target":["https:\/\/www.oarcanjo.net\/site\/alianca-de-misericordia-e-novas-comunidades-realizam-a-missao-thalita-kum-2012\/#respond"]}]},{"@type":"WebPage","@id":"https:\/\/www.oarcanjo.net\/site\/alianca-de-misericordia-e-novas-comunidades-realizam-a-missao-thalita-kum-2012\/","url":"https:\/\/www.oarcanjo.net\/site\/alianca-de-misericordia-e-novas-comunidades-realizam-a-missao-thalita-kum-2012\/","name":"Alian\u00e7a de Miseric\u00f3rdia e Novas Comunidades realizam a Miss\u00e3o Thalita Kum 2012 - O Arcanjo no ar","isPartOf":{"@id":"https:\/\/www.oarcanjo.net\/site\/#website"},"datePublished":"2012-12-06T17:26:38+00:00","dateModified":"2012-12-10T02:31:53+00:00","breadcrumb":{"@id":"https:\/\/www.oarcanjo.net\/site\/alianca-de-misericordia-e-novas-comunidades-realizam-a-missao-thalita-kum-2012\/#breadcrumb"},"inLanguage":"pt-BR","potentialAction":[{"@type":"ReadAction","target":["https:\/\/www.oarcanjo.net\/site\/alianca-de-misericordia-e-novas-comunidades-realizam-a-missao-thalita-kum-2012\/"]}]},{"@type":"BreadcrumbList","@id":"https:\/\/www.oarcanjo.net\/site\/alianca-de-misericordia-e-novas-comunidades-realizam-a-missao-thalita-kum-2012\/#breadcrumb","itemListElement":[{"@type":"ListItem","position":1,"name":"In\u00edcio","item":"https:\/\/www.oarcanjo.net\/site\/"},{"@type":"ListItem","position":2,"name":"Alian\u00e7a de Miseric\u00f3rdia e Novas Comunidades realizam a Miss\u00e3o Thalita Kum 2012"}]},{"@type":"WebSite","@id":"https:\/\/www.oarcanjo.net\/site\/#website","url":"https:\/\/www.oarcanjo.net\/site\/","name":"O Arcanjo no ar","description":"Site da Par\u00f3quia S\u00e3o Miguel Arcanjo (Arquidiocese de SP)","publisher":{"@id":"https:\/\/www.oarcanjo.net\/site\/#organization"},"potentialAction":[{"@type":"SearchAction","target":{"@type":"EntryPoint","urlTemplate":"https:\/\/www.oarcanjo.net\/site\/?s={search_term_string}"},"query-input":{"@type":"PropertyValueSpecification","valueRequired":true,"valueName":"search_term_string"}}],"inLanguage":"pt-BR"},{"@type":"Organization","@id":"https:\/\/www.oarcanjo.net\/site\/#organization","name":"Par\u00f3quia S\u00e3o Miguel Arcanjo","url":"https:\/\/www.oarcanjo.net\/site\/","logo":{"@type":"ImageObject","inLanguage":"pt-BR","@id":"https:\/\/www.oarcanjo.net\/site\/#\/schema\/logo\/image\/","url":"https:\/\/www.oarcanjo.net\/site\/wp-content\/uploads\/LogoOArcanjo.png","contentUrl":"https:\/\/www.oarcanjo.net\/site\/wp-content\/uploads\/LogoOArcanjo.png","width":319,"height":99,"caption":"Par\u00f3quia S\u00e3o Miguel Arcanjo"},"image":{"@id":"https:\/\/www.oarcanjo.net\/site\/#\/schema\/logo\/image\/"},"sameAs":["https:\/\/www.facebook.com\/OArcanjoNoAr\/"]},{"@type":"Person","@id":"https:\/\/www.oarcanjo.net\/site\/#\/schema\/person\/f7024d007863202483a31326673a0838","name":"editor","sameAs":["http:\/\/www.oarcanjo.net"]}]}},"publishpress_future_action":{"enabled":false,"date":"2026-05-09 09:03:16","action":"category","newStatus":"draft","terms":[],"taxonomy":"category"},"publishpress_future_workflow_manual_trigger":{"enabledWorkflows":[]},"_links":{"self":[{"href":"https:\/\/www.oarcanjo.net\/site\/wp-json\/wp\/v2\/posts\/20133"}],"collection":[{"href":"https:\/\/www.oarcanjo.net\/site\/wp-json\/wp\/v2\/posts"}],"about":[{"href":"https:\/\/www.oarcanjo.net\/site\/wp-json\/wp\/v2\/types\/post"}],"author":[{"embeddable":true,"href":"https:\/\/www.oarcanjo.net\/site\/wp-json\/wp\/v2\/users\/5"}],"replies":[{"embeddable":true,"href":"https:\/\/www.oarcanjo.net\/site\/wp-json\/wp\/v2\/comments?post=20133"}],"version-history":[{"count":0,"href":"https:\/\/www.oarcanjo.net\/site\/wp-json\/wp\/v2\/posts\/20133\/revisions"}],"wp:attachment":[{"href":"https:\/\/www.oarcanjo.net\/site\/wp-json\/wp\/v2\/media?parent=20133"}],"wp:term":[{"taxonomy":"category","embeddable":true,"href":"https:\/\/www.oarcanjo.net\/site\/wp-json\/wp\/v2\/categories?post=20133"},{"taxonomy":"post_tag","embeddable":true,"href":"https:\/\/www.oarcanjo.net\/site\/wp-json\/wp\/v2\/tags?post=20133"}],"curies":[{"name":"wp","href":"https:\/\/api.w.org\/{rel}","templated":true}]}}