
{"id":20136,"date":"2012-12-10T00:34:24","date_gmt":"2012-12-10T02:34:24","guid":{"rendered":"http:\/\/www.oarcanjo.net\/site\/?p=20136"},"modified":"2012-12-10T16:49:26","modified_gmt":"2012-12-10T18:49:26","slug":"o-bispo-pedro-casaldaliga-tem-de-deixar-sua-residencia-em-sao-felix-do-araguaia-por-sofrer-ameacas","status":"publish","type":"post","link":"https:\/\/www.oarcanjo.net\/site\/o-bispo-pedro-casaldaliga-tem-de-deixar-sua-residencia-em-sao-felix-do-araguaia-por-sofrer-ameacas\/","title":{"rendered":"Nota de solidariedade a Dom Pedro Casald\u00e1liga"},"content":{"rendered":"<p><em>Fonte: V\u00e1rias organiza\u00e7\u00f5es<\/em><br \/>\n<em>Edital<\/em><\/p>\n<p>Ao se aproximar a desintrus\u00e3o da Terra Ind\u00edgena Mar\u00e3iwats\u00e8d\u00e8, ap\u00f3s mais de 20 anos de invas\u00e3o, quando os n\u00e3o ind\u00edgenas est\u00e3o para ser retirados desta \u00e1rea, multiplicam-se as manifesta\u00e7\u00f5es de fazendeiros, pol\u00edticos e dos pr\u00f3prios meios de comunica\u00e7\u00e3o contra a a\u00e7\u00e3o da justi\u00e7a.<\/p>\n<p>Neste momento de desespero, uma das pessoas mais visadas pelos invasores e pelos que os defendem \u00e9 Dom Pedro Casald\u00e1liga, bispo em\u00e9rito de S\u00e3o F\u00e9lix do Araguaia, a quem est\u00e3o querendo, irrespons\u00e1vel e inescrupulosamente, imputar a responsabilidade pela demarca\u00e7\u00e3o da \u00e1rea Xavante nas terras do Posto da Mata.<\/p>\n<p>As entidades que assinam esta nota querem externar sua mais irrestrita solidariedade a Dom Pedro. Desde o momento em que pisou este ch\u00e3o do Araguaia e mais precisamente, desde a hora em que foi sagrado bispo da Prelazia de S\u00e3o F\u00e9lix do Araguaia, sua a\u00e7\u00e3o sempre se pautou na defesa dos interesses dos mais pobres, os povos ind\u00edgenas, os posseiros e os pe\u00f5es. Todos sabem que Dom Pedro e a Prelazia sempre deram apoio a todas as ocupa\u00e7\u00f5es de terra pelos posseiros e sem terra e como estas ocupa\u00e7\u00f5es foram o suporte que possibilitou a cria\u00e7\u00e3o da maior parte dos munic\u00edpios da regi\u00e3o.<\/p>\n<p>Em rela\u00e7\u00e3o \u00e0 terra ind\u00edgena Mar\u00e3iwats\u00e8d\u00e8, dos Xavante, os primeiros moradores da regi\u00e3o nas d\u00e9cadas de 1930, 40 e 50 s\u00e3o testemunhas da presen\u00e7a dos ind\u00edgenas na regi\u00e3o e como eles perambulavam por toda ela. Foi com a chegada das empresas agropecu\u00e1rias, na d\u00e9cada de 1960, com apoio do governo militar, que a Sui\u00e1 Missu se estabeleceu nas proximidades de uma das aldeias e at\u00e9 mesmo conseguiu o apoio do Servi\u00e7o de Prote\u00e7\u00e3o ao Indio para se ver livre da presen\u00e7a dos ind\u00edgenas. A imprensa nacional noticiou a retirada de 289 xavante da regi\u00e3o os quais foram transportados em avi\u00f5es da FAB, em 1966, para a aldeia de S\u00e3o Marcos, no munic\u00edpio de Barra do Gar\u00e7as.<\/p>\n<p>Em 1992, a AGIP, empresa italiana que tinha comprado a Sui\u00e1 Missu das m\u00e3os da fam\u00edlia Ometto, quis se desfazer destas terras. Por ocasi\u00e3o da ECO-92, sob press\u00e3o inclusive internacional, a empresa destinou 165.000 hectares para os Xavante que, durante todo este tempo, sonhavam em voltar \u00e0 terra de onde tinham sido arrancados. Imediatamente fazendeiros e pol\u00edticos da regi\u00e3o fizeram uma grande campanha para ocupar a \u00e1rea que fora reservada aos Xavante, precisamente para impedir que os mesmos retornassem. J\u00e1 no dia 20 de junho de 1992, algumas \u00e1reas tinham sido ocupadas e foi feita uma reuni\u00e3o no Posto da Mata, da qual participaram pol\u00edticos de S\u00e3o F\u00e9lix do Araguaia e de Alto Boa Vista e tamb\u00e9m havia rep\u00f3rteres. A reuni\u00e3o foi toda gravada. As falas deixam mais do que claro que a invas\u00e3o da \u00e1rea era exatamente para impedir a volta dos Xavante. &#8220;Se a popula\u00e7\u00e3o achou por bem tomar conta dessa terra em vez de d\u00e1-la para os \u00edndios, n\u00f3s temos que dar esse respaldo para o povo\u201d (Jos\u00e9 Ant\u00f4nio de Almeida \u2013 Bau, prefeito de S\u00e3o F\u00e9lix do Araguaia). &#8220;A finalidade dessa reuni\u00e3o \u00e9 tentarmos organizar mais os posseiros que est\u00e3o dentro da \u00e1rea&#8230; Se for colocar \u00edndio no seu habitat natural, tem que mandar \u00edndio l\u00e1 para Jacareacanga, ou Amazonas, ou Par\u00e1&#8230;\u201d (Osmar Kalil \u2013 Mazim, candidato a prefeito do Alto Boa Vista). &#8220;N\u00f3s ajudamos at\u00e9 todos os posseiros daqui serem localizados&#8230; Chegou a um ponto, ou n\u00f3s ou eles (os Xavante) porque n\u00f3s temos o direito&#8230; Dizer que aqui tem muito \u00edndio? Aqueles que est\u00e3o preocupados com os \u00edndios que tem que assentar. Tem um monte de pa\u00eds que n\u00e3o tem \u00edndio. Pode levar a metade&#8230; Na It\u00e1lia tem \u00edndio? N\u00e3o, n\u00e3o tem! Leva! Leva pra l\u00e1! Carrega pra l\u00e1! Agora, n\u00e3o vem jogar em n\u00f3s, n\u00e3o&#8230; ( Filemon Costa Limoeiro, \u00e0 \u00e9poca funcion\u00e1rio do F\u00f3rum de S\u00e3o F\u00e9lix do Araguaia)<\/p>\n<p>A \u00e1rea reservada aos Xavante foi toda ocupada por fazendeiros, pol\u00edticos e comerciantes. Muitos pequenos foram incentivados e apoiados a ocupar algumas pequenas \u00e1reas para dar cobertura aos grandes. O governo da Rep\u00fablica, por\u00e9m estava agindo e logo, em 1993, declarou a \u00e1rea como Terra Ind\u00edgena que foi demarcada e, em 1998 homologada pelo presidente FHC. S\u00f3 agora \u00e9 que a justi\u00e7a est\u00e1 reconhecendo de maneira definitiva o direito maior dos \u00edndios. O que D. Pedro sempre pediu, em rela\u00e7\u00e3o a esta terra, foi que os pequenos que entraram enganados, fossem assentados em outras terras da Reformas Agr\u00e1ria. Mas o que se v\u00ea \u00e9 que, ontem como hoje, os pequenos continuam sendo massa de manobra nas m\u00e3os dos grandes e dos pol\u00edticos na tentativa de n\u00e3o se garantir aos povos ind\u00edgenas um direito que lhes \u00e9 reconhecido pela Constitui\u00e7\u00e3o Brasileira.<\/p>\n<p>Mais uma vez, queremos manifestar nossa solidariedade a Dom Pedro e denunciar mais esta mentira de parte daqueles que tentam eximir-se da sua responsabilidade sobre a situa\u00e7\u00e3o de sofrimento, tens\u00e3o e amea\u00e7a de viol\u00eancia que eles mesmos criaram, jogando esta responsabilidade sobre os ombros de nosso bispo em\u00e9rito.<\/p>\n<p>5 de dezembro de 2012<br \/>\n<em>Conselho Indigenista Mission\u00e1rio \u2013 CIMI \u2013 Brasilia<\/em><br \/>\n<em>Comiss\u00e3o Pastoral da Terra \u2013 CPT \u2013 Goi\u00e2nia<\/em><br \/>\n<em>Escrit\u00f3rio de Direitos Humanos da Prelazia de S\u00e3o F\u00e9lix do Araguaia \u2013 S\u00e3o F\u00e9lix do Araguaia<\/em><br \/>\n<em>Associa\u00e7\u00e3o de Educa\u00e7\u00e3o e Assist\u00eancia Social Nossa Senhora da Assun\u00e7\u00e3o \u2013 ANSA \u2013 S\u00e3o F\u00e9lix do Araguaia<\/em><br \/>\n<em>Instituto Humana Ra\u00e7a F\u00eamina \u2013 Inhurafe \u2013 S\u00e3o F\u00e9lix do Araguaia<\/em><br \/>\n<em>Associa\u00e7\u00e3o Terra Viva \u2013 Porto Alegre do Norte<\/em><br \/>\n<em>Associa\u00e7\u00e3o Alvorada \u2013 Vila Rica<\/em><br \/>\n<em>Associa\u00e7\u00e3o de Artesanato Arte Nossa \u2013 S\u00e3o F\u00e9lix do Araguaia<\/em><\/p>\n<div id=\"themify_builder_content-20136\" data-postid=\"20136\" class=\"themify_builder_content themify_builder_content-20136 themify_builder themify_builder_front\">\n\t<\/div>\n<!-- \/themify_builder_content -->","protected":false},"excerpt":{"rendered":"<p>Fonte: V\u00e1rias organiza\u00e7\u00f5es Edital Ao se aproximar a desintrus\u00e3o da Terra Ind\u00edgena Mar\u00e3iwats\u00e8d\u00e8, ap\u00f3s mais de 20 anos de invas\u00e3o, quando os n\u00e3o ind\u00edgenas est\u00e3o para ser retirados desta \u00e1rea, multiplicam-se as manifesta\u00e7\u00f5es de fazendeiros, pol\u00edticos e dos pr\u00f3prios meios de comunica\u00e7\u00e3o contra a a\u00e7\u00e3o da justi\u00e7a. Neste momento de desespero, uma das pessoas mais [&hellip;]<\/p>\n","protected":false},"author":5,"featured_media":0,"comment_status":"open","ping_status":"open","sticky":false,"template":"","format":"standard","meta":{"ngg_post_thumbnail":0,"footnotes":""},"categories":[3,8],"tags":[272,2329],"yoast_head":"<!-- This site is optimized with the Yoast SEO plugin v23.5 - https:\/\/yoast.com\/wordpress\/plugins\/seo\/ -->\n<title>Nota de solidariedade a Dom Pedro Casald\u00e1liga - O Arcanjo no ar<\/title>\n<meta name=\"robots\" content=\"index, follow, max-snippet:-1, max-image-preview:large, max-video-preview:-1\" \/>\n<link rel=\"canonical\" href=\"https:\/\/www.oarcanjo.net\/site\/o-bispo-pedro-casaldaliga-tem-de-deixar-sua-residencia-em-sao-felix-do-araguaia-por-sofrer-ameacas\/\" \/>\n<meta property=\"og:locale\" content=\"pt_BR\" \/>\n<meta property=\"og:type\" content=\"article\" \/>\n<meta property=\"og:title\" content=\"Nota de solidariedade a Dom Pedro Casald\u00e1liga - O Arcanjo no ar\" \/>\n<meta property=\"og:description\" content=\"Fonte: V\u00e1rias organiza\u00e7\u00f5es Edital Ao se aproximar a desintrus\u00e3o da Terra Ind\u00edgena Mar\u00e3iwats\u00e8d\u00e8, ap\u00f3s mais de 20 anos de invas\u00e3o, quando os n\u00e3o ind\u00edgenas est\u00e3o para ser retirados desta \u00e1rea, multiplicam-se as manifesta\u00e7\u00f5es de fazendeiros, pol\u00edticos e dos pr\u00f3prios meios de comunica\u00e7\u00e3o contra a a\u00e7\u00e3o da justi\u00e7a. Neste momento de desespero, uma das pessoas mais [&hellip;]\" \/>\n<meta property=\"og:url\" content=\"https:\/\/www.oarcanjo.net\/site\/o-bispo-pedro-casaldaliga-tem-de-deixar-sua-residencia-em-sao-felix-do-araguaia-por-sofrer-ameacas\/\" \/>\n<meta property=\"og:site_name\" content=\"O Arcanjo no ar\" \/>\n<meta property=\"article:publisher\" content=\"https:\/\/www.facebook.com\/OArcanjoNoAr\/\" \/>\n<meta property=\"article:published_time\" content=\"2012-12-10T02:34:24+00:00\" \/>\n<meta property=\"article:modified_time\" content=\"2012-12-10T18:49:26+00:00\" \/>\n<meta property=\"og:image\" content=\"https:\/\/www.oarcanjo.net\/site\/wp-content\/uploads\/logo-o-arcanjo-no-ar-facebook.png\" \/>\n\t<meta property=\"og:image:width\" content=\"300\" \/>\n\t<meta property=\"og:image:height\" content=\"300\" \/>\n\t<meta property=\"og:image:type\" content=\"image\/png\" \/>\n<meta name=\"author\" content=\"editor\" \/>\n<meta name=\"twitter:card\" content=\"summary_large_image\" \/>\n<meta name=\"twitter:label1\" content=\"Escrito por\" \/>\n\t<meta name=\"twitter:data1\" content=\"editor\" \/>\n\t<meta name=\"twitter:label2\" content=\"Est. tempo de leitura\" \/>\n\t<meta name=\"twitter:data2\" content=\"5 minutos\" \/>\n<script type=\"application\/ld+json\" class=\"yoast-schema-graph\">{\"@context\":\"https:\/\/schema.org\",\"@graph\":[{\"@type\":\"Article\",\"@id\":\"https:\/\/www.oarcanjo.net\/site\/o-bispo-pedro-casaldaliga-tem-de-deixar-sua-residencia-em-sao-felix-do-araguaia-por-sofrer-ameacas\/#article\",\"isPartOf\":{\"@id\":\"https:\/\/www.oarcanjo.net\/site\/o-bispo-pedro-casaldaliga-tem-de-deixar-sua-residencia-em-sao-felix-do-araguaia-por-sofrer-ameacas\/\"},\"author\":{\"name\":\"editor\",\"@id\":\"https:\/\/www.oarcanjo.net\/site\/#\/schema\/person\/f7024d007863202483a31326673a0838\"},\"headline\":\"Nota de solidariedade a Dom Pedro Casald\u00e1liga\",\"datePublished\":\"2012-12-10T02:34:24+00:00\",\"dateModified\":\"2012-12-10T18:49:26+00:00\",\"mainEntityOfPage\":{\"@id\":\"https:\/\/www.oarcanjo.net\/site\/o-bispo-pedro-casaldaliga-tem-de-deixar-sua-residencia-em-sao-felix-do-araguaia-por-sofrer-ameacas\/\"},\"wordCount\":1009,\"commentCount\":2,\"publisher\":{\"@id\":\"https:\/\/www.oarcanjo.net\/site\/#organization\"},\"keywords\":[\"Dom Pedro Casaldaliga\",\"Terra Ind\u00edgena Mar\u00e3iwats\u00e8d\u00e8\"],\"articleSection\":[\"Destaques\",\"Not\u00edcias\"],\"inLanguage\":\"pt-BR\",\"potentialAction\":[{\"@type\":\"CommentAction\",\"name\":\"Comment\",\"target\":[\"https:\/\/www.oarcanjo.net\/site\/o-bispo-pedro-casaldaliga-tem-de-deixar-sua-residencia-em-sao-felix-do-araguaia-por-sofrer-ameacas\/#respond\"]}]},{\"@type\":\"WebPage\",\"@id\":\"https:\/\/www.oarcanjo.net\/site\/o-bispo-pedro-casaldaliga-tem-de-deixar-sua-residencia-em-sao-felix-do-araguaia-por-sofrer-ameacas\/\",\"url\":\"https:\/\/www.oarcanjo.net\/site\/o-bispo-pedro-casaldaliga-tem-de-deixar-sua-residencia-em-sao-felix-do-araguaia-por-sofrer-ameacas\/\",\"name\":\"Nota de solidariedade a Dom Pedro Casald\u00e1liga - O Arcanjo no ar\",\"isPartOf\":{\"@id\":\"https:\/\/www.oarcanjo.net\/site\/#website\"},\"datePublished\":\"2012-12-10T02:34:24+00:00\",\"dateModified\":\"2012-12-10T18:49:26+00:00\",\"breadcrumb\":{\"@id\":\"https:\/\/www.oarcanjo.net\/site\/o-bispo-pedro-casaldaliga-tem-de-deixar-sua-residencia-em-sao-felix-do-araguaia-por-sofrer-ameacas\/#breadcrumb\"},\"inLanguage\":\"pt-BR\",\"potentialAction\":[{\"@type\":\"ReadAction\",\"target\":[\"https:\/\/www.oarcanjo.net\/site\/o-bispo-pedro-casaldaliga-tem-de-deixar-sua-residencia-em-sao-felix-do-araguaia-por-sofrer-ameacas\/\"]}]},{\"@type\":\"BreadcrumbList\",\"@id\":\"https:\/\/www.oarcanjo.net\/site\/o-bispo-pedro-casaldaliga-tem-de-deixar-sua-residencia-em-sao-felix-do-araguaia-por-sofrer-ameacas\/#breadcrumb\",\"itemListElement\":[{\"@type\":\"ListItem\",\"position\":1,\"name\":\"In\u00edcio\",\"item\":\"https:\/\/www.oarcanjo.net\/site\/\"},{\"@type\":\"ListItem\",\"position\":2,\"name\":\"Nota de solidariedade a Dom Pedro Casald\u00e1liga\"}]},{\"@type\":\"WebSite\",\"@id\":\"https:\/\/www.oarcanjo.net\/site\/#website\",\"url\":\"https:\/\/www.oarcanjo.net\/site\/\",\"name\":\"O Arcanjo no ar\",\"description\":\"Site da Par\u00f3quia S\u00e3o Miguel Arcanjo (Arquidiocese de SP)\",\"publisher\":{\"@id\":\"https:\/\/www.oarcanjo.net\/site\/#organization\"},\"potentialAction\":[{\"@type\":\"SearchAction\",\"target\":{\"@type\":\"EntryPoint\",\"urlTemplate\":\"https:\/\/www.oarcanjo.net\/site\/?s={search_term_string}\"},\"query-input\":{\"@type\":\"PropertyValueSpecification\",\"valueRequired\":true,\"valueName\":\"search_term_string\"}}],\"inLanguage\":\"pt-BR\"},{\"@type\":\"Organization\",\"@id\":\"https:\/\/www.oarcanjo.net\/site\/#organization\",\"name\":\"Par\u00f3quia S\u00e3o Miguel Arcanjo\",\"url\":\"https:\/\/www.oarcanjo.net\/site\/\",\"logo\":{\"@type\":\"ImageObject\",\"inLanguage\":\"pt-BR\",\"@id\":\"https:\/\/www.oarcanjo.net\/site\/#\/schema\/logo\/image\/\",\"url\":\"https:\/\/www.oarcanjo.net\/site\/wp-content\/uploads\/LogoOArcanjo.png\",\"contentUrl\":\"https:\/\/www.oarcanjo.net\/site\/wp-content\/uploads\/LogoOArcanjo.png\",\"width\":319,\"height\":99,\"caption\":\"Par\u00f3quia S\u00e3o Miguel Arcanjo\"},\"image\":{\"@id\":\"https:\/\/www.oarcanjo.net\/site\/#\/schema\/logo\/image\/\"},\"sameAs\":[\"https:\/\/www.facebook.com\/OArcanjoNoAr\/\"]},{\"@type\":\"Person\",\"@id\":\"https:\/\/www.oarcanjo.net\/site\/#\/schema\/person\/f7024d007863202483a31326673a0838\",\"name\":\"editor\",\"sameAs\":[\"http:\/\/www.oarcanjo.net\"]}]}<\/script>\n<!-- \/ Yoast SEO plugin. -->","yoast_head_json":{"title":"Nota de solidariedade a Dom Pedro Casald\u00e1liga - O Arcanjo no ar","robots":{"index":"index","follow":"follow","max-snippet":"max-snippet:-1","max-image-preview":"max-image-preview:large","max-video-preview":"max-video-preview:-1"},"canonical":"https:\/\/www.oarcanjo.net\/site\/o-bispo-pedro-casaldaliga-tem-de-deixar-sua-residencia-em-sao-felix-do-araguaia-por-sofrer-ameacas\/","og_locale":"pt_BR","og_type":"article","og_title":"Nota de solidariedade a Dom Pedro Casald\u00e1liga - O Arcanjo no ar","og_description":"Fonte: V\u00e1rias organiza\u00e7\u00f5es Edital Ao se aproximar a desintrus\u00e3o da Terra Ind\u00edgena Mar\u00e3iwats\u00e8d\u00e8, ap\u00f3s mais de 20 anos de invas\u00e3o, quando os n\u00e3o ind\u00edgenas est\u00e3o para ser retirados desta \u00e1rea, multiplicam-se as manifesta\u00e7\u00f5es de fazendeiros, pol\u00edticos e dos pr\u00f3prios meios de comunica\u00e7\u00e3o contra a a\u00e7\u00e3o da justi\u00e7a. Neste momento de desespero, uma das pessoas mais [&hellip;]","og_url":"https:\/\/www.oarcanjo.net\/site\/o-bispo-pedro-casaldaliga-tem-de-deixar-sua-residencia-em-sao-felix-do-araguaia-por-sofrer-ameacas\/","og_site_name":"O Arcanjo no ar","article_publisher":"https:\/\/www.facebook.com\/OArcanjoNoAr\/","article_published_time":"2012-12-10T02:34:24+00:00","article_modified_time":"2012-12-10T18:49:26+00:00","og_image":[{"width":300,"height":300,"url":"https:\/\/www.oarcanjo.net\/site\/wp-content\/uploads\/logo-o-arcanjo-no-ar-facebook.png","type":"image\/png"}],"author":"editor","twitter_card":"summary_large_image","twitter_misc":{"Escrito por":"editor","Est. tempo de leitura":"5 minutos"},"schema":{"@context":"https:\/\/schema.org","@graph":[{"@type":"Article","@id":"https:\/\/www.oarcanjo.net\/site\/o-bispo-pedro-casaldaliga-tem-de-deixar-sua-residencia-em-sao-felix-do-araguaia-por-sofrer-ameacas\/#article","isPartOf":{"@id":"https:\/\/www.oarcanjo.net\/site\/o-bispo-pedro-casaldaliga-tem-de-deixar-sua-residencia-em-sao-felix-do-araguaia-por-sofrer-ameacas\/"},"author":{"name":"editor","@id":"https:\/\/www.oarcanjo.net\/site\/#\/schema\/person\/f7024d007863202483a31326673a0838"},"headline":"Nota de solidariedade a Dom Pedro Casald\u00e1liga","datePublished":"2012-12-10T02:34:24+00:00","dateModified":"2012-12-10T18:49:26+00:00","mainEntityOfPage":{"@id":"https:\/\/www.oarcanjo.net\/site\/o-bispo-pedro-casaldaliga-tem-de-deixar-sua-residencia-em-sao-felix-do-araguaia-por-sofrer-ameacas\/"},"wordCount":1009,"commentCount":2,"publisher":{"@id":"https:\/\/www.oarcanjo.net\/site\/#organization"},"keywords":["Dom Pedro Casaldaliga","Terra Ind\u00edgena Mar\u00e3iwats\u00e8d\u00e8"],"articleSection":["Destaques","Not\u00edcias"],"inLanguage":"pt-BR","potentialAction":[{"@type":"CommentAction","name":"Comment","target":["https:\/\/www.oarcanjo.net\/site\/o-bispo-pedro-casaldaliga-tem-de-deixar-sua-residencia-em-sao-felix-do-araguaia-por-sofrer-ameacas\/#respond"]}]},{"@type":"WebPage","@id":"https:\/\/www.oarcanjo.net\/site\/o-bispo-pedro-casaldaliga-tem-de-deixar-sua-residencia-em-sao-felix-do-araguaia-por-sofrer-ameacas\/","url":"https:\/\/www.oarcanjo.net\/site\/o-bispo-pedro-casaldaliga-tem-de-deixar-sua-residencia-em-sao-felix-do-araguaia-por-sofrer-ameacas\/","name":"Nota de solidariedade a Dom Pedro Casald\u00e1liga - O Arcanjo no ar","isPartOf":{"@id":"https:\/\/www.oarcanjo.net\/site\/#website"},"datePublished":"2012-12-10T02:34:24+00:00","dateModified":"2012-12-10T18:49:26+00:00","breadcrumb":{"@id":"https:\/\/www.oarcanjo.net\/site\/o-bispo-pedro-casaldaliga-tem-de-deixar-sua-residencia-em-sao-felix-do-araguaia-por-sofrer-ameacas\/#breadcrumb"},"inLanguage":"pt-BR","potentialAction":[{"@type":"ReadAction","target":["https:\/\/www.oarcanjo.net\/site\/o-bispo-pedro-casaldaliga-tem-de-deixar-sua-residencia-em-sao-felix-do-araguaia-por-sofrer-ameacas\/"]}]},{"@type":"BreadcrumbList","@id":"https:\/\/www.oarcanjo.net\/site\/o-bispo-pedro-casaldaliga-tem-de-deixar-sua-residencia-em-sao-felix-do-araguaia-por-sofrer-ameacas\/#breadcrumb","itemListElement":[{"@type":"ListItem","position":1,"name":"In\u00edcio","item":"https:\/\/www.oarcanjo.net\/site\/"},{"@type":"ListItem","position":2,"name":"Nota de solidariedade a Dom Pedro Casald\u00e1liga"}]},{"@type":"WebSite","@id":"https:\/\/www.oarcanjo.net\/site\/#website","url":"https:\/\/www.oarcanjo.net\/site\/","name":"O Arcanjo no ar","description":"Site da Par\u00f3quia S\u00e3o Miguel Arcanjo (Arquidiocese de SP)","publisher":{"@id":"https:\/\/www.oarcanjo.net\/site\/#organization"},"potentialAction":[{"@type":"SearchAction","target":{"@type":"EntryPoint","urlTemplate":"https:\/\/www.oarcanjo.net\/site\/?s={search_term_string}"},"query-input":{"@type":"PropertyValueSpecification","valueRequired":true,"valueName":"search_term_string"}}],"inLanguage":"pt-BR"},{"@type":"Organization","@id":"https:\/\/www.oarcanjo.net\/site\/#organization","name":"Par\u00f3quia S\u00e3o Miguel Arcanjo","url":"https:\/\/www.oarcanjo.net\/site\/","logo":{"@type":"ImageObject","inLanguage":"pt-BR","@id":"https:\/\/www.oarcanjo.net\/site\/#\/schema\/logo\/image\/","url":"https:\/\/www.oarcanjo.net\/site\/wp-content\/uploads\/LogoOArcanjo.png","contentUrl":"https:\/\/www.oarcanjo.net\/site\/wp-content\/uploads\/LogoOArcanjo.png","width":319,"height":99,"caption":"Par\u00f3quia S\u00e3o Miguel Arcanjo"},"image":{"@id":"https:\/\/www.oarcanjo.net\/site\/#\/schema\/logo\/image\/"},"sameAs":["https:\/\/www.facebook.com\/OArcanjoNoAr\/"]},{"@type":"Person","@id":"https:\/\/www.oarcanjo.net\/site\/#\/schema\/person\/f7024d007863202483a31326673a0838","name":"editor","sameAs":["http:\/\/www.oarcanjo.net"]}]}},"publishpress_future_action":{"enabled":false,"date":"2026-05-09 06:07:51","action":"category","newStatus":"draft","terms":[],"taxonomy":"category"},"publishpress_future_workflow_manual_trigger":{"enabledWorkflows":[]},"_links":{"self":[{"href":"https:\/\/www.oarcanjo.net\/site\/wp-json\/wp\/v2\/posts\/20136"}],"collection":[{"href":"https:\/\/www.oarcanjo.net\/site\/wp-json\/wp\/v2\/posts"}],"about":[{"href":"https:\/\/www.oarcanjo.net\/site\/wp-json\/wp\/v2\/types\/post"}],"author":[{"embeddable":true,"href":"https:\/\/www.oarcanjo.net\/site\/wp-json\/wp\/v2\/users\/5"}],"replies":[{"embeddable":true,"href":"https:\/\/www.oarcanjo.net\/site\/wp-json\/wp\/v2\/comments?post=20136"}],"version-history":[{"count":0,"href":"https:\/\/www.oarcanjo.net\/site\/wp-json\/wp\/v2\/posts\/20136\/revisions"}],"wp:attachment":[{"href":"https:\/\/www.oarcanjo.net\/site\/wp-json\/wp\/v2\/media?parent=20136"}],"wp:term":[{"taxonomy":"category","embeddable":true,"href":"https:\/\/www.oarcanjo.net\/site\/wp-json\/wp\/v2\/categories?post=20136"},{"taxonomy":"post_tag","embeddable":true,"href":"https:\/\/www.oarcanjo.net\/site\/wp-json\/wp\/v2\/tags?post=20136"}],"curies":[{"name":"wp","href":"https:\/\/api.w.org\/{rel}","templated":true}]}}