
{"id":20152,"date":"2012-12-10T17:07:43","date_gmt":"2012-12-10T19:07:43","guid":{"rendered":"http:\/\/www.oarcanjo.net\/site\/?p=20152"},"modified":"2012-12-13T11:55:34","modified_gmt":"2012-12-13T13:55:34","slug":"cinco-anos-sem-dom-aloisio-lorscheider","status":"publish","type":"post","link":"https:\/\/www.oarcanjo.net\/site\/cinco-anos-sem-dom-aloisio-lorscheider\/","title":{"rendered":"Cinco anos sem Dom Alo\u00edsio Lorscheider"},"content":{"rendered":"<p style=\"text-align: center\">\u201c[&#8230;] Para aprofundar e anunciar os mist\u00e9rios<\/p>\n<p style=\"text-align: center\">da nossa f\u00e9 \u00e9 preciso entrar no sil\u00eancio de Deus\u201d.<\/p>\n<p style=\"text-align: center\">(Dom Alo\u00edsio Lorscheider)<\/p>\n<p>&nbsp;<\/p>\n<p>Padre Geovane Saraiva*<\/p>\n<p style=\"text-align: justify\"><a href=\"http:\/\/www.oarcanjo.net\/site\/wp-content\/uploads\/pegeovane.png\"><img loading=\"lazy\" decoding=\"async\" class=\"alignleft size-thumbnail wp-image-20109\" src=\"http:\/\/www.oarcanjo.net\/site\/wp-content\/uploads\/pegeovane-127x150.png\" alt=\"\" width=\"127\" height=\"150\" \/><\/a>H\u00e1 cinco partiu para o seio do Pai o grande homem de Deus, que se fez disc\u00edpulo de S\u00e3o Francisco de Assis, Dom Alo\u00edsio Cardeal Lorscheider. De S\u00e3o Francisco ele afirmou: \u201cUm homem livre, amarrado a ningu\u00e9m, levando-o a redescobrir a pureza original das criaturas. Indubitavelmente, o C\u00e2ntico das Criaturas expressa esta liberdade interior e exterior conseguida pelo Santo de Assis. S\u00f3 uma vida inteiramente aberta a Deus e ao Irm\u00e3o \u00e9 capaz de dar \u00e0 criatura humana o gozo da liberta\u00e7\u00e3o, que conduz \u00e0 liberdade pura e santa com que Deus nos criou\u201d.<\/p>\n<p style=\"text-align: justify\">Um Deus que amou tanto o mundo, a nos presentear com seu Filho \u00fanico neste Natal (cf. Jo 3,16), deu-nos tamb\u00e9m um amigo, um pastor, um te\u00f3logo e um Cardeal, que sabia compreender a realidade na sua conjuntura e, com suas posi\u00e7\u00f5es bem claras e definidas, nas an\u00e1lises e nas conclus\u00f5es teol\u00f3gicas pastorais, ao passar para as pessoas de boa vontade, um clima que favorecia e gerava uma confian\u00e7a generalizada. Dom Alo\u00edsio nos faz pensar que o consumismo, o ego\u00edsmo e o individualismo n\u00e3o podem ofuscar o florescimento da alegria e da esperan\u00e7a dos irm\u00e3os e irm\u00e3s, \u00e1vidos a sempre mais descobrir, numa bela e maravilhosa aventura, que Deus \u00e9 amor.<\/p>\n<p style=\"text-align: justify\">E foi exatamente a virtude da simplicidade e da humildade que o transformou no Cardeal que mais se destacou em todos os Conclaves e S\u00ednodos de que participou, gerando para o mundo inteiro e, especialmente para a imprensa, uma grande expectativa. Sua palavra corajosa e prof\u00e9tica era acolhida por todos como uma boa not\u00edcia, como algo que descia do c\u00e9u! Eis o que disse Senador Pedro Simon a respeito de Dom Alo\u00edsio: \u201c[&#8230;] sua voz, naturalmente doce, alternava-se quando era preciso confrontar os vendilh\u00f5es da justi\u00e7a, quando todos os jardins da democracia corriam o risco de ser alvo de bombas atiradas pelos olhares fixos da repress\u00e3o. Sua voz ecoou pelos corredores das pris\u00f5es [&#8230;]\u201d.<\/p>\n<p style=\"text-align: justify\">A espiritualidade franciscana foi imprescind\u00edvel em todo seu trabalho e na sua caridade pastoral para com os empobrecidos chegando a se pronunciar, num artigo publicado em 1982, na Revista Grande Sinal: \u201c\u00c0 medida que passam os anos, S\u00e3o Francisco merece maior aten\u00e7\u00e3o. Em nossos dias, sobretudo, com a redescoberta do lugar social do pobre na Igreja e no mundo, o interesse pelos ideais de S\u00e3o Francisco faz-se mais vivo\u201d [&#8230;].<\/p>\n<p style=\"text-align: justify\">Em Francisco de Assis Dom Alo\u00edsio descobriu a verdadeira face de Deus, tra\u00e7ando seus passos a partir dessa realidade misteriosa: \u201cSempre fiquei muito impressionado e atra\u00eddo pelo amor quente e apaixonado que S\u00e3o Francisco dedica a Deus. Parece que no beijo do leproso ele entendeu, como Saulo no caminho de Damasco, a doa\u00e7\u00e3o total de Deus a n\u00f3s em seu Filho Jesus Cristo. Custou a Francisco n\u00e3o s\u00f3 descer do cavalo fogoso que no momento montava, mas muito mais do cavalo do orgulho e da vaidade com que ele queria conquistar o t\u00edtulo de grande e nobre\u201d.<\/p>\n<p style=\"text-align: justify\">Dom Alo\u00edsio, ao se tornar Arcebispo de Fortaleza (1973-1995), logo de in\u00edcio afirmou: \u201cA comunidade eclesial n\u00e3o \u00e9 feudo do bispo, mas ele \u00e9 o servidor de uma Igreja que se entende a si mesma como sacramento do Reino, isto \u00e9, da presen\u00e7a da verdade e do amor infinito de Deus para com cada criatura humana\u201d.\u00a0 Da\u00ed ele n\u00e3o compreender como algo natural e normal se conviver com a mis\u00e9ria e o acentuado empobrecimento do povo, que tinha como consequ\u00eancia o \u00eaxodo, o flagelo e a morte de muitos irm\u00e3os, levantando sua voz de profeta para dizer que n\u00e3o era vontade de Deus a realidade aqui encontrada e, ao mesmo tempo, usou de todos os meios, com uma enorme vontade de transformar essa mesma realidade, marcando profundamente a hist\u00f3ria do nosso querido Cear\u00e1. No dizer do Desembargador Fernado Ximenes, \u201cEm pleno regime de exce\u00e7\u00e3o, a sociedade cearense logo sentiu os efeitos dessa guinada. As camadas desfavorecidas ou marginalizadas, os sem-terra, os sem-teto, os presos pol\u00edticos, os presidi\u00e1rios comuns, os trabalhadores em greve &#8211; ganharam aliado de peso\u201d.<\/p>\n<p style=\"text-align: justify\">Quando ele se tornou bispo em\u00e9rito de Aparecida, veio a seguinte pergunta: O que o senhor vai fazer? Respondeu: \u201cSou um simples frade menor e vou fazer o que o meu provincial mandar, porque a obedi\u00eancia me torna livre\u201d. Jamais podemos esquecer a chama luminosa de um cora\u00e7\u00e3o am\u00e1vel e cheio de bondade, de uma pessoa humana, dotada de grandes virtudes e qualidades, de um \u201cbispo completo\u201d, segundo o grande te\u00f3logo Alberto Antoniazzi e nas palavras do ent\u00e3o Senador Tasso Jereissati, \u201cdo homem mais ilustre da nossa gera\u00e7\u00e3o, no Cear\u00e1, com a sua vida de dedica\u00e7\u00e3o \u00e0 causa dos exclu\u00eddos\u201d, do maior benfeitor e patrim\u00f4nio do povo cearense, que partiu h\u00e1 cinco anos, no dia 23\/12\/2007, deixando-nos enorme saudade.<\/p>\n<p style=\"text-align: justify\">Que a m\u00edstica franciscana t\u00e3o presente na vida de Dom Alo\u00edsio, ao mergulhar no Mist\u00e9rio da Encarna\u00e7\u00e3o, sobretudo, neste tempo forte do advento, que precede o Natal; tamb\u00e9m na Paix\u00e3o do Senhor, ofertando ao Cear\u00e1 (Arquidiocese de Fortaleza) um rosto de uma Igreja verdadeiramente pascal, na mais profunda liberdade e perfeita alegria, nos proporcione gestos concretos, no sentido de desmanchar a montanha do orgulho e do ego\u00edsmo, amparados pela simbologia do manto da paz, da justi\u00e7a e da solidariedade.<\/p>\n<p>&nbsp;<\/p>\n<p><em>*Padre da Arquidiocese de Fortaleza, Escritor, Membro da Academia de Letras dos Munic\u00edpios do Estado Cear\u00e1 (ALMECE), e da Academia Metropolitana de Letras de Fortaleza.<\/em><\/p>\n<p><em>P\u00e1roco de Santo Afonso<\/em><\/p>\n<p><em><a href=\"mailto:geovanesaraiva@gmail.com\">geovanesaraiva@gmail.com<\/a><\/em><\/p>\n<p>&nbsp;<\/p>\n<address><strong>Autor dos livros:<\/strong><\/address>\n<address><strong>\u201cO peregrino da Paz\u201d e \u201cNascido Para as Coisas Maiores\u201d (centen\u00e1rio de Dom Helder C\u00e2mara);<\/strong><\/address>\n<address><strong>\u201cA Ternura de um Pastor\u201d &#8211; 2\u00aa Edi\u00e7\u00e3o (homenagem ao Cardeal Lorscheider);<\/strong><\/address>\n<address><strong>\u201cA Esperan\u00e7a Tem Nome\u201d (espiritualidade e compromisso);<\/strong><\/address>\n<address><strong>&#8220;Dom Helder: sonhos e utopias&#8221; (o pastor dos empobrecidos).<\/strong><\/address>\n<p>&nbsp;<\/p>\n<p>&nbsp;<\/p>\n<div id=\"themify_builder_content-20152\" data-postid=\"20152\" class=\"themify_builder_content themify_builder_content-20152 themify_builder themify_builder_front\">\n\t<\/div>\n<!-- \/themify_builder_content -->","protected":false},"excerpt":{"rendered":"<p>\u201c[&#8230;] Para aprofundar e anunciar os mist\u00e9rios da nossa f\u00e9 \u00e9 preciso entrar no sil\u00eancio de Deus\u201d. (Dom Alo\u00edsio Lorscheider) &nbsp; Padre Geovane Saraiva* H\u00e1 cinco partiu para o seio do Pai o grande homem de Deus, que se fez disc\u00edpulo de S\u00e3o Francisco de Assis, Dom Alo\u00edsio Cardeal Lorscheider. De S\u00e3o Francisco ele afirmou: [&hellip;]<\/p>\n","protected":false},"author":17,"featured_media":0,"comment_status":"open","ping_status":"open","sticky":false,"template":"","format":"standard","meta":{"ngg_post_thumbnail":0,"footnotes":""},"categories":[474],"tags":[],"yoast_head":"<!-- This site is optimized with the Yoast SEO plugin v23.5 - https:\/\/yoast.com\/wordpress\/plugins\/seo\/ -->\n<title>Cinco anos sem Dom Alo\u00edsio Lorscheider - O Arcanjo no ar<\/title>\n<meta name=\"robots\" content=\"index, follow, max-snippet:-1, max-image-preview:large, max-video-preview:-1\" \/>\n<link rel=\"canonical\" href=\"https:\/\/www.oarcanjo.net\/site\/cinco-anos-sem-dom-aloisio-lorscheider\/\" \/>\n<meta property=\"og:locale\" content=\"pt_BR\" \/>\n<meta property=\"og:type\" content=\"article\" \/>\n<meta property=\"og:title\" content=\"Cinco anos sem Dom Alo\u00edsio Lorscheider - O Arcanjo no ar\" \/>\n<meta property=\"og:description\" content=\"\u201c[&#8230;] Para aprofundar e anunciar os mist\u00e9rios da nossa f\u00e9 \u00e9 preciso entrar no sil\u00eancio de Deus\u201d. (Dom Alo\u00edsio Lorscheider) &nbsp; Padre Geovane Saraiva* H\u00e1 cinco partiu para o seio do Pai o grande homem de Deus, que se fez disc\u00edpulo de S\u00e3o Francisco de Assis, Dom Alo\u00edsio Cardeal Lorscheider. De S\u00e3o Francisco ele afirmou: [&hellip;]\" \/>\n<meta property=\"og:url\" content=\"https:\/\/www.oarcanjo.net\/site\/cinco-anos-sem-dom-aloisio-lorscheider\/\" \/>\n<meta property=\"og:site_name\" content=\"O Arcanjo no ar\" \/>\n<meta property=\"article:publisher\" content=\"https:\/\/www.facebook.com\/OArcanjoNoAr\/\" \/>\n<meta property=\"article:published_time\" content=\"2012-12-10T19:07:43+00:00\" \/>\n<meta property=\"article:modified_time\" content=\"2012-12-13T13:55:34+00:00\" \/>\n<meta property=\"og:image\" content=\"http:\/\/www.oarcanjo.net\/site\/wp-content\/uploads\/pegeovane-127x150.png\" \/>\n<meta name=\"author\" content=\"pe.geovane\" \/>\n<meta name=\"twitter:card\" content=\"summary_large_image\" \/>\n<meta name=\"twitter:label1\" content=\"Escrito por\" \/>\n\t<meta name=\"twitter:data1\" content=\"pe.geovane\" \/>\n\t<meta name=\"twitter:label2\" content=\"Est. tempo de leitura\" \/>\n\t<meta name=\"twitter:data2\" content=\"5 minutos\" \/>\n<script type=\"application\/ld+json\" class=\"yoast-schema-graph\">{\"@context\":\"https:\/\/schema.org\",\"@graph\":[{\"@type\":\"Article\",\"@id\":\"https:\/\/www.oarcanjo.net\/site\/cinco-anos-sem-dom-aloisio-lorscheider\/#article\",\"isPartOf\":{\"@id\":\"https:\/\/www.oarcanjo.net\/site\/cinco-anos-sem-dom-aloisio-lorscheider\/\"},\"author\":{\"name\":\"pe.geovane\",\"@id\":\"https:\/\/www.oarcanjo.net\/site\/#\/schema\/person\/58d7f78850a973b8e467c7ae4a7eb4ad\"},\"headline\":\"Cinco anos sem Dom Alo\u00edsio Lorscheider\",\"datePublished\":\"2012-12-10T19:07:43+00:00\",\"dateModified\":\"2012-12-13T13:55:34+00:00\",\"mainEntityOfPage\":{\"@id\":\"https:\/\/www.oarcanjo.net\/site\/cinco-anos-sem-dom-aloisio-lorscheider\/\"},\"wordCount\":1039,\"commentCount\":0,\"publisher\":{\"@id\":\"https:\/\/www.oarcanjo.net\/site\/#organization\"},\"image\":{\"@id\":\"https:\/\/www.oarcanjo.net\/site\/cinco-anos-sem-dom-aloisio-lorscheider\/#primaryimage\"},\"thumbnailUrl\":\"http:\/\/www.oarcanjo.net\/site\/wp-content\/uploads\/pegeovane-127x150.png\",\"articleSection\":[\"D. Aloisio Lorscheider\"],\"inLanguage\":\"pt-BR\",\"potentialAction\":[{\"@type\":\"CommentAction\",\"name\":\"Comment\",\"target\":[\"https:\/\/www.oarcanjo.net\/site\/cinco-anos-sem-dom-aloisio-lorscheider\/#respond\"]}]},{\"@type\":\"WebPage\",\"@id\":\"https:\/\/www.oarcanjo.net\/site\/cinco-anos-sem-dom-aloisio-lorscheider\/\",\"url\":\"https:\/\/www.oarcanjo.net\/site\/cinco-anos-sem-dom-aloisio-lorscheider\/\",\"name\":\"Cinco anos sem Dom Alo\u00edsio Lorscheider - O Arcanjo no ar\",\"isPartOf\":{\"@id\":\"https:\/\/www.oarcanjo.net\/site\/#website\"},\"primaryImageOfPage\":{\"@id\":\"https:\/\/www.oarcanjo.net\/site\/cinco-anos-sem-dom-aloisio-lorscheider\/#primaryimage\"},\"image\":{\"@id\":\"https:\/\/www.oarcanjo.net\/site\/cinco-anos-sem-dom-aloisio-lorscheider\/#primaryimage\"},\"thumbnailUrl\":\"http:\/\/www.oarcanjo.net\/site\/wp-content\/uploads\/pegeovane-127x150.png\",\"datePublished\":\"2012-12-10T19:07:43+00:00\",\"dateModified\":\"2012-12-13T13:55:34+00:00\",\"breadcrumb\":{\"@id\":\"https:\/\/www.oarcanjo.net\/site\/cinco-anos-sem-dom-aloisio-lorscheider\/#breadcrumb\"},\"inLanguage\":\"pt-BR\",\"potentialAction\":[{\"@type\":\"ReadAction\",\"target\":[\"https:\/\/www.oarcanjo.net\/site\/cinco-anos-sem-dom-aloisio-lorscheider\/\"]}]},{\"@type\":\"ImageObject\",\"inLanguage\":\"pt-BR\",\"@id\":\"https:\/\/www.oarcanjo.net\/site\/cinco-anos-sem-dom-aloisio-lorscheider\/#primaryimage\",\"url\":\"https:\/\/www.oarcanjo.net\/site\/wp-content\/uploads\/pegeovane.png\",\"contentUrl\":\"https:\/\/www.oarcanjo.net\/site\/wp-content\/uploads\/pegeovane.png\",\"width\":\"127\",\"height\":\"167\"},{\"@type\":\"BreadcrumbList\",\"@id\":\"https:\/\/www.oarcanjo.net\/site\/cinco-anos-sem-dom-aloisio-lorscheider\/#breadcrumb\",\"itemListElement\":[{\"@type\":\"ListItem\",\"position\":1,\"name\":\"In\u00edcio\",\"item\":\"https:\/\/www.oarcanjo.net\/site\/\"},{\"@type\":\"ListItem\",\"position\":2,\"name\":\"Cinco anos sem Dom Alo\u00edsio Lorscheider\"}]},{\"@type\":\"WebSite\",\"@id\":\"https:\/\/www.oarcanjo.net\/site\/#website\",\"url\":\"https:\/\/www.oarcanjo.net\/site\/\",\"name\":\"O Arcanjo no ar\",\"description\":\"Site da Par\u00f3quia S\u00e3o Miguel Arcanjo (Arquidiocese de SP)\",\"publisher\":{\"@id\":\"https:\/\/www.oarcanjo.net\/site\/#organization\"},\"potentialAction\":[{\"@type\":\"SearchAction\",\"target\":{\"@type\":\"EntryPoint\",\"urlTemplate\":\"https:\/\/www.oarcanjo.net\/site\/?s={search_term_string}\"},\"query-input\":{\"@type\":\"PropertyValueSpecification\",\"valueRequired\":true,\"valueName\":\"search_term_string\"}}],\"inLanguage\":\"pt-BR\"},{\"@type\":\"Organization\",\"@id\":\"https:\/\/www.oarcanjo.net\/site\/#organization\",\"name\":\"Par\u00f3quia S\u00e3o Miguel Arcanjo\",\"url\":\"https:\/\/www.oarcanjo.net\/site\/\",\"logo\":{\"@type\":\"ImageObject\",\"inLanguage\":\"pt-BR\",\"@id\":\"https:\/\/www.oarcanjo.net\/site\/#\/schema\/logo\/image\/\",\"url\":\"https:\/\/www.oarcanjo.net\/site\/wp-content\/uploads\/LogoOArcanjo.png\",\"contentUrl\":\"https:\/\/www.oarcanjo.net\/site\/wp-content\/uploads\/LogoOArcanjo.png\",\"width\":319,\"height\":99,\"caption\":\"Par\u00f3quia S\u00e3o Miguel Arcanjo\"},\"image\":{\"@id\":\"https:\/\/www.oarcanjo.net\/site\/#\/schema\/logo\/image\/\"},\"sameAs\":[\"https:\/\/www.facebook.com\/OArcanjoNoAr\/\"]},{\"@type\":\"Person\",\"@id\":\"https:\/\/www.oarcanjo.net\/site\/#\/schema\/person\/58d7f78850a973b8e467c7ae4a7eb4ad\",\"name\":\"pe.geovane\"}]}<\/script>\n<!-- \/ Yoast SEO plugin. -->","yoast_head_json":{"title":"Cinco anos sem Dom Alo\u00edsio Lorscheider - O Arcanjo no ar","robots":{"index":"index","follow":"follow","max-snippet":"max-snippet:-1","max-image-preview":"max-image-preview:large","max-video-preview":"max-video-preview:-1"},"canonical":"https:\/\/www.oarcanjo.net\/site\/cinco-anos-sem-dom-aloisio-lorscheider\/","og_locale":"pt_BR","og_type":"article","og_title":"Cinco anos sem Dom Alo\u00edsio Lorscheider - O Arcanjo no ar","og_description":"\u201c[&#8230;] Para aprofundar e anunciar os mist\u00e9rios da nossa f\u00e9 \u00e9 preciso entrar no sil\u00eancio de Deus\u201d. (Dom Alo\u00edsio Lorscheider) &nbsp; Padre Geovane Saraiva* H\u00e1 cinco partiu para o seio do Pai o grande homem de Deus, que se fez disc\u00edpulo de S\u00e3o Francisco de Assis, Dom Alo\u00edsio Cardeal Lorscheider. De S\u00e3o Francisco ele afirmou: [&hellip;]","og_url":"https:\/\/www.oarcanjo.net\/site\/cinco-anos-sem-dom-aloisio-lorscheider\/","og_site_name":"O Arcanjo no ar","article_publisher":"https:\/\/www.facebook.com\/OArcanjoNoAr\/","article_published_time":"2012-12-10T19:07:43+00:00","article_modified_time":"2012-12-13T13:55:34+00:00","og_image":[{"url":"http:\/\/www.oarcanjo.net\/site\/wp-content\/uploads\/pegeovane-127x150.png"}],"author":"pe.geovane","twitter_card":"summary_large_image","twitter_misc":{"Escrito por":"pe.geovane","Est. tempo de leitura":"5 minutos"},"schema":{"@context":"https:\/\/schema.org","@graph":[{"@type":"Article","@id":"https:\/\/www.oarcanjo.net\/site\/cinco-anos-sem-dom-aloisio-lorscheider\/#article","isPartOf":{"@id":"https:\/\/www.oarcanjo.net\/site\/cinco-anos-sem-dom-aloisio-lorscheider\/"},"author":{"name":"pe.geovane","@id":"https:\/\/www.oarcanjo.net\/site\/#\/schema\/person\/58d7f78850a973b8e467c7ae4a7eb4ad"},"headline":"Cinco anos sem Dom Alo\u00edsio Lorscheider","datePublished":"2012-12-10T19:07:43+00:00","dateModified":"2012-12-13T13:55:34+00:00","mainEntityOfPage":{"@id":"https:\/\/www.oarcanjo.net\/site\/cinco-anos-sem-dom-aloisio-lorscheider\/"},"wordCount":1039,"commentCount":0,"publisher":{"@id":"https:\/\/www.oarcanjo.net\/site\/#organization"},"image":{"@id":"https:\/\/www.oarcanjo.net\/site\/cinco-anos-sem-dom-aloisio-lorscheider\/#primaryimage"},"thumbnailUrl":"http:\/\/www.oarcanjo.net\/site\/wp-content\/uploads\/pegeovane-127x150.png","articleSection":["D. Aloisio Lorscheider"],"inLanguage":"pt-BR","potentialAction":[{"@type":"CommentAction","name":"Comment","target":["https:\/\/www.oarcanjo.net\/site\/cinco-anos-sem-dom-aloisio-lorscheider\/#respond"]}]},{"@type":"WebPage","@id":"https:\/\/www.oarcanjo.net\/site\/cinco-anos-sem-dom-aloisio-lorscheider\/","url":"https:\/\/www.oarcanjo.net\/site\/cinco-anos-sem-dom-aloisio-lorscheider\/","name":"Cinco anos sem Dom Alo\u00edsio Lorscheider - O Arcanjo no ar","isPartOf":{"@id":"https:\/\/www.oarcanjo.net\/site\/#website"},"primaryImageOfPage":{"@id":"https:\/\/www.oarcanjo.net\/site\/cinco-anos-sem-dom-aloisio-lorscheider\/#primaryimage"},"image":{"@id":"https:\/\/www.oarcanjo.net\/site\/cinco-anos-sem-dom-aloisio-lorscheider\/#primaryimage"},"thumbnailUrl":"http:\/\/www.oarcanjo.net\/site\/wp-content\/uploads\/pegeovane-127x150.png","datePublished":"2012-12-10T19:07:43+00:00","dateModified":"2012-12-13T13:55:34+00:00","breadcrumb":{"@id":"https:\/\/www.oarcanjo.net\/site\/cinco-anos-sem-dom-aloisio-lorscheider\/#breadcrumb"},"inLanguage":"pt-BR","potentialAction":[{"@type":"ReadAction","target":["https:\/\/www.oarcanjo.net\/site\/cinco-anos-sem-dom-aloisio-lorscheider\/"]}]},{"@type":"ImageObject","inLanguage":"pt-BR","@id":"https:\/\/www.oarcanjo.net\/site\/cinco-anos-sem-dom-aloisio-lorscheider\/#primaryimage","url":"https:\/\/www.oarcanjo.net\/site\/wp-content\/uploads\/pegeovane.png","contentUrl":"https:\/\/www.oarcanjo.net\/site\/wp-content\/uploads\/pegeovane.png","width":"127","height":"167"},{"@type":"BreadcrumbList","@id":"https:\/\/www.oarcanjo.net\/site\/cinco-anos-sem-dom-aloisio-lorscheider\/#breadcrumb","itemListElement":[{"@type":"ListItem","position":1,"name":"In\u00edcio","item":"https:\/\/www.oarcanjo.net\/site\/"},{"@type":"ListItem","position":2,"name":"Cinco anos sem Dom Alo\u00edsio Lorscheider"}]},{"@type":"WebSite","@id":"https:\/\/www.oarcanjo.net\/site\/#website","url":"https:\/\/www.oarcanjo.net\/site\/","name":"O Arcanjo no ar","description":"Site da Par\u00f3quia S\u00e3o Miguel Arcanjo (Arquidiocese de SP)","publisher":{"@id":"https:\/\/www.oarcanjo.net\/site\/#organization"},"potentialAction":[{"@type":"SearchAction","target":{"@type":"EntryPoint","urlTemplate":"https:\/\/www.oarcanjo.net\/site\/?s={search_term_string}"},"query-input":{"@type":"PropertyValueSpecification","valueRequired":true,"valueName":"search_term_string"}}],"inLanguage":"pt-BR"},{"@type":"Organization","@id":"https:\/\/www.oarcanjo.net\/site\/#organization","name":"Par\u00f3quia S\u00e3o Miguel Arcanjo","url":"https:\/\/www.oarcanjo.net\/site\/","logo":{"@type":"ImageObject","inLanguage":"pt-BR","@id":"https:\/\/www.oarcanjo.net\/site\/#\/schema\/logo\/image\/","url":"https:\/\/www.oarcanjo.net\/site\/wp-content\/uploads\/LogoOArcanjo.png","contentUrl":"https:\/\/www.oarcanjo.net\/site\/wp-content\/uploads\/LogoOArcanjo.png","width":319,"height":99,"caption":"Par\u00f3quia S\u00e3o Miguel Arcanjo"},"image":{"@id":"https:\/\/www.oarcanjo.net\/site\/#\/schema\/logo\/image\/"},"sameAs":["https:\/\/www.facebook.com\/OArcanjoNoAr\/"]},{"@type":"Person","@id":"https:\/\/www.oarcanjo.net\/site\/#\/schema\/person\/58d7f78850a973b8e467c7ae4a7eb4ad","name":"pe.geovane"}]}},"publishpress_future_action":{"enabled":false,"date":"2026-05-06 18:06:33","action":"category","newStatus":"draft","terms":[],"taxonomy":"category"},"publishpress_future_workflow_manual_trigger":{"enabledWorkflows":[]},"_links":{"self":[{"href":"https:\/\/www.oarcanjo.net\/site\/wp-json\/wp\/v2\/posts\/20152"}],"collection":[{"href":"https:\/\/www.oarcanjo.net\/site\/wp-json\/wp\/v2\/posts"}],"about":[{"href":"https:\/\/www.oarcanjo.net\/site\/wp-json\/wp\/v2\/types\/post"}],"author":[{"embeddable":true,"href":"https:\/\/www.oarcanjo.net\/site\/wp-json\/wp\/v2\/users\/17"}],"replies":[{"embeddable":true,"href":"https:\/\/www.oarcanjo.net\/site\/wp-json\/wp\/v2\/comments?post=20152"}],"version-history":[{"count":0,"href":"https:\/\/www.oarcanjo.net\/site\/wp-json\/wp\/v2\/posts\/20152\/revisions"}],"wp:attachment":[{"href":"https:\/\/www.oarcanjo.net\/site\/wp-json\/wp\/v2\/media?parent=20152"}],"wp:term":[{"taxonomy":"category","embeddable":true,"href":"https:\/\/www.oarcanjo.net\/site\/wp-json\/wp\/v2\/categories?post=20152"},{"taxonomy":"post_tag","embeddable":true,"href":"https:\/\/www.oarcanjo.net\/site\/wp-json\/wp\/v2\/tags?post=20152"}],"curies":[{"name":"wp","href":"https:\/\/api.w.org\/{rel}","templated":true}]}}