
{"id":20158,"date":"2012-12-11T11:35:37","date_gmt":"2012-12-11T13:35:37","guid":{"rendered":"http:\/\/www.oarcanjo.net\/site\/?p=20158"},"modified":"2012-12-11T11:47:44","modified_gmt":"2012-12-11T13:47:44","slug":"bispo-prepara-subsidio-de-estudo-do-catecismo-da-igreja-catolica","status":"publish","type":"post","link":"https:\/\/www.oarcanjo.net\/site\/bispo-prepara-subsidio-de-estudo-do-catecismo-da-igreja-catolica\/","title":{"rendered":"Bispo prepara subs\u00eddio de estudo do Catecismo da Igreja Cat\u00f3lica"},"content":{"rendered":"<p><em>Fonte: site da Arquidiocese de S\u00e3o Paulo<\/em><\/p>\n<p>O bispo auxiliar da Arquidiocese de S\u00e3o Paulo e vig\u00e1rio da Regi\u00e3o Episcopal Lapa, dom Julio Endi Akamine, preparou um estudo dirigido do Catecismo da Igreja Cat\u00f3lica (CIC) &#8211; par\u00e1grafos 26-1065, em 54 temas para serem lidos e estudados durante o Ano da F\u00e9.<\/p>\n<p>Na apresenta\u00e7\u00e3o, o bispo destaca que \u201ceste subs\u00eddio tem o objetivo de ajud\u00e1-lo (a) a conhecer mais profundamente o Catecismo da Igreja Cat\u00f3lica. Para que o estudo pessoal e\/ou em grupo do Catecismo seja frutuoso, o presente subs\u00eddio prop\u00f5e um itiner\u00e1rio feito de etapas. Come\u00e7amos pela primeira parte do Catecismo que explica e aprofunda os conte\u00fados da f\u00e9 sintetizados na profiss\u00e3o da f\u00e9. Essa primeira parte ser\u00e1 subdividida em unidades menores para possibilitar uma assimila\u00e7\u00e3o mais profunda, uma reflex\u00e3o mais cuidadosa, um saber mais saboroso e uma recep\u00e7\u00e3o mais cordial daquilo que n\u00f3s cremos\u201d.<\/p>\n<p>Hoje est\u00e3o sendo publicados, em PDF, os dois primeiros temas &#8220;O homem \u00e9 capaz de Deus\u201d e \u201cA revela\u00e7\u00e3o de Deus\u201d. Os pr\u00f3ximos ser\u00e3o divulgados ao longo das semanas e podem ser consultados na \u00e1rea do Ano da F\u00e9 deste site.<\/p>\n<p>Baixe os subis\u00eddios:<\/p>\n<p>1\u00aa parte 26-49<\/p>\n<p><a title=\"O homem \u00e9 capaz de Deus\" href=\"http:\/\/www.oarcanjo.net\/site\/wp-content\/uploads\/EstudoCatecismo-1Tema-n26-49.pdf\" target=\"_blank\"><strong>O homem \u00e9 capaz de Deus<\/strong><\/a><\/p>\n<p>2\u00aa parte 50-73<\/p>\n<p><strong><a title=\"A revela\u00e7\u00e3o de Deus\" href=\"http:\/\/www.oarcanjo.net\/site\/wp-content\/uploads\/EstudoCatecismo-2Tema-n50-73.pdf\" target=\"_blank\">A revela\u00e7\u00e3o de Deus<\/a><\/strong><\/p>\n<p>&nbsp;<\/p>\n<div id=\"themify_builder_content-20158\" data-postid=\"20158\" class=\"themify_builder_content themify_builder_content-20158 themify_builder themify_builder_front\">\n\t<\/div>\n<!-- \/themify_builder_content -->","protected":false},"excerpt":{"rendered":"<p>Fonte: site da Arquidiocese de S\u00e3o Paulo O bispo auxiliar da Arquidiocese de S\u00e3o Paulo e vig\u00e1rio da Regi\u00e3o Episcopal Lapa, dom Julio Endi Akamine, preparou um estudo dirigido do Catecismo da Igreja Cat\u00f3lica (CIC) &#8211; par\u00e1grafos 26-1065, em 54 temas para serem lidos e estudados durante o Ano da F\u00e9. Na apresenta\u00e7\u00e3o, o bispo [&hellip;]<\/p>\n","protected":false},"author":5,"featured_media":0,"comment_status":"open","ping_status":"open","sticky":false,"template":"","format":"standard","meta":{"ngg_post_thumbnail":0,"footnotes":""},"categories":[2153,8],"tags":[2332,2334,2333,2331],"yoast_head":"<!-- This site is optimized with the Yoast SEO plugin v23.5 - https:\/\/yoast.com\/wordpress\/plugins\/seo\/ -->\n<title>Bispo prepara subs\u00eddio de estudo do Catecismo da Igreja Cat\u00f3lica - O Arcanjo no ar<\/title>\n<meta name=\"robots\" content=\"index, follow, max-snippet:-1, max-image-preview:large, max-video-preview:-1\" \/>\n<link rel=\"canonical\" href=\"https:\/\/www.oarcanjo.net\/site\/bispo-prepara-subsidio-de-estudo-do-catecismo-da-igreja-catolica\/\" \/>\n<meta property=\"og:locale\" content=\"pt_BR\" \/>\n<meta property=\"og:type\" content=\"article\" \/>\n<meta property=\"og:title\" content=\"Bispo prepara subs\u00eddio de estudo do Catecismo da Igreja Cat\u00f3lica - O Arcanjo no ar\" \/>\n<meta property=\"og:description\" content=\"Fonte: site da Arquidiocese de S\u00e3o Paulo O bispo auxiliar da Arquidiocese de S\u00e3o Paulo e vig\u00e1rio da Regi\u00e3o Episcopal Lapa, dom Julio Endi Akamine, preparou um estudo dirigido do Catecismo da Igreja Cat\u00f3lica (CIC) &#8211; par\u00e1grafos 26-1065, em 54 temas para serem lidos e estudados durante o Ano da F\u00e9. Na apresenta\u00e7\u00e3o, o bispo [&hellip;]\" \/>\n<meta property=\"og:url\" content=\"https:\/\/www.oarcanjo.net\/site\/bispo-prepara-subsidio-de-estudo-do-catecismo-da-igreja-catolica\/\" \/>\n<meta property=\"og:site_name\" content=\"O Arcanjo no ar\" \/>\n<meta property=\"article:publisher\" content=\"https:\/\/www.facebook.com\/OArcanjoNoAr\/\" \/>\n<meta property=\"article:published_time\" content=\"2012-12-11T13:35:37+00:00\" \/>\n<meta property=\"article:modified_time\" content=\"2012-12-11T13:47:44+00:00\" \/>\n<meta property=\"og:image\" content=\"https:\/\/www.oarcanjo.net\/site\/wp-content\/uploads\/logo-o-arcanjo-no-ar-facebook.png\" \/>\n\t<meta property=\"og:image:width\" content=\"300\" \/>\n\t<meta property=\"og:image:height\" content=\"300\" \/>\n\t<meta property=\"og:image:type\" content=\"image\/png\" \/>\n<meta name=\"author\" content=\"editor\" \/>\n<meta name=\"twitter:card\" content=\"summary_large_image\" \/>\n<meta name=\"twitter:label1\" content=\"Escrito por\" \/>\n\t<meta name=\"twitter:data1\" content=\"editor\" \/>\n\t<meta name=\"twitter:label2\" content=\"Est. tempo de leitura\" \/>\n\t<meta name=\"twitter:data2\" content=\"1 minuto\" \/>\n<script type=\"application\/ld+json\" class=\"yoast-schema-graph\">{\"@context\":\"https:\/\/schema.org\",\"@graph\":[{\"@type\":\"Article\",\"@id\":\"https:\/\/www.oarcanjo.net\/site\/bispo-prepara-subsidio-de-estudo-do-catecismo-da-igreja-catolica\/#article\",\"isPartOf\":{\"@id\":\"https:\/\/www.oarcanjo.net\/site\/bispo-prepara-subsidio-de-estudo-do-catecismo-da-igreja-catolica\/\"},\"author\":{\"name\":\"editor\",\"@id\":\"https:\/\/www.oarcanjo.net\/site\/#\/schema\/person\/f7024d007863202483a31326673a0838\"},\"headline\":\"Bispo prepara subs\u00eddio de estudo do Catecismo da Igreja Cat\u00f3lica\",\"datePublished\":\"2012-12-11T13:35:37+00:00\",\"dateModified\":\"2012-12-11T13:47:44+00:00\",\"mainEntityOfPage\":{\"@id\":\"https:\/\/www.oarcanjo.net\/site\/bispo-prepara-subsidio-de-estudo-do-catecismo-da-igreja-catolica\/\"},\"wordCount\":240,\"commentCount\":1,\"publisher\":{\"@id\":\"https:\/\/www.oarcanjo.net\/site\/#organization\"},\"keywords\":[\"A revela\u00e7\u00e3o de Deus\",\"Catecismo da Igreja Cat\u00f3lica (CIC)\",\"Dom Julio Endi Akamine\",\"O homem \u00e9 capaz de Deus\"],\"articleSection\":[\"Ano da F\u00e9\",\"Not\u00edcias\"],\"inLanguage\":\"pt-BR\",\"potentialAction\":[{\"@type\":\"CommentAction\",\"name\":\"Comment\",\"target\":[\"https:\/\/www.oarcanjo.net\/site\/bispo-prepara-subsidio-de-estudo-do-catecismo-da-igreja-catolica\/#respond\"]}]},{\"@type\":\"WebPage\",\"@id\":\"https:\/\/www.oarcanjo.net\/site\/bispo-prepara-subsidio-de-estudo-do-catecismo-da-igreja-catolica\/\",\"url\":\"https:\/\/www.oarcanjo.net\/site\/bispo-prepara-subsidio-de-estudo-do-catecismo-da-igreja-catolica\/\",\"name\":\"Bispo prepara subs\u00eddio de estudo do Catecismo da Igreja Cat\u00f3lica - O Arcanjo no ar\",\"isPartOf\":{\"@id\":\"https:\/\/www.oarcanjo.net\/site\/#website\"},\"datePublished\":\"2012-12-11T13:35:37+00:00\",\"dateModified\":\"2012-12-11T13:47:44+00:00\",\"breadcrumb\":{\"@id\":\"https:\/\/www.oarcanjo.net\/site\/bispo-prepara-subsidio-de-estudo-do-catecismo-da-igreja-catolica\/#breadcrumb\"},\"inLanguage\":\"pt-BR\",\"potentialAction\":[{\"@type\":\"ReadAction\",\"target\":[\"https:\/\/www.oarcanjo.net\/site\/bispo-prepara-subsidio-de-estudo-do-catecismo-da-igreja-catolica\/\"]}]},{\"@type\":\"BreadcrumbList\",\"@id\":\"https:\/\/www.oarcanjo.net\/site\/bispo-prepara-subsidio-de-estudo-do-catecismo-da-igreja-catolica\/#breadcrumb\",\"itemListElement\":[{\"@type\":\"ListItem\",\"position\":1,\"name\":\"In\u00edcio\",\"item\":\"https:\/\/www.oarcanjo.net\/site\/\"},{\"@type\":\"ListItem\",\"position\":2,\"name\":\"Bispo prepara subs\u00eddio de estudo do Catecismo da Igreja Cat\u00f3lica\"}]},{\"@type\":\"WebSite\",\"@id\":\"https:\/\/www.oarcanjo.net\/site\/#website\",\"url\":\"https:\/\/www.oarcanjo.net\/site\/\",\"name\":\"O Arcanjo no ar\",\"description\":\"Site da Par\u00f3quia S\u00e3o Miguel Arcanjo (Arquidiocese de SP)\",\"publisher\":{\"@id\":\"https:\/\/www.oarcanjo.net\/site\/#organization\"},\"potentialAction\":[{\"@type\":\"SearchAction\",\"target\":{\"@type\":\"EntryPoint\",\"urlTemplate\":\"https:\/\/www.oarcanjo.net\/site\/?s={search_term_string}\"},\"query-input\":{\"@type\":\"PropertyValueSpecification\",\"valueRequired\":true,\"valueName\":\"search_term_string\"}}],\"inLanguage\":\"pt-BR\"},{\"@type\":\"Organization\",\"@id\":\"https:\/\/www.oarcanjo.net\/site\/#organization\",\"name\":\"Par\u00f3quia S\u00e3o Miguel Arcanjo\",\"url\":\"https:\/\/www.oarcanjo.net\/site\/\",\"logo\":{\"@type\":\"ImageObject\",\"inLanguage\":\"pt-BR\",\"@id\":\"https:\/\/www.oarcanjo.net\/site\/#\/schema\/logo\/image\/\",\"url\":\"https:\/\/www.oarcanjo.net\/site\/wp-content\/uploads\/LogoOArcanjo.png\",\"contentUrl\":\"https:\/\/www.oarcanjo.net\/site\/wp-content\/uploads\/LogoOArcanjo.png\",\"width\":319,\"height\":99,\"caption\":\"Par\u00f3quia S\u00e3o Miguel Arcanjo\"},\"image\":{\"@id\":\"https:\/\/www.oarcanjo.net\/site\/#\/schema\/logo\/image\/\"},\"sameAs\":[\"https:\/\/www.facebook.com\/OArcanjoNoAr\/\"]},{\"@type\":\"Person\",\"@id\":\"https:\/\/www.oarcanjo.net\/site\/#\/schema\/person\/f7024d007863202483a31326673a0838\",\"name\":\"editor\",\"sameAs\":[\"http:\/\/www.oarcanjo.net\"]}]}<\/script>\n<!-- \/ Yoast SEO plugin. -->","yoast_head_json":{"title":"Bispo prepara subs\u00eddio de estudo do Catecismo da Igreja Cat\u00f3lica - O Arcanjo no ar","robots":{"index":"index","follow":"follow","max-snippet":"max-snippet:-1","max-image-preview":"max-image-preview:large","max-video-preview":"max-video-preview:-1"},"canonical":"https:\/\/www.oarcanjo.net\/site\/bispo-prepara-subsidio-de-estudo-do-catecismo-da-igreja-catolica\/","og_locale":"pt_BR","og_type":"article","og_title":"Bispo prepara subs\u00eddio de estudo do Catecismo da Igreja Cat\u00f3lica - O Arcanjo no ar","og_description":"Fonte: site da Arquidiocese de S\u00e3o Paulo O bispo auxiliar da Arquidiocese de S\u00e3o Paulo e vig\u00e1rio da Regi\u00e3o Episcopal Lapa, dom Julio Endi Akamine, preparou um estudo dirigido do Catecismo da Igreja Cat\u00f3lica (CIC) &#8211; par\u00e1grafos 26-1065, em 54 temas para serem lidos e estudados durante o Ano da F\u00e9. Na apresenta\u00e7\u00e3o, o bispo [&hellip;]","og_url":"https:\/\/www.oarcanjo.net\/site\/bispo-prepara-subsidio-de-estudo-do-catecismo-da-igreja-catolica\/","og_site_name":"O Arcanjo no ar","article_publisher":"https:\/\/www.facebook.com\/OArcanjoNoAr\/","article_published_time":"2012-12-11T13:35:37+00:00","article_modified_time":"2012-12-11T13:47:44+00:00","og_image":[{"width":300,"height":300,"url":"https:\/\/www.oarcanjo.net\/site\/wp-content\/uploads\/logo-o-arcanjo-no-ar-facebook.png","type":"image\/png"}],"author":"editor","twitter_card":"summary_large_image","twitter_misc":{"Escrito por":"editor","Est. tempo de leitura":"1 minuto"},"schema":{"@context":"https:\/\/schema.org","@graph":[{"@type":"Article","@id":"https:\/\/www.oarcanjo.net\/site\/bispo-prepara-subsidio-de-estudo-do-catecismo-da-igreja-catolica\/#article","isPartOf":{"@id":"https:\/\/www.oarcanjo.net\/site\/bispo-prepara-subsidio-de-estudo-do-catecismo-da-igreja-catolica\/"},"author":{"name":"editor","@id":"https:\/\/www.oarcanjo.net\/site\/#\/schema\/person\/f7024d007863202483a31326673a0838"},"headline":"Bispo prepara subs\u00eddio de estudo do Catecismo da Igreja Cat\u00f3lica","datePublished":"2012-12-11T13:35:37+00:00","dateModified":"2012-12-11T13:47:44+00:00","mainEntityOfPage":{"@id":"https:\/\/www.oarcanjo.net\/site\/bispo-prepara-subsidio-de-estudo-do-catecismo-da-igreja-catolica\/"},"wordCount":240,"commentCount":1,"publisher":{"@id":"https:\/\/www.oarcanjo.net\/site\/#organization"},"keywords":["A revela\u00e7\u00e3o de Deus","Catecismo da Igreja Cat\u00f3lica (CIC)","Dom Julio Endi Akamine","O homem \u00e9 capaz de Deus"],"articleSection":["Ano da F\u00e9","Not\u00edcias"],"inLanguage":"pt-BR","potentialAction":[{"@type":"CommentAction","name":"Comment","target":["https:\/\/www.oarcanjo.net\/site\/bispo-prepara-subsidio-de-estudo-do-catecismo-da-igreja-catolica\/#respond"]}]},{"@type":"WebPage","@id":"https:\/\/www.oarcanjo.net\/site\/bispo-prepara-subsidio-de-estudo-do-catecismo-da-igreja-catolica\/","url":"https:\/\/www.oarcanjo.net\/site\/bispo-prepara-subsidio-de-estudo-do-catecismo-da-igreja-catolica\/","name":"Bispo prepara subs\u00eddio de estudo do Catecismo da Igreja Cat\u00f3lica - O Arcanjo no ar","isPartOf":{"@id":"https:\/\/www.oarcanjo.net\/site\/#website"},"datePublished":"2012-12-11T13:35:37+00:00","dateModified":"2012-12-11T13:47:44+00:00","breadcrumb":{"@id":"https:\/\/www.oarcanjo.net\/site\/bispo-prepara-subsidio-de-estudo-do-catecismo-da-igreja-catolica\/#breadcrumb"},"inLanguage":"pt-BR","potentialAction":[{"@type":"ReadAction","target":["https:\/\/www.oarcanjo.net\/site\/bispo-prepara-subsidio-de-estudo-do-catecismo-da-igreja-catolica\/"]}]},{"@type":"BreadcrumbList","@id":"https:\/\/www.oarcanjo.net\/site\/bispo-prepara-subsidio-de-estudo-do-catecismo-da-igreja-catolica\/#breadcrumb","itemListElement":[{"@type":"ListItem","position":1,"name":"In\u00edcio","item":"https:\/\/www.oarcanjo.net\/site\/"},{"@type":"ListItem","position":2,"name":"Bispo prepara subs\u00eddio de estudo do Catecismo da Igreja Cat\u00f3lica"}]},{"@type":"WebSite","@id":"https:\/\/www.oarcanjo.net\/site\/#website","url":"https:\/\/www.oarcanjo.net\/site\/","name":"O Arcanjo no ar","description":"Site da Par\u00f3quia S\u00e3o Miguel Arcanjo (Arquidiocese de SP)","publisher":{"@id":"https:\/\/www.oarcanjo.net\/site\/#organization"},"potentialAction":[{"@type":"SearchAction","target":{"@type":"EntryPoint","urlTemplate":"https:\/\/www.oarcanjo.net\/site\/?s={search_term_string}"},"query-input":{"@type":"PropertyValueSpecification","valueRequired":true,"valueName":"search_term_string"}}],"inLanguage":"pt-BR"},{"@type":"Organization","@id":"https:\/\/www.oarcanjo.net\/site\/#organization","name":"Par\u00f3quia S\u00e3o Miguel Arcanjo","url":"https:\/\/www.oarcanjo.net\/site\/","logo":{"@type":"ImageObject","inLanguage":"pt-BR","@id":"https:\/\/www.oarcanjo.net\/site\/#\/schema\/logo\/image\/","url":"https:\/\/www.oarcanjo.net\/site\/wp-content\/uploads\/LogoOArcanjo.png","contentUrl":"https:\/\/www.oarcanjo.net\/site\/wp-content\/uploads\/LogoOArcanjo.png","width":319,"height":99,"caption":"Par\u00f3quia S\u00e3o Miguel Arcanjo"},"image":{"@id":"https:\/\/www.oarcanjo.net\/site\/#\/schema\/logo\/image\/"},"sameAs":["https:\/\/www.facebook.com\/OArcanjoNoAr\/"]},{"@type":"Person","@id":"https:\/\/www.oarcanjo.net\/site\/#\/schema\/person\/f7024d007863202483a31326673a0838","name":"editor","sameAs":["http:\/\/www.oarcanjo.net"]}]}},"publishpress_future_action":{"enabled":false,"date":"2026-05-09 09:04:23","action":"category","newStatus":"draft","terms":[],"taxonomy":"category"},"publishpress_future_workflow_manual_trigger":{"enabledWorkflows":[]},"_links":{"self":[{"href":"https:\/\/www.oarcanjo.net\/site\/wp-json\/wp\/v2\/posts\/20158"}],"collection":[{"href":"https:\/\/www.oarcanjo.net\/site\/wp-json\/wp\/v2\/posts"}],"about":[{"href":"https:\/\/www.oarcanjo.net\/site\/wp-json\/wp\/v2\/types\/post"}],"author":[{"embeddable":true,"href":"https:\/\/www.oarcanjo.net\/site\/wp-json\/wp\/v2\/users\/5"}],"replies":[{"embeddable":true,"href":"https:\/\/www.oarcanjo.net\/site\/wp-json\/wp\/v2\/comments?post=20158"}],"version-history":[{"count":0,"href":"https:\/\/www.oarcanjo.net\/site\/wp-json\/wp\/v2\/posts\/20158\/revisions"}],"wp:attachment":[{"href":"https:\/\/www.oarcanjo.net\/site\/wp-json\/wp\/v2\/media?parent=20158"}],"wp:term":[{"taxonomy":"category","embeddable":true,"href":"https:\/\/www.oarcanjo.net\/site\/wp-json\/wp\/v2\/categories?post=20158"},{"taxonomy":"post_tag","embeddable":true,"href":"https:\/\/www.oarcanjo.net\/site\/wp-json\/wp\/v2\/tags?post=20158"}],"curies":[{"name":"wp","href":"https:\/\/api.w.org\/{rel}","templated":true}]}}