
{"id":20163,"date":"2012-12-10T11:37:26","date_gmt":"2012-12-10T13:37:26","guid":{"rendered":"http:\/\/www.oarcanjo.net\/site\/?p=20163"},"modified":"2012-12-11T12:17:54","modified_gmt":"2012-12-11T14:17:54","slug":"cimi-lanca-documento-contra-exterminio-dos-povos-indigenas","status":"publish","type":"post","link":"https:\/\/www.oarcanjo.net\/site\/cimi-lanca-documento-contra-exterminio-dos-povos-indigenas\/","title":{"rendered":"Cimi lan\u00e7a documento contra exterm\u00ednio dos povos ind\u00edgenas"},"content":{"rendered":"<\/p>\n<p><em>Fonte: site da Arquidiocese de S\u00e3o Paulo<\/em><\/p>\n<p><em><\/em>Com o objetivo de denunciar o genoc\u00eddio, assassinatos e a viol\u00eancia, o Cimi lan\u00e7a o documento Povos Ind\u00edgenas: aqueles que devem viver &#8211; Manifesto Contra os Decretos de Exterm\u00ednio. O manifesto foi apresentado durante audi\u00eancia na Comiss\u00e3o de Direitos Humanos da C\u00e2mara dos Deputados nesta ter\u00e7a-feira, 4. Na ocasi\u00e3o, a Associa\u00e7\u00e3o dos Ju\u00edzes pela Democracia (AJD) e o Cimi entregaram manifesto subscrito por mais de 20 mil pessoas que aderiram \u00e0 campanha Eu Apoio a Causa Ind\u00edgena.<\/p>\n<p><em>\u201cSe durante a ditadura militar a resist\u00eancia dos Waimiri Atroari ante a constru\u00e7\u00e3o da rodovia transamaz\u00f4nica, na d\u00e9cada de 1970, foi reprimida com bombas, metralhadoras e at\u00e9 armas qu\u00edmicas, hoje tal premissa genocida segue em curso na busca por uma identidade nacional desenvolvimentista, homog\u00eanea, sem a presen\u00e7a das comunidades em seus territ\u00f3rios tradicionais. Um exemplo \u00e9 a constru\u00e7\u00e3o de megaprojetos (estradas, hidrel\u00e9tricas e projetos de minera\u00e7\u00e3o), que por onde passam deixam rastros de destrui\u00e7\u00e3o e morte\u201d<\/em>, l\u00ea-se no site do Cimi.<\/p>\n<p>O exterm\u00ednio contra os ind\u00edgenas continua atrav\u00e9s do confinamento dos povos e comunidades em terras insuficientes, da morosidade do governo na condu\u00e7\u00e3o dos processos de demarca\u00e7\u00e3o das terras de povos que vivem em acampamentos provis\u00f3rios, com o descaso na \u00e1rea da sa\u00fade e educa\u00e7\u00e3o. Segue ainda na omiss\u00e3o do poder p\u00fablico diante das agress\u00f5es cotidianas sofridas pelos povos, al\u00e9m da invas\u00e3o do territ\u00f3rio tradicional por madeireiros, fazendeiros, narcotraficantes. A viol\u00eancia sistem\u00e1tica \u00e9 cometida contra como um decreto de exterm\u00ednio que nunca foi revogado pelas for\u00e7as anti-ind\u00edgenas.<\/p>\n<p>Alguns exemplos concretos podem ser apresentados, como \u00e9 o caso do povo Xavante de Mar\u00e3iwats\u00e9d\u00e9, no Mato Grosso, em luta pela extrus\u00e3o do seu territ\u00f3rio invadido por fazendeiros. Tamb\u00e9m dos Guarani Kaiow\u00e1 e Terena do Mato Grosso do Sul, expropriados de suas terras pelo agroneg\u00f3cio, vivendo em situa\u00e7\u00f5es desumanas. No mesmo estado, os Kadiw\u00e9u tiveram suas terras demarcadas h\u00e1 mais de 100 anos e correm o risco de serem novamente expulsos.<\/p>\n<p>Chamam tamb\u00e9m a nossa aten\u00e7\u00e3o as dezenas de acampamentos \u00e0 beira de rodovias, espalhados na regi\u00e3o sul do pa\u00eds, nos quais os povos Guarani e Kaingang enfrentam baixas temperaturas e o perigo dos atropelamentos. No Maranh\u00e3o, os Aw\u00e1-Guaj\u00e1 sofrem as mais diversas press\u00f5es, com destaque para assassinatos e invas\u00f5es de terras homologadas.<\/p>\n<p>Embora seja consenso a import\u00e2ncia da pluralidade \u00e9tnica e cultural, por outro lado n\u00e3o existem pol\u00edticas concretas em defesa do modo de viver dos ind\u00edgenas, em pese tais povos tenham seus direitos resguardados pela Constitui\u00e7\u00e3o Federal. Ap\u00f3s quase 40 anos (1974) da publica\u00e7\u00e3o do documento Y-Juca-Pirama: O \u00edndio aquele que deve morrer &#8211; que denunciou a pol\u00edtica genocida do governo brasileiro e gerou impacto junto \u00e0 opini\u00e3o p\u00fablica nacional e internacional, durante os anos da ditadura &#8211; muita das amea\u00e7as aos povos ind\u00edgenas denunciadas pelo Cimi naquela ocasi\u00e3o ainda persistem.<\/p>\n<p>O Cimi publica esse segundo manifesto no intuito de concretizar a profecia anunciada pelo Y- juca Pirama:<em> \u201cChegou o momento de anunciar, na esperan\u00e7a, que aquele que deveria morrer \u00e9 aquele que deve viver\u201d<\/em>.<\/p>\n<p>O sum\u00e1rio do manifesto ainda traz um bloco de artigos sobre o projeto de vida dos povos ind\u00edgenas, os principais documentos ind\u00edgenas dos \u00faltimos 40 anos e a republica\u00e7\u00e3o do Y Juca Pirama, lan\u00e7ado em 1974. Como anexo, as terras e povos ind\u00edgenas afetados pelos grandes empreendimentos.<\/p>\n<p>Downoad do documento:<\/p>\n<p><a href=\"http:\/\/www.oarcanjo.net\/site\/wp-content\/uploads\/PovosIndigenas-AquelesQueDevemViver-CIMI.pdf\" target=\"_blank\" title=\"Povos Ind\u00edgenas: aqueles que devem viver - Manifesto Contra os Decretos de Exterm\u00ednio\"  alt=\"Povos Ind\u00edgenas: aqueles que devem viver - Manifesto Contra os Decretos de Exterm\u00ednio\">Povos Ind\u00edgenas: aqueles que devem viver &#8211; Manifesto Contra os Decretos de Exterm\u00ednio<\/a><\/p>\n<p><a href=\"http:\/\/www.oarcanjo.net\/site\/wp-content\/uploads\/PovosIndigenas-AquelesQueDevemViver-CIMI.pdf\" target=\"_blank\"><br \/>\n<img loading=\"lazy\" decoding=\"async\" src=\"http:\/\/www.oarcanjo.net\/site\/wp-content\/uploads\/PovosIndigenas-AquelesQueDevemViver-CIMI-Thumb.jpg\" alt=\"Povos Ind\u00edgenas: aqueles que devem viver \u2013 Manifesto Contra os Decretos de Exterm\u00ednio\" title=\"Povos Ind\u00edgenas: aqueles que devem viver \u2013 Manifesto Contra os Decretos de Exterm\u00ednio\" width=\"142\" height=\"200\" class=\"alignnone size-full wp-image-20173\" \/><\/a><\/p>\n<div id=\"themify_builder_content-20163\" data-postid=\"20163\" class=\"themify_builder_content themify_builder_content-20163 themify_builder themify_builder_front\">\n\t<\/div>\n<!-- \/themify_builder_content -->","protected":false},"excerpt":{"rendered":"<p>Fonte: site da Arquidiocese de S\u00e3o Paulo Com o objetivo de denunciar o genoc\u00eddio, assassinatos e a viol\u00eancia, o Cimi lan\u00e7a o documento Povos Ind\u00edgenas: aqueles que devem viver &#8211; Manifesto Contra os Decretos de Exterm\u00ednio. O manifesto foi apresentado durante audi\u00eancia na Comiss\u00e3o de Direitos Humanos da C\u00e2mara dos Deputados nesta ter\u00e7a-feira, 4. Na [&hellip;]<\/p>\n","protected":false},"author":5,"featured_media":0,"comment_status":"open","ping_status":"open","sticky":false,"template":"","format":"standard","meta":{"ngg_post_thumbnail":0,"footnotes":""},"categories":[8],"tags":[400,935,2335,2336],"yoast_head":"<!-- This site is optimized with the Yoast SEO plugin v23.5 - https:\/\/yoast.com\/wordpress\/plugins\/seo\/ -->\n<title>Cimi lan\u00e7a documento contra exterm\u00ednio dos povos ind\u00edgenas - O Arcanjo no ar<\/title>\n<meta name=\"robots\" content=\"index, follow, max-snippet:-1, max-image-preview:large, max-video-preview:-1\" \/>\n<link rel=\"canonical\" href=\"https:\/\/www.oarcanjo.net\/site\/cimi-lanca-documento-contra-exterminio-dos-povos-indigenas\/\" \/>\n<meta property=\"og:locale\" content=\"pt_BR\" \/>\n<meta property=\"og:type\" content=\"article\" \/>\n<meta property=\"og:title\" content=\"Cimi lan\u00e7a documento contra exterm\u00ednio dos povos ind\u00edgenas - O Arcanjo no ar\" \/>\n<meta property=\"og:description\" content=\"Fonte: site da Arquidiocese de S\u00e3o Paulo Com o objetivo de denunciar o genoc\u00eddio, assassinatos e a viol\u00eancia, o Cimi lan\u00e7a o documento Povos Ind\u00edgenas: aqueles que devem viver &#8211; Manifesto Contra os Decretos de Exterm\u00ednio. O manifesto foi apresentado durante audi\u00eancia na Comiss\u00e3o de Direitos Humanos da C\u00e2mara dos Deputados nesta ter\u00e7a-feira, 4. Na [&hellip;]\" \/>\n<meta property=\"og:url\" content=\"https:\/\/www.oarcanjo.net\/site\/cimi-lanca-documento-contra-exterminio-dos-povos-indigenas\/\" \/>\n<meta property=\"og:site_name\" content=\"O Arcanjo no ar\" \/>\n<meta property=\"article:publisher\" content=\"https:\/\/www.facebook.com\/OArcanjoNoAr\/\" \/>\n<meta property=\"article:published_time\" content=\"2012-12-10T13:37:26+00:00\" \/>\n<meta property=\"article:modified_time\" content=\"2012-12-11T14:17:54+00:00\" \/>\n<meta property=\"og:image\" content=\"http:\/\/www.oarcanjo.net\/site\/wp-content\/uploads\/PovosIndigenas-AquelesQueDevemViver-CIMI-Thumb.jpg\" \/>\n<meta name=\"author\" content=\"editor\" \/>\n<meta name=\"twitter:card\" content=\"summary_large_image\" \/>\n<meta name=\"twitter:label1\" content=\"Escrito por\" \/>\n\t<meta name=\"twitter:data1\" content=\"editor\" \/>\n\t<meta name=\"twitter:label2\" content=\"Est. tempo de leitura\" \/>\n\t<meta name=\"twitter:data2\" content=\"3 minutos\" \/>\n<script type=\"application\/ld+json\" class=\"yoast-schema-graph\">{\"@context\":\"https:\/\/schema.org\",\"@graph\":[{\"@type\":\"Article\",\"@id\":\"https:\/\/www.oarcanjo.net\/site\/cimi-lanca-documento-contra-exterminio-dos-povos-indigenas\/#article\",\"isPartOf\":{\"@id\":\"https:\/\/www.oarcanjo.net\/site\/cimi-lanca-documento-contra-exterminio-dos-povos-indigenas\/\"},\"author\":{\"name\":\"editor\",\"@id\":\"https:\/\/www.oarcanjo.net\/site\/#\/schema\/person\/f7024d007863202483a31326673a0838\"},\"headline\":\"Cimi lan\u00e7a documento contra exterm\u00ednio dos povos ind\u00edgenas\",\"datePublished\":\"2012-12-10T13:37:26+00:00\",\"dateModified\":\"2012-12-11T14:17:54+00:00\",\"mainEntityOfPage\":{\"@id\":\"https:\/\/www.oarcanjo.net\/site\/cimi-lanca-documento-contra-exterminio-dos-povos-indigenas\/\"},\"wordCount\":641,\"commentCount\":0,\"publisher\":{\"@id\":\"https:\/\/www.oarcanjo.net\/site\/#organization\"},\"image\":{\"@id\":\"https:\/\/www.oarcanjo.net\/site\/cimi-lanca-documento-contra-exterminio-dos-povos-indigenas\/#primaryimage\"},\"thumbnailUrl\":\"http:\/\/www.oarcanjo.net\/site\/wp-content\/uploads\/PovosIndigenas-AquelesQueDevemViver-CIMI-Thumb.jpg\",\"keywords\":[\"CIMI\",\"povos ind\u00edgenas\",\"Viol\u00eancia contra os ind\u00edgenas\",\"Xavante de Mar\u00e3iwats\u00e9d\u00e9\"],\"articleSection\":[\"Not\u00edcias\"],\"inLanguage\":\"pt-BR\",\"potentialAction\":[{\"@type\":\"CommentAction\",\"name\":\"Comment\",\"target\":[\"https:\/\/www.oarcanjo.net\/site\/cimi-lanca-documento-contra-exterminio-dos-povos-indigenas\/#respond\"]}]},{\"@type\":\"WebPage\",\"@id\":\"https:\/\/www.oarcanjo.net\/site\/cimi-lanca-documento-contra-exterminio-dos-povos-indigenas\/\",\"url\":\"https:\/\/www.oarcanjo.net\/site\/cimi-lanca-documento-contra-exterminio-dos-povos-indigenas\/\",\"name\":\"Cimi lan\u00e7a documento contra exterm\u00ednio dos povos ind\u00edgenas - O Arcanjo no ar\",\"isPartOf\":{\"@id\":\"https:\/\/www.oarcanjo.net\/site\/#website\"},\"primaryImageOfPage\":{\"@id\":\"https:\/\/www.oarcanjo.net\/site\/cimi-lanca-documento-contra-exterminio-dos-povos-indigenas\/#primaryimage\"},\"image\":{\"@id\":\"https:\/\/www.oarcanjo.net\/site\/cimi-lanca-documento-contra-exterminio-dos-povos-indigenas\/#primaryimage\"},\"thumbnailUrl\":\"http:\/\/www.oarcanjo.net\/site\/wp-content\/uploads\/PovosIndigenas-AquelesQueDevemViver-CIMI-Thumb.jpg\",\"datePublished\":\"2012-12-10T13:37:26+00:00\",\"dateModified\":\"2012-12-11T14:17:54+00:00\",\"breadcrumb\":{\"@id\":\"https:\/\/www.oarcanjo.net\/site\/cimi-lanca-documento-contra-exterminio-dos-povos-indigenas\/#breadcrumb\"},\"inLanguage\":\"pt-BR\",\"potentialAction\":[{\"@type\":\"ReadAction\",\"target\":[\"https:\/\/www.oarcanjo.net\/site\/cimi-lanca-documento-contra-exterminio-dos-povos-indigenas\/\"]}]},{\"@type\":\"ImageObject\",\"inLanguage\":\"pt-BR\",\"@id\":\"https:\/\/www.oarcanjo.net\/site\/cimi-lanca-documento-contra-exterminio-dos-povos-indigenas\/#primaryimage\",\"url\":\"https:\/\/www.oarcanjo.net\/site\/wp-content\/uploads\/PovosIndigenas-AquelesQueDevemViver-CIMI-Thumb.jpg\",\"contentUrl\":\"https:\/\/www.oarcanjo.net\/site\/wp-content\/uploads\/PovosIndigenas-AquelesQueDevemViver-CIMI-Thumb.jpg\",\"width\":\"142\",\"height\":\"200\",\"caption\":\"Povos Ind\u00edgenas: aqueles que devem viver \u2013 Manifesto Contra os Decretos de Exterm\u00ednio\"},{\"@type\":\"BreadcrumbList\",\"@id\":\"https:\/\/www.oarcanjo.net\/site\/cimi-lanca-documento-contra-exterminio-dos-povos-indigenas\/#breadcrumb\",\"itemListElement\":[{\"@type\":\"ListItem\",\"position\":1,\"name\":\"In\u00edcio\",\"item\":\"https:\/\/www.oarcanjo.net\/site\/\"},{\"@type\":\"ListItem\",\"position\":2,\"name\":\"Cimi lan\u00e7a documento contra exterm\u00ednio dos povos ind\u00edgenas\"}]},{\"@type\":\"WebSite\",\"@id\":\"https:\/\/www.oarcanjo.net\/site\/#website\",\"url\":\"https:\/\/www.oarcanjo.net\/site\/\",\"name\":\"O Arcanjo no ar\",\"description\":\"Site da Par\u00f3quia S\u00e3o Miguel Arcanjo (Arquidiocese de SP)\",\"publisher\":{\"@id\":\"https:\/\/www.oarcanjo.net\/site\/#organization\"},\"potentialAction\":[{\"@type\":\"SearchAction\",\"target\":{\"@type\":\"EntryPoint\",\"urlTemplate\":\"https:\/\/www.oarcanjo.net\/site\/?s={search_term_string}\"},\"query-input\":{\"@type\":\"PropertyValueSpecification\",\"valueRequired\":true,\"valueName\":\"search_term_string\"}}],\"inLanguage\":\"pt-BR\"},{\"@type\":\"Organization\",\"@id\":\"https:\/\/www.oarcanjo.net\/site\/#organization\",\"name\":\"Par\u00f3quia S\u00e3o Miguel Arcanjo\",\"url\":\"https:\/\/www.oarcanjo.net\/site\/\",\"logo\":{\"@type\":\"ImageObject\",\"inLanguage\":\"pt-BR\",\"@id\":\"https:\/\/www.oarcanjo.net\/site\/#\/schema\/logo\/image\/\",\"url\":\"https:\/\/www.oarcanjo.net\/site\/wp-content\/uploads\/LogoOArcanjo.png\",\"contentUrl\":\"https:\/\/www.oarcanjo.net\/site\/wp-content\/uploads\/LogoOArcanjo.png\",\"width\":319,\"height\":99,\"caption\":\"Par\u00f3quia S\u00e3o Miguel Arcanjo\"},\"image\":{\"@id\":\"https:\/\/www.oarcanjo.net\/site\/#\/schema\/logo\/image\/\"},\"sameAs\":[\"https:\/\/www.facebook.com\/OArcanjoNoAr\/\"]},{\"@type\":\"Person\",\"@id\":\"https:\/\/www.oarcanjo.net\/site\/#\/schema\/person\/f7024d007863202483a31326673a0838\",\"name\":\"editor\",\"sameAs\":[\"http:\/\/www.oarcanjo.net\"]}]}<\/script>\n<!-- \/ Yoast SEO plugin. -->","yoast_head_json":{"title":"Cimi lan\u00e7a documento contra exterm\u00ednio dos povos ind\u00edgenas - O Arcanjo no ar","robots":{"index":"index","follow":"follow","max-snippet":"max-snippet:-1","max-image-preview":"max-image-preview:large","max-video-preview":"max-video-preview:-1"},"canonical":"https:\/\/www.oarcanjo.net\/site\/cimi-lanca-documento-contra-exterminio-dos-povos-indigenas\/","og_locale":"pt_BR","og_type":"article","og_title":"Cimi lan\u00e7a documento contra exterm\u00ednio dos povos ind\u00edgenas - O Arcanjo no ar","og_description":"Fonte: site da Arquidiocese de S\u00e3o Paulo Com o objetivo de denunciar o genoc\u00eddio, assassinatos e a viol\u00eancia, o Cimi lan\u00e7a o documento Povos Ind\u00edgenas: aqueles que devem viver &#8211; Manifesto Contra os Decretos de Exterm\u00ednio. O manifesto foi apresentado durante audi\u00eancia na Comiss\u00e3o de Direitos Humanos da C\u00e2mara dos Deputados nesta ter\u00e7a-feira, 4. Na [&hellip;]","og_url":"https:\/\/www.oarcanjo.net\/site\/cimi-lanca-documento-contra-exterminio-dos-povos-indigenas\/","og_site_name":"O Arcanjo no ar","article_publisher":"https:\/\/www.facebook.com\/OArcanjoNoAr\/","article_published_time":"2012-12-10T13:37:26+00:00","article_modified_time":"2012-12-11T14:17:54+00:00","og_image":[{"url":"http:\/\/www.oarcanjo.net\/site\/wp-content\/uploads\/PovosIndigenas-AquelesQueDevemViver-CIMI-Thumb.jpg"}],"author":"editor","twitter_card":"summary_large_image","twitter_misc":{"Escrito por":"editor","Est. tempo de leitura":"3 minutos"},"schema":{"@context":"https:\/\/schema.org","@graph":[{"@type":"Article","@id":"https:\/\/www.oarcanjo.net\/site\/cimi-lanca-documento-contra-exterminio-dos-povos-indigenas\/#article","isPartOf":{"@id":"https:\/\/www.oarcanjo.net\/site\/cimi-lanca-documento-contra-exterminio-dos-povos-indigenas\/"},"author":{"name":"editor","@id":"https:\/\/www.oarcanjo.net\/site\/#\/schema\/person\/f7024d007863202483a31326673a0838"},"headline":"Cimi lan\u00e7a documento contra exterm\u00ednio dos povos ind\u00edgenas","datePublished":"2012-12-10T13:37:26+00:00","dateModified":"2012-12-11T14:17:54+00:00","mainEntityOfPage":{"@id":"https:\/\/www.oarcanjo.net\/site\/cimi-lanca-documento-contra-exterminio-dos-povos-indigenas\/"},"wordCount":641,"commentCount":0,"publisher":{"@id":"https:\/\/www.oarcanjo.net\/site\/#organization"},"image":{"@id":"https:\/\/www.oarcanjo.net\/site\/cimi-lanca-documento-contra-exterminio-dos-povos-indigenas\/#primaryimage"},"thumbnailUrl":"http:\/\/www.oarcanjo.net\/site\/wp-content\/uploads\/PovosIndigenas-AquelesQueDevemViver-CIMI-Thumb.jpg","keywords":["CIMI","povos ind\u00edgenas","Viol\u00eancia contra os ind\u00edgenas","Xavante de Mar\u00e3iwats\u00e9d\u00e9"],"articleSection":["Not\u00edcias"],"inLanguage":"pt-BR","potentialAction":[{"@type":"CommentAction","name":"Comment","target":["https:\/\/www.oarcanjo.net\/site\/cimi-lanca-documento-contra-exterminio-dos-povos-indigenas\/#respond"]}]},{"@type":"WebPage","@id":"https:\/\/www.oarcanjo.net\/site\/cimi-lanca-documento-contra-exterminio-dos-povos-indigenas\/","url":"https:\/\/www.oarcanjo.net\/site\/cimi-lanca-documento-contra-exterminio-dos-povos-indigenas\/","name":"Cimi lan\u00e7a documento contra exterm\u00ednio dos povos ind\u00edgenas - O Arcanjo no ar","isPartOf":{"@id":"https:\/\/www.oarcanjo.net\/site\/#website"},"primaryImageOfPage":{"@id":"https:\/\/www.oarcanjo.net\/site\/cimi-lanca-documento-contra-exterminio-dos-povos-indigenas\/#primaryimage"},"image":{"@id":"https:\/\/www.oarcanjo.net\/site\/cimi-lanca-documento-contra-exterminio-dos-povos-indigenas\/#primaryimage"},"thumbnailUrl":"http:\/\/www.oarcanjo.net\/site\/wp-content\/uploads\/PovosIndigenas-AquelesQueDevemViver-CIMI-Thumb.jpg","datePublished":"2012-12-10T13:37:26+00:00","dateModified":"2012-12-11T14:17:54+00:00","breadcrumb":{"@id":"https:\/\/www.oarcanjo.net\/site\/cimi-lanca-documento-contra-exterminio-dos-povos-indigenas\/#breadcrumb"},"inLanguage":"pt-BR","potentialAction":[{"@type":"ReadAction","target":["https:\/\/www.oarcanjo.net\/site\/cimi-lanca-documento-contra-exterminio-dos-povos-indigenas\/"]}]},{"@type":"ImageObject","inLanguage":"pt-BR","@id":"https:\/\/www.oarcanjo.net\/site\/cimi-lanca-documento-contra-exterminio-dos-povos-indigenas\/#primaryimage","url":"https:\/\/www.oarcanjo.net\/site\/wp-content\/uploads\/PovosIndigenas-AquelesQueDevemViver-CIMI-Thumb.jpg","contentUrl":"https:\/\/www.oarcanjo.net\/site\/wp-content\/uploads\/PovosIndigenas-AquelesQueDevemViver-CIMI-Thumb.jpg","width":"142","height":"200","caption":"Povos Ind\u00edgenas: aqueles que devem viver \u2013 Manifesto Contra os Decretos de Exterm\u00ednio"},{"@type":"BreadcrumbList","@id":"https:\/\/www.oarcanjo.net\/site\/cimi-lanca-documento-contra-exterminio-dos-povos-indigenas\/#breadcrumb","itemListElement":[{"@type":"ListItem","position":1,"name":"In\u00edcio","item":"https:\/\/www.oarcanjo.net\/site\/"},{"@type":"ListItem","position":2,"name":"Cimi lan\u00e7a documento contra exterm\u00ednio dos povos ind\u00edgenas"}]},{"@type":"WebSite","@id":"https:\/\/www.oarcanjo.net\/site\/#website","url":"https:\/\/www.oarcanjo.net\/site\/","name":"O Arcanjo no ar","description":"Site da Par\u00f3quia S\u00e3o Miguel Arcanjo (Arquidiocese de SP)","publisher":{"@id":"https:\/\/www.oarcanjo.net\/site\/#organization"},"potentialAction":[{"@type":"SearchAction","target":{"@type":"EntryPoint","urlTemplate":"https:\/\/www.oarcanjo.net\/site\/?s={search_term_string}"},"query-input":{"@type":"PropertyValueSpecification","valueRequired":true,"valueName":"search_term_string"}}],"inLanguage":"pt-BR"},{"@type":"Organization","@id":"https:\/\/www.oarcanjo.net\/site\/#organization","name":"Par\u00f3quia S\u00e3o Miguel Arcanjo","url":"https:\/\/www.oarcanjo.net\/site\/","logo":{"@type":"ImageObject","inLanguage":"pt-BR","@id":"https:\/\/www.oarcanjo.net\/site\/#\/schema\/logo\/image\/","url":"https:\/\/www.oarcanjo.net\/site\/wp-content\/uploads\/LogoOArcanjo.png","contentUrl":"https:\/\/www.oarcanjo.net\/site\/wp-content\/uploads\/LogoOArcanjo.png","width":319,"height":99,"caption":"Par\u00f3quia S\u00e3o Miguel Arcanjo"},"image":{"@id":"https:\/\/www.oarcanjo.net\/site\/#\/schema\/logo\/image\/"},"sameAs":["https:\/\/www.facebook.com\/OArcanjoNoAr\/"]},{"@type":"Person","@id":"https:\/\/www.oarcanjo.net\/site\/#\/schema\/person\/f7024d007863202483a31326673a0838","name":"editor","sameAs":["http:\/\/www.oarcanjo.net"]}]}},"publishpress_future_action":{"enabled":false,"date":"2026-05-09 09:04:03","action":"category","newStatus":"draft","terms":[],"taxonomy":"category"},"publishpress_future_workflow_manual_trigger":{"enabledWorkflows":[]},"_links":{"self":[{"href":"https:\/\/www.oarcanjo.net\/site\/wp-json\/wp\/v2\/posts\/20163"}],"collection":[{"href":"https:\/\/www.oarcanjo.net\/site\/wp-json\/wp\/v2\/posts"}],"about":[{"href":"https:\/\/www.oarcanjo.net\/site\/wp-json\/wp\/v2\/types\/post"}],"author":[{"embeddable":true,"href":"https:\/\/www.oarcanjo.net\/site\/wp-json\/wp\/v2\/users\/5"}],"replies":[{"embeddable":true,"href":"https:\/\/www.oarcanjo.net\/site\/wp-json\/wp\/v2\/comments?post=20163"}],"version-history":[{"count":0,"href":"https:\/\/www.oarcanjo.net\/site\/wp-json\/wp\/v2\/posts\/20163\/revisions"}],"wp:attachment":[{"href":"https:\/\/www.oarcanjo.net\/site\/wp-json\/wp\/v2\/media?parent=20163"}],"wp:term":[{"taxonomy":"category","embeddable":true,"href":"https:\/\/www.oarcanjo.net\/site\/wp-json\/wp\/v2\/categories?post=20163"},{"taxonomy":"post_tag","embeddable":true,"href":"https:\/\/www.oarcanjo.net\/site\/wp-json\/wp\/v2\/tags?post=20163"}],"curies":[{"name":"wp","href":"https:\/\/api.w.org\/{rel}","templated":true}]}}