
{"id":20190,"date":"2012-12-12T16:33:15","date_gmt":"2012-12-12T18:33:15","guid":{"rendered":"http:\/\/www.oarcanjo.net\/site\/?p=20190"},"modified":"2012-12-12T16:38:23","modified_gmt":"2012-12-12T18:38:23","slug":"homilia-de-dom-jose-maria-pires-missa-dos-65-anos-de-ordenacao-sacerdotal-de-dom-helder-camara","status":"publish","type":"post","link":"https:\/\/www.oarcanjo.net\/site\/homilia-de-dom-jose-maria-pires-missa-dos-65-anos-de-ordenacao-sacerdotal-de-dom-helder-camara\/","title":{"rendered":"Homilia de Dom Jos\u00e9 Maria Pires: Missa dos 65 anos de ordena\u00e7\u00e3o sacerdotal de Dom Helder C\u00e2mara"},"content":{"rendered":"<div>\n<div style=\"text-align: justify\"><em> \u201cO Todo-Poderoso fez por mim grandes coisas\u201d (Lc 1,49)<\/em><\/div>\n<div style=\"text-align: justify\"><em>Dom Jos\u00e9 Maria Pires*<\/em><\/div>\n<div style=\"text-align: justify\"><a href=\"http:\/\/4.bp.blogspot.com\/-HcHL01S-AiI\/UMjLoyZqTbI\/AAAAAAAARIA\/o2aDCtAxEPQ\/s1600\/jos%C3%A9+maria+pires.jpg\"><\/a>Por que n\u00e3o colocar nos l\u00e1bios do filho as palavras de louvor que acabamos de ouvir, sa\u00eddas da boca e do cora\u00e7\u00e3o da M\u00e3e? A Virgem Maria, fazendo um retrospecto da hist\u00f3ria de Israel, podia assinalar a realiza\u00e7\u00e3o do des\u00edgnio de Deus reservado para a plenitude dos tempos. Podia reconhecer que essa maravilha se concretizou por meio dela, o instrumento escolhido por Deus.<\/div>\n<div style=\"text-align: justify\">O que diremos n\u00f3s, o que dir\u00e1 a Igreja de Olinda e Recife, a Igreja do Brasil, o que dir\u00e1 nosso querido e venerando pastor Dom H\u00e9lder C\u00e2mara, ao lan\u00e7ar o olhar sobre estes 65 anos de vida sacerdotal que hoje alegremente comemoramos? N\u00e3o tem ele o direito e o dever de cantar com Maria: \u201cO Todo-Poderoso fez por mim grandes coisas\u201d?<\/div>\n<div style=\"text-align: justify\">Recordar essas \u201cgrandes coisas\u201d n\u00e3o \u00e9 vaidade, n\u00e3o \u00e9 v\u00e3 gl\u00f3ria. \u00c9 recordar como Maria recordou os motivos especiais de glorificar o Senhor: \u201cMinha alma exalta o Senhor e meu esp\u00edrito se encheu de j\u00fabilo por causa de Deus, meu salvador\u201d.(Lc 1,47)<\/div>\n<div style=\"text-align: justify\">Senhor Jesus, Sumo e Eterno Sacerdote!<\/div>\n<div style=\"text-align: justify\">Os promotores desta homenagem encarregaram-me da louva\u00e7\u00e3o. Certamente n\u00e3o pensavam numa louva\u00e7\u00e3o a Dom H\u00e9lder, mas a Ti, \u00f3 Cristo que \u00e9s sempre o Presidente Maior desta Celebra\u00e7\u00e3o Eucar\u00edstica na qual Te fazes vis\u00edvel atrav\u00e9s de nosso humilde minist\u00e9rio. N\u00e3o a n\u00f3s, Senhor! A n\u00f3s, a Dom H\u00e9lder, a todos os Teus disc\u00edpulos e disc\u00edpulas, concelebrantes tamb\u00e9m eles e elas da divina Liturgia, cabe sempre a atitude de humildade recomendada por Ti no Evangelho: \u201cQuando fizerdes tudo o que vos foi ordenado, dizei: \u2018Somos uns servos quaisquer. N\u00e3o fizemos mais do que nosso dever\u2019 \u201c(Lc 17, 10).<\/div>\n<div style=\"text-align: justify\">N\u00f3s Te louvamos, Senhor, porque o Cear\u00e1 existe e de l\u00e1, de Messejana, chamaste um jovem ardoroso, ordenado presb\u00edtero com apenas 22 anos e, cinco anos depois, o fizeste migrar, como tantos milh\u00f5es de outros nordestinos, para o Rio de Janeiro.<\/div>\n<div style=\"text-align: justify\">N\u00f3s Te bendizemos porque a Confer\u00eancia Nacional dos Bispos do Brasil e o Conselho Episcopal Latino Americano (CELAM) germinaram e vieram a lume no cora\u00e7\u00e3o e na mente de Dom H\u00e9lder antes mesmo de ele ser bispo.<\/div>\n<div style=\"text-align: justify\">N\u00f3s Te louvamos pela A\u00e7\u00e3o Cat\u00f3lica de que ele foi Assistente Nacional, A\u00e7\u00e3o Cat\u00f3lica que formou tantos militantes leigos e deu \u00e0 Igreja do Brasil os quadros de que ela necessitava para fazer-se presente e atuante no mundo.<\/div>\n<div style=\"text-align: justify\">N\u00f3s Te louvamos e bendizemos pelo 36\u00ba Congresso Eucar\u00edstico Internacional celebrado no Rio de Janeiro, organizado, animado e orientado por dois servos Teus, Dom Jos\u00e9 Vicente T\u00e1vora e Dom H\u00e9lder C\u00e2mara.<\/div>\n<div style=\"text-align: justify\">N\u00f3s Te louvamos porque, naquele per\u00edodo, n\u00e3o foi s\u00f3 a Igreja a benefici\u00e1ria de Tuas gra\u00e7as escolhidas. Tamb\u00e9m a Sociedade civil, formada majoritariamente de pobres, p\u00f4de acolher Tuas d\u00e1divas, passadas pelas m\u00e3os do teu servo H\u00e9lder C\u00e2mara. Ou n\u00e3o foi benef\u00edcio Teu a Cruzada S\u00e3o Sebasti\u00e3o visando ao desfavelamento do Rio? E o Banco da Provid\u00eancia fugindo ao assistencialismo e buscando a promo\u00e7\u00e3o humana? E a SUDENE, Senhor? Ela tamb\u00e9m \u00e9 desse tempo de gra\u00e7a. Quem teve a aud\u00e1cia de reunir bispos e pol\u00edticos a fim de refletir os problemas do desenvolvimento do Nordeste e encaminhar solu\u00e7\u00f5es concretas?<\/div>\n<div style=\"text-align: justify\">Os anos sessenta trouxeram mudan\u00e7as profundas para a Igreja e para nosso pa\u00eds. Dois acontecimentos marcantes, um eclesial outro pol\u00edtico, modificaram o curso da hist\u00f3ria da Igreja no Brasil: a realiza\u00e7\u00e3o do Conc\u00edlio Ecum\u00eanico Vaticano II e o Golpe Militar de 31 de mar\u00e7o de 1964. A Igreja n\u00e3o podia ser mais a mesma da primeira metade do s\u00e9culo e Dom H\u00e9lder j\u00e1 n\u00e3o podia ser mais o mesmo dos tempos do Conc\u00edlio de Trento ou do tempo em que o Brasil vivia sob regime democr\u00e1tico. A realidade era outra.<\/div>\n<div style=\"text-align: justify\">A Igreja do Vaticano II apresenta-se com novo enfoque: Povo de Deus mais do que Hierarquia, Comunidade mais do que Sociedade, inserida no mundo mais do ao lado do mundo, servidora e n\u00e3o senhora, defensora da verdade e n\u00e3o sua propriet\u00e1ria.<\/div>\n<div style=\"text-align: justify\">T\u00e3o logo foi dado o Golpe Militar, estando ainda em andamento o Vaticano II, fazes, \u00f3 Jesus, Teu servo H\u00e9lder C\u00e2mara retornar ao Nordeste e o colocas no fogo cruzado de uma Igreja em transforma\u00e7\u00e3o e de uma sociedade civil submetida a Ditadura Militar.<\/div>\n<div style=\"text-align: justify\">Com Dom H\u00e9lder \u00e0 frente, foste conduzindo os acontecimentos de tal modo que, no Recife e no Nordeste II, a Igreja Tridentina foi dando lugar \u00e0 Igreja Vaticano II.<\/div>\n<div style=\"text-align: justify\">O clero foi se sentindo presbit\u00e9rio, correspons\u00e1vel com seu Bispo pela caminhada da Igreja local. Os leigos foram se organizando em comunidades, em movimentos, associa\u00e7\u00f5es e setores pastorais e, sem se afastarem da comunh\u00e3o com a Hierarquia, reconheceram sua autonomia e passaram a assumir suas responsabilidades na evangeliza\u00e7\u00e3o e a dar conscientemente sua indispens\u00e1vel contribui\u00e7\u00e3o na constru\u00e7\u00e3o do Reino de Paz e de Justi\u00e7a.<\/div>\n<div style=\"text-align: justify\">Os jovens, afastados da participa\u00e7\u00e3o social e pol\u00edtica pela Revolu\u00e7\u00e3o de 64, contaram com a simpatia e a acolhida da Igreja de Olinda e Recife que chegou a oferecer-lhe a vida e o sangue de um de seus filhos mais queridos, a testemunha fiel, o m\u00e1rtir Pe. Ant\u00f4nio Henrique.<\/div>\n<div style=\"text-align: justify\">Mais do que qualquer outra no Brasil de ent\u00e3o, a Igreja de Olinda e Recife tornara-se uma refer\u00eancia, um espa\u00e7o de liberdade para quantos buscavam uma sociedade livre e igualit\u00e1ria. Ela se fez a voz dos que n\u00e3o tinham voz.<\/div>\n<div style=\"text-align: justify\">Com Dom H\u00e9lder, Deus se serviu de coisas muito simples e de pessoas bem humildes para iniciar nesta Igreja o processo de entrada em vigor das mensagens do Vaticano II. O que \u00e9 um programa radiof\u00f4nico de meia-hora? O que valem grupos de r\u00e1dio-ouvintes que, depois de escutarem a fala do Bispo, se concentram para refletir e rezar as perguntas lan\u00e7adas no programa? Verdadeiro Encontro de Irm\u00e3os e Irm\u00e3s dos quais surgiram tantas Comunidades Eclesiais de Base!<\/div>\n<div style=\"text-align: justify\">Para dar uma demonstra\u00e7\u00e3o de que \u00e9 poss\u00edvel com pouco dinheiro e muita solidariedade, resolver os problemas sociais, inspirastes, Senhor Jesus, a Opera\u00e7\u00e3o Esperan\u00e7a que surgiu para manter viva a chama de uma nova sociedade sem famintos e sem desabrigados.<\/div>\n<div style=\"text-align: justify\">N\u00f3s Te bendizemos porque no Rio e no Recife, n\u00e3o deixastes Teu servo sozinho. A ele associaste um grupo volunt\u00e1rio de homens e mulheres, peritos nas ci\u00eancias e nas artes, desde a Teologia, a Sociologia, a Economia, a Pol\u00edtica ou os Meios de Comunica\u00e7\u00e3o at\u00e9 a reda\u00e7\u00e3o, o desenho, a datilografia e a mecanografia. O grupo de volunt\u00e1rios era numeroso. \u00c9 imposs\u00edvel enumerar todos os seus componentes. Mas permite, \u00f3 Cristo, que Te agrade\u00e7amos o trabalho de todos e de cada um, o apoio que deram \u00e0 Tua causa e a assessoria qualificada que prestaram a Teu servo H\u00e9lder. Deixa que nosso agradecimento chegue a todos na saudosa men\u00e7\u00e3o que fazemos aqui de dois que j\u00e1 v\u00eaem Tua face gloriosa: Cecilinha, no Rio e Dom Lamartine, no Recife. Por eles sabemos e sentimos que esta comunidade de irm\u00e3os aqui reunida est\u00e1 em total comunh\u00e3o com a Igreja Celeste de que eles j\u00e1 participam.<\/div>\n<div style=\"text-align: justify\">Senhor, lembramos fatos recentes mas todos pertencentes j\u00e1 ao passado. Um passado sem o qual este presente seria outro ou nem seria. Mas Dom H\u00e9lder n\u00e3o \u00e9 homem do passado nem \u00e9 homem de parar no presente: ele olha o futuro, ele caminha para o futuro. Por todo mundo repercute seu grito: Ano 2.000 sem mis\u00e9ria! Grito que tem inspirado as Campanhas contra a fome e contra a mis\u00e9ria e em favor da cidadania. \u00c9 a volta ao para\u00edso. Utopia que, no cora\u00e7\u00e3o de Dom H\u00e9lder e no Teu Cora\u00e7\u00e3o, \u00f3 Cristo, deve transformar-se em realidade para todos os filhos e filhas de Deus, para todos os irm\u00e3os e irm\u00e3s pelos quais derramaste Teu sangue.<\/div>\n<div style=\"text-align: justify\">A Igreja de Olinda e Recife n\u00e3o pode deixar no ch\u00e3o essas bandeiras nem pode permitir que passem a outras m\u00e3os. Deve empunh\u00e1-las e assumir a vanguarda da luta pelo Reino. Dom H\u00e9lder deu a esta Igreja uma dimens\u00e3o que ultrapassa os limites geogr\u00e1ficos da Diocese. Atinge todo o Nordeste, terra de sofrimentos, de injusti\u00e7as mas de esperan\u00e7a tamb\u00e9m. Sobretudo de esperan\u00e7a. Dom H\u00e9lder continua sendo para todos n\u00f3s fonte de inspira\u00e7\u00e3o e de for\u00e7a.<\/div>\n<div style=\"text-align: justify\">Ele \u00e9 ainda pastor desta Igreja. Pastor Em\u00e9rito n\u00e3o deixa de ser pastor. Como um pai que transfere aos filhos a condu\u00e7\u00e3o dos neg\u00f3cios da fam\u00edlia, mas permanece presente, assim o cora\u00e7\u00e3o de Dom H\u00e9lder, enquanto pulsar, ser\u00e1 o que foi durante tantos anos: o cora\u00e7\u00e3o do pastor de Olinda e Recife.<\/div>\n<div style=\"text-align: justify\">H\u00e1 uma contribui\u00e7\u00e3o de primeira ordem que ele pode dar e a que n\u00e3o se nega: fazer o que Mois\u00e9s fez na colina de onde acompanhava o combate dos israelitas: orar. E a prece de Dom H\u00e9lder ser\u00e1, para todos n\u00f3s, t\u00e3o \u00fatil e poderosa quanto a de Mois\u00e9s para o povo de Deus daquele tempo. (Cf. Ex 17, 10-12 )<\/div>\n<div style=\"text-align: justify\">Senhor, a louva\u00e7\u00e3o prossegue. Mas passamos-Te a palavra. \u00c9s Tu que ir\u00e1s conduzir o louvor daqui para a frente apresentando ao Pai a louva\u00e7\u00e3o que quisemos tributar-Te pela vida e pelos 65 anos de minist\u00e9rio sacerdotal de Teu servidor H\u00e9lder C\u00e2mara.<\/div>\n<div style=\"text-align: justify\">Nosso louvor, por Ti assumido, torna-se agora Eucaristia.<\/div>\n<div style=\"text-align: justify\">Permite que coloquemos em Tuas m\u00e3os uma prece por esta Igreja. Nosso pedido \u00e9 semelhante ao que Eliseu dirigiu ao profeta Elias antes que ele fosse arrebatado em carro de fogo:<\/div>\n<div style=\"text-align: justify\">D\u00e1 \u00e0 Tua Igreja de Olinda e Recife o esp\u00edrito do profeta H\u00e9lder, mas d\u00e1 em dobro.\u00a0Am\u00e9m!<\/div>\n<div style=\"text-align: justify\"><\/div>\n<div style=\"text-align: justify\">*Arcebispo Em\u00e9rito da Para\u00edba<\/div>\n<\/div>\n<div>\n<div>Postado por\u00a0<a title=\"author profile\" rel=\"author\" href=\"http:\/\/www.blogger.com\/profile\/12037961757835243213\">Par\u00f3quia de Santo Afonso<\/a><\/div>\n<\/div>\n<div id=\"themify_builder_content-20190\" data-postid=\"20190\" class=\"themify_builder_content themify_builder_content-20190 themify_builder themify_builder_front\">\n\t<\/div>\n<!-- \/themify_builder_content -->","protected":false},"excerpt":{"rendered":"<p>\u201cO Todo-Poderoso fez por mim grandes coisas\u201d (Lc 1,49) Dom Jos\u00e9 Maria Pires* Por que n\u00e3o colocar nos l\u00e1bios do filho as palavras de louvor que acabamos de ouvir, sa\u00eddas da boca e do cora\u00e7\u00e3o da M\u00e3e? A Virgem Maria, fazendo um retrospecto da hist\u00f3ria de Israel, podia assinalar a realiza\u00e7\u00e3o do des\u00edgnio de Deus [&hellip;]<\/p>\n","protected":false},"author":17,"featured_media":0,"comment_status":"open","ping_status":"open","sticky":false,"template":"","format":"standard","meta":{"ngg_post_thumbnail":0,"footnotes":""},"categories":[9],"tags":[],"yoast_head":"<!-- This site is optimized with the Yoast SEO plugin v23.5 - https:\/\/yoast.com\/wordpress\/plugins\/seo\/ -->\n<title>Homilia de Dom Jos\u00e9 Maria Pires: Missa dos 65 anos de ordena\u00e7\u00e3o sacerdotal de Dom Helder C\u00e2mara - O Arcanjo no ar<\/title>\n<meta name=\"robots\" content=\"index, follow, max-snippet:-1, max-image-preview:large, max-video-preview:-1\" \/>\n<link rel=\"canonical\" href=\"https:\/\/www.oarcanjo.net\/site\/homilia-de-dom-jose-maria-pires-missa-dos-65-anos-de-ordenacao-sacerdotal-de-dom-helder-camara\/\" \/>\n<meta property=\"og:locale\" content=\"pt_BR\" \/>\n<meta property=\"og:type\" content=\"article\" \/>\n<meta property=\"og:title\" content=\"Homilia de Dom Jos\u00e9 Maria Pires: Missa dos 65 anos de ordena\u00e7\u00e3o sacerdotal de Dom Helder C\u00e2mara - O Arcanjo no ar\" \/>\n<meta property=\"og:description\" content=\"\u201cO Todo-Poderoso fez por mim grandes coisas\u201d (Lc 1,49) Dom Jos\u00e9 Maria Pires* Por que n\u00e3o colocar nos l\u00e1bios do filho as palavras de louvor que acabamos de ouvir, sa\u00eddas da boca e do cora\u00e7\u00e3o da M\u00e3e? A Virgem Maria, fazendo um retrospecto da hist\u00f3ria de Israel, podia assinalar a realiza\u00e7\u00e3o do des\u00edgnio de Deus [&hellip;]\" \/>\n<meta property=\"og:url\" content=\"https:\/\/www.oarcanjo.net\/site\/homilia-de-dom-jose-maria-pires-missa-dos-65-anos-de-ordenacao-sacerdotal-de-dom-helder-camara\/\" \/>\n<meta property=\"og:site_name\" content=\"O Arcanjo no ar\" \/>\n<meta property=\"article:publisher\" content=\"https:\/\/www.facebook.com\/OArcanjoNoAr\/\" \/>\n<meta property=\"article:published_time\" content=\"2012-12-12T18:33:15+00:00\" \/>\n<meta property=\"article:modified_time\" content=\"2012-12-12T18:38:23+00:00\" \/>\n<meta property=\"og:image\" content=\"https:\/\/www.oarcanjo.net\/site\/wp-content\/uploads\/logo-o-arcanjo-no-ar-facebook.png\" \/>\n\t<meta property=\"og:image:width\" content=\"300\" \/>\n\t<meta property=\"og:image:height\" content=\"300\" \/>\n\t<meta property=\"og:image:type\" content=\"image\/png\" \/>\n<meta name=\"author\" content=\"pe.geovane\" \/>\n<meta name=\"twitter:card\" content=\"summary_large_image\" \/>\n<meta name=\"twitter:label1\" content=\"Escrito por\" \/>\n\t<meta name=\"twitter:data1\" content=\"pe.geovane\" \/>\n\t<meta name=\"twitter:label2\" content=\"Est. tempo de leitura\" \/>\n\t<meta name=\"twitter:data2\" content=\"9 minutos\" \/>\n<script type=\"application\/ld+json\" class=\"yoast-schema-graph\">{\"@context\":\"https:\/\/schema.org\",\"@graph\":[{\"@type\":\"Article\",\"@id\":\"https:\/\/www.oarcanjo.net\/site\/homilia-de-dom-jose-maria-pires-missa-dos-65-anos-de-ordenacao-sacerdotal-de-dom-helder-camara\/#article\",\"isPartOf\":{\"@id\":\"https:\/\/www.oarcanjo.net\/site\/homilia-de-dom-jose-maria-pires-missa-dos-65-anos-de-ordenacao-sacerdotal-de-dom-helder-camara\/\"},\"author\":{\"name\":\"pe.geovane\",\"@id\":\"https:\/\/www.oarcanjo.net\/site\/#\/schema\/person\/58d7f78850a973b8e467c7ae4a7eb4ad\"},\"headline\":\"Homilia de Dom Jos\u00e9 Maria Pires: Missa dos 65 anos de ordena\u00e7\u00e3o sacerdotal de Dom Helder C\u00e2mara\",\"datePublished\":\"2012-12-12T18:33:15+00:00\",\"dateModified\":\"2012-12-12T18:38:23+00:00\",\"mainEntityOfPage\":{\"@id\":\"https:\/\/www.oarcanjo.net\/site\/homilia-de-dom-jose-maria-pires-missa-dos-65-anos-de-ordenacao-sacerdotal-de-dom-helder-camara\/\"},\"wordCount\":1743,\"commentCount\":0,\"publisher\":{\"@id\":\"https:\/\/www.oarcanjo.net\/site\/#organization\"},\"articleSection\":[\"Reflex\u00f5es\"],\"inLanguage\":\"pt-BR\",\"potentialAction\":[{\"@type\":\"CommentAction\",\"name\":\"Comment\",\"target\":[\"https:\/\/www.oarcanjo.net\/site\/homilia-de-dom-jose-maria-pires-missa-dos-65-anos-de-ordenacao-sacerdotal-de-dom-helder-camara\/#respond\"]}]},{\"@type\":\"WebPage\",\"@id\":\"https:\/\/www.oarcanjo.net\/site\/homilia-de-dom-jose-maria-pires-missa-dos-65-anos-de-ordenacao-sacerdotal-de-dom-helder-camara\/\",\"url\":\"https:\/\/www.oarcanjo.net\/site\/homilia-de-dom-jose-maria-pires-missa-dos-65-anos-de-ordenacao-sacerdotal-de-dom-helder-camara\/\",\"name\":\"Homilia de Dom Jos\u00e9 Maria Pires: Missa dos 65 anos de ordena\u00e7\u00e3o sacerdotal de Dom Helder C\u00e2mara - O Arcanjo no ar\",\"isPartOf\":{\"@id\":\"https:\/\/www.oarcanjo.net\/site\/#website\"},\"datePublished\":\"2012-12-12T18:33:15+00:00\",\"dateModified\":\"2012-12-12T18:38:23+00:00\",\"breadcrumb\":{\"@id\":\"https:\/\/www.oarcanjo.net\/site\/homilia-de-dom-jose-maria-pires-missa-dos-65-anos-de-ordenacao-sacerdotal-de-dom-helder-camara\/#breadcrumb\"},\"inLanguage\":\"pt-BR\",\"potentialAction\":[{\"@type\":\"ReadAction\",\"target\":[\"https:\/\/www.oarcanjo.net\/site\/homilia-de-dom-jose-maria-pires-missa-dos-65-anos-de-ordenacao-sacerdotal-de-dom-helder-camara\/\"]}]},{\"@type\":\"BreadcrumbList\",\"@id\":\"https:\/\/www.oarcanjo.net\/site\/homilia-de-dom-jose-maria-pires-missa-dos-65-anos-de-ordenacao-sacerdotal-de-dom-helder-camara\/#breadcrumb\",\"itemListElement\":[{\"@type\":\"ListItem\",\"position\":1,\"name\":\"In\u00edcio\",\"item\":\"https:\/\/www.oarcanjo.net\/site\/\"},{\"@type\":\"ListItem\",\"position\":2,\"name\":\"Homilia de Dom Jos\u00e9 Maria Pires: Missa dos 65 anos de ordena\u00e7\u00e3o sacerdotal de Dom Helder C\u00e2mara\"}]},{\"@type\":\"WebSite\",\"@id\":\"https:\/\/www.oarcanjo.net\/site\/#website\",\"url\":\"https:\/\/www.oarcanjo.net\/site\/\",\"name\":\"O Arcanjo no ar\",\"description\":\"Site da Par\u00f3quia S\u00e3o Miguel Arcanjo (Arquidiocese de SP)\",\"publisher\":{\"@id\":\"https:\/\/www.oarcanjo.net\/site\/#organization\"},\"potentialAction\":[{\"@type\":\"SearchAction\",\"target\":{\"@type\":\"EntryPoint\",\"urlTemplate\":\"https:\/\/www.oarcanjo.net\/site\/?s={search_term_string}\"},\"query-input\":{\"@type\":\"PropertyValueSpecification\",\"valueRequired\":true,\"valueName\":\"search_term_string\"}}],\"inLanguage\":\"pt-BR\"},{\"@type\":\"Organization\",\"@id\":\"https:\/\/www.oarcanjo.net\/site\/#organization\",\"name\":\"Par\u00f3quia S\u00e3o Miguel Arcanjo\",\"url\":\"https:\/\/www.oarcanjo.net\/site\/\",\"logo\":{\"@type\":\"ImageObject\",\"inLanguage\":\"pt-BR\",\"@id\":\"https:\/\/www.oarcanjo.net\/site\/#\/schema\/logo\/image\/\",\"url\":\"https:\/\/www.oarcanjo.net\/site\/wp-content\/uploads\/LogoOArcanjo.png\",\"contentUrl\":\"https:\/\/www.oarcanjo.net\/site\/wp-content\/uploads\/LogoOArcanjo.png\",\"width\":319,\"height\":99,\"caption\":\"Par\u00f3quia S\u00e3o Miguel Arcanjo\"},\"image\":{\"@id\":\"https:\/\/www.oarcanjo.net\/site\/#\/schema\/logo\/image\/\"},\"sameAs\":[\"https:\/\/www.facebook.com\/OArcanjoNoAr\/\"]},{\"@type\":\"Person\",\"@id\":\"https:\/\/www.oarcanjo.net\/site\/#\/schema\/person\/58d7f78850a973b8e467c7ae4a7eb4ad\",\"name\":\"pe.geovane\"}]}<\/script>\n<!-- \/ Yoast SEO plugin. -->","yoast_head_json":{"title":"Homilia de Dom Jos\u00e9 Maria Pires: Missa dos 65 anos de ordena\u00e7\u00e3o sacerdotal de Dom Helder C\u00e2mara - O Arcanjo no ar","robots":{"index":"index","follow":"follow","max-snippet":"max-snippet:-1","max-image-preview":"max-image-preview:large","max-video-preview":"max-video-preview:-1"},"canonical":"https:\/\/www.oarcanjo.net\/site\/homilia-de-dom-jose-maria-pires-missa-dos-65-anos-de-ordenacao-sacerdotal-de-dom-helder-camara\/","og_locale":"pt_BR","og_type":"article","og_title":"Homilia de Dom Jos\u00e9 Maria Pires: Missa dos 65 anos de ordena\u00e7\u00e3o sacerdotal de Dom Helder C\u00e2mara - O Arcanjo no ar","og_description":"\u201cO Todo-Poderoso fez por mim grandes coisas\u201d (Lc 1,49) Dom Jos\u00e9 Maria Pires* Por que n\u00e3o colocar nos l\u00e1bios do filho as palavras de louvor que acabamos de ouvir, sa\u00eddas da boca e do cora\u00e7\u00e3o da M\u00e3e? A Virgem Maria, fazendo um retrospecto da hist\u00f3ria de Israel, podia assinalar a realiza\u00e7\u00e3o do des\u00edgnio de Deus [&hellip;]","og_url":"https:\/\/www.oarcanjo.net\/site\/homilia-de-dom-jose-maria-pires-missa-dos-65-anos-de-ordenacao-sacerdotal-de-dom-helder-camara\/","og_site_name":"O Arcanjo no ar","article_publisher":"https:\/\/www.facebook.com\/OArcanjoNoAr\/","article_published_time":"2012-12-12T18:33:15+00:00","article_modified_time":"2012-12-12T18:38:23+00:00","og_image":[{"width":300,"height":300,"url":"https:\/\/www.oarcanjo.net\/site\/wp-content\/uploads\/logo-o-arcanjo-no-ar-facebook.png","type":"image\/png"}],"author":"pe.geovane","twitter_card":"summary_large_image","twitter_misc":{"Escrito por":"pe.geovane","Est. tempo de leitura":"9 minutos"},"schema":{"@context":"https:\/\/schema.org","@graph":[{"@type":"Article","@id":"https:\/\/www.oarcanjo.net\/site\/homilia-de-dom-jose-maria-pires-missa-dos-65-anos-de-ordenacao-sacerdotal-de-dom-helder-camara\/#article","isPartOf":{"@id":"https:\/\/www.oarcanjo.net\/site\/homilia-de-dom-jose-maria-pires-missa-dos-65-anos-de-ordenacao-sacerdotal-de-dom-helder-camara\/"},"author":{"name":"pe.geovane","@id":"https:\/\/www.oarcanjo.net\/site\/#\/schema\/person\/58d7f78850a973b8e467c7ae4a7eb4ad"},"headline":"Homilia de Dom Jos\u00e9 Maria Pires: Missa dos 65 anos de ordena\u00e7\u00e3o sacerdotal de Dom Helder C\u00e2mara","datePublished":"2012-12-12T18:33:15+00:00","dateModified":"2012-12-12T18:38:23+00:00","mainEntityOfPage":{"@id":"https:\/\/www.oarcanjo.net\/site\/homilia-de-dom-jose-maria-pires-missa-dos-65-anos-de-ordenacao-sacerdotal-de-dom-helder-camara\/"},"wordCount":1743,"commentCount":0,"publisher":{"@id":"https:\/\/www.oarcanjo.net\/site\/#organization"},"articleSection":["Reflex\u00f5es"],"inLanguage":"pt-BR","potentialAction":[{"@type":"CommentAction","name":"Comment","target":["https:\/\/www.oarcanjo.net\/site\/homilia-de-dom-jose-maria-pires-missa-dos-65-anos-de-ordenacao-sacerdotal-de-dom-helder-camara\/#respond"]}]},{"@type":"WebPage","@id":"https:\/\/www.oarcanjo.net\/site\/homilia-de-dom-jose-maria-pires-missa-dos-65-anos-de-ordenacao-sacerdotal-de-dom-helder-camara\/","url":"https:\/\/www.oarcanjo.net\/site\/homilia-de-dom-jose-maria-pires-missa-dos-65-anos-de-ordenacao-sacerdotal-de-dom-helder-camara\/","name":"Homilia de Dom Jos\u00e9 Maria Pires: Missa dos 65 anos de ordena\u00e7\u00e3o sacerdotal de Dom Helder C\u00e2mara - O Arcanjo no ar","isPartOf":{"@id":"https:\/\/www.oarcanjo.net\/site\/#website"},"datePublished":"2012-12-12T18:33:15+00:00","dateModified":"2012-12-12T18:38:23+00:00","breadcrumb":{"@id":"https:\/\/www.oarcanjo.net\/site\/homilia-de-dom-jose-maria-pires-missa-dos-65-anos-de-ordenacao-sacerdotal-de-dom-helder-camara\/#breadcrumb"},"inLanguage":"pt-BR","potentialAction":[{"@type":"ReadAction","target":["https:\/\/www.oarcanjo.net\/site\/homilia-de-dom-jose-maria-pires-missa-dos-65-anos-de-ordenacao-sacerdotal-de-dom-helder-camara\/"]}]},{"@type":"BreadcrumbList","@id":"https:\/\/www.oarcanjo.net\/site\/homilia-de-dom-jose-maria-pires-missa-dos-65-anos-de-ordenacao-sacerdotal-de-dom-helder-camara\/#breadcrumb","itemListElement":[{"@type":"ListItem","position":1,"name":"In\u00edcio","item":"https:\/\/www.oarcanjo.net\/site\/"},{"@type":"ListItem","position":2,"name":"Homilia de Dom Jos\u00e9 Maria Pires: Missa dos 65 anos de ordena\u00e7\u00e3o sacerdotal de Dom Helder C\u00e2mara"}]},{"@type":"WebSite","@id":"https:\/\/www.oarcanjo.net\/site\/#website","url":"https:\/\/www.oarcanjo.net\/site\/","name":"O Arcanjo no ar","description":"Site da Par\u00f3quia S\u00e3o Miguel Arcanjo (Arquidiocese de SP)","publisher":{"@id":"https:\/\/www.oarcanjo.net\/site\/#organization"},"potentialAction":[{"@type":"SearchAction","target":{"@type":"EntryPoint","urlTemplate":"https:\/\/www.oarcanjo.net\/site\/?s={search_term_string}"},"query-input":{"@type":"PropertyValueSpecification","valueRequired":true,"valueName":"search_term_string"}}],"inLanguage":"pt-BR"},{"@type":"Organization","@id":"https:\/\/www.oarcanjo.net\/site\/#organization","name":"Par\u00f3quia S\u00e3o Miguel Arcanjo","url":"https:\/\/www.oarcanjo.net\/site\/","logo":{"@type":"ImageObject","inLanguage":"pt-BR","@id":"https:\/\/www.oarcanjo.net\/site\/#\/schema\/logo\/image\/","url":"https:\/\/www.oarcanjo.net\/site\/wp-content\/uploads\/LogoOArcanjo.png","contentUrl":"https:\/\/www.oarcanjo.net\/site\/wp-content\/uploads\/LogoOArcanjo.png","width":319,"height":99,"caption":"Par\u00f3quia S\u00e3o Miguel Arcanjo"},"image":{"@id":"https:\/\/www.oarcanjo.net\/site\/#\/schema\/logo\/image\/"},"sameAs":["https:\/\/www.facebook.com\/OArcanjoNoAr\/"]},{"@type":"Person","@id":"https:\/\/www.oarcanjo.net\/site\/#\/schema\/person\/58d7f78850a973b8e467c7ae4a7eb4ad","name":"pe.geovane"}]}},"publishpress_future_action":{"enabled":false,"date":"2026-05-09 10:23:42","action":"category","newStatus":"draft","terms":[],"taxonomy":"category"},"publishpress_future_workflow_manual_trigger":{"enabledWorkflows":[]},"_links":{"self":[{"href":"https:\/\/www.oarcanjo.net\/site\/wp-json\/wp\/v2\/posts\/20190"}],"collection":[{"href":"https:\/\/www.oarcanjo.net\/site\/wp-json\/wp\/v2\/posts"}],"about":[{"href":"https:\/\/www.oarcanjo.net\/site\/wp-json\/wp\/v2\/types\/post"}],"author":[{"embeddable":true,"href":"https:\/\/www.oarcanjo.net\/site\/wp-json\/wp\/v2\/users\/17"}],"replies":[{"embeddable":true,"href":"https:\/\/www.oarcanjo.net\/site\/wp-json\/wp\/v2\/comments?post=20190"}],"version-history":[{"count":0,"href":"https:\/\/www.oarcanjo.net\/site\/wp-json\/wp\/v2\/posts\/20190\/revisions"}],"wp:attachment":[{"href":"https:\/\/www.oarcanjo.net\/site\/wp-json\/wp\/v2\/media?parent=20190"}],"wp:term":[{"taxonomy":"category","embeddable":true,"href":"https:\/\/www.oarcanjo.net\/site\/wp-json\/wp\/v2\/categories?post=20190"},{"taxonomy":"post_tag","embeddable":true,"href":"https:\/\/www.oarcanjo.net\/site\/wp-json\/wp\/v2\/tags?post=20190"}],"curies":[{"name":"wp","href":"https:\/\/api.w.org\/{rel}","templated":true}]}}