
{"id":20210,"date":"2012-12-14T20:46:09","date_gmt":"2012-12-14T22:46:09","guid":{"rendered":"http:\/\/www.oarcanjo.net\/site\/?p=20210"},"modified":"2012-12-14T20:46:09","modified_gmt":"2012-12-14T22:46:09","slug":"solidariedade-a-dom-pedro-casaldaliga","status":"publish","type":"post","link":"https:\/\/www.oarcanjo.net\/site\/solidariedade-a-dom-pedro-casaldaliga\/","title":{"rendered":"Solidariedade a dom Pedro Casald\u00e1liga"},"content":{"rendered":"<p><em>Dom Dem\u00e9trio Valentini<\/em><br \/>\n<em>Bispo de Jales (SP) e Presidente da C\u00e1ritas Brasileira at\u00e9 novembro de 2011<\/em><\/p>\n<p>Dom Pedro Casald\u00e1liga, bispo em\u00e9rito da Prelazia de S\u00e3o F\u00e9lix do Araguaia, no Mato Grosso, est\u00e1 sendo seriamente amea\u00e7ado de morte. Para proteg\u00ea-lo, o Governo Federal tomou a iniciativa de remov\u00ea-lo de l\u00e1, e lev\u00e1-lo a um lugar distante, onde permanece sob a cust\u00f3dia da Pol\u00edcia Federal.<\/p>\n<p>Dadas as circunst\u00e2ncias, esta medida do Governo se justifica, e merece ser apoiada. Quando a vida corre perigo, o Estado tem a obriga\u00e7\u00e3o de fazer o que est\u00e1 ao seu alcance para defend\u00ea-la e preserv\u00e1-la.<\/p>\n<p>Independente dos motivos das tens\u00f5es existentes, devidas \u00e0 iminente execu\u00e7\u00e3o da senten\u00e7a de reintegra\u00e7\u00e3o de posse em favor dos \u00edndios Xavante, das terras de &#8220;Mar\u00e2iwats\u00e8d\u00e8\u201d, com a retirada de toda a popula\u00e7\u00e3o n\u00e3o ind\u00edgena, permanece muito estranha, e profundamente equivocada, a amea\u00e7a feita contra Dom Casald\u00e1liga, como se ele fosse o culpado da situa\u00e7\u00e3o agora existente.<\/p>\n<p>Desde que foi eleito bispo, em 1971, Dom Pedro Casald\u00e1liga vem dando a todos um comovente exemplo de autenticidade evang\u00e9lica, de austeridade, vivendo pobremente nesta Prelazia que a Igreja lhe confiou.<\/p>\n<p>Ele est\u00e1 agora com 84 anos de idade. Desde 2002 \u00e9 Bispo Em\u00e9rito. Como tal, podia ter retornado \u00e0 sua terra de origem, a Catalunha. Mas fez quest\u00e3o de permanecer nesta terra cheia de conflitos decorrentes de problemas de terras mal resolvidos.<\/p>\n<p>Dom Pedro \u00e9 incapaz de matar sequer um mosquito. Por que temer um anci\u00e3o de 84 anos, desarmado, indefeso, cordato e pac\u00edfico?<\/p>\n<p>A viol\u00eancia \u00e9 sempre m\u00e1 conselheira. \u00c9 preciso, quanto antes, desarmar os esp\u00edritos, para todos assumirem uma postura de respeito e de entendimento.<\/p>\n<p>Ainda mais tendo presente a firme decis\u00e3o de Dom Pedro, de manter-se sereno diante das amea\u00e7as, e pronto igualmente para testemunhar com a pr\u00f3pria vida suas convic\u00e7\u00f5es na defesa dos humildes, sejam eles \u00edndios ou posseiros.<\/p>\n<p>Diante destas novas amea\u00e7adas, D. Pedro continuou fazendo poemas, como fez ao longo de sua vida. Este o recado enviado agora aos que querem mat\u00e1-lo:<\/p>\n<p><em>&#8220;Eu morrerei de p\u00e9 como as \u00e1rvores.<\/em><br \/>\n<em>Me matar\u00e3o de p\u00e9.<\/em><br \/>\n<em>O sol, como testemunha maior, por\u00e1 seu lacre<\/em><br \/>\n<em>sobre meu corpo duplamente ungido\u201d.<\/em><\/p>\n<p>Esse \u00e9 Dom Pedro. Com ele as armas da morte s\u00f3 acentuam a for\u00e7a do seu testemunho. Sua coragem nos remete a buscar uma solu\u00e7\u00e3o justa e pac\u00edfica para o impasse criado com a execu\u00e7\u00e3o da senten\u00e7a judicial.<\/p>\n<p>Em primeiro lugar, valem as palavras do atual Bispo da Prelazia, Dom Adriano Ciocca, que nos ajudam a perceber a gravidade da situa\u00e7\u00e3o: &#8220;sabemos que est\u00e1 havendo muito sofrimento, sobretudo dos mais pobres, por causa desta retirada determinada pela Justi\u00e7a.\u201d. Mas adverte com clareza: <em>&#8220;Desde o in\u00edcio desta ocupa\u00e7\u00e3o, alertamos para a possibilidade do atual desfecho, por se tratar de terras cujo direito \u00e9 garantido ao povo Xavante pela Constitui\u00e7\u00e3o Federal\u201d<\/em>.<\/p>\n<p>Dada a propor\u00e7\u00e3o do conflito, garantido o direito dos Xavantes sobre este territ\u00f3rio, o Governo Federal deve, como manda tamb\u00e9m a Constitui\u00e7\u00e3o, indenizar todas as benfeitorias feitas pelos ocupantes de boa f\u00e9, mesmo que tenham sido enganados.<\/p>\n<p>E como se trata de uma situa\u00e7\u00e3o paradigm\u00e1tica, em que a demora da solu\u00e7\u00e3o acabou agravando a situa\u00e7\u00e3o, o Governo precisa assumir o compromisso de re-assentar os agricultores, de imediato, na medida em que v\u00e3o sendo retirados deste territ\u00f3rio.<\/p>\n<p>Assim ser\u00e1 poss\u00edvel atender ao direito dos \u00edndios, sem atropelar o direito dos pobres agricultores, que tamb\u00e9m n\u00e3o t\u00eam culpa do impasse agora existente.<\/p>\n<p>Para situa\u00e7\u00f5es dif\u00edceis, se requer grandeza de \u00e2nimo, n\u00e3o o atalho das armas.<\/p>\n<div id=\"themify_builder_content-20210\" data-postid=\"20210\" class=\"themify_builder_content themify_builder_content-20210 themify_builder themify_builder_front\">\n\t<\/div>\n<!-- \/themify_builder_content -->","protected":false},"excerpt":{"rendered":"<p>Dom Dem\u00e9trio Valentini Bispo de Jales (SP) e Presidente da C\u00e1ritas Brasileira at\u00e9 novembro de 2011 Dom Pedro Casald\u00e1liga, bispo em\u00e9rito da Prelazia de S\u00e3o F\u00e9lix do Araguaia, no Mato Grosso, est\u00e1 sendo seriamente amea\u00e7ado de morte. Para proteg\u00ea-lo, o Governo Federal tomou a iniciativa de remov\u00ea-lo de l\u00e1, e lev\u00e1-lo a um lugar distante, [&hellip;]<\/p>\n","protected":false},"author":5,"featured_media":0,"comment_status":"open","ping_status":"open","sticky":false,"template":"","format":"standard","meta":{"ngg_post_thumbnail":0,"footnotes":""},"categories":[9],"tags":[2342,272,2345,2343,2344],"yoast_head":"<!-- This site is optimized with the Yoast SEO plugin v23.5 - https:\/\/yoast.com\/wordpress\/plugins\/seo\/ -->\n<title>Solidariedade a dom Pedro Casald\u00e1liga - O Arcanjo no ar<\/title>\n<meta name=\"robots\" content=\"index, follow, max-snippet:-1, max-image-preview:large, max-video-preview:-1\" \/>\n<link rel=\"canonical\" href=\"https:\/\/www.oarcanjo.net\/site\/solidariedade-a-dom-pedro-casaldaliga\/\" \/>\n<meta property=\"og:locale\" content=\"pt_BR\" \/>\n<meta property=\"og:type\" content=\"article\" \/>\n<meta property=\"og:title\" content=\"Solidariedade a dom Pedro Casald\u00e1liga - O Arcanjo no ar\" \/>\n<meta property=\"og:description\" content=\"Dom Dem\u00e9trio Valentini Bispo de Jales (SP) e Presidente da C\u00e1ritas Brasileira at\u00e9 novembro de 2011 Dom Pedro Casald\u00e1liga, bispo em\u00e9rito da Prelazia de S\u00e3o F\u00e9lix do Araguaia, no Mato Grosso, est\u00e1 sendo seriamente amea\u00e7ado de morte. Para proteg\u00ea-lo, o Governo Federal tomou a iniciativa de remov\u00ea-lo de l\u00e1, e lev\u00e1-lo a um lugar distante, [&hellip;]\" \/>\n<meta property=\"og:url\" content=\"https:\/\/www.oarcanjo.net\/site\/solidariedade-a-dom-pedro-casaldaliga\/\" \/>\n<meta property=\"og:site_name\" content=\"O Arcanjo no ar\" \/>\n<meta property=\"article:publisher\" content=\"https:\/\/www.facebook.com\/OArcanjoNoAr\/\" \/>\n<meta property=\"article:published_time\" content=\"2012-12-14T22:46:09+00:00\" \/>\n<meta property=\"og:image\" content=\"https:\/\/www.oarcanjo.net\/site\/wp-content\/uploads\/logo-o-arcanjo-no-ar-facebook.png\" \/>\n\t<meta property=\"og:image:width\" content=\"300\" \/>\n\t<meta property=\"og:image:height\" content=\"300\" \/>\n\t<meta property=\"og:image:type\" content=\"image\/png\" \/>\n<meta name=\"author\" content=\"editor\" \/>\n<meta name=\"twitter:card\" content=\"summary_large_image\" \/>\n<meta name=\"twitter:label1\" content=\"Escrito por\" \/>\n\t<meta name=\"twitter:data1\" content=\"editor\" \/>\n\t<meta name=\"twitter:label2\" content=\"Est. tempo de leitura\" \/>\n\t<meta name=\"twitter:data2\" content=\"3 minutos\" \/>\n<script type=\"application\/ld+json\" class=\"yoast-schema-graph\">{\"@context\":\"https:\/\/schema.org\",\"@graph\":[{\"@type\":\"Article\",\"@id\":\"https:\/\/www.oarcanjo.net\/site\/solidariedade-a-dom-pedro-casaldaliga\/#article\",\"isPartOf\":{\"@id\":\"https:\/\/www.oarcanjo.net\/site\/solidariedade-a-dom-pedro-casaldaliga\/\"},\"author\":{\"name\":\"editor\",\"@id\":\"https:\/\/www.oarcanjo.net\/site\/#\/schema\/person\/f7024d007863202483a31326673a0838\"},\"headline\":\"Solidariedade a dom Pedro Casald\u00e1liga\",\"datePublished\":\"2012-12-14T22:46:09+00:00\",\"dateModified\":\"2012-12-14T22:46:09+00:00\",\"mainEntityOfPage\":{\"@id\":\"https:\/\/www.oarcanjo.net\/site\/solidariedade-a-dom-pedro-casaldaliga\/\"},\"wordCount\":642,\"commentCount\":0,\"publisher\":{\"@id\":\"https:\/\/www.oarcanjo.net\/site\/#organization\"},\"keywords\":[\"Dom Dem\u00e9trio Valentin\",\"Dom Pedro Casaldaliga\",\"Mar\u00e2iwats\u00e8d\u00e8\",\"Prelazia de S\u00e3o F\u00e9lix do Araguaia\",\"Xavante\"],\"articleSection\":[\"Reflex\u00f5es\"],\"inLanguage\":\"pt-BR\",\"potentialAction\":[{\"@type\":\"CommentAction\",\"name\":\"Comment\",\"target\":[\"https:\/\/www.oarcanjo.net\/site\/solidariedade-a-dom-pedro-casaldaliga\/#respond\"]}]},{\"@type\":\"WebPage\",\"@id\":\"https:\/\/www.oarcanjo.net\/site\/solidariedade-a-dom-pedro-casaldaliga\/\",\"url\":\"https:\/\/www.oarcanjo.net\/site\/solidariedade-a-dom-pedro-casaldaliga\/\",\"name\":\"Solidariedade a dom Pedro Casald\u00e1liga - O Arcanjo no ar\",\"isPartOf\":{\"@id\":\"https:\/\/www.oarcanjo.net\/site\/#website\"},\"datePublished\":\"2012-12-14T22:46:09+00:00\",\"dateModified\":\"2012-12-14T22:46:09+00:00\",\"breadcrumb\":{\"@id\":\"https:\/\/www.oarcanjo.net\/site\/solidariedade-a-dom-pedro-casaldaliga\/#breadcrumb\"},\"inLanguage\":\"pt-BR\",\"potentialAction\":[{\"@type\":\"ReadAction\",\"target\":[\"https:\/\/www.oarcanjo.net\/site\/solidariedade-a-dom-pedro-casaldaliga\/\"]}]},{\"@type\":\"BreadcrumbList\",\"@id\":\"https:\/\/www.oarcanjo.net\/site\/solidariedade-a-dom-pedro-casaldaliga\/#breadcrumb\",\"itemListElement\":[{\"@type\":\"ListItem\",\"position\":1,\"name\":\"In\u00edcio\",\"item\":\"https:\/\/www.oarcanjo.net\/site\/\"},{\"@type\":\"ListItem\",\"position\":2,\"name\":\"Solidariedade a dom Pedro Casald\u00e1liga\"}]},{\"@type\":\"WebSite\",\"@id\":\"https:\/\/www.oarcanjo.net\/site\/#website\",\"url\":\"https:\/\/www.oarcanjo.net\/site\/\",\"name\":\"O Arcanjo no ar\",\"description\":\"Site da Par\u00f3quia S\u00e3o Miguel Arcanjo (Arquidiocese de SP)\",\"publisher\":{\"@id\":\"https:\/\/www.oarcanjo.net\/site\/#organization\"},\"potentialAction\":[{\"@type\":\"SearchAction\",\"target\":{\"@type\":\"EntryPoint\",\"urlTemplate\":\"https:\/\/www.oarcanjo.net\/site\/?s={search_term_string}\"},\"query-input\":{\"@type\":\"PropertyValueSpecification\",\"valueRequired\":true,\"valueName\":\"search_term_string\"}}],\"inLanguage\":\"pt-BR\"},{\"@type\":\"Organization\",\"@id\":\"https:\/\/www.oarcanjo.net\/site\/#organization\",\"name\":\"Par\u00f3quia S\u00e3o Miguel Arcanjo\",\"url\":\"https:\/\/www.oarcanjo.net\/site\/\",\"logo\":{\"@type\":\"ImageObject\",\"inLanguage\":\"pt-BR\",\"@id\":\"https:\/\/www.oarcanjo.net\/site\/#\/schema\/logo\/image\/\",\"url\":\"https:\/\/www.oarcanjo.net\/site\/wp-content\/uploads\/LogoOArcanjo.png\",\"contentUrl\":\"https:\/\/www.oarcanjo.net\/site\/wp-content\/uploads\/LogoOArcanjo.png\",\"width\":319,\"height\":99,\"caption\":\"Par\u00f3quia S\u00e3o Miguel Arcanjo\"},\"image\":{\"@id\":\"https:\/\/www.oarcanjo.net\/site\/#\/schema\/logo\/image\/\"},\"sameAs\":[\"https:\/\/www.facebook.com\/OArcanjoNoAr\/\"]},{\"@type\":\"Person\",\"@id\":\"https:\/\/www.oarcanjo.net\/site\/#\/schema\/person\/f7024d007863202483a31326673a0838\",\"name\":\"editor\",\"sameAs\":[\"http:\/\/www.oarcanjo.net\"]}]}<\/script>\n<!-- \/ Yoast SEO plugin. -->","yoast_head_json":{"title":"Solidariedade a dom Pedro Casald\u00e1liga - O Arcanjo no ar","robots":{"index":"index","follow":"follow","max-snippet":"max-snippet:-1","max-image-preview":"max-image-preview:large","max-video-preview":"max-video-preview:-1"},"canonical":"https:\/\/www.oarcanjo.net\/site\/solidariedade-a-dom-pedro-casaldaliga\/","og_locale":"pt_BR","og_type":"article","og_title":"Solidariedade a dom Pedro Casald\u00e1liga - O Arcanjo no ar","og_description":"Dom Dem\u00e9trio Valentini Bispo de Jales (SP) e Presidente da C\u00e1ritas Brasileira at\u00e9 novembro de 2011 Dom Pedro Casald\u00e1liga, bispo em\u00e9rito da Prelazia de S\u00e3o F\u00e9lix do Araguaia, no Mato Grosso, est\u00e1 sendo seriamente amea\u00e7ado de morte. Para proteg\u00ea-lo, o Governo Federal tomou a iniciativa de remov\u00ea-lo de l\u00e1, e lev\u00e1-lo a um lugar distante, [&hellip;]","og_url":"https:\/\/www.oarcanjo.net\/site\/solidariedade-a-dom-pedro-casaldaliga\/","og_site_name":"O Arcanjo no ar","article_publisher":"https:\/\/www.facebook.com\/OArcanjoNoAr\/","article_published_time":"2012-12-14T22:46:09+00:00","og_image":[{"width":300,"height":300,"url":"https:\/\/www.oarcanjo.net\/site\/wp-content\/uploads\/logo-o-arcanjo-no-ar-facebook.png","type":"image\/png"}],"author":"editor","twitter_card":"summary_large_image","twitter_misc":{"Escrito por":"editor","Est. tempo de leitura":"3 minutos"},"schema":{"@context":"https:\/\/schema.org","@graph":[{"@type":"Article","@id":"https:\/\/www.oarcanjo.net\/site\/solidariedade-a-dom-pedro-casaldaliga\/#article","isPartOf":{"@id":"https:\/\/www.oarcanjo.net\/site\/solidariedade-a-dom-pedro-casaldaliga\/"},"author":{"name":"editor","@id":"https:\/\/www.oarcanjo.net\/site\/#\/schema\/person\/f7024d007863202483a31326673a0838"},"headline":"Solidariedade a dom Pedro Casald\u00e1liga","datePublished":"2012-12-14T22:46:09+00:00","dateModified":"2012-12-14T22:46:09+00:00","mainEntityOfPage":{"@id":"https:\/\/www.oarcanjo.net\/site\/solidariedade-a-dom-pedro-casaldaliga\/"},"wordCount":642,"commentCount":0,"publisher":{"@id":"https:\/\/www.oarcanjo.net\/site\/#organization"},"keywords":["Dom Dem\u00e9trio Valentin","Dom Pedro Casaldaliga","Mar\u00e2iwats\u00e8d\u00e8","Prelazia de S\u00e3o F\u00e9lix do Araguaia","Xavante"],"articleSection":["Reflex\u00f5es"],"inLanguage":"pt-BR","potentialAction":[{"@type":"CommentAction","name":"Comment","target":["https:\/\/www.oarcanjo.net\/site\/solidariedade-a-dom-pedro-casaldaliga\/#respond"]}]},{"@type":"WebPage","@id":"https:\/\/www.oarcanjo.net\/site\/solidariedade-a-dom-pedro-casaldaliga\/","url":"https:\/\/www.oarcanjo.net\/site\/solidariedade-a-dom-pedro-casaldaliga\/","name":"Solidariedade a dom Pedro Casald\u00e1liga - O Arcanjo no ar","isPartOf":{"@id":"https:\/\/www.oarcanjo.net\/site\/#website"},"datePublished":"2012-12-14T22:46:09+00:00","dateModified":"2012-12-14T22:46:09+00:00","breadcrumb":{"@id":"https:\/\/www.oarcanjo.net\/site\/solidariedade-a-dom-pedro-casaldaliga\/#breadcrumb"},"inLanguage":"pt-BR","potentialAction":[{"@type":"ReadAction","target":["https:\/\/www.oarcanjo.net\/site\/solidariedade-a-dom-pedro-casaldaliga\/"]}]},{"@type":"BreadcrumbList","@id":"https:\/\/www.oarcanjo.net\/site\/solidariedade-a-dom-pedro-casaldaliga\/#breadcrumb","itemListElement":[{"@type":"ListItem","position":1,"name":"In\u00edcio","item":"https:\/\/www.oarcanjo.net\/site\/"},{"@type":"ListItem","position":2,"name":"Solidariedade a dom Pedro Casald\u00e1liga"}]},{"@type":"WebSite","@id":"https:\/\/www.oarcanjo.net\/site\/#website","url":"https:\/\/www.oarcanjo.net\/site\/","name":"O Arcanjo no ar","description":"Site da Par\u00f3quia S\u00e3o Miguel Arcanjo (Arquidiocese de SP)","publisher":{"@id":"https:\/\/www.oarcanjo.net\/site\/#organization"},"potentialAction":[{"@type":"SearchAction","target":{"@type":"EntryPoint","urlTemplate":"https:\/\/www.oarcanjo.net\/site\/?s={search_term_string}"},"query-input":{"@type":"PropertyValueSpecification","valueRequired":true,"valueName":"search_term_string"}}],"inLanguage":"pt-BR"},{"@type":"Organization","@id":"https:\/\/www.oarcanjo.net\/site\/#organization","name":"Par\u00f3quia S\u00e3o Miguel Arcanjo","url":"https:\/\/www.oarcanjo.net\/site\/","logo":{"@type":"ImageObject","inLanguage":"pt-BR","@id":"https:\/\/www.oarcanjo.net\/site\/#\/schema\/logo\/image\/","url":"https:\/\/www.oarcanjo.net\/site\/wp-content\/uploads\/LogoOArcanjo.png","contentUrl":"https:\/\/www.oarcanjo.net\/site\/wp-content\/uploads\/LogoOArcanjo.png","width":319,"height":99,"caption":"Par\u00f3quia S\u00e3o Miguel Arcanjo"},"image":{"@id":"https:\/\/www.oarcanjo.net\/site\/#\/schema\/logo\/image\/"},"sameAs":["https:\/\/www.facebook.com\/OArcanjoNoAr\/"]},{"@type":"Person","@id":"https:\/\/www.oarcanjo.net\/site\/#\/schema\/person\/f7024d007863202483a31326673a0838","name":"editor","sameAs":["http:\/\/www.oarcanjo.net"]}]}},"publishpress_future_action":{"enabled":false,"date":"2026-05-09 08:53:32","action":"category","newStatus":"draft","terms":[],"taxonomy":"category"},"publishpress_future_workflow_manual_trigger":{"enabledWorkflows":[]},"_links":{"self":[{"href":"https:\/\/www.oarcanjo.net\/site\/wp-json\/wp\/v2\/posts\/20210"}],"collection":[{"href":"https:\/\/www.oarcanjo.net\/site\/wp-json\/wp\/v2\/posts"}],"about":[{"href":"https:\/\/www.oarcanjo.net\/site\/wp-json\/wp\/v2\/types\/post"}],"author":[{"embeddable":true,"href":"https:\/\/www.oarcanjo.net\/site\/wp-json\/wp\/v2\/users\/5"}],"replies":[{"embeddable":true,"href":"https:\/\/www.oarcanjo.net\/site\/wp-json\/wp\/v2\/comments?post=20210"}],"version-history":[{"count":0,"href":"https:\/\/www.oarcanjo.net\/site\/wp-json\/wp\/v2\/posts\/20210\/revisions"}],"wp:attachment":[{"href":"https:\/\/www.oarcanjo.net\/site\/wp-json\/wp\/v2\/media?parent=20210"}],"wp:term":[{"taxonomy":"category","embeddable":true,"href":"https:\/\/www.oarcanjo.net\/site\/wp-json\/wp\/v2\/categories?post=20210"},{"taxonomy":"post_tag","embeddable":true,"href":"https:\/\/www.oarcanjo.net\/site\/wp-json\/wp\/v2\/tags?post=20210"}],"curies":[{"name":"wp","href":"https:\/\/api.w.org\/{rel}","templated":true}]}}