
{"id":20218,"date":"2012-12-15T10:20:32","date_gmt":"2012-12-15T12:20:32","guid":{"rendered":"http:\/\/www.oarcanjo.net\/site\/?p=20218"},"modified":"2012-12-17T10:27:51","modified_gmt":"2012-12-17T12:27:51","slug":"juventude-missionaria-avalia-caminha-e-aponta-desafios","status":"publish","type":"post","link":"https:\/\/www.oarcanjo.net\/site\/juventude-missionaria-avalia-caminha-e-aponta-desafios\/","title":{"rendered":"Juventude Mission\u00e1ria avalia caminha e aponta desafios"},"content":{"rendered":"<p>Jaime C. Patias<\/p>\n<p><img loading=\"lazy\" decoding=\"async\" src=\"http:\/\/www.revistamissoes.org.br\/public\/tbnail\/?c=false&amp;w=610&amp;h=298&amp;f=..\/..\/\/public\/images\/mcefiles\/images\/1assembleia_avalia.jpg\" border=\"0\" alt=\"\" width=\"400\" height=\"195\" \/><\/p>\n<p>Os coordenadores estaduais da Juventude Mission\u00e1ria (JM) do Brasil, reunidos em Bras\u00edlia na 5\u00aa Assembleia Nacional da Pontif\u00edcia Obra da Propaga\u00e7\u00e3o da F\u00e9 apontaram, na tarde desta sexta-feira, 14, as principais realiza\u00e7\u00f5es e desafios enfrentados nas atividades.<\/p>\n<p><img loading=\"lazy\" decoding=\"async\" src=\"http:\/\/www.revistamissoes.org.br\/public\/tbnail\/?c=false&amp;w=241&amp;h=301&amp;f=..\/..\/\/public\/images\/mcefiles\/images\/1fernandodioego.jpg\" alt=\"\" width=\"241\" height=\"301\" \/><\/p>\n<p>Para Fernando Diego Furtado, coordenador da JM no estado do Amazonas, uma das dificuldades encontradas na regi\u00e3o \u00e9 a falta de compromisso das pessoas para assumir o trabalho. &#8220;O pouco conhecimento da JM no estado e a sua integra\u00e7\u00e3o com a catequese, s\u00e3o outros desafios enfrentados no momento&#8221;.<\/p>\n<p>Articular a JM nas dioceses que ainda n\u00e3o tem Inf\u00e2ncia e Adolesc\u00eancia Mission\u00e1ria (IAM), cooperar com a Miss\u00e3o permanente, dialogar com as juventudes, articular a miss\u00e3o al\u00e9m-fronteiras e ad gentes, encontrar assessores com o carisma da JM e assumir uma atitude mais prof\u00e9tica diante das quest\u00f5es sociais, foram desafios apontados por \u00c9rica J\u00falia Ventura, coordenadora da JM em Minas Gerais, estado que conta com 28 dioceses. Os destaques positivos da JM no estado s\u00e3o, segundo a coordenadora, &#8220;a participa\u00e7\u00e3o na vida da comunidade, a articula\u00e7\u00e3o por prov\u00edncia eclesi\u00e1stica, as parcerias com a IAM, o COMIRE e o Conselho Mission\u00e1rio dos Semin\u00e1rios (COMISE), os encontros paroquiais, diocesanos e estaduais, a intera\u00e7\u00e3o atrav\u00e9s dos meios de comunica\u00e7\u00e3o e a participa\u00e7\u00e3o nas Santas Miss\u00f5es Populares&#8221;.<\/p>\n<p><img loading=\"lazy\" decoding=\"async\" src=\"http:\/\/www.revistamissoes.org.br\/public\/tbnail\/?c=false&amp;w=229&amp;h=267&amp;f=..\/..\/\/public\/images\/mcefiles\/images\/1fernandato.jpg\" alt=\"\" width=\"229\" height=\"267\" \/><\/p>\n<p>Em Sergipe, nas tr\u00eas dioceses, Aracaj\u00fa, Propri\u00e1 e Est\u00e2ncia, existem grupos de JM. Segundo a coordenadora estadual, Fernanda Rodrigues Santana &#8220;a quest\u00e3o financeira, a articula\u00e7\u00e3o do Conselho Mission\u00e1rio Regional (COMIRE) e a falta de perseveran\u00e7a dos jovens s\u00e3o as principais dificuldades&#8221;. Fernanda avalia como pontos positivos a parceria da JM com a Inf\u00e2ncia e Adolesc\u00eancia Mission\u00e1ria (IAM). &#8220;Os nossos trabalhos s\u00e3o feitos juntos&#8221;. Destacou ainda o reconhecimento e o apoio por parte dos padres e das Religiosas. Sobre a articula\u00e7\u00e3o e organiza\u00e7\u00e3o destaca &#8220;a boa comunica\u00e7\u00e3o entre as tr\u00eas dioceses o que fortalece o trabalho&#8221;. O comprometimento dos jovens, as miss\u00f5es realizadas, as implanta\u00e7\u00f5es de novos grupos, s\u00e3o outras luzes.<\/p>\n<p><img loading=\"lazy\" decoding=\"async\" src=\"http:\/\/www.revistamissoes.org.br\/public\/tbnail\/?c=false&amp;w=248&amp;h=319&amp;f=..\/..\/\/public\/images\/mcefiles\/images\/1.gabriel.jpg\" alt=\"\" width=\"248\" height=\"319\" \/><\/p>\n<p>Gabriel Ara\u00fajo Pacheco, representante da JM do estado de Tocantins destacou como positivo &#8220;a boa organiza\u00e7\u00e3o na coordena\u00e7\u00e3o, o apoio dos bispos das cinco dioceses no estado e o acompanhamento das Irm\u00e3s religiosas&#8221;. J\u00e1 os maiores desafios, segundo ele, s\u00e3o &#8220;as dist\u00e2ncias entre as dioceses, o insuficiente dom\u00ednio da metodologia e o fraco conhecimento do que \u00e9 a JM por parte de membros do clero&#8221;.<\/p>\n<p>Em geral os grandes desafios apontados pelos coordenadores foram a organiza\u00e7\u00e3o e articula\u00e7\u00e3o de equipes, o comprometimento dos jovens, a forma\u00e7\u00e3o dentro da metodologia da JM e a resist\u00eancia por parte de alguns padres e grupos de jovens em aderir ou apoiar os trabalhos.<\/p>\n<p>Com o tema &#8220;Ide e fazei disc\u00edpulos entre todas as na\u00e7\u00f5es!&#8221; (Mt 28, 19), e lema: &#8220;Eis-me aqui envia-me&#8221; (Is 6, 8), a 5\u00aa Assembleia da Obra da Propaga\u00e7\u00e3o da F\u00e9 teve in\u00edcio no \u00faltimo dia 13 e se estender\u00e1 at\u00e9 domingo, 16. Al\u00e9m dos coordenadores estaduais da JM, participam ainda representantes das Fam\u00edlias Mission\u00e1rias, Idosos e Enfermos Mission\u00e1rios, atividades que juntamente com a Juventude Mission\u00e1ria, fazem parte da mesma Obra.<\/p>\n<p>Leia tamb\u00e9m:<br \/>\n<a href=\"http:\/\/www.revistamissoes.org.br\/noticias\/ler\/id\/6161\">Dom Leonardo Ulrich Steiner: Precisamos ser disc\u00edpulos-mission\u00e1rios para o mundo\u201d<\/a><br \/>\n<a href=\"http:\/\/www.revistamissoes.org.br\/noticias\/ler\/id\/6157\">Come\u00e7a, em Bras\u00edlia, a 5\u00aa Assembleia Nacional da Pontif\u00edcia Obra da Propaga\u00e7\u00e3o da F\u00e9<\/a><\/p>\n<p><em>Fonte: www.pom.org.br<\/em><br \/>\nPostado por\u00a0<a title=\"author profile\" rel=\"author\" href=\"http:\/\/www.blogger.com\/profile\/12037961757835243213\">Par\u00f3quia de Santo Afonso <\/a><\/p>\n<div id=\"themify_builder_content-20218\" data-postid=\"20218\" class=\"themify_builder_content themify_builder_content-20218 themify_builder themify_builder_front\">\n\t<\/div>\n<!-- \/themify_builder_content -->","protected":false},"excerpt":{"rendered":"<p>Jaime C. Patias Os coordenadores estaduais da Juventude Mission\u00e1ria (JM) do Brasil, reunidos em Bras\u00edlia na 5\u00aa Assembleia Nacional da Pontif\u00edcia Obra da Propaga\u00e7\u00e3o da F\u00e9 apontaram, na tarde desta sexta-feira, 14, as principais realiza\u00e7\u00f5es e desafios enfrentados nas atividades. Para Fernando Diego Furtado, coordenador da JM no estado do Amazonas, uma das dificuldades encontradas [&hellip;]<\/p>\n","protected":false},"author":17,"featured_media":0,"comment_status":"open","ping_status":"open","sticky":false,"template":"","format":"standard","meta":{"ngg_post_thumbnail":0,"footnotes":""},"categories":[8],"tags":[],"yoast_head":"<!-- This site is optimized with the Yoast SEO plugin v23.5 - https:\/\/yoast.com\/wordpress\/plugins\/seo\/ -->\n<title>Juventude Mission\u00e1ria avalia caminha e aponta desafios - O Arcanjo no ar<\/title>\n<meta name=\"robots\" content=\"index, follow, max-snippet:-1, max-image-preview:large, max-video-preview:-1\" \/>\n<link rel=\"canonical\" href=\"https:\/\/www.oarcanjo.net\/site\/juventude-missionaria-avalia-caminha-e-aponta-desafios\/\" \/>\n<meta property=\"og:locale\" content=\"pt_BR\" \/>\n<meta property=\"og:type\" content=\"article\" \/>\n<meta property=\"og:title\" content=\"Juventude Mission\u00e1ria avalia caminha e aponta desafios - O Arcanjo no ar\" \/>\n<meta property=\"og:description\" content=\"Jaime C. Patias Os coordenadores estaduais da Juventude Mission\u00e1ria (JM) do Brasil, reunidos em Bras\u00edlia na 5\u00aa Assembleia Nacional da Pontif\u00edcia Obra da Propaga\u00e7\u00e3o da F\u00e9 apontaram, na tarde desta sexta-feira, 14, as principais realiza\u00e7\u00f5es e desafios enfrentados nas atividades. Para Fernando Diego Furtado, coordenador da JM no estado do Amazonas, uma das dificuldades encontradas [&hellip;]\" \/>\n<meta property=\"og:url\" content=\"https:\/\/www.oarcanjo.net\/site\/juventude-missionaria-avalia-caminha-e-aponta-desafios\/\" \/>\n<meta property=\"og:site_name\" content=\"O Arcanjo no ar\" \/>\n<meta property=\"article:publisher\" content=\"https:\/\/www.facebook.com\/OArcanjoNoAr\/\" \/>\n<meta property=\"article:published_time\" content=\"2012-12-15T12:20:32+00:00\" \/>\n<meta property=\"article:modified_time\" content=\"2012-12-17T12:27:51+00:00\" \/>\n<meta property=\"og:image\" content=\"http:\/\/www.revistamissoes.org.br\/public\/tbnail\/?c=false&amp;w=610&amp;h=298&amp;f=..\/..\/\/public\/images\/mcefiles\/images\/1assembleia_avalia.jpg\" \/>\n<meta name=\"author\" content=\"pe.geovane\" \/>\n<meta name=\"twitter:card\" content=\"summary_large_image\" \/>\n<meta name=\"twitter:label1\" content=\"Escrito por\" \/>\n\t<meta name=\"twitter:data1\" content=\"pe.geovane\" \/>\n\t<meta name=\"twitter:label2\" content=\"Est. tempo de leitura\" \/>\n\t<meta name=\"twitter:data2\" content=\"3 minutos\" \/>\n<script type=\"application\/ld+json\" class=\"yoast-schema-graph\">{\"@context\":\"https:\/\/schema.org\",\"@graph\":[{\"@type\":\"Article\",\"@id\":\"https:\/\/www.oarcanjo.net\/site\/juventude-missionaria-avalia-caminha-e-aponta-desafios\/#article\",\"isPartOf\":{\"@id\":\"https:\/\/www.oarcanjo.net\/site\/juventude-missionaria-avalia-caminha-e-aponta-desafios\/\"},\"author\":{\"name\":\"pe.geovane\",\"@id\":\"https:\/\/www.oarcanjo.net\/site\/#\/schema\/person\/58d7f78850a973b8e467c7ae4a7eb4ad\"},\"headline\":\"Juventude Mission\u00e1ria avalia caminha e aponta desafios\",\"datePublished\":\"2012-12-15T12:20:32+00:00\",\"dateModified\":\"2012-12-17T12:27:51+00:00\",\"mainEntityOfPage\":{\"@id\":\"https:\/\/www.oarcanjo.net\/site\/juventude-missionaria-avalia-caminha-e-aponta-desafios\/\"},\"wordCount\":608,\"commentCount\":0,\"publisher\":{\"@id\":\"https:\/\/www.oarcanjo.net\/site\/#organization\"},\"image\":{\"@id\":\"https:\/\/www.oarcanjo.net\/site\/juventude-missionaria-avalia-caminha-e-aponta-desafios\/#primaryimage\"},\"thumbnailUrl\":\"http:\/\/www.revistamissoes.org.br\/public\/tbnail\/?c=false&amp;w=610&amp;h=298&amp;f=..\/..\/\/public\/images\/mcefiles\/images\/1assembleia_avalia.jpg\",\"articleSection\":[\"Not\u00edcias\"],\"inLanguage\":\"pt-BR\",\"potentialAction\":[{\"@type\":\"CommentAction\",\"name\":\"Comment\",\"target\":[\"https:\/\/www.oarcanjo.net\/site\/juventude-missionaria-avalia-caminha-e-aponta-desafios\/#respond\"]}]},{\"@type\":\"WebPage\",\"@id\":\"https:\/\/www.oarcanjo.net\/site\/juventude-missionaria-avalia-caminha-e-aponta-desafios\/\",\"url\":\"https:\/\/www.oarcanjo.net\/site\/juventude-missionaria-avalia-caminha-e-aponta-desafios\/\",\"name\":\"Juventude Mission\u00e1ria avalia caminha e aponta desafios - O Arcanjo no ar\",\"isPartOf\":{\"@id\":\"https:\/\/www.oarcanjo.net\/site\/#website\"},\"primaryImageOfPage\":{\"@id\":\"https:\/\/www.oarcanjo.net\/site\/juventude-missionaria-avalia-caminha-e-aponta-desafios\/#primaryimage\"},\"image\":{\"@id\":\"https:\/\/www.oarcanjo.net\/site\/juventude-missionaria-avalia-caminha-e-aponta-desafios\/#primaryimage\"},\"thumbnailUrl\":\"http:\/\/www.revistamissoes.org.br\/public\/tbnail\/?c=false&amp;w=610&amp;h=298&amp;f=..\/..\/\/public\/images\/mcefiles\/images\/1assembleia_avalia.jpg\",\"datePublished\":\"2012-12-15T12:20:32+00:00\",\"dateModified\":\"2012-12-17T12:27:51+00:00\",\"breadcrumb\":{\"@id\":\"https:\/\/www.oarcanjo.net\/site\/juventude-missionaria-avalia-caminha-e-aponta-desafios\/#breadcrumb\"},\"inLanguage\":\"pt-BR\",\"potentialAction\":[{\"@type\":\"ReadAction\",\"target\":[\"https:\/\/www.oarcanjo.net\/site\/juventude-missionaria-avalia-caminha-e-aponta-desafios\/\"]}]},{\"@type\":\"ImageObject\",\"inLanguage\":\"pt-BR\",\"@id\":\"https:\/\/www.oarcanjo.net\/site\/juventude-missionaria-avalia-caminha-e-aponta-desafios\/#primaryimage\",\"url\":\"http:\/\/www.revistamissoes.org.br\/public\/tbnail\/?c=false&amp;w=610&amp;h=298&amp;f=..\/..\/\/public\/images\/mcefiles\/images\/1assembleia_avalia.jpg\",\"contentUrl\":\"http:\/\/www.revistamissoes.org.br\/public\/tbnail\/?c=false&amp;w=610&amp;h=298&amp;f=..\/..\/\/public\/images\/mcefiles\/images\/1assembleia_avalia.jpg\"},{\"@type\":\"BreadcrumbList\",\"@id\":\"https:\/\/www.oarcanjo.net\/site\/juventude-missionaria-avalia-caminha-e-aponta-desafios\/#breadcrumb\",\"itemListElement\":[{\"@type\":\"ListItem\",\"position\":1,\"name\":\"In\u00edcio\",\"item\":\"https:\/\/www.oarcanjo.net\/site\/\"},{\"@type\":\"ListItem\",\"position\":2,\"name\":\"Juventude Mission\u00e1ria avalia caminha e aponta desafios\"}]},{\"@type\":\"WebSite\",\"@id\":\"https:\/\/www.oarcanjo.net\/site\/#website\",\"url\":\"https:\/\/www.oarcanjo.net\/site\/\",\"name\":\"O Arcanjo no ar\",\"description\":\"Site da Par\u00f3quia S\u00e3o Miguel Arcanjo (Arquidiocese de SP)\",\"publisher\":{\"@id\":\"https:\/\/www.oarcanjo.net\/site\/#organization\"},\"potentialAction\":[{\"@type\":\"SearchAction\",\"target\":{\"@type\":\"EntryPoint\",\"urlTemplate\":\"https:\/\/www.oarcanjo.net\/site\/?s={search_term_string}\"},\"query-input\":{\"@type\":\"PropertyValueSpecification\",\"valueRequired\":true,\"valueName\":\"search_term_string\"}}],\"inLanguage\":\"pt-BR\"},{\"@type\":\"Organization\",\"@id\":\"https:\/\/www.oarcanjo.net\/site\/#organization\",\"name\":\"Par\u00f3quia S\u00e3o Miguel Arcanjo\",\"url\":\"https:\/\/www.oarcanjo.net\/site\/\",\"logo\":{\"@type\":\"ImageObject\",\"inLanguage\":\"pt-BR\",\"@id\":\"https:\/\/www.oarcanjo.net\/site\/#\/schema\/logo\/image\/\",\"url\":\"https:\/\/www.oarcanjo.net\/site\/wp-content\/uploads\/LogoOArcanjo.png\",\"contentUrl\":\"https:\/\/www.oarcanjo.net\/site\/wp-content\/uploads\/LogoOArcanjo.png\",\"width\":319,\"height\":99,\"caption\":\"Par\u00f3quia S\u00e3o Miguel Arcanjo\"},\"image\":{\"@id\":\"https:\/\/www.oarcanjo.net\/site\/#\/schema\/logo\/image\/\"},\"sameAs\":[\"https:\/\/www.facebook.com\/OArcanjoNoAr\/\"]},{\"@type\":\"Person\",\"@id\":\"https:\/\/www.oarcanjo.net\/site\/#\/schema\/person\/58d7f78850a973b8e467c7ae4a7eb4ad\",\"name\":\"pe.geovane\"}]}<\/script>\n<!-- \/ Yoast SEO plugin. -->","yoast_head_json":{"title":"Juventude Mission\u00e1ria avalia caminha e aponta desafios - O Arcanjo no ar","robots":{"index":"index","follow":"follow","max-snippet":"max-snippet:-1","max-image-preview":"max-image-preview:large","max-video-preview":"max-video-preview:-1"},"canonical":"https:\/\/www.oarcanjo.net\/site\/juventude-missionaria-avalia-caminha-e-aponta-desafios\/","og_locale":"pt_BR","og_type":"article","og_title":"Juventude Mission\u00e1ria avalia caminha e aponta desafios - O Arcanjo no ar","og_description":"Jaime C. Patias Os coordenadores estaduais da Juventude Mission\u00e1ria (JM) do Brasil, reunidos em Bras\u00edlia na 5\u00aa Assembleia Nacional da Pontif\u00edcia Obra da Propaga\u00e7\u00e3o da F\u00e9 apontaram, na tarde desta sexta-feira, 14, as principais realiza\u00e7\u00f5es e desafios enfrentados nas atividades. Para Fernando Diego Furtado, coordenador da JM no estado do Amazonas, uma das dificuldades encontradas [&hellip;]","og_url":"https:\/\/www.oarcanjo.net\/site\/juventude-missionaria-avalia-caminha-e-aponta-desafios\/","og_site_name":"O Arcanjo no ar","article_publisher":"https:\/\/www.facebook.com\/OArcanjoNoAr\/","article_published_time":"2012-12-15T12:20:32+00:00","article_modified_time":"2012-12-17T12:27:51+00:00","og_image":[{"url":"http:\/\/www.revistamissoes.org.br\/public\/tbnail\/?c=false&amp;w=610&amp;h=298&amp;f=..\/..\/\/public\/images\/mcefiles\/images\/1assembleia_avalia.jpg"}],"author":"pe.geovane","twitter_card":"summary_large_image","twitter_misc":{"Escrito por":"pe.geovane","Est. tempo de leitura":"3 minutos"},"schema":{"@context":"https:\/\/schema.org","@graph":[{"@type":"Article","@id":"https:\/\/www.oarcanjo.net\/site\/juventude-missionaria-avalia-caminha-e-aponta-desafios\/#article","isPartOf":{"@id":"https:\/\/www.oarcanjo.net\/site\/juventude-missionaria-avalia-caminha-e-aponta-desafios\/"},"author":{"name":"pe.geovane","@id":"https:\/\/www.oarcanjo.net\/site\/#\/schema\/person\/58d7f78850a973b8e467c7ae4a7eb4ad"},"headline":"Juventude Mission\u00e1ria avalia caminha e aponta desafios","datePublished":"2012-12-15T12:20:32+00:00","dateModified":"2012-12-17T12:27:51+00:00","mainEntityOfPage":{"@id":"https:\/\/www.oarcanjo.net\/site\/juventude-missionaria-avalia-caminha-e-aponta-desafios\/"},"wordCount":608,"commentCount":0,"publisher":{"@id":"https:\/\/www.oarcanjo.net\/site\/#organization"},"image":{"@id":"https:\/\/www.oarcanjo.net\/site\/juventude-missionaria-avalia-caminha-e-aponta-desafios\/#primaryimage"},"thumbnailUrl":"http:\/\/www.revistamissoes.org.br\/public\/tbnail\/?c=false&amp;w=610&amp;h=298&amp;f=..\/..\/\/public\/images\/mcefiles\/images\/1assembleia_avalia.jpg","articleSection":["Not\u00edcias"],"inLanguage":"pt-BR","potentialAction":[{"@type":"CommentAction","name":"Comment","target":["https:\/\/www.oarcanjo.net\/site\/juventude-missionaria-avalia-caminha-e-aponta-desafios\/#respond"]}]},{"@type":"WebPage","@id":"https:\/\/www.oarcanjo.net\/site\/juventude-missionaria-avalia-caminha-e-aponta-desafios\/","url":"https:\/\/www.oarcanjo.net\/site\/juventude-missionaria-avalia-caminha-e-aponta-desafios\/","name":"Juventude Mission\u00e1ria avalia caminha e aponta desafios - O Arcanjo no ar","isPartOf":{"@id":"https:\/\/www.oarcanjo.net\/site\/#website"},"primaryImageOfPage":{"@id":"https:\/\/www.oarcanjo.net\/site\/juventude-missionaria-avalia-caminha-e-aponta-desafios\/#primaryimage"},"image":{"@id":"https:\/\/www.oarcanjo.net\/site\/juventude-missionaria-avalia-caminha-e-aponta-desafios\/#primaryimage"},"thumbnailUrl":"http:\/\/www.revistamissoes.org.br\/public\/tbnail\/?c=false&amp;w=610&amp;h=298&amp;f=..\/..\/\/public\/images\/mcefiles\/images\/1assembleia_avalia.jpg","datePublished":"2012-12-15T12:20:32+00:00","dateModified":"2012-12-17T12:27:51+00:00","breadcrumb":{"@id":"https:\/\/www.oarcanjo.net\/site\/juventude-missionaria-avalia-caminha-e-aponta-desafios\/#breadcrumb"},"inLanguage":"pt-BR","potentialAction":[{"@type":"ReadAction","target":["https:\/\/www.oarcanjo.net\/site\/juventude-missionaria-avalia-caminha-e-aponta-desafios\/"]}]},{"@type":"ImageObject","inLanguage":"pt-BR","@id":"https:\/\/www.oarcanjo.net\/site\/juventude-missionaria-avalia-caminha-e-aponta-desafios\/#primaryimage","url":"http:\/\/www.revistamissoes.org.br\/public\/tbnail\/?c=false&amp;w=610&amp;h=298&amp;f=..\/..\/\/public\/images\/mcefiles\/images\/1assembleia_avalia.jpg","contentUrl":"http:\/\/www.revistamissoes.org.br\/public\/tbnail\/?c=false&amp;w=610&amp;h=298&amp;f=..\/..\/\/public\/images\/mcefiles\/images\/1assembleia_avalia.jpg"},{"@type":"BreadcrumbList","@id":"https:\/\/www.oarcanjo.net\/site\/juventude-missionaria-avalia-caminha-e-aponta-desafios\/#breadcrumb","itemListElement":[{"@type":"ListItem","position":1,"name":"In\u00edcio","item":"https:\/\/www.oarcanjo.net\/site\/"},{"@type":"ListItem","position":2,"name":"Juventude Mission\u00e1ria avalia caminha e aponta desafios"}]},{"@type":"WebSite","@id":"https:\/\/www.oarcanjo.net\/site\/#website","url":"https:\/\/www.oarcanjo.net\/site\/","name":"O Arcanjo no ar","description":"Site da Par\u00f3quia S\u00e3o Miguel Arcanjo (Arquidiocese de SP)","publisher":{"@id":"https:\/\/www.oarcanjo.net\/site\/#organization"},"potentialAction":[{"@type":"SearchAction","target":{"@type":"EntryPoint","urlTemplate":"https:\/\/www.oarcanjo.net\/site\/?s={search_term_string}"},"query-input":{"@type":"PropertyValueSpecification","valueRequired":true,"valueName":"search_term_string"}}],"inLanguage":"pt-BR"},{"@type":"Organization","@id":"https:\/\/www.oarcanjo.net\/site\/#organization","name":"Par\u00f3quia S\u00e3o Miguel Arcanjo","url":"https:\/\/www.oarcanjo.net\/site\/","logo":{"@type":"ImageObject","inLanguage":"pt-BR","@id":"https:\/\/www.oarcanjo.net\/site\/#\/schema\/logo\/image\/","url":"https:\/\/www.oarcanjo.net\/site\/wp-content\/uploads\/LogoOArcanjo.png","contentUrl":"https:\/\/www.oarcanjo.net\/site\/wp-content\/uploads\/LogoOArcanjo.png","width":319,"height":99,"caption":"Par\u00f3quia S\u00e3o Miguel Arcanjo"},"image":{"@id":"https:\/\/www.oarcanjo.net\/site\/#\/schema\/logo\/image\/"},"sameAs":["https:\/\/www.facebook.com\/OArcanjoNoAr\/"]},{"@type":"Person","@id":"https:\/\/www.oarcanjo.net\/site\/#\/schema\/person\/58d7f78850a973b8e467c7ae4a7eb4ad","name":"pe.geovane"}]}},"publishpress_future_action":{"enabled":false,"date":"2026-05-09 07:36:35","action":"category","newStatus":"draft","terms":[],"taxonomy":"category"},"publishpress_future_workflow_manual_trigger":{"enabledWorkflows":[]},"_links":{"self":[{"href":"https:\/\/www.oarcanjo.net\/site\/wp-json\/wp\/v2\/posts\/20218"}],"collection":[{"href":"https:\/\/www.oarcanjo.net\/site\/wp-json\/wp\/v2\/posts"}],"about":[{"href":"https:\/\/www.oarcanjo.net\/site\/wp-json\/wp\/v2\/types\/post"}],"author":[{"embeddable":true,"href":"https:\/\/www.oarcanjo.net\/site\/wp-json\/wp\/v2\/users\/17"}],"replies":[{"embeddable":true,"href":"https:\/\/www.oarcanjo.net\/site\/wp-json\/wp\/v2\/comments?post=20218"}],"version-history":[{"count":0,"href":"https:\/\/www.oarcanjo.net\/site\/wp-json\/wp\/v2\/posts\/20218\/revisions"}],"wp:attachment":[{"href":"https:\/\/www.oarcanjo.net\/site\/wp-json\/wp\/v2\/media?parent=20218"}],"wp:term":[{"taxonomy":"category","embeddable":true,"href":"https:\/\/www.oarcanjo.net\/site\/wp-json\/wp\/v2\/categories?post=20218"},{"taxonomy":"post_tag","embeddable":true,"href":"https:\/\/www.oarcanjo.net\/site\/wp-json\/wp\/v2\/tags?post=20218"}],"curies":[{"name":"wp","href":"https:\/\/api.w.org\/{rel}","templated":true}]}}