
{"id":20222,"date":"2012-12-16T22:25:33","date_gmt":"2012-12-17T00:25:33","guid":{"rendered":"http:\/\/www.oarcanjo.net\/site\/?p=20222"},"modified":"2012-12-16T22:25:33","modified_gmt":"2012-12-17T00:25:33","slug":"duas-tragedias-dois-pesos-e-duas-medidas","status":"publish","type":"post","link":"https:\/\/www.oarcanjo.net\/site\/duas-tragedias-dois-pesos-e-duas-medidas\/","title":{"rendered":"Duas trag\u00e9dias, dois pesos e duas medidas"},"content":{"rendered":"<p style=\"text-align: justify;\"><em>Pe. Alfredo J. Gon\u00e7alves, CS<\/em><\/p>\n<div style=\"text-align: justify;\">\n<p>Duas trag\u00e9dias, ambas ocorreram quase ao mesmo tempo. A primeira, na escola prim\u00e1ria de Sandy Hook, cidade de Newtown, em Connecticut, Estados Unidos: Adam Lanza, jovem de apenas 20 anos, fortemente armado, entra na sala de aula e causa um massacre de 20 crian\u00e7as e 6 adultos, incluindo a pr\u00f3pria m\u00e3e, a diretora e uma psic\u00f3loga. A segunda, no long\u00ednquo mar Egeu naufraga um barco com imigrantes, causando a morte de dezenas de pessoas que tentavam passar da Turquia para a Gr\u00e9cia, como caminho para a Europa.<\/p>\n<p>A primeira, trag\u00e9dia j\u00e1 repetida, not\u00f3ria e conhecida de pa\u00edses como os Estados Unidos, est\u00e1 estampada em todos os sites de not\u00edcias de mundo, ocupa p\u00e1ginas e p\u00e1ginas dos principais jornais, ganha amplo espa\u00e7o na m\u00eddia falada, escrita e televisionada. Com inteira raz\u00e3o, mereceu um pronunciamento de Barack Obama, presidente do pa\u00eds mais rico e poderoso do planeta,\u00a0 e at\u00e9 algumas l\u00e1grimas de como\u00e7\u00e3o, ao transmitir \u00e0s fam\u00edlias enlutadas as condol\u00eancias de todo um pa\u00eds enlutado.<\/p>\n<p>A segunda, por\u00e9m, aparece timidamente, numa esp\u00e9cie de \u201cnota de rodap\u00e9\u201d dos notici\u00e1rios jornal\u00edsticos das grandes redes de televis\u00e3o e r\u00e1dio, como tamb\u00e9m nas p\u00e1ginas dos jornais e revistas. Uma not\u00edcia como que acanhada e envergonhada, em que n\u00e3o se divulgam nomes e, aparentemente, desvincula-se de qualquer la\u00e7o familiar. Os imigrantes, neste caso, mais parecem seres errantes, sem raiz, sem nome e sem rumo, aventureiros de uma saga que a humanidade insiste em encobrir. Sim, um t\u00edmido lembrete noticioso diante da enorme repercuss\u00e3o e espetaculariza\u00e7\u00e3o da imagem de crian\u00e7as t\u00e3o cruelmente assassinadas, de fam\u00edlias t\u00e3o brutalmente feridas, por um jovem que mal deixara a adolesc\u00eancia.<\/p>\n<p>Estas linhas n\u00e3o pretendem encobrir o massacre assustador de que foram v\u00edtimas as crian\u00e7as e respectivas fam\u00edlias nos Estados Unidos. Imagens chocantes e grav\u00edssimas, que nos deixam estarrecidos, onde as palavras sobram ou faltam, e onde grita mais forte o sangue de inocentes e o sentimento de dor e revolta. Ao contr\u00e1rio, estas linhas querem carregar as tintas no tom de indigna\u00e7\u00e3o que semelhante barb\u00e1rie deixa em todo ser humano. Mais ainda, erguem-se em alto e bom som no combate a todo tipo de viol\u00eancia, venha ela de onde vier, perpetrada por quem quer que seja.<\/p>\n<p>Ao mesmo tempo, por\u00e9m, estas linhas se questionam sobre o desinteresse, \u00e0s vezes descaso ou desconhecimento, de dezenas e centenas, talvez milhares e milh\u00f5es, de imigrantes que morrem antes de alcan\u00e7ar o destino. Pessoas sem vez e sem voz, mudas e mutiladas como cidad\u00e3os dos pr\u00f3prios pa\u00edses. Numa luta desesperada pela sobreviv\u00eancia e por uma vida de maior qualidade, arriscam uma travessia cheia de perigos, adversidades e humilha\u00e7\u00f5es. Mortes que, via de regra, caem no mesmo anonimato em que viviam, na pobreza, mis\u00e9ria e fome dos lugares de origem, quando n\u00e3o v\u00edtimas indefesas de guerras e conflitos violentos.<\/p>\n<p>Seres humanos que, tentando fazer da fuga uma nova busca, afogam-se com uma frequ\u00eancia alarmante nos mares Egeu, Mediterr\u00e2neo, Golfo do M\u00e9xico ou do Caribe, ou morrem de fome e sede nos desertos entre M\u00e9xico e Estados Unidos e em tantas outras travessias marcadas, simultaneamente, pela esperan\u00e7a e pelo desespero. Pessoas que desaparecem t\u00e3o an\u00f4nima e ignoradamente como haviam vivido. Transformam-se em n\u00fameros, estat\u00edsticas, tabelas, porcentagens.<\/p>\n<p>\u00c9 como se uma vida nos Estados Unidos ou na Europa tivesse um valor consideravelmente superior a uma vida nos pa\u00edses da \u00c1sia, da \u00c1frica ou da Am\u00e9rica Latina e Caribe. Da\u00ed merecerem maior destaque, seja no padr\u00e3o vida que adotam cotidianamente, seja no momento de morte tr\u00e1gica. Cidad\u00e3os de diferentes categorias: classe A e classe B, andar de cima e andar de baixo, Casa Grande &amp; Senzala, na linguagem do soci\u00f3logo brasileiro Gilberto Freire. Isso para sequer tocar nos temas da discrimina\u00e7\u00e3o, preconceito, racismo ou xenofobia \u2013 que hoje parecem reacender-se em plena vig\u00eancia do pluralismo cultural e religioso.<\/p>\n<p>Vale insistir, o massacre de Connecticut (EUA) deve ser repudiado com toda for\u00e7a. Conhecer suas causas pode ser\u00a0<em>conditio sine qua non<\/em> para a repeti\u00e7\u00e3o ou extin\u00e7\u00e3o de semelhantes trag\u00e9dias. Mas a m\u00eddia e a opini\u00e3o p\u00fablica n\u00e3o podem e n\u00e3o devem fechar os olhos e ouvidos para outros tipos de trag\u00e9dias. Aquelas que nos chegam dos por\u00f5es da sociedade contempor\u00e2nea, onde a vida est\u00e1 mais fr\u00e1gil, esquecida e amea\u00e7ada. Por exemplo, conflitos impl\u00edcitos ou sangrentos e formas de viol\u00eancia que \u201cproduzem\u201d, aos milhares, imigrantes, refugiados, pr\u00f3fugos,\u00a0<em>desplazados<\/em>, expatriados, migrantes internos, itinerantes\u2026 Aqui o grito \u00e9 tanto mais forte e estridente quanto mais silenciado e silencioso.<\/p>\n<p>Mudan\u00e7as socioecon\u00f4micas e deslocamentos humanos s\u00e3o duas faces da mesma moeda. As ondas na superf\u00edcie do oceano costumam, ao mesmo tempo, esconder e revelar correntes subterr\u00e2neas ocultas e profundas. As migra\u00e7\u00f5es s\u00e3o muitas vezes o lado vis\u00edvel de um fen\u00f4meno invis\u00edvel. Fluxos de ondas humanas que, simultaneamente, velam e desvelam transforma\u00e7\u00f5es de ordem social, econ\u00f4mica, pol\u00edtica e cultural. \u00c9 assim que os migrantes, imigrantes\u00a0 ou desplazados aparecem, n\u00e3o raro, como uma esp\u00e9cie de term\u00f4metro das mudan\u00e7as em curso.<\/p>\n<p>Nesse prisma, resulta que, da mesma forma que as crian\u00e7as mortas nos Estados Unidos s\u00e3o m\u00e1rtires de um tipo de viol\u00eancia est\u00fapida e absurda, os imigrantes que se afogaram no mar Egeu tamb\u00e9m s\u00e3o m\u00e1rtires de grandes transforma\u00e7\u00f5es hist\u00f3ricas. M\u00e1rtires de uma pol\u00edtica econ\u00f4mica internacional globalizada, centralizada e excludente. Em conclus\u00e3o, a morte de civis e inocentes \u00e9 compar\u00e1vel \u00e0 morte an\u00f4nima de trabalhadores que lutam por um futuro mais promissor longe de sua p\u00e1tria. Em ambos os casos est\u00e1 em jogo a nega\u00e7\u00e3o de uma cidadania digna, sustent\u00e1vel e solid\u00e1ria, ou, em termos positivos, a justa distribui\u00e7\u00e3o dos benef\u00edcios do progresso tecnol\u00f3gico.<\/p>\n<\/div>\n<p style=\"text-align: justify;\">&nbsp;<\/p>\n<div id=\"themify_builder_content-20222\" data-postid=\"20222\" class=\"themify_builder_content themify_builder_content-20222 themify_builder themify_builder_front\">\n\t<\/div>\n<!-- \/themify_builder_content -->","protected":false},"excerpt":{"rendered":"<p>Pe. Alfredo J. Gon\u00e7alves, CS Duas trag\u00e9dias, ambas ocorreram quase ao mesmo tempo. A primeira, na escola prim\u00e1ria de Sandy Hook, cidade de Newtown, em Connecticut, Estados Unidos: Adam Lanza, jovem de apenas 20 anos, fortemente armado, entra na sala de aula e causa um massacre de 20 crian\u00e7as e 6 adultos, incluindo a pr\u00f3pria [&hellip;]<\/p>\n","protected":false},"author":15,"featured_media":0,"comment_status":"open","ping_status":"open","sticky":false,"template":"","format":"standard","meta":{"ngg_post_thumbnail":0,"footnotes":""},"categories":[9],"tags":[],"yoast_head":"<!-- This site is optimized with the Yoast SEO plugin v23.5 - https:\/\/yoast.com\/wordpress\/plugins\/seo\/ -->\n<title>Duas trag\u00e9dias, dois pesos e duas medidas - O Arcanjo no ar<\/title>\n<meta name=\"robots\" content=\"index, follow, max-snippet:-1, max-image-preview:large, max-video-preview:-1\" \/>\n<link rel=\"canonical\" href=\"https:\/\/www.oarcanjo.net\/site\/duas-tragedias-dois-pesos-e-duas-medidas\/\" \/>\n<meta property=\"og:locale\" content=\"pt_BR\" \/>\n<meta property=\"og:type\" content=\"article\" \/>\n<meta property=\"og:title\" content=\"Duas trag\u00e9dias, dois pesos e duas medidas - O Arcanjo no ar\" \/>\n<meta property=\"og:description\" content=\"Pe. Alfredo J. Gon\u00e7alves, CS Duas trag\u00e9dias, ambas ocorreram quase ao mesmo tempo. A primeira, na escola prim\u00e1ria de Sandy Hook, cidade de Newtown, em Connecticut, Estados Unidos: Adam Lanza, jovem de apenas 20 anos, fortemente armado, entra na sala de aula e causa um massacre de 20 crian\u00e7as e 6 adultos, incluindo a pr\u00f3pria [&hellip;]\" \/>\n<meta property=\"og:url\" content=\"https:\/\/www.oarcanjo.net\/site\/duas-tragedias-dois-pesos-e-duas-medidas\/\" \/>\n<meta property=\"og:site_name\" content=\"O Arcanjo no ar\" \/>\n<meta property=\"article:publisher\" content=\"https:\/\/www.facebook.com\/OArcanjoNoAr\/\" \/>\n<meta property=\"article:published_time\" content=\"2012-12-17T00:25:33+00:00\" \/>\n<meta property=\"og:image\" content=\"https:\/\/www.oarcanjo.net\/site\/wp-content\/uploads\/logo-o-arcanjo-no-ar-facebook.png\" \/>\n\t<meta property=\"og:image:width\" content=\"300\" \/>\n\t<meta property=\"og:image:height\" content=\"300\" \/>\n\t<meta property=\"og:image:type\" content=\"image\/png\" \/>\n<meta name=\"author\" content=\"Alexandre Nunes\" \/>\n<meta name=\"twitter:card\" content=\"summary_large_image\" \/>\n<meta name=\"twitter:label1\" content=\"Escrito por\" \/>\n\t<meta name=\"twitter:data1\" content=\"Alexandre Nunes\" \/>\n\t<meta name=\"twitter:label2\" content=\"Est. tempo de leitura\" \/>\n\t<meta name=\"twitter:data2\" content=\"5 minutos\" \/>\n<script type=\"application\/ld+json\" class=\"yoast-schema-graph\">{\"@context\":\"https:\/\/schema.org\",\"@graph\":[{\"@type\":\"Article\",\"@id\":\"https:\/\/www.oarcanjo.net\/site\/duas-tragedias-dois-pesos-e-duas-medidas\/#article\",\"isPartOf\":{\"@id\":\"https:\/\/www.oarcanjo.net\/site\/duas-tragedias-dois-pesos-e-duas-medidas\/\"},\"author\":{\"name\":\"Alexandre Nunes\",\"@id\":\"https:\/\/www.oarcanjo.net\/site\/#\/schema\/person\/0a2ae077c1a09b69d29928e3b9f1c0d1\"},\"headline\":\"Duas trag\u00e9dias, dois pesos e duas medidas\",\"datePublished\":\"2012-12-17T00:25:33+00:00\",\"dateModified\":\"2012-12-17T00:25:33+00:00\",\"mainEntityOfPage\":{\"@id\":\"https:\/\/www.oarcanjo.net\/site\/duas-tragedias-dois-pesos-e-duas-medidas\/\"},\"wordCount\":1057,\"commentCount\":0,\"publisher\":{\"@id\":\"https:\/\/www.oarcanjo.net\/site\/#organization\"},\"articleSection\":[\"Reflex\u00f5es\"],\"inLanguage\":\"pt-BR\",\"potentialAction\":[{\"@type\":\"CommentAction\",\"name\":\"Comment\",\"target\":[\"https:\/\/www.oarcanjo.net\/site\/duas-tragedias-dois-pesos-e-duas-medidas\/#respond\"]}]},{\"@type\":\"WebPage\",\"@id\":\"https:\/\/www.oarcanjo.net\/site\/duas-tragedias-dois-pesos-e-duas-medidas\/\",\"url\":\"https:\/\/www.oarcanjo.net\/site\/duas-tragedias-dois-pesos-e-duas-medidas\/\",\"name\":\"Duas trag\u00e9dias, dois pesos e duas medidas - O Arcanjo no ar\",\"isPartOf\":{\"@id\":\"https:\/\/www.oarcanjo.net\/site\/#website\"},\"datePublished\":\"2012-12-17T00:25:33+00:00\",\"dateModified\":\"2012-12-17T00:25:33+00:00\",\"breadcrumb\":{\"@id\":\"https:\/\/www.oarcanjo.net\/site\/duas-tragedias-dois-pesos-e-duas-medidas\/#breadcrumb\"},\"inLanguage\":\"pt-BR\",\"potentialAction\":[{\"@type\":\"ReadAction\",\"target\":[\"https:\/\/www.oarcanjo.net\/site\/duas-tragedias-dois-pesos-e-duas-medidas\/\"]}]},{\"@type\":\"BreadcrumbList\",\"@id\":\"https:\/\/www.oarcanjo.net\/site\/duas-tragedias-dois-pesos-e-duas-medidas\/#breadcrumb\",\"itemListElement\":[{\"@type\":\"ListItem\",\"position\":1,\"name\":\"In\u00edcio\",\"item\":\"https:\/\/www.oarcanjo.net\/site\/\"},{\"@type\":\"ListItem\",\"position\":2,\"name\":\"Duas trag\u00e9dias, dois pesos e duas medidas\"}]},{\"@type\":\"WebSite\",\"@id\":\"https:\/\/www.oarcanjo.net\/site\/#website\",\"url\":\"https:\/\/www.oarcanjo.net\/site\/\",\"name\":\"O Arcanjo no ar\",\"description\":\"Site da Par\u00f3quia S\u00e3o Miguel Arcanjo (Arquidiocese de SP)\",\"publisher\":{\"@id\":\"https:\/\/www.oarcanjo.net\/site\/#organization\"},\"potentialAction\":[{\"@type\":\"SearchAction\",\"target\":{\"@type\":\"EntryPoint\",\"urlTemplate\":\"https:\/\/www.oarcanjo.net\/site\/?s={search_term_string}\"},\"query-input\":{\"@type\":\"PropertyValueSpecification\",\"valueRequired\":true,\"valueName\":\"search_term_string\"}}],\"inLanguage\":\"pt-BR\"},{\"@type\":\"Organization\",\"@id\":\"https:\/\/www.oarcanjo.net\/site\/#organization\",\"name\":\"Par\u00f3quia S\u00e3o Miguel Arcanjo\",\"url\":\"https:\/\/www.oarcanjo.net\/site\/\",\"logo\":{\"@type\":\"ImageObject\",\"inLanguage\":\"pt-BR\",\"@id\":\"https:\/\/www.oarcanjo.net\/site\/#\/schema\/logo\/image\/\",\"url\":\"https:\/\/www.oarcanjo.net\/site\/wp-content\/uploads\/LogoOArcanjo.png\",\"contentUrl\":\"https:\/\/www.oarcanjo.net\/site\/wp-content\/uploads\/LogoOArcanjo.png\",\"width\":319,\"height\":99,\"caption\":\"Par\u00f3quia S\u00e3o Miguel Arcanjo\"},\"image\":{\"@id\":\"https:\/\/www.oarcanjo.net\/site\/#\/schema\/logo\/image\/\"},\"sameAs\":[\"https:\/\/www.facebook.com\/OArcanjoNoAr\/\"]},{\"@type\":\"Person\",\"@id\":\"https:\/\/www.oarcanjo.net\/site\/#\/schema\/person\/0a2ae077c1a09b69d29928e3b9f1c0d1\",\"name\":\"Alexandre Nunes\",\"sameAs\":[\"http:\/\/alexandrenu.com\"]}]}<\/script>\n<!-- \/ Yoast SEO plugin. -->","yoast_head_json":{"title":"Duas trag\u00e9dias, dois pesos e duas medidas - O Arcanjo no ar","robots":{"index":"index","follow":"follow","max-snippet":"max-snippet:-1","max-image-preview":"max-image-preview:large","max-video-preview":"max-video-preview:-1"},"canonical":"https:\/\/www.oarcanjo.net\/site\/duas-tragedias-dois-pesos-e-duas-medidas\/","og_locale":"pt_BR","og_type":"article","og_title":"Duas trag\u00e9dias, dois pesos e duas medidas - O Arcanjo no ar","og_description":"Pe. Alfredo J. Gon\u00e7alves, CS Duas trag\u00e9dias, ambas ocorreram quase ao mesmo tempo. A primeira, na escola prim\u00e1ria de Sandy Hook, cidade de Newtown, em Connecticut, Estados Unidos: Adam Lanza, jovem de apenas 20 anos, fortemente armado, entra na sala de aula e causa um massacre de 20 crian\u00e7as e 6 adultos, incluindo a pr\u00f3pria [&hellip;]","og_url":"https:\/\/www.oarcanjo.net\/site\/duas-tragedias-dois-pesos-e-duas-medidas\/","og_site_name":"O Arcanjo no ar","article_publisher":"https:\/\/www.facebook.com\/OArcanjoNoAr\/","article_published_time":"2012-12-17T00:25:33+00:00","og_image":[{"width":300,"height":300,"url":"https:\/\/www.oarcanjo.net\/site\/wp-content\/uploads\/logo-o-arcanjo-no-ar-facebook.png","type":"image\/png"}],"author":"Alexandre Nunes","twitter_card":"summary_large_image","twitter_misc":{"Escrito por":"Alexandre Nunes","Est. tempo de leitura":"5 minutos"},"schema":{"@context":"https:\/\/schema.org","@graph":[{"@type":"Article","@id":"https:\/\/www.oarcanjo.net\/site\/duas-tragedias-dois-pesos-e-duas-medidas\/#article","isPartOf":{"@id":"https:\/\/www.oarcanjo.net\/site\/duas-tragedias-dois-pesos-e-duas-medidas\/"},"author":{"name":"Alexandre Nunes","@id":"https:\/\/www.oarcanjo.net\/site\/#\/schema\/person\/0a2ae077c1a09b69d29928e3b9f1c0d1"},"headline":"Duas trag\u00e9dias, dois pesos e duas medidas","datePublished":"2012-12-17T00:25:33+00:00","dateModified":"2012-12-17T00:25:33+00:00","mainEntityOfPage":{"@id":"https:\/\/www.oarcanjo.net\/site\/duas-tragedias-dois-pesos-e-duas-medidas\/"},"wordCount":1057,"commentCount":0,"publisher":{"@id":"https:\/\/www.oarcanjo.net\/site\/#organization"},"articleSection":["Reflex\u00f5es"],"inLanguage":"pt-BR","potentialAction":[{"@type":"CommentAction","name":"Comment","target":["https:\/\/www.oarcanjo.net\/site\/duas-tragedias-dois-pesos-e-duas-medidas\/#respond"]}]},{"@type":"WebPage","@id":"https:\/\/www.oarcanjo.net\/site\/duas-tragedias-dois-pesos-e-duas-medidas\/","url":"https:\/\/www.oarcanjo.net\/site\/duas-tragedias-dois-pesos-e-duas-medidas\/","name":"Duas trag\u00e9dias, dois pesos e duas medidas - O Arcanjo no ar","isPartOf":{"@id":"https:\/\/www.oarcanjo.net\/site\/#website"},"datePublished":"2012-12-17T00:25:33+00:00","dateModified":"2012-12-17T00:25:33+00:00","breadcrumb":{"@id":"https:\/\/www.oarcanjo.net\/site\/duas-tragedias-dois-pesos-e-duas-medidas\/#breadcrumb"},"inLanguage":"pt-BR","potentialAction":[{"@type":"ReadAction","target":["https:\/\/www.oarcanjo.net\/site\/duas-tragedias-dois-pesos-e-duas-medidas\/"]}]},{"@type":"BreadcrumbList","@id":"https:\/\/www.oarcanjo.net\/site\/duas-tragedias-dois-pesos-e-duas-medidas\/#breadcrumb","itemListElement":[{"@type":"ListItem","position":1,"name":"In\u00edcio","item":"https:\/\/www.oarcanjo.net\/site\/"},{"@type":"ListItem","position":2,"name":"Duas trag\u00e9dias, dois pesos e duas medidas"}]},{"@type":"WebSite","@id":"https:\/\/www.oarcanjo.net\/site\/#website","url":"https:\/\/www.oarcanjo.net\/site\/","name":"O Arcanjo no ar","description":"Site da Par\u00f3quia S\u00e3o Miguel Arcanjo (Arquidiocese de SP)","publisher":{"@id":"https:\/\/www.oarcanjo.net\/site\/#organization"},"potentialAction":[{"@type":"SearchAction","target":{"@type":"EntryPoint","urlTemplate":"https:\/\/www.oarcanjo.net\/site\/?s={search_term_string}"},"query-input":{"@type":"PropertyValueSpecification","valueRequired":true,"valueName":"search_term_string"}}],"inLanguage":"pt-BR"},{"@type":"Organization","@id":"https:\/\/www.oarcanjo.net\/site\/#organization","name":"Par\u00f3quia S\u00e3o Miguel Arcanjo","url":"https:\/\/www.oarcanjo.net\/site\/","logo":{"@type":"ImageObject","inLanguage":"pt-BR","@id":"https:\/\/www.oarcanjo.net\/site\/#\/schema\/logo\/image\/","url":"https:\/\/www.oarcanjo.net\/site\/wp-content\/uploads\/LogoOArcanjo.png","contentUrl":"https:\/\/www.oarcanjo.net\/site\/wp-content\/uploads\/LogoOArcanjo.png","width":319,"height":99,"caption":"Par\u00f3quia S\u00e3o Miguel Arcanjo"},"image":{"@id":"https:\/\/www.oarcanjo.net\/site\/#\/schema\/logo\/image\/"},"sameAs":["https:\/\/www.facebook.com\/OArcanjoNoAr\/"]},{"@type":"Person","@id":"https:\/\/www.oarcanjo.net\/site\/#\/schema\/person\/0a2ae077c1a09b69d29928e3b9f1c0d1","name":"Alexandre Nunes","sameAs":["http:\/\/alexandrenu.com"]}]}},"publishpress_future_action":{"enabled":false,"date":"2026-05-09 08:04:38","action":"category","newStatus":"draft","terms":[],"taxonomy":"category"},"publishpress_future_workflow_manual_trigger":{"enabledWorkflows":[]},"_links":{"self":[{"href":"https:\/\/www.oarcanjo.net\/site\/wp-json\/wp\/v2\/posts\/20222"}],"collection":[{"href":"https:\/\/www.oarcanjo.net\/site\/wp-json\/wp\/v2\/posts"}],"about":[{"href":"https:\/\/www.oarcanjo.net\/site\/wp-json\/wp\/v2\/types\/post"}],"author":[{"embeddable":true,"href":"https:\/\/www.oarcanjo.net\/site\/wp-json\/wp\/v2\/users\/15"}],"replies":[{"embeddable":true,"href":"https:\/\/www.oarcanjo.net\/site\/wp-json\/wp\/v2\/comments?post=20222"}],"version-history":[{"count":0,"href":"https:\/\/www.oarcanjo.net\/site\/wp-json\/wp\/v2\/posts\/20222\/revisions"}],"wp:attachment":[{"href":"https:\/\/www.oarcanjo.net\/site\/wp-json\/wp\/v2\/media?parent=20222"}],"wp:term":[{"taxonomy":"category","embeddable":true,"href":"https:\/\/www.oarcanjo.net\/site\/wp-json\/wp\/v2\/categories?post=20222"},{"taxonomy":"post_tag","embeddable":true,"href":"https:\/\/www.oarcanjo.net\/site\/wp-json\/wp\/v2\/tags?post=20222"}],"curies":[{"name":"wp","href":"https:\/\/api.w.org\/{rel}","templated":true}]}}