
{"id":20227,"date":"2012-12-17T10:17:20","date_gmt":"2012-12-17T12:17:20","guid":{"rendered":"http:\/\/www.oarcanjo.net\/site\/?p=20227"},"modified":"2012-12-17T10:18:01","modified_gmt":"2012-12-17T12:18:01","slug":"almoco-de-natal-da-comunidade-sao-martinho-sera-sexta-feira-dia-21","status":"publish","type":"post","link":"https:\/\/www.oarcanjo.net\/site\/almoco-de-natal-da-comunidade-sao-martinho-sera-sexta-feira-dia-21\/","title":{"rendered":"Almo\u00e7o de Natal da Comunidade S\u00e3o Martinho ser\u00e1 sexta-feira, dia 21"},"content":{"rendered":"<p>O tradicional almo\u00e7o de Natal do povo da rua ser\u00e1 na pr\u00f3xima sexta-feira, 21\/12, na Comunidade S\u00e3o Martinho, embaixo do Viaduto Guadalajara, no Bel\u00e9m. A comunidade S\u00e3o Miguel \u00e9 convidada a colaborar com frango, dinheiro e participando do evento. Veja mais detalhes nos avisos da semana:<\/p>\n<p><iframe loading=\"lazy\" width=\"560\" height=\"315\" src=\"http:\/\/www.youtube.com\/embed\/5reWv86s8uw?rel=0\" frameborder=\"0\" allowfullscreen><\/iframe><\/p>\n<p>No final da missa, o Pe. Julio refor\u00e7ou o sentido do Natal e a comunidade cantou:<\/p>\n<p><iframe loading=\"lazy\" width=\"560\" height=\"315\" src=\"http:\/\/www.youtube.com\/embed\/QHP-a8bXFyo?rel=0\" frameborder=\"0\" allowfullscreen><\/iframe><\/p>\n<div id=\"themify_builder_content-20227\" data-postid=\"20227\" class=\"themify_builder_content themify_builder_content-20227 themify_builder themify_builder_front\">\n\t<\/div>\n<!-- \/themify_builder_content -->","protected":false},"excerpt":{"rendered":"<p>O tradicional almo\u00e7o de Natal do povo da rua ser\u00e1 na pr\u00f3xima sexta-feira, 21\/12, na Comunidade S\u00e3o Martinho, embaixo do Viaduto Guadalajara, no Bel\u00e9m. A comunidade S\u00e3o Miguel \u00e9 convidada a colaborar com frango, dinheiro e participando do evento. Veja mais detalhes nos avisos da semana: No final da missa, o Pe. Julio refor\u00e7ou o [&hellip;]<\/p>\n","protected":false},"author":5,"featured_media":0,"comment_status":"open","ping_status":"open","sticky":false,"template":"","format":"standard","meta":{"ngg_post_thumbnail":0,"footnotes":""},"categories":[476,8],"tags":[108,2141,1367,60,91],"yoast_head":"<!-- This site is optimized with the Yoast SEO plugin v23.5 - https:\/\/yoast.com\/wordpress\/plugins\/seo\/ -->\n<title>Almo\u00e7o de Natal da Comunidade S\u00e3o Martinho ser\u00e1 sexta-feira, dia 21 - O Arcanjo no ar<\/title>\n<meta name=\"robots\" content=\"index, follow, max-snippet:-1, max-image-preview:large, max-video-preview:-1\" \/>\n<link rel=\"canonical\" href=\"https:\/\/www.oarcanjo.net\/site\/almoco-de-natal-da-comunidade-sao-martinho-sera-sexta-feira-dia-21\/\" \/>\n<meta property=\"og:locale\" content=\"pt_BR\" \/>\n<meta property=\"og:type\" content=\"article\" \/>\n<meta property=\"og:title\" content=\"Almo\u00e7o de Natal da Comunidade S\u00e3o Martinho ser\u00e1 sexta-feira, dia 21 - O Arcanjo no ar\" \/>\n<meta property=\"og:description\" content=\"O tradicional almo\u00e7o de Natal do povo da rua ser\u00e1 na pr\u00f3xima sexta-feira, 21\/12, na Comunidade S\u00e3o Martinho, embaixo do Viaduto Guadalajara, no Bel\u00e9m. A comunidade S\u00e3o Miguel \u00e9 convidada a colaborar com frango, dinheiro e participando do evento. Veja mais detalhes nos avisos da semana: No final da missa, o Pe. Julio refor\u00e7ou o [&hellip;]\" \/>\n<meta property=\"og:url\" content=\"https:\/\/www.oarcanjo.net\/site\/almoco-de-natal-da-comunidade-sao-martinho-sera-sexta-feira-dia-21\/\" \/>\n<meta property=\"og:site_name\" content=\"O Arcanjo no ar\" \/>\n<meta property=\"article:publisher\" content=\"https:\/\/www.facebook.com\/OArcanjoNoAr\/\" \/>\n<meta property=\"article:published_time\" content=\"2012-12-17T12:17:20+00:00\" \/>\n<meta property=\"article:modified_time\" content=\"2012-12-17T12:18:01+00:00\" \/>\n<meta property=\"og:image\" content=\"https:\/\/www.oarcanjo.net\/site\/wp-content\/uploads\/logo-o-arcanjo-no-ar-facebook.png\" \/>\n\t<meta property=\"og:image:width\" content=\"300\" \/>\n\t<meta property=\"og:image:height\" content=\"300\" \/>\n\t<meta property=\"og:image:type\" content=\"image\/png\" \/>\n<meta name=\"author\" content=\"editor\" \/>\n<meta name=\"twitter:card\" content=\"summary_large_image\" \/>\n<meta name=\"twitter:label1\" content=\"Escrito por\" \/>\n\t<meta name=\"twitter:data1\" content=\"editor\" \/>\n<script type=\"application\/ld+json\" class=\"yoast-schema-graph\">{\"@context\":\"https:\/\/schema.org\",\"@graph\":[{\"@type\":\"Article\",\"@id\":\"https:\/\/www.oarcanjo.net\/site\/almoco-de-natal-da-comunidade-sao-martinho-sera-sexta-feira-dia-21\/#article\",\"isPartOf\":{\"@id\":\"https:\/\/www.oarcanjo.net\/site\/almoco-de-natal-da-comunidade-sao-martinho-sera-sexta-feira-dia-21\/\"},\"author\":{\"name\":\"editor\",\"@id\":\"https:\/\/www.oarcanjo.net\/site\/#\/schema\/person\/f7024d007863202483a31326673a0838\"},\"headline\":\"Almo\u00e7o de Natal da Comunidade S\u00e3o Martinho ser\u00e1 sexta-feira, dia 21\",\"datePublished\":\"2012-12-17T12:17:20+00:00\",\"dateModified\":\"2012-12-17T12:18:01+00:00\",\"mainEntityOfPage\":{\"@id\":\"https:\/\/www.oarcanjo.net\/site\/almoco-de-natal-da-comunidade-sao-martinho-sera-sexta-feira-dia-21\/\"},\"wordCount\":78,\"commentCount\":0,\"publisher\":{\"@id\":\"https:\/\/www.oarcanjo.net\/site\/#organization\"},\"keywords\":[\"Advento\",\"Comunidade S\u00e3o Martinho\",\"Menino Jesus\",\"natal\",\"povo da rua\"],\"articleSection\":[\"Avisos\",\"Not\u00edcias\"],\"inLanguage\":\"pt-BR\",\"potentialAction\":[{\"@type\":\"CommentAction\",\"name\":\"Comment\",\"target\":[\"https:\/\/www.oarcanjo.net\/site\/almoco-de-natal-da-comunidade-sao-martinho-sera-sexta-feira-dia-21\/#respond\"]}]},{\"@type\":\"WebPage\",\"@id\":\"https:\/\/www.oarcanjo.net\/site\/almoco-de-natal-da-comunidade-sao-martinho-sera-sexta-feira-dia-21\/\",\"url\":\"https:\/\/www.oarcanjo.net\/site\/almoco-de-natal-da-comunidade-sao-martinho-sera-sexta-feira-dia-21\/\",\"name\":\"Almo\u00e7o de Natal da Comunidade S\u00e3o Martinho ser\u00e1 sexta-feira, dia 21 - O Arcanjo no ar\",\"isPartOf\":{\"@id\":\"https:\/\/www.oarcanjo.net\/site\/#website\"},\"datePublished\":\"2012-12-17T12:17:20+00:00\",\"dateModified\":\"2012-12-17T12:18:01+00:00\",\"breadcrumb\":{\"@id\":\"https:\/\/www.oarcanjo.net\/site\/almoco-de-natal-da-comunidade-sao-martinho-sera-sexta-feira-dia-21\/#breadcrumb\"},\"inLanguage\":\"pt-BR\",\"potentialAction\":[{\"@type\":\"ReadAction\",\"target\":[\"https:\/\/www.oarcanjo.net\/site\/almoco-de-natal-da-comunidade-sao-martinho-sera-sexta-feira-dia-21\/\"]}]},{\"@type\":\"BreadcrumbList\",\"@id\":\"https:\/\/www.oarcanjo.net\/site\/almoco-de-natal-da-comunidade-sao-martinho-sera-sexta-feira-dia-21\/#breadcrumb\",\"itemListElement\":[{\"@type\":\"ListItem\",\"position\":1,\"name\":\"In\u00edcio\",\"item\":\"https:\/\/www.oarcanjo.net\/site\/\"},{\"@type\":\"ListItem\",\"position\":2,\"name\":\"Almo\u00e7o de Natal da Comunidade S\u00e3o Martinho ser\u00e1 sexta-feira, dia 21\"}]},{\"@type\":\"WebSite\",\"@id\":\"https:\/\/www.oarcanjo.net\/site\/#website\",\"url\":\"https:\/\/www.oarcanjo.net\/site\/\",\"name\":\"O Arcanjo no ar\",\"description\":\"Site da Par\u00f3quia S\u00e3o Miguel Arcanjo (Arquidiocese de SP)\",\"publisher\":{\"@id\":\"https:\/\/www.oarcanjo.net\/site\/#organization\"},\"potentialAction\":[{\"@type\":\"SearchAction\",\"target\":{\"@type\":\"EntryPoint\",\"urlTemplate\":\"https:\/\/www.oarcanjo.net\/site\/?s={search_term_string}\"},\"query-input\":{\"@type\":\"PropertyValueSpecification\",\"valueRequired\":true,\"valueName\":\"search_term_string\"}}],\"inLanguage\":\"pt-BR\"},{\"@type\":\"Organization\",\"@id\":\"https:\/\/www.oarcanjo.net\/site\/#organization\",\"name\":\"Par\u00f3quia S\u00e3o Miguel Arcanjo\",\"url\":\"https:\/\/www.oarcanjo.net\/site\/\",\"logo\":{\"@type\":\"ImageObject\",\"inLanguage\":\"pt-BR\",\"@id\":\"https:\/\/www.oarcanjo.net\/site\/#\/schema\/logo\/image\/\",\"url\":\"https:\/\/www.oarcanjo.net\/site\/wp-content\/uploads\/LogoOArcanjo.png\",\"contentUrl\":\"https:\/\/www.oarcanjo.net\/site\/wp-content\/uploads\/LogoOArcanjo.png\",\"width\":319,\"height\":99,\"caption\":\"Par\u00f3quia S\u00e3o Miguel Arcanjo\"},\"image\":{\"@id\":\"https:\/\/www.oarcanjo.net\/site\/#\/schema\/logo\/image\/\"},\"sameAs\":[\"https:\/\/www.facebook.com\/OArcanjoNoAr\/\"]},{\"@type\":\"Person\",\"@id\":\"https:\/\/www.oarcanjo.net\/site\/#\/schema\/person\/f7024d007863202483a31326673a0838\",\"name\":\"editor\",\"sameAs\":[\"http:\/\/www.oarcanjo.net\"]}]}<\/script>\n<!-- \/ Yoast SEO plugin. -->","yoast_head_json":{"title":"Almo\u00e7o de Natal da Comunidade S\u00e3o Martinho ser\u00e1 sexta-feira, dia 21 - O Arcanjo no ar","robots":{"index":"index","follow":"follow","max-snippet":"max-snippet:-1","max-image-preview":"max-image-preview:large","max-video-preview":"max-video-preview:-1"},"canonical":"https:\/\/www.oarcanjo.net\/site\/almoco-de-natal-da-comunidade-sao-martinho-sera-sexta-feira-dia-21\/","og_locale":"pt_BR","og_type":"article","og_title":"Almo\u00e7o de Natal da Comunidade S\u00e3o Martinho ser\u00e1 sexta-feira, dia 21 - O Arcanjo no ar","og_description":"O tradicional almo\u00e7o de Natal do povo da rua ser\u00e1 na pr\u00f3xima sexta-feira, 21\/12, na Comunidade S\u00e3o Martinho, embaixo do Viaduto Guadalajara, no Bel\u00e9m. A comunidade S\u00e3o Miguel \u00e9 convidada a colaborar com frango, dinheiro e participando do evento. Veja mais detalhes nos avisos da semana: No final da missa, o Pe. Julio refor\u00e7ou o [&hellip;]","og_url":"https:\/\/www.oarcanjo.net\/site\/almoco-de-natal-da-comunidade-sao-martinho-sera-sexta-feira-dia-21\/","og_site_name":"O Arcanjo no ar","article_publisher":"https:\/\/www.facebook.com\/OArcanjoNoAr\/","article_published_time":"2012-12-17T12:17:20+00:00","article_modified_time":"2012-12-17T12:18:01+00:00","og_image":[{"width":300,"height":300,"url":"https:\/\/www.oarcanjo.net\/site\/wp-content\/uploads\/logo-o-arcanjo-no-ar-facebook.png","type":"image\/png"}],"author":"editor","twitter_card":"summary_large_image","twitter_misc":{"Escrito por":"editor"},"schema":{"@context":"https:\/\/schema.org","@graph":[{"@type":"Article","@id":"https:\/\/www.oarcanjo.net\/site\/almoco-de-natal-da-comunidade-sao-martinho-sera-sexta-feira-dia-21\/#article","isPartOf":{"@id":"https:\/\/www.oarcanjo.net\/site\/almoco-de-natal-da-comunidade-sao-martinho-sera-sexta-feira-dia-21\/"},"author":{"name":"editor","@id":"https:\/\/www.oarcanjo.net\/site\/#\/schema\/person\/f7024d007863202483a31326673a0838"},"headline":"Almo\u00e7o de Natal da Comunidade S\u00e3o Martinho ser\u00e1 sexta-feira, dia 21","datePublished":"2012-12-17T12:17:20+00:00","dateModified":"2012-12-17T12:18:01+00:00","mainEntityOfPage":{"@id":"https:\/\/www.oarcanjo.net\/site\/almoco-de-natal-da-comunidade-sao-martinho-sera-sexta-feira-dia-21\/"},"wordCount":78,"commentCount":0,"publisher":{"@id":"https:\/\/www.oarcanjo.net\/site\/#organization"},"keywords":["Advento","Comunidade S\u00e3o Martinho","Menino Jesus","natal","povo da rua"],"articleSection":["Avisos","Not\u00edcias"],"inLanguage":"pt-BR","potentialAction":[{"@type":"CommentAction","name":"Comment","target":["https:\/\/www.oarcanjo.net\/site\/almoco-de-natal-da-comunidade-sao-martinho-sera-sexta-feira-dia-21\/#respond"]}]},{"@type":"WebPage","@id":"https:\/\/www.oarcanjo.net\/site\/almoco-de-natal-da-comunidade-sao-martinho-sera-sexta-feira-dia-21\/","url":"https:\/\/www.oarcanjo.net\/site\/almoco-de-natal-da-comunidade-sao-martinho-sera-sexta-feira-dia-21\/","name":"Almo\u00e7o de Natal da Comunidade S\u00e3o Martinho ser\u00e1 sexta-feira, dia 21 - O Arcanjo no ar","isPartOf":{"@id":"https:\/\/www.oarcanjo.net\/site\/#website"},"datePublished":"2012-12-17T12:17:20+00:00","dateModified":"2012-12-17T12:18:01+00:00","breadcrumb":{"@id":"https:\/\/www.oarcanjo.net\/site\/almoco-de-natal-da-comunidade-sao-martinho-sera-sexta-feira-dia-21\/#breadcrumb"},"inLanguage":"pt-BR","potentialAction":[{"@type":"ReadAction","target":["https:\/\/www.oarcanjo.net\/site\/almoco-de-natal-da-comunidade-sao-martinho-sera-sexta-feira-dia-21\/"]}]},{"@type":"BreadcrumbList","@id":"https:\/\/www.oarcanjo.net\/site\/almoco-de-natal-da-comunidade-sao-martinho-sera-sexta-feira-dia-21\/#breadcrumb","itemListElement":[{"@type":"ListItem","position":1,"name":"In\u00edcio","item":"https:\/\/www.oarcanjo.net\/site\/"},{"@type":"ListItem","position":2,"name":"Almo\u00e7o de Natal da Comunidade S\u00e3o Martinho ser\u00e1 sexta-feira, dia 21"}]},{"@type":"WebSite","@id":"https:\/\/www.oarcanjo.net\/site\/#website","url":"https:\/\/www.oarcanjo.net\/site\/","name":"O Arcanjo no ar","description":"Site da Par\u00f3quia S\u00e3o Miguel Arcanjo (Arquidiocese de SP)","publisher":{"@id":"https:\/\/www.oarcanjo.net\/site\/#organization"},"potentialAction":[{"@type":"SearchAction","target":{"@type":"EntryPoint","urlTemplate":"https:\/\/www.oarcanjo.net\/site\/?s={search_term_string}"},"query-input":{"@type":"PropertyValueSpecification","valueRequired":true,"valueName":"search_term_string"}}],"inLanguage":"pt-BR"},{"@type":"Organization","@id":"https:\/\/www.oarcanjo.net\/site\/#organization","name":"Par\u00f3quia S\u00e3o Miguel Arcanjo","url":"https:\/\/www.oarcanjo.net\/site\/","logo":{"@type":"ImageObject","inLanguage":"pt-BR","@id":"https:\/\/www.oarcanjo.net\/site\/#\/schema\/logo\/image\/","url":"https:\/\/www.oarcanjo.net\/site\/wp-content\/uploads\/LogoOArcanjo.png","contentUrl":"https:\/\/www.oarcanjo.net\/site\/wp-content\/uploads\/LogoOArcanjo.png","width":319,"height":99,"caption":"Par\u00f3quia S\u00e3o Miguel Arcanjo"},"image":{"@id":"https:\/\/www.oarcanjo.net\/site\/#\/schema\/logo\/image\/"},"sameAs":["https:\/\/www.facebook.com\/OArcanjoNoAr\/"]},{"@type":"Person","@id":"https:\/\/www.oarcanjo.net\/site\/#\/schema\/person\/f7024d007863202483a31326673a0838","name":"editor","sameAs":["http:\/\/www.oarcanjo.net"]}]}},"publishpress_future_action":{"enabled":false,"date":"2026-05-09 07:23:57","action":"category","newStatus":"draft","terms":[],"taxonomy":"category"},"publishpress_future_workflow_manual_trigger":{"enabledWorkflows":[]},"_links":{"self":[{"href":"https:\/\/www.oarcanjo.net\/site\/wp-json\/wp\/v2\/posts\/20227"}],"collection":[{"href":"https:\/\/www.oarcanjo.net\/site\/wp-json\/wp\/v2\/posts"}],"about":[{"href":"https:\/\/www.oarcanjo.net\/site\/wp-json\/wp\/v2\/types\/post"}],"author":[{"embeddable":true,"href":"https:\/\/www.oarcanjo.net\/site\/wp-json\/wp\/v2\/users\/5"}],"replies":[{"embeddable":true,"href":"https:\/\/www.oarcanjo.net\/site\/wp-json\/wp\/v2\/comments?post=20227"}],"version-history":[{"count":0,"href":"https:\/\/www.oarcanjo.net\/site\/wp-json\/wp\/v2\/posts\/20227\/revisions"}],"wp:attachment":[{"href":"https:\/\/www.oarcanjo.net\/site\/wp-json\/wp\/v2\/media?parent=20227"}],"wp:term":[{"taxonomy":"category","embeddable":true,"href":"https:\/\/www.oarcanjo.net\/site\/wp-json\/wp\/v2\/categories?post=20227"},{"taxonomy":"post_tag","embeddable":true,"href":"https:\/\/www.oarcanjo.net\/site\/wp-json\/wp\/v2\/tags?post=20227"}],"curies":[{"name":"wp","href":"https:\/\/api.w.org\/{rel}","templated":true}]}}