
{"id":20228,"date":"2012-12-17T10:05:19","date_gmt":"2012-12-17T12:05:19","guid":{"rendered":"http:\/\/www.oarcanjo.net\/site\/?p=20228"},"modified":"2012-12-17T10:21:09","modified_gmt":"2012-12-17T12:21:09","slug":"familias-missionarias-fonte-de-vida-e-comunhao-para-a-missao","status":"publish","type":"post","link":"https:\/\/www.oarcanjo.net\/site\/familias-missionarias-fonte-de-vida-e-comunhao-para-a-missao\/","title":{"rendered":"Fam\u00edlias Mission\u00e1rias, fonte de vida e comunh\u00e3o para a Miss\u00e3o"},"content":{"rendered":"<p>Jaime C. Patias<\/p>\n<p><img loading=\"lazy\" decoding=\"async\" src=\"http:\/\/www.revistamissoes.org.br\/public\/tbnail\/?c=false&amp;w=610&amp;h=407&amp;f=..\/..\/\/public\/images\/mcefiles\/images\/1.familias_missionarias.jpg\" border=\"0\" alt=\"\" width=\"400\" height=\"266\" \/><\/p>\n<p>Promover a consci\u00eancia da miss\u00e3o universal nas fam\u00edlias e despertar voca\u00e7\u00f5es mission\u00e1rias comprometidas com o an\u00fancio do Evangelho e a favor da Vida, s\u00e3o os principais objetivos das Fam\u00edlias Mission\u00e1rias, uma das atividades coordenadas pela Pontif\u00edcia Obra da Propaga\u00e7\u00e3o da F\u00e9 (POPF).<\/p>\n<p>Na 5\u00aa Assembleia Nacional da Obra que acontece entre os dias 13 e 16, em Bras\u00edlia (DF), as Fam\u00edlias Mission\u00e1rias est\u00e3o representadas por dois casais: Elaine Nayara Dantas e Randencl\u00e9cio de Souza Xavier, de Natal (RN), e Irene Lima Batista e Mois\u00e9s C\u00e2ndido Batista residentes no Gama (DF).<\/p>\n<p><img loading=\"lazy\" decoding=\"async\" src=\"http:\/\/www.revistamissoes.org.br\/public\/tbnail\/?c=false&amp;w=185&amp;h=193&amp;f=..\/..\/\/public\/images\/mcefiles\/images\/1.randenclecio.jpg\" alt=\"\" width=\"185\" height=\"193\" \/><\/p>\n<p>Em 2012 foram realizados dois encontros em Bras\u00edlia, com a participa\u00e7\u00e3o de oito casais para formular uma proposta de trabalho para formar grupos de Fam\u00edlias Mission\u00e1rias no Brasil. &#8220;O projeto ainda est\u00e1 em constru\u00e7\u00e3o e foi elaborado a\u00a0partir das experi\u00eancias com a Inf\u00e2ncia e Adolesc\u00eancia Mission\u00e1ria&#8221;, explicou Randencl\u00e9cio de Souza. &#8220;Vale a penas a gente somar nessa ideia&#8221;, completou para, em seguida, apresentar o tema: &#8220;Fam\u00edlias Mission\u00e1rias: Fonte de Vida e Comunh\u00e3o&#8221;, e lema: &#8220;Fam\u00edlias em miss\u00e3o, vidas em doa\u00e7\u00e3o!&#8221;.<\/p>\n<p>&#8220;Muitas vezes temos as crian\u00e7as, os adolescentes e jovens envolvidos com a miss\u00e3o, mas os pais, as tias, as av\u00f3s ficam em casa assistindo tele novelas. S\u00e3o essas pessoas que as Fam\u00edlias Mission\u00e1rias querem atingir de forma direta&#8221;, destacou Randencl\u00e9cio. &#8220;N\u00e3o se trata de trabalhar com casais, mas com a fam\u00edlia num sentido mais amplo, nas diversas situa\u00e7\u00f5es. Este ser\u00e1 o nosso diferencial&#8221;.<\/p>\n<p>Na pr\u00e1tica a ideia \u00e9 formar grupos de at\u00e9 sete fam\u00edlias que no decorrer do m\u00eas ter\u00e3o uma reuni\u00e3o de forma\u00e7\u00e3o. O material tem\u00e1tico ser\u00e1 oferecido pelo Secretariado Nacional da Pontif\u00edcia Obra da Propaga\u00e7\u00e3o da F\u00e9, sob a coordena\u00e7\u00e3o do padre Marcelo Gualberto Monteiro, o secret\u00e1rio nacional da Obra. No decorrer do m\u00eas cada Fam\u00edlia Mission\u00e1ria \u00e9 convidada a viver os compromissos mission\u00e1rios propostos pela Pontif\u00edcia Obra da Propaga\u00e7\u00e3o da F\u00e9, incluindo uma auto avalia\u00e7\u00e3o de como foi a viv\u00eancia familiar naquele m\u00eas.<\/p>\n<p>Fortalecer as fam\u00edlias mission\u00e1rias a viver em estado permanente de miss\u00e3o, realizar encontros das fam\u00edlias mission\u00e1rias refletir e partilhar, desenvolver atividades de forma\u00e7\u00e3o e anima\u00e7\u00e3o mission\u00e1ria, despertar nas fam\u00edlias a voca\u00e7\u00e3o mission\u00e1ria al\u00e9m-fronteira e ad gentes, s\u00e3o alguns dos objetivos espec\u00edficos da atividade.<\/p>\n<p>O s\u00edmbolo escolhido \u00e9 o da Sagrada Fam\u00edlia Peregrina que, segundo o padre Marcelo, recorda o envio mission\u00e1rio. &#8220;Assim como Jos\u00e9 foi enviado por Deus para o Egito com a finalidade de salvar o Menino e sua M\u00e3e, para que a Miss\u00e3o aconte\u00e7a \u00e9 necess\u00e1rio o envio divino&#8221;, explicou.<\/p>\n<p>Quanto \u00e0 organiza\u00e7\u00e3o, cada grupo de Fam\u00edlias Mission\u00e1rias deve ter um casal coordenador para animar e distribuir as tarefas do grupo e ainda um casal assessor.<\/p>\n<p>O projeto prev\u00ea tamb\u00e9m uma celebra\u00e7\u00e3o mensal realizada em uma das casas reunindo as fam\u00edlias do grupo bem como aquelas visitadas durante o m\u00eas. Durante a celebra\u00e7\u00e3o haver\u00e1 um ofert\u00f3rio para a coopera\u00e7\u00e3o mission\u00e1ria, onde as fam\u00edlias do grupo far\u00e3o sua oferta. Ap\u00f3s a celebra\u00e7\u00e3o, para viver a fraternidade, a proposta \u00e9 fazer uma partilha com os alimentos que cada fam\u00edlia trouxer para o encontro.<\/p>\n<p><img loading=\"lazy\" decoding=\"async\" src=\"http:\/\/www.revistamissoes.org.br\/public\/tbnail\/?c=false&amp;w=196&amp;h=200&amp;f=..\/..\/\/public\/images\/mcefiles\/images\/1familiadsc_0056.jpg\" alt=\"\" width=\"196\" height=\"200\" \/><\/p>\n<p>&#8220;Para 2013 esperamos alcan\u00e7ar muitas fam\u00edlias. \u00c9 preciso seguir o exemplo da Sagrada Fam\u00edlia por que os nossas lares hoje est\u00e3o necessitadas do an\u00fancio do Evangelho. Acreditamos que a metodologia proposta vai atingir esse objetivo por que come\u00e7a com as fam\u00edlias das crian\u00e7as da IAM e da Juventude Mission\u00e1ria, expandindo-se para outras fam\u00edlias. As portas est\u00e3o abertas para o nosso trabalho&#8221;, avalia Mois\u00e9s C\u00e2ndido Batista.<\/p>\n<p>A Pontif\u00edcia Obra da Propaga\u00e7\u00e3o da F\u00e9 acompanha quatro atividades: Fam\u00edlias, Idosos, Enfermos e Juventude Mission\u00e1ria. A Assembleia re\u00fane na sede das Pontif\u00edcias Obras Mission\u00e1rias, 40 pessoas representantes dessas atividades em todo o Brasil.<\/p>\n<p><strong>Leia tamb\u00e9m:<\/strong><br \/>\n<a href=\"http:\/\/www.revistamissoes.org.br\/noticias\/ler\/id\/6165\">Enfermos e idosos contribuem para a propaga\u00e7\u00e3o da f\u00e9<\/a><br \/>\n<a href=\"http:\/\/www.revistamissoes.org.br\/noticias\/ler\/id\/6164\">Projetos para 2013 na pauta da 5\u00aa Assembleia da Propaga\u00e7\u00e3o da F\u00e9<\/a><br \/>\n<a href=\"http:\/\/www.revistamissoes.org.br\/noticias\/ler\/id\/6162\">Juventude Mission\u00e1ria avalia caminhada e aponta desafios<\/a><br \/>\n<a href=\"http:\/\/www.revistamissoes.org.br\/noticias\/ler\/id\/6161\">Dom Leonardo Ulrich Steiner: Precisamos ser disc\u00edpulos-mission\u00e1rios para o mundo\u201d<\/a><br \/>\n<a href=\"http:\/\/www.revistamissoes.org.br\/noticias\/ler\/id\/6157\">Come\u00e7a, em Bras\u00edlia, a 5\u00aa Assembleia Nacional da Pontif\u00edcia Obra da Propaga\u00e7\u00e3o da F\u00e9<\/a><\/p>\n<p><em>Fonte: www.pom.org.br<\/em><br \/>\nPostado por\u00a0<a title=\"author profile\" rel=\"author\" href=\"http:\/\/www.blogger.com\/profile\/12037961757835243213\">Par\u00f3quia de Santo Afonso<\/a><\/p>\n<div id=\"themify_builder_content-20228\" data-postid=\"20228\" class=\"themify_builder_content themify_builder_content-20228 themify_builder themify_builder_front\">\n\t<\/div>\n<!-- \/themify_builder_content -->","protected":false},"excerpt":{"rendered":"<p>Jaime C. Patias Promover a consci\u00eancia da miss\u00e3o universal nas fam\u00edlias e despertar voca\u00e7\u00f5es mission\u00e1rias comprometidas com o an\u00fancio do Evangelho e a favor da Vida, s\u00e3o os principais objetivos das Fam\u00edlias Mission\u00e1rias, uma das atividades coordenadas pela Pontif\u00edcia Obra da Propaga\u00e7\u00e3o da F\u00e9 (POPF). Na 5\u00aa Assembleia Nacional da Obra que acontece entre os [&hellip;]<\/p>\n","protected":false},"author":17,"featured_media":0,"comment_status":"open","ping_status":"open","sticky":false,"template":"","format":"standard","meta":{"ngg_post_thumbnail":0,"footnotes":""},"categories":[8],"tags":[],"yoast_head":"<!-- This site is optimized with the Yoast SEO plugin v23.5 - https:\/\/yoast.com\/wordpress\/plugins\/seo\/ -->\n<title>Fam\u00edlias Mission\u00e1rias, fonte de vida e comunh\u00e3o para a Miss\u00e3o - O Arcanjo no ar<\/title>\n<meta name=\"robots\" content=\"index, follow, max-snippet:-1, max-image-preview:large, max-video-preview:-1\" \/>\n<link rel=\"canonical\" href=\"https:\/\/www.oarcanjo.net\/site\/familias-missionarias-fonte-de-vida-e-comunhao-para-a-missao\/\" \/>\n<meta property=\"og:locale\" content=\"pt_BR\" \/>\n<meta property=\"og:type\" content=\"article\" \/>\n<meta property=\"og:title\" content=\"Fam\u00edlias Mission\u00e1rias, fonte de vida e comunh\u00e3o para a Miss\u00e3o - O Arcanjo no ar\" \/>\n<meta property=\"og:description\" content=\"Jaime C. Patias Promover a consci\u00eancia da miss\u00e3o universal nas fam\u00edlias e despertar voca\u00e7\u00f5es mission\u00e1rias comprometidas com o an\u00fancio do Evangelho e a favor da Vida, s\u00e3o os principais objetivos das Fam\u00edlias Mission\u00e1rias, uma das atividades coordenadas pela Pontif\u00edcia Obra da Propaga\u00e7\u00e3o da F\u00e9 (POPF). Na 5\u00aa Assembleia Nacional da Obra que acontece entre os [&hellip;]\" \/>\n<meta property=\"og:url\" content=\"https:\/\/www.oarcanjo.net\/site\/familias-missionarias-fonte-de-vida-e-comunhao-para-a-missao\/\" \/>\n<meta property=\"og:site_name\" content=\"O Arcanjo no ar\" \/>\n<meta property=\"article:publisher\" content=\"https:\/\/www.facebook.com\/OArcanjoNoAr\/\" \/>\n<meta property=\"article:published_time\" content=\"2012-12-17T12:05:19+00:00\" \/>\n<meta property=\"article:modified_time\" content=\"2012-12-17T12:21:09+00:00\" \/>\n<meta property=\"og:image\" content=\"http:\/\/www.revistamissoes.org.br\/public\/tbnail\/?c=false&amp;w=610&amp;h=407&amp;f=..\/..\/\/public\/images\/mcefiles\/images\/1.familias_missionarias.jpg\" \/>\n<meta name=\"author\" content=\"pe.geovane\" \/>\n<meta name=\"twitter:card\" content=\"summary_large_image\" \/>\n<meta name=\"twitter:label1\" content=\"Escrito por\" \/>\n\t<meta name=\"twitter:data1\" content=\"pe.geovane\" \/>\n\t<meta name=\"twitter:label2\" content=\"Est. tempo de leitura\" \/>\n\t<meta name=\"twitter:data2\" content=\"4 minutos\" \/>\n<script type=\"application\/ld+json\" class=\"yoast-schema-graph\">{\"@context\":\"https:\/\/schema.org\",\"@graph\":[{\"@type\":\"Article\",\"@id\":\"https:\/\/www.oarcanjo.net\/site\/familias-missionarias-fonte-de-vida-e-comunhao-para-a-missao\/#article\",\"isPartOf\":{\"@id\":\"https:\/\/www.oarcanjo.net\/site\/familias-missionarias-fonte-de-vida-e-comunhao-para-a-missao\/\"},\"author\":{\"name\":\"pe.geovane\",\"@id\":\"https:\/\/www.oarcanjo.net\/site\/#\/schema\/person\/58d7f78850a973b8e467c7ae4a7eb4ad\"},\"headline\":\"Fam\u00edlias Mission\u00e1rias, fonte de vida e comunh\u00e3o para a Miss\u00e3o\",\"datePublished\":\"2012-12-17T12:05:19+00:00\",\"dateModified\":\"2012-12-17T12:21:09+00:00\",\"mainEntityOfPage\":{\"@id\":\"https:\/\/www.oarcanjo.net\/site\/familias-missionarias-fonte-de-vida-e-comunhao-para-a-missao\/\"},\"wordCount\":797,\"commentCount\":0,\"publisher\":{\"@id\":\"https:\/\/www.oarcanjo.net\/site\/#organization\"},\"image\":{\"@id\":\"https:\/\/www.oarcanjo.net\/site\/familias-missionarias-fonte-de-vida-e-comunhao-para-a-missao\/#primaryimage\"},\"thumbnailUrl\":\"http:\/\/www.revistamissoes.org.br\/public\/tbnail\/?c=false&amp;w=610&amp;h=407&amp;f=..\/..\/\/public\/images\/mcefiles\/images\/1.familias_missionarias.jpg\",\"articleSection\":[\"Not\u00edcias\"],\"inLanguage\":\"pt-BR\",\"potentialAction\":[{\"@type\":\"CommentAction\",\"name\":\"Comment\",\"target\":[\"https:\/\/www.oarcanjo.net\/site\/familias-missionarias-fonte-de-vida-e-comunhao-para-a-missao\/#respond\"]}]},{\"@type\":\"WebPage\",\"@id\":\"https:\/\/www.oarcanjo.net\/site\/familias-missionarias-fonte-de-vida-e-comunhao-para-a-missao\/\",\"url\":\"https:\/\/www.oarcanjo.net\/site\/familias-missionarias-fonte-de-vida-e-comunhao-para-a-missao\/\",\"name\":\"Fam\u00edlias Mission\u00e1rias, fonte de vida e comunh\u00e3o para a Miss\u00e3o - O Arcanjo no ar\",\"isPartOf\":{\"@id\":\"https:\/\/www.oarcanjo.net\/site\/#website\"},\"primaryImageOfPage\":{\"@id\":\"https:\/\/www.oarcanjo.net\/site\/familias-missionarias-fonte-de-vida-e-comunhao-para-a-missao\/#primaryimage\"},\"image\":{\"@id\":\"https:\/\/www.oarcanjo.net\/site\/familias-missionarias-fonte-de-vida-e-comunhao-para-a-missao\/#primaryimage\"},\"thumbnailUrl\":\"http:\/\/www.revistamissoes.org.br\/public\/tbnail\/?c=false&amp;w=610&amp;h=407&amp;f=..\/..\/\/public\/images\/mcefiles\/images\/1.familias_missionarias.jpg\",\"datePublished\":\"2012-12-17T12:05:19+00:00\",\"dateModified\":\"2012-12-17T12:21:09+00:00\",\"breadcrumb\":{\"@id\":\"https:\/\/www.oarcanjo.net\/site\/familias-missionarias-fonte-de-vida-e-comunhao-para-a-missao\/#breadcrumb\"},\"inLanguage\":\"pt-BR\",\"potentialAction\":[{\"@type\":\"ReadAction\",\"target\":[\"https:\/\/www.oarcanjo.net\/site\/familias-missionarias-fonte-de-vida-e-comunhao-para-a-missao\/\"]}]},{\"@type\":\"ImageObject\",\"inLanguage\":\"pt-BR\",\"@id\":\"https:\/\/www.oarcanjo.net\/site\/familias-missionarias-fonte-de-vida-e-comunhao-para-a-missao\/#primaryimage\",\"url\":\"http:\/\/www.revistamissoes.org.br\/public\/tbnail\/?c=false&amp;w=610&amp;h=407&amp;f=..\/..\/\/public\/images\/mcefiles\/images\/1.familias_missionarias.jpg\",\"contentUrl\":\"http:\/\/www.revistamissoes.org.br\/public\/tbnail\/?c=false&amp;w=610&amp;h=407&amp;f=..\/..\/\/public\/images\/mcefiles\/images\/1.familias_missionarias.jpg\"},{\"@type\":\"BreadcrumbList\",\"@id\":\"https:\/\/www.oarcanjo.net\/site\/familias-missionarias-fonte-de-vida-e-comunhao-para-a-missao\/#breadcrumb\",\"itemListElement\":[{\"@type\":\"ListItem\",\"position\":1,\"name\":\"In\u00edcio\",\"item\":\"https:\/\/www.oarcanjo.net\/site\/\"},{\"@type\":\"ListItem\",\"position\":2,\"name\":\"Fam\u00edlias Mission\u00e1rias, fonte de vida e comunh\u00e3o para a Miss\u00e3o\"}]},{\"@type\":\"WebSite\",\"@id\":\"https:\/\/www.oarcanjo.net\/site\/#website\",\"url\":\"https:\/\/www.oarcanjo.net\/site\/\",\"name\":\"O Arcanjo no ar\",\"description\":\"Site da Par\u00f3quia S\u00e3o Miguel Arcanjo (Arquidiocese de SP)\",\"publisher\":{\"@id\":\"https:\/\/www.oarcanjo.net\/site\/#organization\"},\"potentialAction\":[{\"@type\":\"SearchAction\",\"target\":{\"@type\":\"EntryPoint\",\"urlTemplate\":\"https:\/\/www.oarcanjo.net\/site\/?s={search_term_string}\"},\"query-input\":{\"@type\":\"PropertyValueSpecification\",\"valueRequired\":true,\"valueName\":\"search_term_string\"}}],\"inLanguage\":\"pt-BR\"},{\"@type\":\"Organization\",\"@id\":\"https:\/\/www.oarcanjo.net\/site\/#organization\",\"name\":\"Par\u00f3quia S\u00e3o Miguel Arcanjo\",\"url\":\"https:\/\/www.oarcanjo.net\/site\/\",\"logo\":{\"@type\":\"ImageObject\",\"inLanguage\":\"pt-BR\",\"@id\":\"https:\/\/www.oarcanjo.net\/site\/#\/schema\/logo\/image\/\",\"url\":\"https:\/\/www.oarcanjo.net\/site\/wp-content\/uploads\/LogoOArcanjo.png\",\"contentUrl\":\"https:\/\/www.oarcanjo.net\/site\/wp-content\/uploads\/LogoOArcanjo.png\",\"width\":319,\"height\":99,\"caption\":\"Par\u00f3quia S\u00e3o Miguel Arcanjo\"},\"image\":{\"@id\":\"https:\/\/www.oarcanjo.net\/site\/#\/schema\/logo\/image\/\"},\"sameAs\":[\"https:\/\/www.facebook.com\/OArcanjoNoAr\/\"]},{\"@type\":\"Person\",\"@id\":\"https:\/\/www.oarcanjo.net\/site\/#\/schema\/person\/58d7f78850a973b8e467c7ae4a7eb4ad\",\"name\":\"pe.geovane\"}]}<\/script>\n<!-- \/ Yoast SEO plugin. -->","yoast_head_json":{"title":"Fam\u00edlias Mission\u00e1rias, fonte de vida e comunh\u00e3o para a Miss\u00e3o - O Arcanjo no ar","robots":{"index":"index","follow":"follow","max-snippet":"max-snippet:-1","max-image-preview":"max-image-preview:large","max-video-preview":"max-video-preview:-1"},"canonical":"https:\/\/www.oarcanjo.net\/site\/familias-missionarias-fonte-de-vida-e-comunhao-para-a-missao\/","og_locale":"pt_BR","og_type":"article","og_title":"Fam\u00edlias Mission\u00e1rias, fonte de vida e comunh\u00e3o para a Miss\u00e3o - O Arcanjo no ar","og_description":"Jaime C. Patias Promover a consci\u00eancia da miss\u00e3o universal nas fam\u00edlias e despertar voca\u00e7\u00f5es mission\u00e1rias comprometidas com o an\u00fancio do Evangelho e a favor da Vida, s\u00e3o os principais objetivos das Fam\u00edlias Mission\u00e1rias, uma das atividades coordenadas pela Pontif\u00edcia Obra da Propaga\u00e7\u00e3o da F\u00e9 (POPF). Na 5\u00aa Assembleia Nacional da Obra que acontece entre os [&hellip;]","og_url":"https:\/\/www.oarcanjo.net\/site\/familias-missionarias-fonte-de-vida-e-comunhao-para-a-missao\/","og_site_name":"O Arcanjo no ar","article_publisher":"https:\/\/www.facebook.com\/OArcanjoNoAr\/","article_published_time":"2012-12-17T12:05:19+00:00","article_modified_time":"2012-12-17T12:21:09+00:00","og_image":[{"url":"http:\/\/www.revistamissoes.org.br\/public\/tbnail\/?c=false&amp;w=610&amp;h=407&amp;f=..\/..\/\/public\/images\/mcefiles\/images\/1.familias_missionarias.jpg"}],"author":"pe.geovane","twitter_card":"summary_large_image","twitter_misc":{"Escrito por":"pe.geovane","Est. tempo de leitura":"4 minutos"},"schema":{"@context":"https:\/\/schema.org","@graph":[{"@type":"Article","@id":"https:\/\/www.oarcanjo.net\/site\/familias-missionarias-fonte-de-vida-e-comunhao-para-a-missao\/#article","isPartOf":{"@id":"https:\/\/www.oarcanjo.net\/site\/familias-missionarias-fonte-de-vida-e-comunhao-para-a-missao\/"},"author":{"name":"pe.geovane","@id":"https:\/\/www.oarcanjo.net\/site\/#\/schema\/person\/58d7f78850a973b8e467c7ae4a7eb4ad"},"headline":"Fam\u00edlias Mission\u00e1rias, fonte de vida e comunh\u00e3o para a Miss\u00e3o","datePublished":"2012-12-17T12:05:19+00:00","dateModified":"2012-12-17T12:21:09+00:00","mainEntityOfPage":{"@id":"https:\/\/www.oarcanjo.net\/site\/familias-missionarias-fonte-de-vida-e-comunhao-para-a-missao\/"},"wordCount":797,"commentCount":0,"publisher":{"@id":"https:\/\/www.oarcanjo.net\/site\/#organization"},"image":{"@id":"https:\/\/www.oarcanjo.net\/site\/familias-missionarias-fonte-de-vida-e-comunhao-para-a-missao\/#primaryimage"},"thumbnailUrl":"http:\/\/www.revistamissoes.org.br\/public\/tbnail\/?c=false&amp;w=610&amp;h=407&amp;f=..\/..\/\/public\/images\/mcefiles\/images\/1.familias_missionarias.jpg","articleSection":["Not\u00edcias"],"inLanguage":"pt-BR","potentialAction":[{"@type":"CommentAction","name":"Comment","target":["https:\/\/www.oarcanjo.net\/site\/familias-missionarias-fonte-de-vida-e-comunhao-para-a-missao\/#respond"]}]},{"@type":"WebPage","@id":"https:\/\/www.oarcanjo.net\/site\/familias-missionarias-fonte-de-vida-e-comunhao-para-a-missao\/","url":"https:\/\/www.oarcanjo.net\/site\/familias-missionarias-fonte-de-vida-e-comunhao-para-a-missao\/","name":"Fam\u00edlias Mission\u00e1rias, fonte de vida e comunh\u00e3o para a Miss\u00e3o - O Arcanjo no ar","isPartOf":{"@id":"https:\/\/www.oarcanjo.net\/site\/#website"},"primaryImageOfPage":{"@id":"https:\/\/www.oarcanjo.net\/site\/familias-missionarias-fonte-de-vida-e-comunhao-para-a-missao\/#primaryimage"},"image":{"@id":"https:\/\/www.oarcanjo.net\/site\/familias-missionarias-fonte-de-vida-e-comunhao-para-a-missao\/#primaryimage"},"thumbnailUrl":"http:\/\/www.revistamissoes.org.br\/public\/tbnail\/?c=false&amp;w=610&amp;h=407&amp;f=..\/..\/\/public\/images\/mcefiles\/images\/1.familias_missionarias.jpg","datePublished":"2012-12-17T12:05:19+00:00","dateModified":"2012-12-17T12:21:09+00:00","breadcrumb":{"@id":"https:\/\/www.oarcanjo.net\/site\/familias-missionarias-fonte-de-vida-e-comunhao-para-a-missao\/#breadcrumb"},"inLanguage":"pt-BR","potentialAction":[{"@type":"ReadAction","target":["https:\/\/www.oarcanjo.net\/site\/familias-missionarias-fonte-de-vida-e-comunhao-para-a-missao\/"]}]},{"@type":"ImageObject","inLanguage":"pt-BR","@id":"https:\/\/www.oarcanjo.net\/site\/familias-missionarias-fonte-de-vida-e-comunhao-para-a-missao\/#primaryimage","url":"http:\/\/www.revistamissoes.org.br\/public\/tbnail\/?c=false&amp;w=610&amp;h=407&amp;f=..\/..\/\/public\/images\/mcefiles\/images\/1.familias_missionarias.jpg","contentUrl":"http:\/\/www.revistamissoes.org.br\/public\/tbnail\/?c=false&amp;w=610&amp;h=407&amp;f=..\/..\/\/public\/images\/mcefiles\/images\/1.familias_missionarias.jpg"},{"@type":"BreadcrumbList","@id":"https:\/\/www.oarcanjo.net\/site\/familias-missionarias-fonte-de-vida-e-comunhao-para-a-missao\/#breadcrumb","itemListElement":[{"@type":"ListItem","position":1,"name":"In\u00edcio","item":"https:\/\/www.oarcanjo.net\/site\/"},{"@type":"ListItem","position":2,"name":"Fam\u00edlias Mission\u00e1rias, fonte de vida e comunh\u00e3o para a Miss\u00e3o"}]},{"@type":"WebSite","@id":"https:\/\/www.oarcanjo.net\/site\/#website","url":"https:\/\/www.oarcanjo.net\/site\/","name":"O Arcanjo no ar","description":"Site da Par\u00f3quia S\u00e3o Miguel Arcanjo (Arquidiocese de SP)","publisher":{"@id":"https:\/\/www.oarcanjo.net\/site\/#organization"},"potentialAction":[{"@type":"SearchAction","target":{"@type":"EntryPoint","urlTemplate":"https:\/\/www.oarcanjo.net\/site\/?s={search_term_string}"},"query-input":{"@type":"PropertyValueSpecification","valueRequired":true,"valueName":"search_term_string"}}],"inLanguage":"pt-BR"},{"@type":"Organization","@id":"https:\/\/www.oarcanjo.net\/site\/#organization","name":"Par\u00f3quia S\u00e3o Miguel Arcanjo","url":"https:\/\/www.oarcanjo.net\/site\/","logo":{"@type":"ImageObject","inLanguage":"pt-BR","@id":"https:\/\/www.oarcanjo.net\/site\/#\/schema\/logo\/image\/","url":"https:\/\/www.oarcanjo.net\/site\/wp-content\/uploads\/LogoOArcanjo.png","contentUrl":"https:\/\/www.oarcanjo.net\/site\/wp-content\/uploads\/LogoOArcanjo.png","width":319,"height":99,"caption":"Par\u00f3quia S\u00e3o Miguel Arcanjo"},"image":{"@id":"https:\/\/www.oarcanjo.net\/site\/#\/schema\/logo\/image\/"},"sameAs":["https:\/\/www.facebook.com\/OArcanjoNoAr\/"]},{"@type":"Person","@id":"https:\/\/www.oarcanjo.net\/site\/#\/schema\/person\/58d7f78850a973b8e467c7ae4a7eb4ad","name":"pe.geovane"}]}},"publishpress_future_action":{"enabled":false,"date":"2026-05-09 09:04:03","action":"category","newStatus":"draft","terms":[],"taxonomy":"category"},"publishpress_future_workflow_manual_trigger":{"enabledWorkflows":[]},"_links":{"self":[{"href":"https:\/\/www.oarcanjo.net\/site\/wp-json\/wp\/v2\/posts\/20228"}],"collection":[{"href":"https:\/\/www.oarcanjo.net\/site\/wp-json\/wp\/v2\/posts"}],"about":[{"href":"https:\/\/www.oarcanjo.net\/site\/wp-json\/wp\/v2\/types\/post"}],"author":[{"embeddable":true,"href":"https:\/\/www.oarcanjo.net\/site\/wp-json\/wp\/v2\/users\/17"}],"replies":[{"embeddable":true,"href":"https:\/\/www.oarcanjo.net\/site\/wp-json\/wp\/v2\/comments?post=20228"}],"version-history":[{"count":0,"href":"https:\/\/www.oarcanjo.net\/site\/wp-json\/wp\/v2\/posts\/20228\/revisions"}],"wp:attachment":[{"href":"https:\/\/www.oarcanjo.net\/site\/wp-json\/wp\/v2\/media?parent=20228"}],"wp:term":[{"taxonomy":"category","embeddable":true,"href":"https:\/\/www.oarcanjo.net\/site\/wp-json\/wp\/v2\/categories?post=20228"},{"taxonomy":"post_tag","embeddable":true,"href":"https:\/\/www.oarcanjo.net\/site\/wp-json\/wp\/v2\/tags?post=20228"}],"curies":[{"name":"wp","href":"https:\/\/api.w.org\/{rel}","templated":true}]}}