
{"id":20276,"date":"2012-12-17T14:42:08","date_gmt":"2012-12-17T16:42:08","guid":{"rendered":"http:\/\/www.oarcanjo.net\/site\/?p=20276"},"modified":"2012-12-17T15:51:19","modified_gmt":"2012-12-17T17:51:19","slug":"exultemos-todos-no-senhor","status":"publish","type":"post","link":"https:\/\/www.oarcanjo.net\/site\/exultemos-todos-no-senhor\/","title":{"rendered":"Exultemos todos no Senhor!"},"content":{"rendered":"<div>\n<div style=\"text-align: justify\">\n<div>\n<h3><span style=\"font-size: 13px;font-weight: normal\">Padre Geovane Saraiva*<\/span><\/h3>\n<div>\n<div><a href=\"http:\/\/2.bp.blogspot.com\/-MZBjrQEIsbc\/UM9RlgdM7sI\/AAAAAAAAAJE\/229bSnpyrAE\/s1600\/geovane.JPG\"><\/a><a href=\"http:\/\/www.oarcanjo.net\/site\/wp-content\/uploads\/pegeovane.png\"><img loading=\"lazy\" decoding=\"async\" class=\"alignleft size-thumbnail wp-image-20109\" src=\"http:\/\/www.oarcanjo.net\/site\/wp-content\/uploads\/pegeovane-127x150.png\" alt=\"\" width=\"127\" height=\"150\" \/><\/a>Nasceu para n\u00f3s o Salvador do mundo, a felicidade do sentido mais profundo e completo, a partir da realidade fr\u00e1gil de uma crian\u00e7a, de um Deus que se encarna e penetra na hist\u00f3ria da humanidade para tornar o humano divino.<\/div>\n<div><\/div>\n<div>Exultemos todos no Senhor! No Natal, sentimo-nos divinamente grandes e humanamente pequenos, no mist\u00e9rio do Filho de Deus, que nos faz compreender a tens\u00e3o din\u00e2mica nos dois p\u00f3los, o humano e o divino, associados \u00e0 misteriosa for\u00e7a vinda das alturas, num Deus homem e homem Deus. \u00c9 no coro dos anjos, no belo e maravilhoso hino: \u201cgl\u00f3ria a Deus nas alturas e paz na terra aos homens de boa vontade\u201d, que compreendemos a grandeza de um Deus que se manifestou, querendo viver entre os seres humanos.<\/div>\n<div><\/div>\n<div>Eis queridos irm\u00e3os e amigos, a bel\u00edssima mensagem trazida do c\u00e9u \u00e0 terra em primeiro lugar pelo anjo, mensageiro da corte celeste. \u201cN\u00e3o tenhais medo! Eu vos anuncio uma grande alegria, que ser\u00e1 alegria para todo o povo: hoje vos nasceu na cidade de Davi um Salvador que \u00e9 o Cristo Senhor\u201d (Lc 2, 11).&nbsp;<\/p>\n<\/div>\n<div>\n<div>\u00c9 exatamente a partir daqui que se inicia uma nova era para a humanidade: a esperan\u00e7a torna-se realidade e a profecia de Isa\u00edas se realiza: \u201cO povo que andava nas trevas viu uma grande luz. Um menino nos nasceu. Um filho nos foi dado e ele se chama Conselheiro admir\u00e1vel, Deus Forte, Pai Eterno, Pr\u00edncipe da Paz\u201d (Is 9, 1-10).<\/div>\n<div><\/div>\n<div>\u00c9 Natal e o grande acontecimento: o Verbo se fez carne e se estabeleceu entre n\u00f3s. Deus se faz homem para o homem se tornar Deus. O c\u00e9u e a terra trocam seus dons: Deus nos d\u00e1 seu filho e em troca s\u00f3 quer uma \u00fanica coisa da nossa parte, um sim ao seu projeto atrav\u00e9s do nosso amor.<\/div>\n<div><\/div>\n<div>No mundo marcado pelo consumismo, ego\u00edsmo e individualismo, todos os gestos e manifesta\u00e7\u00f5es de alegrias vis\u00edveis, luzes e presentes, devem ter como eixo central, Jesus Cristo, Luz que ilumina todos que v\u00eam a este mundo e \u00e9 o grande dom que Deus Pai presenteia \u00e0 humanidade. Se assim procedermos, a cultura do Natal que \u00e9 de amor, solidariedade, partilha, paz e justi\u00e7a estar\u00e1 sendo resgatada, sem jamais ofuscar o florescimento da verdadeira alegria e esperan\u00e7a dos filhos de Deus e irm\u00e3os uns dos outros.<\/div>\n<div><\/div>\n<div>A todos, meus cumprimentos, no desejo de um Santo Natal e um Feliz Ano Novo.<\/div>\n<div><\/div>\n<div>*Padre da Arquidiocese de Fortaleza, Escritor, Membro da Academia de Letras dos Munic\u00edpios do Estado Cear\u00e1 (ALMECE), e da Academia Metropolitana de Letras de Fortaleza.<\/div>\n<p>P\u00e1roco de Santo Afonso<\/p>\n<\/div>\n<p><a href=\"mailto:geovanesaraiva@gmail.com\">geovanesaraiva@gmail.com<\/a><\/p>\n<address> Autor dos livros:<br \/>\n\u201cO peregrino da Paz\u201d e \u201cNascido Para as Coisas Maiores\u201d (centen\u00e1rio de Dom Helder C\u00e2mara);<br \/>\n\u201cA Ternura de um Pastor\u201d &#8211; 2\u00aa Edi\u00e7\u00e3o (homenagem ao Cardeal Lorscheider);<br \/>\n\u201cA Esperan\u00e7a Tem Nome\u201d (espiritualidade e compromisso);<br \/>\n&#8220;Dom Helder: sonhos e utopias&#8221; (o pastor dos empobrecidos).<\/address>\n<address> <\/address>\n<\/div>\n<div>\n<address>Postado por\u00a0<a title=\"author profile\" rel=\"author\" href=\"http:\/\/www.blogger.com\/profile\/12037961757835243213\">Par\u00f3quia de Santo Afonso<\/a><\/address>\n<\/div>\n<p>&nbsp;<\/p>\n<\/div>\n<\/div>\n<\/div>\n<p>&nbsp;<\/p>\n<div id=\"themify_builder_content-20276\" data-postid=\"20276\" class=\"themify_builder_content themify_builder_content-20276 themify_builder themify_builder_front\">\n\t<\/div>\n<!-- \/themify_builder_content -->","protected":false},"excerpt":{"rendered":"<p>Padre Geovane Saraiva* Nasceu para n\u00f3s o Salvador do mundo, a felicidade do sentido mais profundo e completo, a partir da realidade fr\u00e1gil de uma crian\u00e7a, de um Deus que se encarna e penetra na hist\u00f3ria da humanidade para tornar o humano divino. Exultemos todos no Senhor! No Natal, sentimo-nos divinamente grandes e humanamente pequenos, [&hellip;]<\/p>\n","protected":false},"author":17,"featured_media":0,"comment_status":"open","ping_status":"open","sticky":false,"template":"","format":"standard","meta":{"ngg_post_thumbnail":0,"footnotes":""},"categories":[9],"tags":[],"yoast_head":"<!-- This site is optimized with the Yoast SEO plugin v23.5 - https:\/\/yoast.com\/wordpress\/plugins\/seo\/ -->\n<title>Exultemos todos no Senhor! - O Arcanjo no ar<\/title>\n<meta name=\"robots\" content=\"index, follow, max-snippet:-1, max-image-preview:large, max-video-preview:-1\" \/>\n<link rel=\"canonical\" href=\"https:\/\/www.oarcanjo.net\/site\/exultemos-todos-no-senhor\/\" \/>\n<meta property=\"og:locale\" content=\"pt_BR\" \/>\n<meta property=\"og:type\" content=\"article\" \/>\n<meta property=\"og:title\" content=\"Exultemos todos no Senhor! - O Arcanjo no ar\" \/>\n<meta property=\"og:description\" content=\"Padre Geovane Saraiva* Nasceu para n\u00f3s o Salvador do mundo, a felicidade do sentido mais profundo e completo, a partir da realidade fr\u00e1gil de uma crian\u00e7a, de um Deus que se encarna e penetra na hist\u00f3ria da humanidade para tornar o humano divino. Exultemos todos no Senhor! No Natal, sentimo-nos divinamente grandes e humanamente pequenos, [&hellip;]\" \/>\n<meta property=\"og:url\" content=\"https:\/\/www.oarcanjo.net\/site\/exultemos-todos-no-senhor\/\" \/>\n<meta property=\"og:site_name\" content=\"O Arcanjo no ar\" \/>\n<meta property=\"article:publisher\" content=\"https:\/\/www.facebook.com\/OArcanjoNoAr\/\" \/>\n<meta property=\"article:published_time\" content=\"2012-12-17T16:42:08+00:00\" \/>\n<meta property=\"article:modified_time\" content=\"2012-12-17T17:51:19+00:00\" \/>\n<meta property=\"og:image\" content=\"http:\/\/www.oarcanjo.net\/site\/wp-content\/uploads\/pegeovane-127x150.png\" \/>\n<meta name=\"author\" content=\"pe.geovane\" \/>\n<meta name=\"twitter:card\" content=\"summary_large_image\" \/>\n<meta name=\"twitter:label1\" content=\"Escrito por\" \/>\n\t<meta name=\"twitter:data1\" content=\"pe.geovane\" \/>\n\t<meta name=\"twitter:label2\" content=\"Est. tempo de leitura\" \/>\n\t<meta name=\"twitter:data2\" content=\"3 minutos\" \/>\n<script type=\"application\/ld+json\" class=\"yoast-schema-graph\">{\"@context\":\"https:\/\/schema.org\",\"@graph\":[{\"@type\":\"Article\",\"@id\":\"https:\/\/www.oarcanjo.net\/site\/exultemos-todos-no-senhor\/#article\",\"isPartOf\":{\"@id\":\"https:\/\/www.oarcanjo.net\/site\/exultemos-todos-no-senhor\/\"},\"author\":{\"name\":\"pe.geovane\",\"@id\":\"https:\/\/www.oarcanjo.net\/site\/#\/schema\/person\/58d7f78850a973b8e467c7ae4a7eb4ad\"},\"headline\":\"Exultemos todos no Senhor!\",\"datePublished\":\"2012-12-17T16:42:08+00:00\",\"dateModified\":\"2012-12-17T17:51:19+00:00\",\"mainEntityOfPage\":{\"@id\":\"https:\/\/www.oarcanjo.net\/site\/exultemos-todos-no-senhor\/\"},\"wordCount\":515,\"commentCount\":0,\"publisher\":{\"@id\":\"https:\/\/www.oarcanjo.net\/site\/#organization\"},\"image\":{\"@id\":\"https:\/\/www.oarcanjo.net\/site\/exultemos-todos-no-senhor\/#primaryimage\"},\"thumbnailUrl\":\"http:\/\/www.oarcanjo.net\/site\/wp-content\/uploads\/pegeovane-127x150.png\",\"articleSection\":[\"Reflex\u00f5es\"],\"inLanguage\":\"pt-BR\",\"potentialAction\":[{\"@type\":\"CommentAction\",\"name\":\"Comment\",\"target\":[\"https:\/\/www.oarcanjo.net\/site\/exultemos-todos-no-senhor\/#respond\"]}]},{\"@type\":\"WebPage\",\"@id\":\"https:\/\/www.oarcanjo.net\/site\/exultemos-todos-no-senhor\/\",\"url\":\"https:\/\/www.oarcanjo.net\/site\/exultemos-todos-no-senhor\/\",\"name\":\"Exultemos todos no Senhor! - O Arcanjo no ar\",\"isPartOf\":{\"@id\":\"https:\/\/www.oarcanjo.net\/site\/#website\"},\"primaryImageOfPage\":{\"@id\":\"https:\/\/www.oarcanjo.net\/site\/exultemos-todos-no-senhor\/#primaryimage\"},\"image\":{\"@id\":\"https:\/\/www.oarcanjo.net\/site\/exultemos-todos-no-senhor\/#primaryimage\"},\"thumbnailUrl\":\"http:\/\/www.oarcanjo.net\/site\/wp-content\/uploads\/pegeovane-127x150.png\",\"datePublished\":\"2012-12-17T16:42:08+00:00\",\"dateModified\":\"2012-12-17T17:51:19+00:00\",\"breadcrumb\":{\"@id\":\"https:\/\/www.oarcanjo.net\/site\/exultemos-todos-no-senhor\/#breadcrumb\"},\"inLanguage\":\"pt-BR\",\"potentialAction\":[{\"@type\":\"ReadAction\",\"target\":[\"https:\/\/www.oarcanjo.net\/site\/exultemos-todos-no-senhor\/\"]}]},{\"@type\":\"ImageObject\",\"inLanguage\":\"pt-BR\",\"@id\":\"https:\/\/www.oarcanjo.net\/site\/exultemos-todos-no-senhor\/#primaryimage\",\"url\":\"https:\/\/www.oarcanjo.net\/site\/wp-content\/uploads\/pegeovane.png\",\"contentUrl\":\"https:\/\/www.oarcanjo.net\/site\/wp-content\/uploads\/pegeovane.png\",\"width\":\"127\",\"height\":\"167\"},{\"@type\":\"BreadcrumbList\",\"@id\":\"https:\/\/www.oarcanjo.net\/site\/exultemos-todos-no-senhor\/#breadcrumb\",\"itemListElement\":[{\"@type\":\"ListItem\",\"position\":1,\"name\":\"In\u00edcio\",\"item\":\"https:\/\/www.oarcanjo.net\/site\/\"},{\"@type\":\"ListItem\",\"position\":2,\"name\":\"Exultemos todos no Senhor!\"}]},{\"@type\":\"WebSite\",\"@id\":\"https:\/\/www.oarcanjo.net\/site\/#website\",\"url\":\"https:\/\/www.oarcanjo.net\/site\/\",\"name\":\"O Arcanjo no ar\",\"description\":\"Site da Par\u00f3quia S\u00e3o Miguel Arcanjo (Arquidiocese de SP)\",\"publisher\":{\"@id\":\"https:\/\/www.oarcanjo.net\/site\/#organization\"},\"potentialAction\":[{\"@type\":\"SearchAction\",\"target\":{\"@type\":\"EntryPoint\",\"urlTemplate\":\"https:\/\/www.oarcanjo.net\/site\/?s={search_term_string}\"},\"query-input\":{\"@type\":\"PropertyValueSpecification\",\"valueRequired\":true,\"valueName\":\"search_term_string\"}}],\"inLanguage\":\"pt-BR\"},{\"@type\":\"Organization\",\"@id\":\"https:\/\/www.oarcanjo.net\/site\/#organization\",\"name\":\"Par\u00f3quia S\u00e3o Miguel Arcanjo\",\"url\":\"https:\/\/www.oarcanjo.net\/site\/\",\"logo\":{\"@type\":\"ImageObject\",\"inLanguage\":\"pt-BR\",\"@id\":\"https:\/\/www.oarcanjo.net\/site\/#\/schema\/logo\/image\/\",\"url\":\"https:\/\/www.oarcanjo.net\/site\/wp-content\/uploads\/LogoOArcanjo.png\",\"contentUrl\":\"https:\/\/www.oarcanjo.net\/site\/wp-content\/uploads\/LogoOArcanjo.png\",\"width\":319,\"height\":99,\"caption\":\"Par\u00f3quia S\u00e3o Miguel Arcanjo\"},\"image\":{\"@id\":\"https:\/\/www.oarcanjo.net\/site\/#\/schema\/logo\/image\/\"},\"sameAs\":[\"https:\/\/www.facebook.com\/OArcanjoNoAr\/\"]},{\"@type\":\"Person\",\"@id\":\"https:\/\/www.oarcanjo.net\/site\/#\/schema\/person\/58d7f78850a973b8e467c7ae4a7eb4ad\",\"name\":\"pe.geovane\"}]}<\/script>\n<!-- \/ Yoast SEO plugin. -->","yoast_head_json":{"title":"Exultemos todos no Senhor! - O Arcanjo no ar","robots":{"index":"index","follow":"follow","max-snippet":"max-snippet:-1","max-image-preview":"max-image-preview:large","max-video-preview":"max-video-preview:-1"},"canonical":"https:\/\/www.oarcanjo.net\/site\/exultemos-todos-no-senhor\/","og_locale":"pt_BR","og_type":"article","og_title":"Exultemos todos no Senhor! - O Arcanjo no ar","og_description":"Padre Geovane Saraiva* Nasceu para n\u00f3s o Salvador do mundo, a felicidade do sentido mais profundo e completo, a partir da realidade fr\u00e1gil de uma crian\u00e7a, de um Deus que se encarna e penetra na hist\u00f3ria da humanidade para tornar o humano divino. Exultemos todos no Senhor! No Natal, sentimo-nos divinamente grandes e humanamente pequenos, [&hellip;]","og_url":"https:\/\/www.oarcanjo.net\/site\/exultemos-todos-no-senhor\/","og_site_name":"O Arcanjo no ar","article_publisher":"https:\/\/www.facebook.com\/OArcanjoNoAr\/","article_published_time":"2012-12-17T16:42:08+00:00","article_modified_time":"2012-12-17T17:51:19+00:00","og_image":[{"url":"http:\/\/www.oarcanjo.net\/site\/wp-content\/uploads\/pegeovane-127x150.png"}],"author":"pe.geovane","twitter_card":"summary_large_image","twitter_misc":{"Escrito por":"pe.geovane","Est. tempo de leitura":"3 minutos"},"schema":{"@context":"https:\/\/schema.org","@graph":[{"@type":"Article","@id":"https:\/\/www.oarcanjo.net\/site\/exultemos-todos-no-senhor\/#article","isPartOf":{"@id":"https:\/\/www.oarcanjo.net\/site\/exultemos-todos-no-senhor\/"},"author":{"name":"pe.geovane","@id":"https:\/\/www.oarcanjo.net\/site\/#\/schema\/person\/58d7f78850a973b8e467c7ae4a7eb4ad"},"headline":"Exultemos todos no Senhor!","datePublished":"2012-12-17T16:42:08+00:00","dateModified":"2012-12-17T17:51:19+00:00","mainEntityOfPage":{"@id":"https:\/\/www.oarcanjo.net\/site\/exultemos-todos-no-senhor\/"},"wordCount":515,"commentCount":0,"publisher":{"@id":"https:\/\/www.oarcanjo.net\/site\/#organization"},"image":{"@id":"https:\/\/www.oarcanjo.net\/site\/exultemos-todos-no-senhor\/#primaryimage"},"thumbnailUrl":"http:\/\/www.oarcanjo.net\/site\/wp-content\/uploads\/pegeovane-127x150.png","articleSection":["Reflex\u00f5es"],"inLanguage":"pt-BR","potentialAction":[{"@type":"CommentAction","name":"Comment","target":["https:\/\/www.oarcanjo.net\/site\/exultemos-todos-no-senhor\/#respond"]}]},{"@type":"WebPage","@id":"https:\/\/www.oarcanjo.net\/site\/exultemos-todos-no-senhor\/","url":"https:\/\/www.oarcanjo.net\/site\/exultemos-todos-no-senhor\/","name":"Exultemos todos no Senhor! - O Arcanjo no ar","isPartOf":{"@id":"https:\/\/www.oarcanjo.net\/site\/#website"},"primaryImageOfPage":{"@id":"https:\/\/www.oarcanjo.net\/site\/exultemos-todos-no-senhor\/#primaryimage"},"image":{"@id":"https:\/\/www.oarcanjo.net\/site\/exultemos-todos-no-senhor\/#primaryimage"},"thumbnailUrl":"http:\/\/www.oarcanjo.net\/site\/wp-content\/uploads\/pegeovane-127x150.png","datePublished":"2012-12-17T16:42:08+00:00","dateModified":"2012-12-17T17:51:19+00:00","breadcrumb":{"@id":"https:\/\/www.oarcanjo.net\/site\/exultemos-todos-no-senhor\/#breadcrumb"},"inLanguage":"pt-BR","potentialAction":[{"@type":"ReadAction","target":["https:\/\/www.oarcanjo.net\/site\/exultemos-todos-no-senhor\/"]}]},{"@type":"ImageObject","inLanguage":"pt-BR","@id":"https:\/\/www.oarcanjo.net\/site\/exultemos-todos-no-senhor\/#primaryimage","url":"https:\/\/www.oarcanjo.net\/site\/wp-content\/uploads\/pegeovane.png","contentUrl":"https:\/\/www.oarcanjo.net\/site\/wp-content\/uploads\/pegeovane.png","width":"127","height":"167"},{"@type":"BreadcrumbList","@id":"https:\/\/www.oarcanjo.net\/site\/exultemos-todos-no-senhor\/#breadcrumb","itemListElement":[{"@type":"ListItem","position":1,"name":"In\u00edcio","item":"https:\/\/www.oarcanjo.net\/site\/"},{"@type":"ListItem","position":2,"name":"Exultemos todos no Senhor!"}]},{"@type":"WebSite","@id":"https:\/\/www.oarcanjo.net\/site\/#website","url":"https:\/\/www.oarcanjo.net\/site\/","name":"O Arcanjo no ar","description":"Site da Par\u00f3quia S\u00e3o Miguel Arcanjo (Arquidiocese de SP)","publisher":{"@id":"https:\/\/www.oarcanjo.net\/site\/#organization"},"potentialAction":[{"@type":"SearchAction","target":{"@type":"EntryPoint","urlTemplate":"https:\/\/www.oarcanjo.net\/site\/?s={search_term_string}"},"query-input":{"@type":"PropertyValueSpecification","valueRequired":true,"valueName":"search_term_string"}}],"inLanguage":"pt-BR"},{"@type":"Organization","@id":"https:\/\/www.oarcanjo.net\/site\/#organization","name":"Par\u00f3quia S\u00e3o Miguel Arcanjo","url":"https:\/\/www.oarcanjo.net\/site\/","logo":{"@type":"ImageObject","inLanguage":"pt-BR","@id":"https:\/\/www.oarcanjo.net\/site\/#\/schema\/logo\/image\/","url":"https:\/\/www.oarcanjo.net\/site\/wp-content\/uploads\/LogoOArcanjo.png","contentUrl":"https:\/\/www.oarcanjo.net\/site\/wp-content\/uploads\/LogoOArcanjo.png","width":319,"height":99,"caption":"Par\u00f3quia S\u00e3o Miguel Arcanjo"},"image":{"@id":"https:\/\/www.oarcanjo.net\/site\/#\/schema\/logo\/image\/"},"sameAs":["https:\/\/www.facebook.com\/OArcanjoNoAr\/"]},{"@type":"Person","@id":"https:\/\/www.oarcanjo.net\/site\/#\/schema\/person\/58d7f78850a973b8e467c7ae4a7eb4ad","name":"pe.geovane"}]}},"publishpress_future_action":{"enabled":false,"date":"2026-05-09 07:56:11","action":"category","newStatus":"draft","terms":[],"taxonomy":"category"},"publishpress_future_workflow_manual_trigger":{"enabledWorkflows":[]},"_links":{"self":[{"href":"https:\/\/www.oarcanjo.net\/site\/wp-json\/wp\/v2\/posts\/20276"}],"collection":[{"href":"https:\/\/www.oarcanjo.net\/site\/wp-json\/wp\/v2\/posts"}],"about":[{"href":"https:\/\/www.oarcanjo.net\/site\/wp-json\/wp\/v2\/types\/post"}],"author":[{"embeddable":true,"href":"https:\/\/www.oarcanjo.net\/site\/wp-json\/wp\/v2\/users\/17"}],"replies":[{"embeddable":true,"href":"https:\/\/www.oarcanjo.net\/site\/wp-json\/wp\/v2\/comments?post=20276"}],"version-history":[{"count":0,"href":"https:\/\/www.oarcanjo.net\/site\/wp-json\/wp\/v2\/posts\/20276\/revisions"}],"wp:attachment":[{"href":"https:\/\/www.oarcanjo.net\/site\/wp-json\/wp\/v2\/media?parent=20276"}],"wp:term":[{"taxonomy":"category","embeddable":true,"href":"https:\/\/www.oarcanjo.net\/site\/wp-json\/wp\/v2\/categories?post=20276"},{"taxonomy":"post_tag","embeddable":true,"href":"https:\/\/www.oarcanjo.net\/site\/wp-json\/wp\/v2\/tags?post=20276"}],"curies":[{"name":"wp","href":"https:\/\/api.w.org\/{rel}","templated":true}]}}