
{"id":20282,"date":"2012-12-19T23:07:47","date_gmt":"2012-12-20T01:07:47","guid":{"rendered":"http:\/\/www.oarcanjo.net\/site\/?p=20282"},"modified":"2012-12-17T23:09:16","modified_gmt":"2012-12-18T01:09:16","slug":"natal-do-menino-abandonado","status":"publish","type":"post","link":"https:\/\/www.oarcanjo.net\/site\/natal-do-menino-abandonado\/","title":{"rendered":"Natal do Menino abandonado"},"content":{"rendered":"<p><em>Pe. Alfredo J. Gon\u00e7alves, CS<\/em><\/p>\n<p>Eu o vi nos grandes centros comerciais, os shopping-centers,<\/p>\n<p>deitado num simulacro de manjedoura, no interior de uma gruta,<\/p>\n<p>rodeado de Maria, Jos\u00e9, os pastores, os reis magos e alguns animais;<\/p>\n<p>mas as aten\u00e7\u00f5es das pessoas concentravam-se sobre outra figura:<\/p>\n<p>vestida de cores fortes, barbas longas e brancas, sentado num trono,<\/p>\n<p>distribu\u00eda sorrisos e carinhos, abra\u00e7os e presentes \u00e0s crian\u00e7as;<\/p>\n<p>o verdadeiro protagonista da festa, acanhado a um canto,<\/p>\n<p>permanecia solit\u00e1rio e ignorado pela imensa maioria,<\/p>\n<p>a exemplo de tantos meninos e meninas abandonados pela cidade.<\/p>\n<p>&nbsp;<\/p>\n<p>Eu o vi em algumas ruas ou pra\u00e7as da grande metr\u00f3pole,<\/p>\n<p>ao lado de est\u00e1tuas de pessoas e animais acima do tamanho normal:<\/p>\n<p>constru\u00e7\u00f5es art\u00edsticas, criativas, profusamente iluminadas e enfeitadas,<\/p>\n<p>os personagens b\u00edblicos fazendo companhia ao menino no seu ber\u00e7o de palha;<\/p>\n<p>mas os transeuntes n\u00e3o dispunham de muito tempo para contemplar a cena,<\/p>\n<p>a ansiedade denunciava o frenesi e a voracidade dos encontros e das compras,<\/p>\n<p>como se todos estivesses embriagados pelo brilho das luzes e presentes;<\/p>\n<p>o protagonista maior desaparecia na torrente da multid\u00e3o agitada,<\/p>\n<p>como milhares de crian\u00e7as em busca de abrigo, comida e carinho,<\/p>\n<p>s\u00f3s, \u00f3rf\u00e3s e perdidas nos becos sem sa\u00edda do \u00e1lcool, viol\u00eancia ou droga.<\/p>\n<p>&nbsp;<\/p>\n<p>Eu o vi no interior de muitas casas, onde a tradi\u00e7\u00e3o crist\u00e3 exige o pres\u00e9pio:<\/p>\n<p>o mesmo menino, as mesmas figuras, os mesmos animais, o mesmo arranjo,<\/p>\n<p>com o acr\u00e9scimo progressivo da \u00e1rvore, do Papai Noel e de v\u00e1rios enfeites;<\/p>\n<p>a fam\u00edlia, por\u00e9m, tinha mil outros afazeres, pr\u00f3prios do final de ano,<\/p>\n<p>n\u00e3o podendo perder tempo com reflex\u00f5es sobre semelhante cen\u00e1rio;<\/p>\n<p>roupas e sapatos, eletr\u00f4nicos e eletrodom\u00e9sticos, novidades de todo tipo,<\/p>\n<p>exigiam muita pesquisa, variados preparativos e uma s\u00e9rie de esfor\u00e7os;<\/p>\n<p>pouca ou nenhuma aten\u00e7\u00e3o merecia a imagem do rec\u00e9m nascido,<\/p>\n<p>como milh\u00f5es de meninos e meninas marcados pelo abandono e a mis\u00e9ria.<\/p>\n<p>&nbsp;<\/p>\n<p>Eu o vi nas Igrejas, n\u00e3o raro em arquiteturas caras e sofisticadas,<\/p>\n<p>com a sagrada fam\u00edlia e as tradicionais figuras ao redor dela<\/p>\n<p>movimentando-se atrav\u00e9s de mecanismos e engrenagens invis\u00edveis;<\/p>\n<p>as cores e a indument\u00e1ria das autoridades eclesi\u00e1sticas, por\u00e9m,<\/p>\n<p>por vezes ofuscavam a simplicidade, a nudez e a humildade do menino;<\/p>\n<p>outras vezes um liturgismo r\u00edgido e ritualista, primando pela formalidade,<\/p>\n<p>afastava os fi\u00e9is do contato vivo com a Boa Nova da Encarna\u00e7\u00e3o;<\/p>\n<p>como aos saduceus e fariseus de todos os tempos,<\/p>\n<p>a miopia e a cegueira impediam de sentir a aurora do amor divino, incondicional e revestido de perd\u00e3o, miseric\u00f3rdia e compaix\u00e3o,<\/p>\n<p>como tamb\u00e9m de in\u00fameros meninos que j\u00e1 nascem condenados \u00e0 morte.<\/p>\n<p>Amor personificado na singela imagem do pres\u00e9pio e do rec\u00e9m nascido.<\/p>\n<p>&nbsp;<\/p>\n<div id=\"themify_builder_content-20282\" data-postid=\"20282\" class=\"themify_builder_content themify_builder_content-20282 themify_builder themify_builder_front\">\n\t<\/div>\n<!-- \/themify_builder_content -->","protected":false},"excerpt":{"rendered":"<p>Pe. Alfredo J. Gon\u00e7alves, CS Eu o vi nos grandes centros comerciais, os shopping-centers, deitado num simulacro de manjedoura, no interior de uma gruta, rodeado de Maria, Jos\u00e9, os pastores, os reis magos e alguns animais; mas as aten\u00e7\u00f5es das pessoas concentravam-se sobre outra figura: vestida de cores fortes, barbas longas e brancas, sentado num [&hellip;]<\/p>\n","protected":false},"author":15,"featured_media":0,"comment_status":"open","ping_status":"open","sticky":false,"template":"","format":"standard","meta":{"ngg_post_thumbnail":0,"footnotes":""},"categories":[9],"tags":[],"yoast_head":"<!-- This site is optimized with the Yoast SEO plugin v23.5 - https:\/\/yoast.com\/wordpress\/plugins\/seo\/ -->\n<title>Natal do Menino abandonado - O Arcanjo no ar<\/title>\n<meta name=\"robots\" content=\"index, follow, max-snippet:-1, max-image-preview:large, max-video-preview:-1\" \/>\n<link rel=\"canonical\" href=\"https:\/\/www.oarcanjo.net\/site\/natal-do-menino-abandonado\/\" \/>\n<meta property=\"og:locale\" content=\"pt_BR\" \/>\n<meta property=\"og:type\" content=\"article\" \/>\n<meta property=\"og:title\" content=\"Natal do Menino abandonado - O Arcanjo no ar\" \/>\n<meta property=\"og:description\" content=\"Pe. Alfredo J. Gon\u00e7alves, CS Eu o vi nos grandes centros comerciais, os shopping-centers, deitado num simulacro de manjedoura, no interior de uma gruta, rodeado de Maria, Jos\u00e9, os pastores, os reis magos e alguns animais; mas as aten\u00e7\u00f5es das pessoas concentravam-se sobre outra figura: vestida de cores fortes, barbas longas e brancas, sentado num [&hellip;]\" \/>\n<meta property=\"og:url\" content=\"https:\/\/www.oarcanjo.net\/site\/natal-do-menino-abandonado\/\" \/>\n<meta property=\"og:site_name\" content=\"O Arcanjo no ar\" \/>\n<meta property=\"article:publisher\" content=\"https:\/\/www.facebook.com\/OArcanjoNoAr\/\" \/>\n<meta property=\"article:published_time\" content=\"2012-12-20T01:07:47+00:00\" \/>\n<meta property=\"article:modified_time\" content=\"2012-12-18T01:09:16+00:00\" \/>\n<meta property=\"og:image\" content=\"https:\/\/www.oarcanjo.net\/site\/wp-content\/uploads\/logo-o-arcanjo-no-ar-facebook.png\" \/>\n\t<meta property=\"og:image:width\" content=\"300\" \/>\n\t<meta property=\"og:image:height\" content=\"300\" \/>\n\t<meta property=\"og:image:type\" content=\"image\/png\" \/>\n<meta name=\"author\" content=\"Alexandre Nunes\" \/>\n<meta name=\"twitter:card\" content=\"summary_large_image\" \/>\n<meta name=\"twitter:label1\" content=\"Escrito por\" \/>\n\t<meta name=\"twitter:data1\" content=\"Alexandre Nunes\" \/>\n\t<meta name=\"twitter:label2\" content=\"Est. tempo de leitura\" \/>\n\t<meta name=\"twitter:data2\" content=\"2 minutos\" \/>\n<script type=\"application\/ld+json\" class=\"yoast-schema-graph\">{\"@context\":\"https:\/\/schema.org\",\"@graph\":[{\"@type\":\"Article\",\"@id\":\"https:\/\/www.oarcanjo.net\/site\/natal-do-menino-abandonado\/#article\",\"isPartOf\":{\"@id\":\"https:\/\/www.oarcanjo.net\/site\/natal-do-menino-abandonado\/\"},\"author\":{\"name\":\"Alexandre Nunes\",\"@id\":\"https:\/\/www.oarcanjo.net\/site\/#\/schema\/person\/0a2ae077c1a09b69d29928e3b9f1c0d1\"},\"headline\":\"Natal do Menino abandonado\",\"datePublished\":\"2012-12-20T01:07:47+00:00\",\"dateModified\":\"2012-12-18T01:09:16+00:00\",\"mainEntityOfPage\":{\"@id\":\"https:\/\/www.oarcanjo.net\/site\/natal-do-menino-abandonado\/\"},\"wordCount\":492,\"commentCount\":0,\"publisher\":{\"@id\":\"https:\/\/www.oarcanjo.net\/site\/#organization\"},\"articleSection\":[\"Reflex\u00f5es\"],\"inLanguage\":\"pt-BR\",\"potentialAction\":[{\"@type\":\"CommentAction\",\"name\":\"Comment\",\"target\":[\"https:\/\/www.oarcanjo.net\/site\/natal-do-menino-abandonado\/#respond\"]}]},{\"@type\":\"WebPage\",\"@id\":\"https:\/\/www.oarcanjo.net\/site\/natal-do-menino-abandonado\/\",\"url\":\"https:\/\/www.oarcanjo.net\/site\/natal-do-menino-abandonado\/\",\"name\":\"Natal do Menino abandonado - O Arcanjo no ar\",\"isPartOf\":{\"@id\":\"https:\/\/www.oarcanjo.net\/site\/#website\"},\"datePublished\":\"2012-12-20T01:07:47+00:00\",\"dateModified\":\"2012-12-18T01:09:16+00:00\",\"breadcrumb\":{\"@id\":\"https:\/\/www.oarcanjo.net\/site\/natal-do-menino-abandonado\/#breadcrumb\"},\"inLanguage\":\"pt-BR\",\"potentialAction\":[{\"@type\":\"ReadAction\",\"target\":[\"https:\/\/www.oarcanjo.net\/site\/natal-do-menino-abandonado\/\"]}]},{\"@type\":\"BreadcrumbList\",\"@id\":\"https:\/\/www.oarcanjo.net\/site\/natal-do-menino-abandonado\/#breadcrumb\",\"itemListElement\":[{\"@type\":\"ListItem\",\"position\":1,\"name\":\"In\u00edcio\",\"item\":\"https:\/\/www.oarcanjo.net\/site\/\"},{\"@type\":\"ListItem\",\"position\":2,\"name\":\"Natal do Menino abandonado\"}]},{\"@type\":\"WebSite\",\"@id\":\"https:\/\/www.oarcanjo.net\/site\/#website\",\"url\":\"https:\/\/www.oarcanjo.net\/site\/\",\"name\":\"O Arcanjo no ar\",\"description\":\"Site da Par\u00f3quia S\u00e3o Miguel Arcanjo (Arquidiocese de SP)\",\"publisher\":{\"@id\":\"https:\/\/www.oarcanjo.net\/site\/#organization\"},\"potentialAction\":[{\"@type\":\"SearchAction\",\"target\":{\"@type\":\"EntryPoint\",\"urlTemplate\":\"https:\/\/www.oarcanjo.net\/site\/?s={search_term_string}\"},\"query-input\":{\"@type\":\"PropertyValueSpecification\",\"valueRequired\":true,\"valueName\":\"search_term_string\"}}],\"inLanguage\":\"pt-BR\"},{\"@type\":\"Organization\",\"@id\":\"https:\/\/www.oarcanjo.net\/site\/#organization\",\"name\":\"Par\u00f3quia S\u00e3o Miguel Arcanjo\",\"url\":\"https:\/\/www.oarcanjo.net\/site\/\",\"logo\":{\"@type\":\"ImageObject\",\"inLanguage\":\"pt-BR\",\"@id\":\"https:\/\/www.oarcanjo.net\/site\/#\/schema\/logo\/image\/\",\"url\":\"https:\/\/www.oarcanjo.net\/site\/wp-content\/uploads\/LogoOArcanjo.png\",\"contentUrl\":\"https:\/\/www.oarcanjo.net\/site\/wp-content\/uploads\/LogoOArcanjo.png\",\"width\":319,\"height\":99,\"caption\":\"Par\u00f3quia S\u00e3o Miguel Arcanjo\"},\"image\":{\"@id\":\"https:\/\/www.oarcanjo.net\/site\/#\/schema\/logo\/image\/\"},\"sameAs\":[\"https:\/\/www.facebook.com\/OArcanjoNoAr\/\"]},{\"@type\":\"Person\",\"@id\":\"https:\/\/www.oarcanjo.net\/site\/#\/schema\/person\/0a2ae077c1a09b69d29928e3b9f1c0d1\",\"name\":\"Alexandre Nunes\",\"sameAs\":[\"http:\/\/alexandrenu.com\"]}]}<\/script>\n<!-- \/ Yoast SEO plugin. -->","yoast_head_json":{"title":"Natal do Menino abandonado - O Arcanjo no ar","robots":{"index":"index","follow":"follow","max-snippet":"max-snippet:-1","max-image-preview":"max-image-preview:large","max-video-preview":"max-video-preview:-1"},"canonical":"https:\/\/www.oarcanjo.net\/site\/natal-do-menino-abandonado\/","og_locale":"pt_BR","og_type":"article","og_title":"Natal do Menino abandonado - O Arcanjo no ar","og_description":"Pe. Alfredo J. Gon\u00e7alves, CS Eu o vi nos grandes centros comerciais, os shopping-centers, deitado num simulacro de manjedoura, no interior de uma gruta, rodeado de Maria, Jos\u00e9, os pastores, os reis magos e alguns animais; mas as aten\u00e7\u00f5es das pessoas concentravam-se sobre outra figura: vestida de cores fortes, barbas longas e brancas, sentado num [&hellip;]","og_url":"https:\/\/www.oarcanjo.net\/site\/natal-do-menino-abandonado\/","og_site_name":"O Arcanjo no ar","article_publisher":"https:\/\/www.facebook.com\/OArcanjoNoAr\/","article_published_time":"2012-12-20T01:07:47+00:00","article_modified_time":"2012-12-18T01:09:16+00:00","og_image":[{"width":300,"height":300,"url":"https:\/\/www.oarcanjo.net\/site\/wp-content\/uploads\/logo-o-arcanjo-no-ar-facebook.png","type":"image\/png"}],"author":"Alexandre Nunes","twitter_card":"summary_large_image","twitter_misc":{"Escrito por":"Alexandre Nunes","Est. tempo de leitura":"2 minutos"},"schema":{"@context":"https:\/\/schema.org","@graph":[{"@type":"Article","@id":"https:\/\/www.oarcanjo.net\/site\/natal-do-menino-abandonado\/#article","isPartOf":{"@id":"https:\/\/www.oarcanjo.net\/site\/natal-do-menino-abandonado\/"},"author":{"name":"Alexandre Nunes","@id":"https:\/\/www.oarcanjo.net\/site\/#\/schema\/person\/0a2ae077c1a09b69d29928e3b9f1c0d1"},"headline":"Natal do Menino abandonado","datePublished":"2012-12-20T01:07:47+00:00","dateModified":"2012-12-18T01:09:16+00:00","mainEntityOfPage":{"@id":"https:\/\/www.oarcanjo.net\/site\/natal-do-menino-abandonado\/"},"wordCount":492,"commentCount":0,"publisher":{"@id":"https:\/\/www.oarcanjo.net\/site\/#organization"},"articleSection":["Reflex\u00f5es"],"inLanguage":"pt-BR","potentialAction":[{"@type":"CommentAction","name":"Comment","target":["https:\/\/www.oarcanjo.net\/site\/natal-do-menino-abandonado\/#respond"]}]},{"@type":"WebPage","@id":"https:\/\/www.oarcanjo.net\/site\/natal-do-menino-abandonado\/","url":"https:\/\/www.oarcanjo.net\/site\/natal-do-menino-abandonado\/","name":"Natal do Menino abandonado - O Arcanjo no ar","isPartOf":{"@id":"https:\/\/www.oarcanjo.net\/site\/#website"},"datePublished":"2012-12-20T01:07:47+00:00","dateModified":"2012-12-18T01:09:16+00:00","breadcrumb":{"@id":"https:\/\/www.oarcanjo.net\/site\/natal-do-menino-abandonado\/#breadcrumb"},"inLanguage":"pt-BR","potentialAction":[{"@type":"ReadAction","target":["https:\/\/www.oarcanjo.net\/site\/natal-do-menino-abandonado\/"]}]},{"@type":"BreadcrumbList","@id":"https:\/\/www.oarcanjo.net\/site\/natal-do-menino-abandonado\/#breadcrumb","itemListElement":[{"@type":"ListItem","position":1,"name":"In\u00edcio","item":"https:\/\/www.oarcanjo.net\/site\/"},{"@type":"ListItem","position":2,"name":"Natal do Menino abandonado"}]},{"@type":"WebSite","@id":"https:\/\/www.oarcanjo.net\/site\/#website","url":"https:\/\/www.oarcanjo.net\/site\/","name":"O Arcanjo no ar","description":"Site da Par\u00f3quia S\u00e3o Miguel Arcanjo (Arquidiocese de SP)","publisher":{"@id":"https:\/\/www.oarcanjo.net\/site\/#organization"},"potentialAction":[{"@type":"SearchAction","target":{"@type":"EntryPoint","urlTemplate":"https:\/\/www.oarcanjo.net\/site\/?s={search_term_string}"},"query-input":{"@type":"PropertyValueSpecification","valueRequired":true,"valueName":"search_term_string"}}],"inLanguage":"pt-BR"},{"@type":"Organization","@id":"https:\/\/www.oarcanjo.net\/site\/#organization","name":"Par\u00f3quia S\u00e3o Miguel Arcanjo","url":"https:\/\/www.oarcanjo.net\/site\/","logo":{"@type":"ImageObject","inLanguage":"pt-BR","@id":"https:\/\/www.oarcanjo.net\/site\/#\/schema\/logo\/image\/","url":"https:\/\/www.oarcanjo.net\/site\/wp-content\/uploads\/LogoOArcanjo.png","contentUrl":"https:\/\/www.oarcanjo.net\/site\/wp-content\/uploads\/LogoOArcanjo.png","width":319,"height":99,"caption":"Par\u00f3quia S\u00e3o Miguel Arcanjo"},"image":{"@id":"https:\/\/www.oarcanjo.net\/site\/#\/schema\/logo\/image\/"},"sameAs":["https:\/\/www.facebook.com\/OArcanjoNoAr\/"]},{"@type":"Person","@id":"https:\/\/www.oarcanjo.net\/site\/#\/schema\/person\/0a2ae077c1a09b69d29928e3b9f1c0d1","name":"Alexandre Nunes","sameAs":["http:\/\/alexandrenu.com"]}]}},"publishpress_future_action":{"enabled":false,"date":"2026-05-09 07:56:00","action":"category","newStatus":"draft","terms":[],"taxonomy":"category"},"publishpress_future_workflow_manual_trigger":{"enabledWorkflows":[]},"_links":{"self":[{"href":"https:\/\/www.oarcanjo.net\/site\/wp-json\/wp\/v2\/posts\/20282"}],"collection":[{"href":"https:\/\/www.oarcanjo.net\/site\/wp-json\/wp\/v2\/posts"}],"about":[{"href":"https:\/\/www.oarcanjo.net\/site\/wp-json\/wp\/v2\/types\/post"}],"author":[{"embeddable":true,"href":"https:\/\/www.oarcanjo.net\/site\/wp-json\/wp\/v2\/users\/15"}],"replies":[{"embeddable":true,"href":"https:\/\/www.oarcanjo.net\/site\/wp-json\/wp\/v2\/comments?post=20282"}],"version-history":[{"count":0,"href":"https:\/\/www.oarcanjo.net\/site\/wp-json\/wp\/v2\/posts\/20282\/revisions"}],"wp:attachment":[{"href":"https:\/\/www.oarcanjo.net\/site\/wp-json\/wp\/v2\/media?parent=20282"}],"wp:term":[{"taxonomy":"category","embeddable":true,"href":"https:\/\/www.oarcanjo.net\/site\/wp-json\/wp\/v2\/categories?post=20282"},{"taxonomy":"post_tag","embeddable":true,"href":"https:\/\/www.oarcanjo.net\/site\/wp-json\/wp\/v2\/tags?post=20282"}],"curies":[{"name":"wp","href":"https:\/\/api.w.org\/{rel}","templated":true}]}}