
{"id":20287,"date":"2012-12-18T15:43:53","date_gmt":"2012-12-18T17:43:53","guid":{"rendered":"http:\/\/www.oarcanjo.net\/site\/?p=20287"},"modified":"2013-01-16T11:22:48","modified_gmt":"2013-01-16T13:22:48","slug":"dom-angelico-80-anos-de-trabalho-alegre-generoso-e-profetico-na-edificacao-do-reino","status":"publish","type":"post","link":"https:\/\/www.oarcanjo.net\/site\/dom-angelico-80-anos-de-trabalho-alegre-generoso-e-profetico-na-edificacao-do-reino\/","title":{"rendered":"Dom Ang\u00e9lico: uma vida pela vida!"},"content":{"rendered":"<div>80 anos de trabalho alegre, generoso e prof\u00e9tico, na edifica\u00e7\u00e3o do reino<\/div>\n<div>\n<table cellspacing=\"0\" cellpadding=\"0\">\n<tbody>\n<tr>\n<td style=\"text-align: justify\"><a href=\"http:\/\/2.bp.blogspot.com\/-TyY0fq4aUfo\/UNCHf8KkcCI\/AAAAAAAARos\/Or7l2ktRcRE\/s1600\/dom+ang%C3%A9lico.jpg\"><img decoding=\"async\" src=\"http:\/\/2.bp.blogspot.com\/-TyY0fq4aUfo\/UNCHf8KkcCI\/AAAAAAAARos\/Or7l2ktRcRE\/s1600\/dom+ang%C3%A9lico.jpg\" border=\"0\" alt=\"\" \/><\/a><\/td>\n<\/tr>\n<tr>\n<td><a href=\"https:\/\/www.facebook.com\/photo.php?fbid=257587377703975&amp;set=a.193164537479593.39845.100003581432466&amp;type=1\">foto<\/a> de\u00a0<a href=\"https:\/\/www.facebook.com\/fernando.altemeyerjunior\">Fernando Altemeyer Junior<\/a><\/td>\n<\/tr>\n<\/tbody>\n<\/table>\n<\/div>\n<div>\n<div style=\"text-align: justify\">Dom Ang\u00e9lico S\u00e2ndalo Bernardino completa 80 anos neste 19 de janeiro de 2013. Dele podemos afirmar: uma vida toda em favor da vida, sempre repleta de entusiasmo e generosidade, profecia, justi\u00e7a e paz. Tive a alegria de conhec\u00ea-lo \u00a0em 1990, por ocasi\u00e3o do 3\u00ba ENP, em Itaici &#8211; SP.<br \/>\nDom Mauro Morelli disse no Twitter: &#8220;Dom Ang\u00e9lico, irm\u00e3o e companheiro muito querido, bispo em quem n\u00e3o h\u00e1 dolo. Homem justo e misericordioso. Pastor fiel&#8221;.<\/div>\n<div style=\"text-align: justify\">No dia 25 de janeiro de 1975, pr\u00f3ximo do seu anivers\u00e1rio natal\u00edcio, Dom Ang\u00e9lico foi ordenado bispo por Dom Paulo Evaristo Arns, juntamente com Dom Mauro Morelli, Dom Francisco Manuel Vieira e Dom Joel Ivo Catapan (este j\u00e1 no seio do Pai).<br \/>\nPense numa safra maravilhosa e da melhor qualidade! Homens sens\u00edveis \u00a0e corajosos, diante da dor e do sofrimento humano. \u00a0Para eles vale a frase de Dom Helder, ao assumir a Arquidiocese de Olinda e Recife, em abril de 1964: \u00a0\u201cQuem estiver sofrendo, no corpo ou na alma; quem, pobre ou rico, estiver desesperado, ter\u00e1 lugar no cora\u00e7\u00e3o do bispo\u201d. Parab\u00e9ns!<\/div>\n<table cellspacing=\"0\" cellpadding=\"0\" align=\"center\">\n<tbody>\n<tr>\n<td><a href=\"http:\/\/3.bp.blogspot.com\/-u65j0uJ1kTw\/UNCHxsBynfI\/AAAAAAAARo8\/GApF6rcQN74\/s1600\/mauro+morelli.jpg\"><img decoding=\"async\" src=\"http:\/\/3.bp.blogspot.com\/-u65j0uJ1kTw\/UNCHxsBynfI\/AAAAAAAARo8\/GApF6rcQN74\/s1600\/mauro+morelli.jpg\" border=\"0\" alt=\"\" \/><\/a><\/td>\n<\/tr>\n<tr>\n<td>Dom Mauro Morelli, bispo em\u00e9rito de Duque de Caxias &#8211; RJ e\u00a0Presidente do Conselho de Seguran\u00e7a\u00a0<em>Alimentar e<\/em> Nutricional\u00a0<strong>&#8230;<\/strong><\/td>\n<\/tr>\n<\/tbody>\n<\/table>\n<table cellspacing=\"0\" cellpadding=\"0\" align=\"center\">\n<tbody>\n<tr>\n<td><a href=\"http:\/\/4.bp.blogspot.com\/-Eiv4f4uRhmI\/UNCH-BXlSQI\/AAAAAAAARpE\/8OAvIQ5uEco\/s1600\/dom+francisco.jpg\"><img loading=\"lazy\" decoding=\"async\" src=\"http:\/\/4.bp.blogspot.com\/-Eiv4f4uRhmI\/UNCH-BXlSQI\/AAAAAAAARpE\/8OAvIQ5uEco\/s320\/dom+francisco.jpg\" border=\"0\" alt=\"\" width=\"320\" height=\"240\" \/><\/a><\/td>\n<\/tr>\n<tr>\n<td>Dom Francisco Manuel Vieira, bispo em\u00e9rito de Osasco &#8211; SP<\/td>\n<\/tr>\n<\/tbody>\n<\/table>\n<table cellspacing=\"0\" cellpadding=\"0\" align=\"center\">\n<tbody>\n<tr>\n<td><a href=\"http:\/\/4.bp.blogspot.com\/-TgI3jtV148U\/UNCIDpZFVnI\/AAAAAAAARpM\/0gzckkZhqn8\/s1600\/dom+joel.jpg\"><img loading=\"lazy\" decoding=\"async\" src=\"http:\/\/4.bp.blogspot.com\/-TgI3jtV148U\/UNCIDpZFVnI\/AAAAAAAARpM\/0gzckkZhqn8\/s320\/dom+joel.jpg\" border=\"0\" alt=\"\" width=\"234\" height=\"320\" \/><\/a><\/td>\n<\/tr>\n<tr>\n<td>Dom Joel Ivo Catapan , j\u00e1 falecido<\/td>\n<\/tr>\n<\/tbody>\n<\/table>\n<div>Padre Geovane Saraiva<br \/>\nP\u00e1roco de Santo Afonso &#8211; Fortaleza &#8211; CE<br \/>\ngeovanesaraiva@gmail.com<\/div>\n<\/div>\n<div>\n<div>Postado por\u00a0<a title=\"author profile\" rel=\"author\" href=\"http:\/\/www.blogger.com\/profile\/12037961757835243213\">Par\u00f3quia de Santo Afonso<\/a><\/div>\n<\/div>\n<p>&nbsp;<\/p>\n<div id=\"themify_builder_content-20287\" data-postid=\"20287\" class=\"themify_builder_content themify_builder_content-20287 themify_builder themify_builder_front\">\n\t<\/div>\n<!-- \/themify_builder_content -->","protected":false},"excerpt":{"rendered":"<p>80 anos de trabalho alegre, generoso e prof\u00e9tico, na edifica\u00e7\u00e3o do reino foto de\u00a0Fernando Altemeyer Junior Dom Ang\u00e9lico S\u00e2ndalo Bernardino completa 80 anos neste 19 de janeiro de 2013. Dele podemos afirmar: uma vida toda em favor da vida, sempre repleta de entusiasmo e generosidade, profecia, justi\u00e7a e paz. Tive a alegria de conhec\u00ea-lo \u00a0em [&hellip;]<\/p>\n","protected":false},"author":17,"featured_media":0,"comment_status":"open","ping_status":"open","sticky":false,"template":"","format":"standard","meta":{"ngg_post_thumbnail":0,"footnotes":""},"categories":[186],"tags":[],"yoast_head":"<!-- This site is optimized with the Yoast SEO plugin v23.5 - https:\/\/yoast.com\/wordpress\/plugins\/seo\/ -->\n<title>Dom Ang\u00e9lico: uma vida pela vida! - O Arcanjo no ar<\/title>\n<meta name=\"robots\" content=\"index, follow, max-snippet:-1, max-image-preview:large, max-video-preview:-1\" \/>\n<link rel=\"canonical\" href=\"https:\/\/www.oarcanjo.net\/site\/dom-angelico-80-anos-de-trabalho-alegre-generoso-e-profetico-na-edificacao-do-reino\/\" \/>\n<meta property=\"og:locale\" content=\"pt_BR\" \/>\n<meta property=\"og:type\" content=\"article\" \/>\n<meta property=\"og:title\" content=\"Dom Ang\u00e9lico: uma vida pela vida! - O Arcanjo no ar\" \/>\n<meta property=\"og:description\" content=\"80 anos de trabalho alegre, generoso e prof\u00e9tico, na edifica\u00e7\u00e3o do reino foto de\u00a0Fernando Altemeyer Junior Dom Ang\u00e9lico S\u00e2ndalo Bernardino completa 80 anos neste 19 de janeiro de 2013. Dele podemos afirmar: uma vida toda em favor da vida, sempre repleta de entusiasmo e generosidade, profecia, justi\u00e7a e paz. Tive a alegria de conhec\u00ea-lo \u00a0em [&hellip;]\" \/>\n<meta property=\"og:url\" content=\"https:\/\/www.oarcanjo.net\/site\/dom-angelico-80-anos-de-trabalho-alegre-generoso-e-profetico-na-edificacao-do-reino\/\" \/>\n<meta property=\"og:site_name\" content=\"O Arcanjo no ar\" \/>\n<meta property=\"article:publisher\" content=\"https:\/\/www.facebook.com\/OArcanjoNoAr\/\" \/>\n<meta property=\"article:published_time\" content=\"2012-12-18T17:43:53+00:00\" \/>\n<meta property=\"article:modified_time\" content=\"2013-01-16T13:22:48+00:00\" \/>\n<meta property=\"og:image\" content=\"http:\/\/2.bp.blogspot.com\/-TyY0fq4aUfo\/UNCHf8KkcCI\/AAAAAAAARos\/Or7l2ktRcRE\/s1600\/dom+ang%C3%A9lico.jpg\" \/>\n<meta name=\"author\" content=\"pe.geovane\" \/>\n<meta name=\"twitter:card\" content=\"summary_large_image\" \/>\n<meta name=\"twitter:label1\" content=\"Escrito por\" \/>\n\t<meta name=\"twitter:data1\" content=\"pe.geovane\" \/>\n\t<meta name=\"twitter:label2\" content=\"Est. tempo de leitura\" \/>\n\t<meta name=\"twitter:data2\" content=\"1 minuto\" \/>\n<script type=\"application\/ld+json\" class=\"yoast-schema-graph\">{\"@context\":\"https:\/\/schema.org\",\"@graph\":[{\"@type\":\"Article\",\"@id\":\"https:\/\/www.oarcanjo.net\/site\/dom-angelico-80-anos-de-trabalho-alegre-generoso-e-profetico-na-edificacao-do-reino\/#article\",\"isPartOf\":{\"@id\":\"https:\/\/www.oarcanjo.net\/site\/dom-angelico-80-anos-de-trabalho-alegre-generoso-e-profetico-na-edificacao-do-reino\/\"},\"author\":{\"name\":\"pe.geovane\",\"@id\":\"https:\/\/www.oarcanjo.net\/site\/#\/schema\/person\/58d7f78850a973b8e467c7ae4a7eb4ad\"},\"headline\":\"Dom Ang\u00e9lico: uma vida pela vida!\",\"datePublished\":\"2012-12-18T17:43:53+00:00\",\"dateModified\":\"2013-01-16T13:22:48+00:00\",\"mainEntityOfPage\":{\"@id\":\"https:\/\/www.oarcanjo.net\/site\/dom-angelico-80-anos-de-trabalho-alegre-generoso-e-profetico-na-edificacao-do-reino\/\"},\"wordCount\":270,\"commentCount\":0,\"publisher\":{\"@id\":\"https:\/\/www.oarcanjo.net\/site\/#organization\"},\"image\":{\"@id\":\"https:\/\/www.oarcanjo.net\/site\/dom-angelico-80-anos-de-trabalho-alegre-generoso-e-profetico-na-edificacao-do-reino\/#primaryimage\"},\"thumbnailUrl\":\"http:\/\/2.bp.blogspot.com\/-TyY0fq4aUfo\/UNCHf8KkcCI\/AAAAAAAARos\/Or7l2ktRcRE\/s1600\/dom+ang%C3%A9lico.jpg\",\"articleSection\":[\"Testemunhos\"],\"inLanguage\":\"pt-BR\",\"potentialAction\":[{\"@type\":\"CommentAction\",\"name\":\"Comment\",\"target\":[\"https:\/\/www.oarcanjo.net\/site\/dom-angelico-80-anos-de-trabalho-alegre-generoso-e-profetico-na-edificacao-do-reino\/#respond\"]}]},{\"@type\":\"WebPage\",\"@id\":\"https:\/\/www.oarcanjo.net\/site\/dom-angelico-80-anos-de-trabalho-alegre-generoso-e-profetico-na-edificacao-do-reino\/\",\"url\":\"https:\/\/www.oarcanjo.net\/site\/dom-angelico-80-anos-de-trabalho-alegre-generoso-e-profetico-na-edificacao-do-reino\/\",\"name\":\"Dom Ang\u00e9lico: uma vida pela vida! - O Arcanjo no ar\",\"isPartOf\":{\"@id\":\"https:\/\/www.oarcanjo.net\/site\/#website\"},\"primaryImageOfPage\":{\"@id\":\"https:\/\/www.oarcanjo.net\/site\/dom-angelico-80-anos-de-trabalho-alegre-generoso-e-profetico-na-edificacao-do-reino\/#primaryimage\"},\"image\":{\"@id\":\"https:\/\/www.oarcanjo.net\/site\/dom-angelico-80-anos-de-trabalho-alegre-generoso-e-profetico-na-edificacao-do-reino\/#primaryimage\"},\"thumbnailUrl\":\"http:\/\/2.bp.blogspot.com\/-TyY0fq4aUfo\/UNCHf8KkcCI\/AAAAAAAARos\/Or7l2ktRcRE\/s1600\/dom+ang%C3%A9lico.jpg\",\"datePublished\":\"2012-12-18T17:43:53+00:00\",\"dateModified\":\"2013-01-16T13:22:48+00:00\",\"breadcrumb\":{\"@id\":\"https:\/\/www.oarcanjo.net\/site\/dom-angelico-80-anos-de-trabalho-alegre-generoso-e-profetico-na-edificacao-do-reino\/#breadcrumb\"},\"inLanguage\":\"pt-BR\",\"potentialAction\":[{\"@type\":\"ReadAction\",\"target\":[\"https:\/\/www.oarcanjo.net\/site\/dom-angelico-80-anos-de-trabalho-alegre-generoso-e-profetico-na-edificacao-do-reino\/\"]}]},{\"@type\":\"ImageObject\",\"inLanguage\":\"pt-BR\",\"@id\":\"https:\/\/www.oarcanjo.net\/site\/dom-angelico-80-anos-de-trabalho-alegre-generoso-e-profetico-na-edificacao-do-reino\/#primaryimage\",\"url\":\"http:\/\/2.bp.blogspot.com\/-TyY0fq4aUfo\/UNCHf8KkcCI\/AAAAAAAARos\/Or7l2ktRcRE\/s1600\/dom+ang%C3%A9lico.jpg\",\"contentUrl\":\"http:\/\/2.bp.blogspot.com\/-TyY0fq4aUfo\/UNCHf8KkcCI\/AAAAAAAARos\/Or7l2ktRcRE\/s1600\/dom+ang%C3%A9lico.jpg\"},{\"@type\":\"BreadcrumbList\",\"@id\":\"https:\/\/www.oarcanjo.net\/site\/dom-angelico-80-anos-de-trabalho-alegre-generoso-e-profetico-na-edificacao-do-reino\/#breadcrumb\",\"itemListElement\":[{\"@type\":\"ListItem\",\"position\":1,\"name\":\"In\u00edcio\",\"item\":\"https:\/\/www.oarcanjo.net\/site\/\"},{\"@type\":\"ListItem\",\"position\":2,\"name\":\"Dom Ang\u00e9lico: uma vida pela vida!\"}]},{\"@type\":\"WebSite\",\"@id\":\"https:\/\/www.oarcanjo.net\/site\/#website\",\"url\":\"https:\/\/www.oarcanjo.net\/site\/\",\"name\":\"O Arcanjo no ar\",\"description\":\"Site da Par\u00f3quia S\u00e3o Miguel Arcanjo (Arquidiocese de SP)\",\"publisher\":{\"@id\":\"https:\/\/www.oarcanjo.net\/site\/#organization\"},\"potentialAction\":[{\"@type\":\"SearchAction\",\"target\":{\"@type\":\"EntryPoint\",\"urlTemplate\":\"https:\/\/www.oarcanjo.net\/site\/?s={search_term_string}\"},\"query-input\":{\"@type\":\"PropertyValueSpecification\",\"valueRequired\":true,\"valueName\":\"search_term_string\"}}],\"inLanguage\":\"pt-BR\"},{\"@type\":\"Organization\",\"@id\":\"https:\/\/www.oarcanjo.net\/site\/#organization\",\"name\":\"Par\u00f3quia S\u00e3o Miguel Arcanjo\",\"url\":\"https:\/\/www.oarcanjo.net\/site\/\",\"logo\":{\"@type\":\"ImageObject\",\"inLanguage\":\"pt-BR\",\"@id\":\"https:\/\/www.oarcanjo.net\/site\/#\/schema\/logo\/image\/\",\"url\":\"https:\/\/www.oarcanjo.net\/site\/wp-content\/uploads\/LogoOArcanjo.png\",\"contentUrl\":\"https:\/\/www.oarcanjo.net\/site\/wp-content\/uploads\/LogoOArcanjo.png\",\"width\":319,\"height\":99,\"caption\":\"Par\u00f3quia S\u00e3o Miguel Arcanjo\"},\"image\":{\"@id\":\"https:\/\/www.oarcanjo.net\/site\/#\/schema\/logo\/image\/\"},\"sameAs\":[\"https:\/\/www.facebook.com\/OArcanjoNoAr\/\"]},{\"@type\":\"Person\",\"@id\":\"https:\/\/www.oarcanjo.net\/site\/#\/schema\/person\/58d7f78850a973b8e467c7ae4a7eb4ad\",\"name\":\"pe.geovane\"}]}<\/script>\n<!-- \/ Yoast SEO plugin. -->","yoast_head_json":{"title":"Dom Ang\u00e9lico: uma vida pela vida! - O Arcanjo no ar","robots":{"index":"index","follow":"follow","max-snippet":"max-snippet:-1","max-image-preview":"max-image-preview:large","max-video-preview":"max-video-preview:-1"},"canonical":"https:\/\/www.oarcanjo.net\/site\/dom-angelico-80-anos-de-trabalho-alegre-generoso-e-profetico-na-edificacao-do-reino\/","og_locale":"pt_BR","og_type":"article","og_title":"Dom Ang\u00e9lico: uma vida pela vida! - O Arcanjo no ar","og_description":"80 anos de trabalho alegre, generoso e prof\u00e9tico, na edifica\u00e7\u00e3o do reino foto de\u00a0Fernando Altemeyer Junior Dom Ang\u00e9lico S\u00e2ndalo Bernardino completa 80 anos neste 19 de janeiro de 2013. Dele podemos afirmar: uma vida toda em favor da vida, sempre repleta de entusiasmo e generosidade, profecia, justi\u00e7a e paz. Tive a alegria de conhec\u00ea-lo \u00a0em [&hellip;]","og_url":"https:\/\/www.oarcanjo.net\/site\/dom-angelico-80-anos-de-trabalho-alegre-generoso-e-profetico-na-edificacao-do-reino\/","og_site_name":"O Arcanjo no ar","article_publisher":"https:\/\/www.facebook.com\/OArcanjoNoAr\/","article_published_time":"2012-12-18T17:43:53+00:00","article_modified_time":"2013-01-16T13:22:48+00:00","og_image":[{"url":"http:\/\/2.bp.blogspot.com\/-TyY0fq4aUfo\/UNCHf8KkcCI\/AAAAAAAARos\/Or7l2ktRcRE\/s1600\/dom+ang%C3%A9lico.jpg"}],"author":"pe.geovane","twitter_card":"summary_large_image","twitter_misc":{"Escrito por":"pe.geovane","Est. tempo de leitura":"1 minuto"},"schema":{"@context":"https:\/\/schema.org","@graph":[{"@type":"Article","@id":"https:\/\/www.oarcanjo.net\/site\/dom-angelico-80-anos-de-trabalho-alegre-generoso-e-profetico-na-edificacao-do-reino\/#article","isPartOf":{"@id":"https:\/\/www.oarcanjo.net\/site\/dom-angelico-80-anos-de-trabalho-alegre-generoso-e-profetico-na-edificacao-do-reino\/"},"author":{"name":"pe.geovane","@id":"https:\/\/www.oarcanjo.net\/site\/#\/schema\/person\/58d7f78850a973b8e467c7ae4a7eb4ad"},"headline":"Dom Ang\u00e9lico: uma vida pela vida!","datePublished":"2012-12-18T17:43:53+00:00","dateModified":"2013-01-16T13:22:48+00:00","mainEntityOfPage":{"@id":"https:\/\/www.oarcanjo.net\/site\/dom-angelico-80-anos-de-trabalho-alegre-generoso-e-profetico-na-edificacao-do-reino\/"},"wordCount":270,"commentCount":0,"publisher":{"@id":"https:\/\/www.oarcanjo.net\/site\/#organization"},"image":{"@id":"https:\/\/www.oarcanjo.net\/site\/dom-angelico-80-anos-de-trabalho-alegre-generoso-e-profetico-na-edificacao-do-reino\/#primaryimage"},"thumbnailUrl":"http:\/\/2.bp.blogspot.com\/-TyY0fq4aUfo\/UNCHf8KkcCI\/AAAAAAAARos\/Or7l2ktRcRE\/s1600\/dom+ang%C3%A9lico.jpg","articleSection":["Testemunhos"],"inLanguage":"pt-BR","potentialAction":[{"@type":"CommentAction","name":"Comment","target":["https:\/\/www.oarcanjo.net\/site\/dom-angelico-80-anos-de-trabalho-alegre-generoso-e-profetico-na-edificacao-do-reino\/#respond"]}]},{"@type":"WebPage","@id":"https:\/\/www.oarcanjo.net\/site\/dom-angelico-80-anos-de-trabalho-alegre-generoso-e-profetico-na-edificacao-do-reino\/","url":"https:\/\/www.oarcanjo.net\/site\/dom-angelico-80-anos-de-trabalho-alegre-generoso-e-profetico-na-edificacao-do-reino\/","name":"Dom Ang\u00e9lico: uma vida pela vida! - O Arcanjo no ar","isPartOf":{"@id":"https:\/\/www.oarcanjo.net\/site\/#website"},"primaryImageOfPage":{"@id":"https:\/\/www.oarcanjo.net\/site\/dom-angelico-80-anos-de-trabalho-alegre-generoso-e-profetico-na-edificacao-do-reino\/#primaryimage"},"image":{"@id":"https:\/\/www.oarcanjo.net\/site\/dom-angelico-80-anos-de-trabalho-alegre-generoso-e-profetico-na-edificacao-do-reino\/#primaryimage"},"thumbnailUrl":"http:\/\/2.bp.blogspot.com\/-TyY0fq4aUfo\/UNCHf8KkcCI\/AAAAAAAARos\/Or7l2ktRcRE\/s1600\/dom+ang%C3%A9lico.jpg","datePublished":"2012-12-18T17:43:53+00:00","dateModified":"2013-01-16T13:22:48+00:00","breadcrumb":{"@id":"https:\/\/www.oarcanjo.net\/site\/dom-angelico-80-anos-de-trabalho-alegre-generoso-e-profetico-na-edificacao-do-reino\/#breadcrumb"},"inLanguage":"pt-BR","potentialAction":[{"@type":"ReadAction","target":["https:\/\/www.oarcanjo.net\/site\/dom-angelico-80-anos-de-trabalho-alegre-generoso-e-profetico-na-edificacao-do-reino\/"]}]},{"@type":"ImageObject","inLanguage":"pt-BR","@id":"https:\/\/www.oarcanjo.net\/site\/dom-angelico-80-anos-de-trabalho-alegre-generoso-e-profetico-na-edificacao-do-reino\/#primaryimage","url":"http:\/\/2.bp.blogspot.com\/-TyY0fq4aUfo\/UNCHf8KkcCI\/AAAAAAAARos\/Or7l2ktRcRE\/s1600\/dom+ang%C3%A9lico.jpg","contentUrl":"http:\/\/2.bp.blogspot.com\/-TyY0fq4aUfo\/UNCHf8KkcCI\/AAAAAAAARos\/Or7l2ktRcRE\/s1600\/dom+ang%C3%A9lico.jpg"},{"@type":"BreadcrumbList","@id":"https:\/\/www.oarcanjo.net\/site\/dom-angelico-80-anos-de-trabalho-alegre-generoso-e-profetico-na-edificacao-do-reino\/#breadcrumb","itemListElement":[{"@type":"ListItem","position":1,"name":"In\u00edcio","item":"https:\/\/www.oarcanjo.net\/site\/"},{"@type":"ListItem","position":2,"name":"Dom Ang\u00e9lico: uma vida pela vida!"}]},{"@type":"WebSite","@id":"https:\/\/www.oarcanjo.net\/site\/#website","url":"https:\/\/www.oarcanjo.net\/site\/","name":"O Arcanjo no ar","description":"Site da Par\u00f3quia S\u00e3o Miguel Arcanjo (Arquidiocese de SP)","publisher":{"@id":"https:\/\/www.oarcanjo.net\/site\/#organization"},"potentialAction":[{"@type":"SearchAction","target":{"@type":"EntryPoint","urlTemplate":"https:\/\/www.oarcanjo.net\/site\/?s={search_term_string}"},"query-input":{"@type":"PropertyValueSpecification","valueRequired":true,"valueName":"search_term_string"}}],"inLanguage":"pt-BR"},{"@type":"Organization","@id":"https:\/\/www.oarcanjo.net\/site\/#organization","name":"Par\u00f3quia S\u00e3o Miguel Arcanjo","url":"https:\/\/www.oarcanjo.net\/site\/","logo":{"@type":"ImageObject","inLanguage":"pt-BR","@id":"https:\/\/www.oarcanjo.net\/site\/#\/schema\/logo\/image\/","url":"https:\/\/www.oarcanjo.net\/site\/wp-content\/uploads\/LogoOArcanjo.png","contentUrl":"https:\/\/www.oarcanjo.net\/site\/wp-content\/uploads\/LogoOArcanjo.png","width":319,"height":99,"caption":"Par\u00f3quia S\u00e3o Miguel Arcanjo"},"image":{"@id":"https:\/\/www.oarcanjo.net\/site\/#\/schema\/logo\/image\/"},"sameAs":["https:\/\/www.facebook.com\/OArcanjoNoAr\/"]},{"@type":"Person","@id":"https:\/\/www.oarcanjo.net\/site\/#\/schema\/person\/58d7f78850a973b8e467c7ae4a7eb4ad","name":"pe.geovane"}]}},"publishpress_future_action":{"enabled":false,"date":"2026-05-08 00:23:56","action":"category","newStatus":"draft","terms":[],"taxonomy":"category"},"publishpress_future_workflow_manual_trigger":{"enabledWorkflows":[]},"_links":{"self":[{"href":"https:\/\/www.oarcanjo.net\/site\/wp-json\/wp\/v2\/posts\/20287"}],"collection":[{"href":"https:\/\/www.oarcanjo.net\/site\/wp-json\/wp\/v2\/posts"}],"about":[{"href":"https:\/\/www.oarcanjo.net\/site\/wp-json\/wp\/v2\/types\/post"}],"author":[{"embeddable":true,"href":"https:\/\/www.oarcanjo.net\/site\/wp-json\/wp\/v2\/users\/17"}],"replies":[{"embeddable":true,"href":"https:\/\/www.oarcanjo.net\/site\/wp-json\/wp\/v2\/comments?post=20287"}],"version-history":[{"count":0,"href":"https:\/\/www.oarcanjo.net\/site\/wp-json\/wp\/v2\/posts\/20287\/revisions"}],"wp:attachment":[{"href":"https:\/\/www.oarcanjo.net\/site\/wp-json\/wp\/v2\/media?parent=20287"}],"wp:term":[{"taxonomy":"category","embeddable":true,"href":"https:\/\/www.oarcanjo.net\/site\/wp-json\/wp\/v2\/categories?post=20287"},{"taxonomy":"post_tag","embeddable":true,"href":"https:\/\/www.oarcanjo.net\/site\/wp-json\/wp\/v2\/tags?post=20287"}],"curies":[{"name":"wp","href":"https:\/\/api.w.org\/{rel}","templated":true}]}}