
{"id":20400,"date":"2012-12-20T15:54:13","date_gmt":"2012-12-20T17:54:13","guid":{"rendered":"http:\/\/www.oarcanjo.net\/site\/?p=20400"},"modified":"2012-12-20T15:54:14","modified_gmt":"2012-12-20T17:54:14","slug":"bendita-seja-a-mae-do-salvador-dom-sergio","status":"publish","type":"post","link":"https:\/\/www.oarcanjo.net\/site\/bendita-seja-a-mae-do-salvador-dom-sergio\/","title":{"rendered":"Bendita seja a M\u00e3e do Salvador! &#8211; Dom Sergio"},"content":{"rendered":"<h3><\/h3>\n<div>\n<h2>Dom Sergio da Rocha*<\/h2>\n<div style=\"text-align: justify\"><a href=\"http:\/\/1.bp.blogspot.com\/-3qXmycU7y6A\/UNNPMy4D9dI\/AAAAAAAASK8\/dGi5lv32m34\/s1600\/300502_159988240759727_100002456578485_296584_1555955916_a.jpg\"><\/a><a href=\"http:\/\/www.oarcanjo.net\/site\/wp-content\/uploads\/300502_159988240759727_100002456578485_296584_1555955916_a1.jpg\"><img loading=\"lazy\" decoding=\"async\" class=\"alignleft size-thumbnail wp-image-19478\" src=\"http:\/\/www.oarcanjo.net\/site\/wp-content\/uploads\/300502_159988240759727_100002456578485_296584_1555955916_a1-150x150.jpg\" alt=\"\" width=\"150\" height=\"150\" \/><\/a>Na proximidade do Natal de Jesus, a Liturgia da Palavra nos apresenta a figura de Maria de Nazar\u00e9, m\u00e3e do Messias anunciado pelos profetas, como Miqu\u00e9ias. Com ela, aprendemos a vivenciar este tempo do Advento. Enquanto aguardava o nascimento de Jesus, ela foi visitar Isabel, que tamb\u00e9m estava gr\u00e1vida, necessitada de ajuda fraterna, considerando-se, em especial, a sua idade avan\u00e7ada. O fato de dirigir-se, \u201capressadamente\u201d, \u00e0 casa de Isabel, demonstra a urg\u00eancia da situa\u00e7\u00e3o e a prontid\u00e3o de Maria em estar com Isabel. Aquela que, pouco antes, na Anuncia\u00e7\u00e3o, se apresentou como a \u201cserva do Senhor\u201d, logo depois, na Visita\u00e7\u00e3o, se faz a serva de Isabel, nos ensinando a servir a Deus, atrav\u00e9s dos irm\u00e3os que mais necessitam de n\u00f3s. Maria permanece com Isabel durante tr\u00eas meses, numa atitude de extraordin\u00e1ria generosidade.<\/div>\n<div style=\"text-align: justify\">Conforme o exemplo de Nossa Senhora, tamb\u00e9m n\u00f3s, devemos aguardar a solenidade do nascimento de Jesus, atrav\u00e9s da viv\u00eancia da caridade para com todos, principalmente, para com os mais necessitados de nosso amor, ora\u00e7\u00e3o, servi\u00e7o e solidariedade. Quando agimos deste modo, nos tornamos portadores da alegria que vem da presen\u00e7a de Jesus, como ocorreu na visita de Maria a Isabel.<\/div>\n<div style=\"text-align: justify\">A atitude de Isabel tamb\u00e9m nos ensina a bem viver o Advento do Senhor. Ela acolhe Maria, que lhe traz a presen\u00e7a de Jesus, com louvor, humildade e alegria. Com Isabel, n\u00f3s tamb\u00e9m queremos louvar a M\u00e3e do Salvador e ao seu filho Jesus, exclamando como tantas vezes fazemos ao rezar a singela ora\u00e7\u00e3o da Ave-Maria: \u201cbendita \u00e9s tu entre as mulheres e bendito \u00e9 o fruto do teu ventre!\u201d. \u00c0s v\u00e9speras do Natal, procuremos imitar Isabel, repetindo, com fervor, as palavras que ela dirigiu a Maria e a Jesus.<\/div>\n<div style=\"text-align: justify\">A profecia de Miqu\u00e9ias se cumprir\u00e1 no nascimento do Messias, na pequenina Bel\u00e9m. Segundo o Profeta, a paz caracteriza o Messias esperado e o seu reinado: \u201cos homens viver\u00e3o em paz e ele mesmo ser\u00e1 a Paz\u201d (Mq 5,3-4). Seja o Natal, tempo de paz em nossas fam\u00edlias!<\/div>\n<div style=\"text-align: justify\">Estamos chegando ao final do Advento. \u00c9 importante refletir sobre como vai a nossa prepara\u00e7\u00e3o para o Natal de Jesus. Sem a devida prepara\u00e7\u00e3o crist\u00e3, n\u00e3o se celebra o Natal de modo crist\u00e3o, isto \u00e9, o nascimento de Jesus. A preocupa\u00e7\u00e3o com festas ou presentes n\u00e3o pode ofuscar ou substituir o sentido genu\u00edno do Natal do Senhor e o presente maior a ser recebido que \u00e9 o pr\u00f3prio Jesus. Para que o Natal seja o \u201cNatal Do Senhor\u201d, \u00e9 preciso que a prepara\u00e7\u00e3o seja feita de muita ora\u00e7\u00e3o, escuta da Palavra de Deus, participa\u00e7\u00e3o na Eucaristia e da viv\u00eancia do amor fraterno, que poder\u00e1 exigir de n\u00f3s o perd\u00e3o e a reconcilia\u00e7\u00e3o.<\/div>\n<div style=\"text-align: justify\">*Arcebispo Metropolitano de Bras\u00edlia<\/div>\n<\/div>\n<div style=\"text-align: justify\">\n<div>Postado por\u00a0<a title=\"author profile\" rel=\"author\" href=\"http:\/\/www.blogger.com\/profile\/12037961757835243213\">Par\u00f3quia de Santo Afonso<\/a><\/div>\n<\/div>\n<p style=\"text-align: justify\">&nbsp;<\/p>\n<div id=\"themify_builder_content-20400\" data-postid=\"20400\" class=\"themify_builder_content themify_builder_content-20400 themify_builder themify_builder_front\">\n\t<\/div>\n<!-- \/themify_builder_content -->","protected":false},"excerpt":{"rendered":"<p>Dom Sergio da Rocha* Na proximidade do Natal de Jesus, a Liturgia da Palavra nos apresenta a figura de Maria de Nazar\u00e9, m\u00e3e do Messias anunciado pelos profetas, como Miqu\u00e9ias. Com ela, aprendemos a vivenciar este tempo do Advento. Enquanto aguardava o nascimento de Jesus, ela foi visitar Isabel, que tamb\u00e9m estava gr\u00e1vida, necessitada de [&hellip;]<\/p>\n","protected":false},"author":17,"featured_media":0,"comment_status":"open","ping_status":"open","sticky":false,"template":"","format":"standard","meta":{"ngg_post_thumbnail":0,"footnotes":""},"categories":[9],"tags":[],"yoast_head":"<!-- This site is optimized with the Yoast SEO plugin v23.5 - https:\/\/yoast.com\/wordpress\/plugins\/seo\/ -->\n<title>Bendita seja a M\u00e3e do Salvador! - Dom Sergio - O Arcanjo no ar<\/title>\n<meta name=\"robots\" content=\"index, follow, max-snippet:-1, max-image-preview:large, max-video-preview:-1\" \/>\n<link rel=\"canonical\" href=\"https:\/\/www.oarcanjo.net\/site\/bendita-seja-a-mae-do-salvador-dom-sergio\/\" \/>\n<meta property=\"og:locale\" content=\"pt_BR\" \/>\n<meta property=\"og:type\" content=\"article\" \/>\n<meta property=\"og:title\" content=\"Bendita seja a M\u00e3e do Salvador! - Dom Sergio - O Arcanjo no ar\" \/>\n<meta property=\"og:description\" content=\"Dom Sergio da Rocha* Na proximidade do Natal de Jesus, a Liturgia da Palavra nos apresenta a figura de Maria de Nazar\u00e9, m\u00e3e do Messias anunciado pelos profetas, como Miqu\u00e9ias. Com ela, aprendemos a vivenciar este tempo do Advento. Enquanto aguardava o nascimento de Jesus, ela foi visitar Isabel, que tamb\u00e9m estava gr\u00e1vida, necessitada de [&hellip;]\" \/>\n<meta property=\"og:url\" content=\"https:\/\/www.oarcanjo.net\/site\/bendita-seja-a-mae-do-salvador-dom-sergio\/\" \/>\n<meta property=\"og:site_name\" content=\"O Arcanjo no ar\" \/>\n<meta property=\"article:publisher\" content=\"https:\/\/www.facebook.com\/OArcanjoNoAr\/\" \/>\n<meta property=\"article:published_time\" content=\"2012-12-20T17:54:13+00:00\" \/>\n<meta property=\"article:modified_time\" content=\"2012-12-20T17:54:14+00:00\" \/>\n<meta property=\"og:image\" content=\"http:\/\/www.oarcanjo.net\/site\/wp-content\/uploads\/300502_159988240759727_100002456578485_296584_1555955916_a1-150x150.jpg\" \/>\n<meta name=\"author\" content=\"pe.geovane\" \/>\n<meta name=\"twitter:card\" content=\"summary_large_image\" \/>\n<meta name=\"twitter:label1\" content=\"Escrito por\" \/>\n\t<meta name=\"twitter:data1\" content=\"pe.geovane\" \/>\n\t<meta name=\"twitter:label2\" content=\"Est. tempo de leitura\" \/>\n\t<meta name=\"twitter:data2\" content=\"3 minutos\" \/>\n<script type=\"application\/ld+json\" class=\"yoast-schema-graph\">{\"@context\":\"https:\/\/schema.org\",\"@graph\":[{\"@type\":\"Article\",\"@id\":\"https:\/\/www.oarcanjo.net\/site\/bendita-seja-a-mae-do-salvador-dom-sergio\/#article\",\"isPartOf\":{\"@id\":\"https:\/\/www.oarcanjo.net\/site\/bendita-seja-a-mae-do-salvador-dom-sergio\/\"},\"author\":{\"name\":\"pe.geovane\",\"@id\":\"https:\/\/www.oarcanjo.net\/site\/#\/schema\/person\/58d7f78850a973b8e467c7ae4a7eb4ad\"},\"headline\":\"Bendita seja a M\u00e3e do Salvador! &#8211; Dom Sergio\",\"datePublished\":\"2012-12-20T17:54:13+00:00\",\"dateModified\":\"2012-12-20T17:54:14+00:00\",\"mainEntityOfPage\":{\"@id\":\"https:\/\/www.oarcanjo.net\/site\/bendita-seja-a-mae-do-salvador-dom-sergio\/\"},\"wordCount\":511,\"commentCount\":0,\"publisher\":{\"@id\":\"https:\/\/www.oarcanjo.net\/site\/#organization\"},\"image\":{\"@id\":\"https:\/\/www.oarcanjo.net\/site\/bendita-seja-a-mae-do-salvador-dom-sergio\/#primaryimage\"},\"thumbnailUrl\":\"http:\/\/www.oarcanjo.net\/site\/wp-content\/uploads\/300502_159988240759727_100002456578485_296584_1555955916_a1-150x150.jpg\",\"articleSection\":[\"Reflex\u00f5es\"],\"inLanguage\":\"pt-BR\",\"potentialAction\":[{\"@type\":\"CommentAction\",\"name\":\"Comment\",\"target\":[\"https:\/\/www.oarcanjo.net\/site\/bendita-seja-a-mae-do-salvador-dom-sergio\/#respond\"]}]},{\"@type\":\"WebPage\",\"@id\":\"https:\/\/www.oarcanjo.net\/site\/bendita-seja-a-mae-do-salvador-dom-sergio\/\",\"url\":\"https:\/\/www.oarcanjo.net\/site\/bendita-seja-a-mae-do-salvador-dom-sergio\/\",\"name\":\"Bendita seja a M\u00e3e do Salvador! - Dom Sergio - O Arcanjo no ar\",\"isPartOf\":{\"@id\":\"https:\/\/www.oarcanjo.net\/site\/#website\"},\"primaryImageOfPage\":{\"@id\":\"https:\/\/www.oarcanjo.net\/site\/bendita-seja-a-mae-do-salvador-dom-sergio\/#primaryimage\"},\"image\":{\"@id\":\"https:\/\/www.oarcanjo.net\/site\/bendita-seja-a-mae-do-salvador-dom-sergio\/#primaryimage\"},\"thumbnailUrl\":\"http:\/\/www.oarcanjo.net\/site\/wp-content\/uploads\/300502_159988240759727_100002456578485_296584_1555955916_a1-150x150.jpg\",\"datePublished\":\"2012-12-20T17:54:13+00:00\",\"dateModified\":\"2012-12-20T17:54:14+00:00\",\"breadcrumb\":{\"@id\":\"https:\/\/www.oarcanjo.net\/site\/bendita-seja-a-mae-do-salvador-dom-sergio\/#breadcrumb\"},\"inLanguage\":\"pt-BR\",\"potentialAction\":[{\"@type\":\"ReadAction\",\"target\":[\"https:\/\/www.oarcanjo.net\/site\/bendita-seja-a-mae-do-salvador-dom-sergio\/\"]}]},{\"@type\":\"ImageObject\",\"inLanguage\":\"pt-BR\",\"@id\":\"https:\/\/www.oarcanjo.net\/site\/bendita-seja-a-mae-do-salvador-dom-sergio\/#primaryimage\",\"url\":\"https:\/\/www.oarcanjo.net\/site\/wp-content\/uploads\/300502_159988240759727_100002456578485_296584_1555955916_a1.jpg\",\"contentUrl\":\"https:\/\/www.oarcanjo.net\/site\/wp-content\/uploads\/300502_159988240759727_100002456578485_296584_1555955916_a1.jpg\",\"width\":\"180\",\"height\":\"201\"},{\"@type\":\"BreadcrumbList\",\"@id\":\"https:\/\/www.oarcanjo.net\/site\/bendita-seja-a-mae-do-salvador-dom-sergio\/#breadcrumb\",\"itemListElement\":[{\"@type\":\"ListItem\",\"position\":1,\"name\":\"In\u00edcio\",\"item\":\"https:\/\/www.oarcanjo.net\/site\/\"},{\"@type\":\"ListItem\",\"position\":2,\"name\":\"Bendita seja a M\u00e3e do Salvador! &#8211; Dom Sergio\"}]},{\"@type\":\"WebSite\",\"@id\":\"https:\/\/www.oarcanjo.net\/site\/#website\",\"url\":\"https:\/\/www.oarcanjo.net\/site\/\",\"name\":\"O Arcanjo no ar\",\"description\":\"Site da Par\u00f3quia S\u00e3o Miguel Arcanjo (Arquidiocese de SP)\",\"publisher\":{\"@id\":\"https:\/\/www.oarcanjo.net\/site\/#organization\"},\"potentialAction\":[{\"@type\":\"SearchAction\",\"target\":{\"@type\":\"EntryPoint\",\"urlTemplate\":\"https:\/\/www.oarcanjo.net\/site\/?s={search_term_string}\"},\"query-input\":{\"@type\":\"PropertyValueSpecification\",\"valueRequired\":true,\"valueName\":\"search_term_string\"}}],\"inLanguage\":\"pt-BR\"},{\"@type\":\"Organization\",\"@id\":\"https:\/\/www.oarcanjo.net\/site\/#organization\",\"name\":\"Par\u00f3quia S\u00e3o Miguel Arcanjo\",\"url\":\"https:\/\/www.oarcanjo.net\/site\/\",\"logo\":{\"@type\":\"ImageObject\",\"inLanguage\":\"pt-BR\",\"@id\":\"https:\/\/www.oarcanjo.net\/site\/#\/schema\/logo\/image\/\",\"url\":\"https:\/\/www.oarcanjo.net\/site\/wp-content\/uploads\/LogoOArcanjo.png\",\"contentUrl\":\"https:\/\/www.oarcanjo.net\/site\/wp-content\/uploads\/LogoOArcanjo.png\",\"width\":319,\"height\":99,\"caption\":\"Par\u00f3quia S\u00e3o Miguel Arcanjo\"},\"image\":{\"@id\":\"https:\/\/www.oarcanjo.net\/site\/#\/schema\/logo\/image\/\"},\"sameAs\":[\"https:\/\/www.facebook.com\/OArcanjoNoAr\/\"]},{\"@type\":\"Person\",\"@id\":\"https:\/\/www.oarcanjo.net\/site\/#\/schema\/person\/58d7f78850a973b8e467c7ae4a7eb4ad\",\"name\":\"pe.geovane\"}]}<\/script>\n<!-- \/ Yoast SEO plugin. -->","yoast_head_json":{"title":"Bendita seja a M\u00e3e do Salvador! - Dom Sergio - O Arcanjo no ar","robots":{"index":"index","follow":"follow","max-snippet":"max-snippet:-1","max-image-preview":"max-image-preview:large","max-video-preview":"max-video-preview:-1"},"canonical":"https:\/\/www.oarcanjo.net\/site\/bendita-seja-a-mae-do-salvador-dom-sergio\/","og_locale":"pt_BR","og_type":"article","og_title":"Bendita seja a M\u00e3e do Salvador! - Dom Sergio - O Arcanjo no ar","og_description":"Dom Sergio da Rocha* Na proximidade do Natal de Jesus, a Liturgia da Palavra nos apresenta a figura de Maria de Nazar\u00e9, m\u00e3e do Messias anunciado pelos profetas, como Miqu\u00e9ias. Com ela, aprendemos a vivenciar este tempo do Advento. Enquanto aguardava o nascimento de Jesus, ela foi visitar Isabel, que tamb\u00e9m estava gr\u00e1vida, necessitada de [&hellip;]","og_url":"https:\/\/www.oarcanjo.net\/site\/bendita-seja-a-mae-do-salvador-dom-sergio\/","og_site_name":"O Arcanjo no ar","article_publisher":"https:\/\/www.facebook.com\/OArcanjoNoAr\/","article_published_time":"2012-12-20T17:54:13+00:00","article_modified_time":"2012-12-20T17:54:14+00:00","og_image":[{"url":"http:\/\/www.oarcanjo.net\/site\/wp-content\/uploads\/300502_159988240759727_100002456578485_296584_1555955916_a1-150x150.jpg"}],"author":"pe.geovane","twitter_card":"summary_large_image","twitter_misc":{"Escrito por":"pe.geovane","Est. tempo de leitura":"3 minutos"},"schema":{"@context":"https:\/\/schema.org","@graph":[{"@type":"Article","@id":"https:\/\/www.oarcanjo.net\/site\/bendita-seja-a-mae-do-salvador-dom-sergio\/#article","isPartOf":{"@id":"https:\/\/www.oarcanjo.net\/site\/bendita-seja-a-mae-do-salvador-dom-sergio\/"},"author":{"name":"pe.geovane","@id":"https:\/\/www.oarcanjo.net\/site\/#\/schema\/person\/58d7f78850a973b8e467c7ae4a7eb4ad"},"headline":"Bendita seja a M\u00e3e do Salvador! &#8211; Dom Sergio","datePublished":"2012-12-20T17:54:13+00:00","dateModified":"2012-12-20T17:54:14+00:00","mainEntityOfPage":{"@id":"https:\/\/www.oarcanjo.net\/site\/bendita-seja-a-mae-do-salvador-dom-sergio\/"},"wordCount":511,"commentCount":0,"publisher":{"@id":"https:\/\/www.oarcanjo.net\/site\/#organization"},"image":{"@id":"https:\/\/www.oarcanjo.net\/site\/bendita-seja-a-mae-do-salvador-dom-sergio\/#primaryimage"},"thumbnailUrl":"http:\/\/www.oarcanjo.net\/site\/wp-content\/uploads\/300502_159988240759727_100002456578485_296584_1555955916_a1-150x150.jpg","articleSection":["Reflex\u00f5es"],"inLanguage":"pt-BR","potentialAction":[{"@type":"CommentAction","name":"Comment","target":["https:\/\/www.oarcanjo.net\/site\/bendita-seja-a-mae-do-salvador-dom-sergio\/#respond"]}]},{"@type":"WebPage","@id":"https:\/\/www.oarcanjo.net\/site\/bendita-seja-a-mae-do-salvador-dom-sergio\/","url":"https:\/\/www.oarcanjo.net\/site\/bendita-seja-a-mae-do-salvador-dom-sergio\/","name":"Bendita seja a M\u00e3e do Salvador! - Dom Sergio - O Arcanjo no ar","isPartOf":{"@id":"https:\/\/www.oarcanjo.net\/site\/#website"},"primaryImageOfPage":{"@id":"https:\/\/www.oarcanjo.net\/site\/bendita-seja-a-mae-do-salvador-dom-sergio\/#primaryimage"},"image":{"@id":"https:\/\/www.oarcanjo.net\/site\/bendita-seja-a-mae-do-salvador-dom-sergio\/#primaryimage"},"thumbnailUrl":"http:\/\/www.oarcanjo.net\/site\/wp-content\/uploads\/300502_159988240759727_100002456578485_296584_1555955916_a1-150x150.jpg","datePublished":"2012-12-20T17:54:13+00:00","dateModified":"2012-12-20T17:54:14+00:00","breadcrumb":{"@id":"https:\/\/www.oarcanjo.net\/site\/bendita-seja-a-mae-do-salvador-dom-sergio\/#breadcrumb"},"inLanguage":"pt-BR","potentialAction":[{"@type":"ReadAction","target":["https:\/\/www.oarcanjo.net\/site\/bendita-seja-a-mae-do-salvador-dom-sergio\/"]}]},{"@type":"ImageObject","inLanguage":"pt-BR","@id":"https:\/\/www.oarcanjo.net\/site\/bendita-seja-a-mae-do-salvador-dom-sergio\/#primaryimage","url":"https:\/\/www.oarcanjo.net\/site\/wp-content\/uploads\/300502_159988240759727_100002456578485_296584_1555955916_a1.jpg","contentUrl":"https:\/\/www.oarcanjo.net\/site\/wp-content\/uploads\/300502_159988240759727_100002456578485_296584_1555955916_a1.jpg","width":"180","height":"201"},{"@type":"BreadcrumbList","@id":"https:\/\/www.oarcanjo.net\/site\/bendita-seja-a-mae-do-salvador-dom-sergio\/#breadcrumb","itemListElement":[{"@type":"ListItem","position":1,"name":"In\u00edcio","item":"https:\/\/www.oarcanjo.net\/site\/"},{"@type":"ListItem","position":2,"name":"Bendita seja a M\u00e3e do Salvador! &#8211; Dom Sergio"}]},{"@type":"WebSite","@id":"https:\/\/www.oarcanjo.net\/site\/#website","url":"https:\/\/www.oarcanjo.net\/site\/","name":"O Arcanjo no ar","description":"Site da Par\u00f3quia S\u00e3o Miguel Arcanjo (Arquidiocese de SP)","publisher":{"@id":"https:\/\/www.oarcanjo.net\/site\/#organization"},"potentialAction":[{"@type":"SearchAction","target":{"@type":"EntryPoint","urlTemplate":"https:\/\/www.oarcanjo.net\/site\/?s={search_term_string}"},"query-input":{"@type":"PropertyValueSpecification","valueRequired":true,"valueName":"search_term_string"}}],"inLanguage":"pt-BR"},{"@type":"Organization","@id":"https:\/\/www.oarcanjo.net\/site\/#organization","name":"Par\u00f3quia S\u00e3o Miguel Arcanjo","url":"https:\/\/www.oarcanjo.net\/site\/","logo":{"@type":"ImageObject","inLanguage":"pt-BR","@id":"https:\/\/www.oarcanjo.net\/site\/#\/schema\/logo\/image\/","url":"https:\/\/www.oarcanjo.net\/site\/wp-content\/uploads\/LogoOArcanjo.png","contentUrl":"https:\/\/www.oarcanjo.net\/site\/wp-content\/uploads\/LogoOArcanjo.png","width":319,"height":99,"caption":"Par\u00f3quia S\u00e3o Miguel Arcanjo"},"image":{"@id":"https:\/\/www.oarcanjo.net\/site\/#\/schema\/logo\/image\/"},"sameAs":["https:\/\/www.facebook.com\/OArcanjoNoAr\/"]},{"@type":"Person","@id":"https:\/\/www.oarcanjo.net\/site\/#\/schema\/person\/58d7f78850a973b8e467c7ae4a7eb4ad","name":"pe.geovane"}]}},"publishpress_future_action":{"enabled":false,"date":"2026-05-09 07:55:15","action":"category","newStatus":"draft","terms":[],"taxonomy":"category"},"publishpress_future_workflow_manual_trigger":{"enabledWorkflows":[]},"_links":{"self":[{"href":"https:\/\/www.oarcanjo.net\/site\/wp-json\/wp\/v2\/posts\/20400"}],"collection":[{"href":"https:\/\/www.oarcanjo.net\/site\/wp-json\/wp\/v2\/posts"}],"about":[{"href":"https:\/\/www.oarcanjo.net\/site\/wp-json\/wp\/v2\/types\/post"}],"author":[{"embeddable":true,"href":"https:\/\/www.oarcanjo.net\/site\/wp-json\/wp\/v2\/users\/17"}],"replies":[{"embeddable":true,"href":"https:\/\/www.oarcanjo.net\/site\/wp-json\/wp\/v2\/comments?post=20400"}],"version-history":[{"count":0,"href":"https:\/\/www.oarcanjo.net\/site\/wp-json\/wp\/v2\/posts\/20400\/revisions"}],"wp:attachment":[{"href":"https:\/\/www.oarcanjo.net\/site\/wp-json\/wp\/v2\/media?parent=20400"}],"wp:term":[{"taxonomy":"category","embeddable":true,"href":"https:\/\/www.oarcanjo.net\/site\/wp-json\/wp\/v2\/categories?post=20400"},{"taxonomy":"post_tag","embeddable":true,"href":"https:\/\/www.oarcanjo.net\/site\/wp-json\/wp\/v2\/tags?post=20400"}],"curies":[{"name":"wp","href":"https:\/\/api.w.org\/{rel}","templated":true}]}}