
{"id":20413,"date":"2012-12-20T19:59:30","date_gmt":"2012-12-20T21:59:30","guid":{"rendered":"http:\/\/www.oarcanjo.net\/site\/?p=20413"},"modified":"2012-12-21T14:48:11","modified_gmt":"2012-12-21T16:48:11","slug":"missa-cinco-anos-da-morte-de-dom-aloisio-lorscheider","status":"publish","type":"post","link":"https:\/\/www.oarcanjo.net\/site\/missa-cinco-anos-da-morte-de-dom-aloisio-lorscheider\/","title":{"rendered":"Missa dos cinco anos da morte de Dom Alo\u00edsio Lorscheider"},"content":{"rendered":"<div><a href=\"http:\/\/3.bp.blogspot.com\/-EmyekhK9lFc\/UNN4XpeIvBI\/AAAAAAAASMg\/8ScC-Wql5kc\/s1600\/dom+alo%C3%ADsio.jpg\"><\/a><\/div>\n<div>\n<div style=\"text-align: justify\">\n<div>\n<div>\n<div>\n<div>\n<div>Padre Geovane Saraiva*<\/div>\n<div><a href=\"http:\/\/3.bp.blogspot.com\/-ZiBRG_2fBEw\/UNRvZw95lUI\/AAAAAAAASOA\/4n9P1qNtwFY\/s1600\/capa_a_ternura_de_um_pastor%5B1%5D.jpg\"><\/a><a href=\"http:\/\/www.oarcanjo.net\/site\/wp-content\/uploads\/domaloisio.jpg\"><img loading=\"lazy\" decoding=\"async\" class=\"alignleft size-thumbnail wp-image-18206\" src=\"http:\/\/www.oarcanjo.net\/site\/wp-content\/uploads\/domaloisio-150x150.jpg\" alt=\"\" width=\"150\" height=\"150\" \/><\/a>Domingo, dia 23 \u00e0s 18 horas, missa dos cinco anos da morte de Dom Alo\u00edsio Lorscheider, na Par\u00f3quia de Santo Afonso &#8211; Parquel\u00e2ndia \u2013 Fortaleza &#8211; Cear\u00e1.<\/div>\n<div>Sua vida, como um verdadeiro hino de louvor a Deus, nos faz pensar que o consumismo, o ego\u00edsmo e o individualismo n\u00e3o podem ofuscar o florescimento da alegria e da esperan\u00e7a dos irm\u00e3os e irm\u00e3s, \u00e1vidos a sempre mais descobrir, numa bela e maravilhosa aventura, que Deus \u00e9 amor.<\/div>\n<div>Um Deus que amou tanto o mundo, a nos presentear com seu Filho \u00fanico neste Natal (cf. Jo 3,16), deu-nos tamb\u00e9m um amigo, um pastor, um te\u00f3logo e um Cardeal, que sabia compreender a realidade na sua conjuntura (&#8230;).<\/div>\n<div>Jamais podemos esquecer a chama luminosa de um cora\u00e7\u00e3o am\u00e1vel e cheio de bondade, de uma pessoa humana, dotada das mais elevadas virtudes e qualidades, da magnitude de Dom Alo\u00edsio, de um frade menor, mas grande, de tal modo que podemos considerar o maior.<\/div>\n<div>*P\u00e1roco de Santo Afonso<\/div>\n<\/div>\n<\/div>\n<\/div>\n<\/div>\n<div>\n<div>Postado por\u00a0<a title=\"author profile\" rel=\"author\" href=\"http:\/\/www.blogger.com\/profile\/12037961757835243213\">Par\u00f3quia de Santo Afonso<\/a><\/div>\n<\/div>\n<\/div>\n<\/div>\n<div id=\"themify_builder_content-20413\" data-postid=\"20413\" class=\"themify_builder_content themify_builder_content-20413 themify_builder themify_builder_front\">\n\t<\/div>\n<!-- \/themify_builder_content -->","protected":false},"excerpt":{"rendered":"<p>Padre Geovane Saraiva* Domingo, dia 23 \u00e0s 18 horas, missa dos cinco anos da morte de Dom Alo\u00edsio Lorscheider, na Par\u00f3quia de Santo Afonso &#8211; Parquel\u00e2ndia \u2013 Fortaleza &#8211; Cear\u00e1. Sua vida, como um verdadeiro hino de louvor a Deus, nos faz pensar que o consumismo, o ego\u00edsmo e o individualismo n\u00e3o podem ofuscar o [&hellip;]<\/p>\n","protected":false},"author":17,"featured_media":0,"comment_status":"open","ping_status":"open","sticky":false,"template":"","format":"standard","meta":{"ngg_post_thumbnail":0,"footnotes":""},"categories":[474],"tags":[],"yoast_head":"<!-- This site is optimized with the Yoast SEO plugin v23.5 - https:\/\/yoast.com\/wordpress\/plugins\/seo\/ -->\n<title>Missa dos cinco anos da morte de Dom Alo\u00edsio Lorscheider - O Arcanjo no ar<\/title>\n<meta name=\"robots\" content=\"index, follow, max-snippet:-1, max-image-preview:large, max-video-preview:-1\" \/>\n<link rel=\"canonical\" href=\"https:\/\/www.oarcanjo.net\/site\/missa-cinco-anos-da-morte-de-dom-aloisio-lorscheider\/\" \/>\n<meta property=\"og:locale\" content=\"pt_BR\" \/>\n<meta property=\"og:type\" content=\"article\" \/>\n<meta property=\"og:title\" content=\"Missa dos cinco anos da morte de Dom Alo\u00edsio Lorscheider - O Arcanjo no ar\" \/>\n<meta property=\"og:description\" content=\"Padre Geovane Saraiva* Domingo, dia 23 \u00e0s 18 horas, missa dos cinco anos da morte de Dom Alo\u00edsio Lorscheider, na Par\u00f3quia de Santo Afonso &#8211; Parquel\u00e2ndia \u2013 Fortaleza &#8211; Cear\u00e1. Sua vida, como um verdadeiro hino de louvor a Deus, nos faz pensar que o consumismo, o ego\u00edsmo e o individualismo n\u00e3o podem ofuscar o [&hellip;]\" \/>\n<meta property=\"og:url\" content=\"https:\/\/www.oarcanjo.net\/site\/missa-cinco-anos-da-morte-de-dom-aloisio-lorscheider\/\" \/>\n<meta property=\"og:site_name\" content=\"O Arcanjo no ar\" \/>\n<meta property=\"article:publisher\" content=\"https:\/\/www.facebook.com\/OArcanjoNoAr\/\" \/>\n<meta property=\"article:published_time\" content=\"2012-12-20T21:59:30+00:00\" \/>\n<meta property=\"article:modified_time\" content=\"2012-12-21T16:48:11+00:00\" \/>\n<meta property=\"og:image\" content=\"http:\/\/www.oarcanjo.net\/site\/wp-content\/uploads\/domaloisio-150x150.jpg\" \/>\n<meta name=\"author\" content=\"pe.geovane\" \/>\n<meta name=\"twitter:card\" content=\"summary_large_image\" \/>\n<meta name=\"twitter:label1\" content=\"Escrito por\" \/>\n\t<meta name=\"twitter:data1\" content=\"pe.geovane\" \/>\n\t<meta name=\"twitter:label2\" content=\"Est. tempo de leitura\" \/>\n\t<meta name=\"twitter:data2\" content=\"1 minuto\" \/>\n<script type=\"application\/ld+json\" class=\"yoast-schema-graph\">{\"@context\":\"https:\/\/schema.org\",\"@graph\":[{\"@type\":\"Article\",\"@id\":\"https:\/\/www.oarcanjo.net\/site\/missa-cinco-anos-da-morte-de-dom-aloisio-lorscheider\/#article\",\"isPartOf\":{\"@id\":\"https:\/\/www.oarcanjo.net\/site\/missa-cinco-anos-da-morte-de-dom-aloisio-lorscheider\/\"},\"author\":{\"name\":\"pe.geovane\",\"@id\":\"https:\/\/www.oarcanjo.net\/site\/#\/schema\/person\/58d7f78850a973b8e467c7ae4a7eb4ad\"},\"headline\":\"Missa dos cinco anos da morte de Dom Alo\u00edsio Lorscheider\",\"datePublished\":\"2012-12-20T21:59:30+00:00\",\"dateModified\":\"2012-12-21T16:48:11+00:00\",\"mainEntityOfPage\":{\"@id\":\"https:\/\/www.oarcanjo.net\/site\/missa-cinco-anos-da-morte-de-dom-aloisio-lorscheider\/\"},\"wordCount\":192,\"commentCount\":1,\"publisher\":{\"@id\":\"https:\/\/www.oarcanjo.net\/site\/#organization\"},\"image\":{\"@id\":\"https:\/\/www.oarcanjo.net\/site\/missa-cinco-anos-da-morte-de-dom-aloisio-lorscheider\/#primaryimage\"},\"thumbnailUrl\":\"http:\/\/www.oarcanjo.net\/site\/wp-content\/uploads\/domaloisio-150x150.jpg\",\"articleSection\":[\"D. Aloisio Lorscheider\"],\"inLanguage\":\"pt-BR\",\"potentialAction\":[{\"@type\":\"CommentAction\",\"name\":\"Comment\",\"target\":[\"https:\/\/www.oarcanjo.net\/site\/missa-cinco-anos-da-morte-de-dom-aloisio-lorscheider\/#respond\"]}]},{\"@type\":\"WebPage\",\"@id\":\"https:\/\/www.oarcanjo.net\/site\/missa-cinco-anos-da-morte-de-dom-aloisio-lorscheider\/\",\"url\":\"https:\/\/www.oarcanjo.net\/site\/missa-cinco-anos-da-morte-de-dom-aloisio-lorscheider\/\",\"name\":\"Missa dos cinco anos da morte de Dom Alo\u00edsio Lorscheider - O Arcanjo no ar\",\"isPartOf\":{\"@id\":\"https:\/\/www.oarcanjo.net\/site\/#website\"},\"primaryImageOfPage\":{\"@id\":\"https:\/\/www.oarcanjo.net\/site\/missa-cinco-anos-da-morte-de-dom-aloisio-lorscheider\/#primaryimage\"},\"image\":{\"@id\":\"https:\/\/www.oarcanjo.net\/site\/missa-cinco-anos-da-morte-de-dom-aloisio-lorscheider\/#primaryimage\"},\"thumbnailUrl\":\"http:\/\/www.oarcanjo.net\/site\/wp-content\/uploads\/domaloisio-150x150.jpg\",\"datePublished\":\"2012-12-20T21:59:30+00:00\",\"dateModified\":\"2012-12-21T16:48:11+00:00\",\"breadcrumb\":{\"@id\":\"https:\/\/www.oarcanjo.net\/site\/missa-cinco-anos-da-morte-de-dom-aloisio-lorscheider\/#breadcrumb\"},\"inLanguage\":\"pt-BR\",\"potentialAction\":[{\"@type\":\"ReadAction\",\"target\":[\"https:\/\/www.oarcanjo.net\/site\/missa-cinco-anos-da-morte-de-dom-aloisio-lorscheider\/\"]}]},{\"@type\":\"ImageObject\",\"inLanguage\":\"pt-BR\",\"@id\":\"https:\/\/www.oarcanjo.net\/site\/missa-cinco-anos-da-morte-de-dom-aloisio-lorscheider\/#primaryimage\",\"url\":\"https:\/\/www.oarcanjo.net\/site\/wp-content\/uploads\/domaloisio.jpg\",\"contentUrl\":\"https:\/\/www.oarcanjo.net\/site\/wp-content\/uploads\/domaloisio.jpg\",\"width\":\"320\",\"height\":\"390\"},{\"@type\":\"BreadcrumbList\",\"@id\":\"https:\/\/www.oarcanjo.net\/site\/missa-cinco-anos-da-morte-de-dom-aloisio-lorscheider\/#breadcrumb\",\"itemListElement\":[{\"@type\":\"ListItem\",\"position\":1,\"name\":\"In\u00edcio\",\"item\":\"https:\/\/www.oarcanjo.net\/site\/\"},{\"@type\":\"ListItem\",\"position\":2,\"name\":\"Missa dos cinco anos da morte de Dom Alo\u00edsio Lorscheider\"}]},{\"@type\":\"WebSite\",\"@id\":\"https:\/\/www.oarcanjo.net\/site\/#website\",\"url\":\"https:\/\/www.oarcanjo.net\/site\/\",\"name\":\"O Arcanjo no ar\",\"description\":\"Site da Par\u00f3quia S\u00e3o Miguel Arcanjo (Arquidiocese de SP)\",\"publisher\":{\"@id\":\"https:\/\/www.oarcanjo.net\/site\/#organization\"},\"potentialAction\":[{\"@type\":\"SearchAction\",\"target\":{\"@type\":\"EntryPoint\",\"urlTemplate\":\"https:\/\/www.oarcanjo.net\/site\/?s={search_term_string}\"},\"query-input\":{\"@type\":\"PropertyValueSpecification\",\"valueRequired\":true,\"valueName\":\"search_term_string\"}}],\"inLanguage\":\"pt-BR\"},{\"@type\":\"Organization\",\"@id\":\"https:\/\/www.oarcanjo.net\/site\/#organization\",\"name\":\"Par\u00f3quia S\u00e3o Miguel Arcanjo\",\"url\":\"https:\/\/www.oarcanjo.net\/site\/\",\"logo\":{\"@type\":\"ImageObject\",\"inLanguage\":\"pt-BR\",\"@id\":\"https:\/\/www.oarcanjo.net\/site\/#\/schema\/logo\/image\/\",\"url\":\"https:\/\/www.oarcanjo.net\/site\/wp-content\/uploads\/LogoOArcanjo.png\",\"contentUrl\":\"https:\/\/www.oarcanjo.net\/site\/wp-content\/uploads\/LogoOArcanjo.png\",\"width\":319,\"height\":99,\"caption\":\"Par\u00f3quia S\u00e3o Miguel Arcanjo\"},\"image\":{\"@id\":\"https:\/\/www.oarcanjo.net\/site\/#\/schema\/logo\/image\/\"},\"sameAs\":[\"https:\/\/www.facebook.com\/OArcanjoNoAr\/\"]},{\"@type\":\"Person\",\"@id\":\"https:\/\/www.oarcanjo.net\/site\/#\/schema\/person\/58d7f78850a973b8e467c7ae4a7eb4ad\",\"name\":\"pe.geovane\"}]}<\/script>\n<!-- \/ Yoast SEO plugin. -->","yoast_head_json":{"title":"Missa dos cinco anos da morte de Dom Alo\u00edsio Lorscheider - O Arcanjo no ar","robots":{"index":"index","follow":"follow","max-snippet":"max-snippet:-1","max-image-preview":"max-image-preview:large","max-video-preview":"max-video-preview:-1"},"canonical":"https:\/\/www.oarcanjo.net\/site\/missa-cinco-anos-da-morte-de-dom-aloisio-lorscheider\/","og_locale":"pt_BR","og_type":"article","og_title":"Missa dos cinco anos da morte de Dom Alo\u00edsio Lorscheider - O Arcanjo no ar","og_description":"Padre Geovane Saraiva* Domingo, dia 23 \u00e0s 18 horas, missa dos cinco anos da morte de Dom Alo\u00edsio Lorscheider, na Par\u00f3quia de Santo Afonso &#8211; Parquel\u00e2ndia \u2013 Fortaleza &#8211; Cear\u00e1. Sua vida, como um verdadeiro hino de louvor a Deus, nos faz pensar que o consumismo, o ego\u00edsmo e o individualismo n\u00e3o podem ofuscar o [&hellip;]","og_url":"https:\/\/www.oarcanjo.net\/site\/missa-cinco-anos-da-morte-de-dom-aloisio-lorscheider\/","og_site_name":"O Arcanjo no ar","article_publisher":"https:\/\/www.facebook.com\/OArcanjoNoAr\/","article_published_time":"2012-12-20T21:59:30+00:00","article_modified_time":"2012-12-21T16:48:11+00:00","og_image":[{"url":"http:\/\/www.oarcanjo.net\/site\/wp-content\/uploads\/domaloisio-150x150.jpg"}],"author":"pe.geovane","twitter_card":"summary_large_image","twitter_misc":{"Escrito por":"pe.geovane","Est. tempo de leitura":"1 minuto"},"schema":{"@context":"https:\/\/schema.org","@graph":[{"@type":"Article","@id":"https:\/\/www.oarcanjo.net\/site\/missa-cinco-anos-da-morte-de-dom-aloisio-lorscheider\/#article","isPartOf":{"@id":"https:\/\/www.oarcanjo.net\/site\/missa-cinco-anos-da-morte-de-dom-aloisio-lorscheider\/"},"author":{"name":"pe.geovane","@id":"https:\/\/www.oarcanjo.net\/site\/#\/schema\/person\/58d7f78850a973b8e467c7ae4a7eb4ad"},"headline":"Missa dos cinco anos da morte de Dom Alo\u00edsio Lorscheider","datePublished":"2012-12-20T21:59:30+00:00","dateModified":"2012-12-21T16:48:11+00:00","mainEntityOfPage":{"@id":"https:\/\/www.oarcanjo.net\/site\/missa-cinco-anos-da-morte-de-dom-aloisio-lorscheider\/"},"wordCount":192,"commentCount":1,"publisher":{"@id":"https:\/\/www.oarcanjo.net\/site\/#organization"},"image":{"@id":"https:\/\/www.oarcanjo.net\/site\/missa-cinco-anos-da-morte-de-dom-aloisio-lorscheider\/#primaryimage"},"thumbnailUrl":"http:\/\/www.oarcanjo.net\/site\/wp-content\/uploads\/domaloisio-150x150.jpg","articleSection":["D. Aloisio Lorscheider"],"inLanguage":"pt-BR","potentialAction":[{"@type":"CommentAction","name":"Comment","target":["https:\/\/www.oarcanjo.net\/site\/missa-cinco-anos-da-morte-de-dom-aloisio-lorscheider\/#respond"]}]},{"@type":"WebPage","@id":"https:\/\/www.oarcanjo.net\/site\/missa-cinco-anos-da-morte-de-dom-aloisio-lorscheider\/","url":"https:\/\/www.oarcanjo.net\/site\/missa-cinco-anos-da-morte-de-dom-aloisio-lorscheider\/","name":"Missa dos cinco anos da morte de Dom Alo\u00edsio Lorscheider - O Arcanjo no ar","isPartOf":{"@id":"https:\/\/www.oarcanjo.net\/site\/#website"},"primaryImageOfPage":{"@id":"https:\/\/www.oarcanjo.net\/site\/missa-cinco-anos-da-morte-de-dom-aloisio-lorscheider\/#primaryimage"},"image":{"@id":"https:\/\/www.oarcanjo.net\/site\/missa-cinco-anos-da-morte-de-dom-aloisio-lorscheider\/#primaryimage"},"thumbnailUrl":"http:\/\/www.oarcanjo.net\/site\/wp-content\/uploads\/domaloisio-150x150.jpg","datePublished":"2012-12-20T21:59:30+00:00","dateModified":"2012-12-21T16:48:11+00:00","breadcrumb":{"@id":"https:\/\/www.oarcanjo.net\/site\/missa-cinco-anos-da-morte-de-dom-aloisio-lorscheider\/#breadcrumb"},"inLanguage":"pt-BR","potentialAction":[{"@type":"ReadAction","target":["https:\/\/www.oarcanjo.net\/site\/missa-cinco-anos-da-morte-de-dom-aloisio-lorscheider\/"]}]},{"@type":"ImageObject","inLanguage":"pt-BR","@id":"https:\/\/www.oarcanjo.net\/site\/missa-cinco-anos-da-morte-de-dom-aloisio-lorscheider\/#primaryimage","url":"https:\/\/www.oarcanjo.net\/site\/wp-content\/uploads\/domaloisio.jpg","contentUrl":"https:\/\/www.oarcanjo.net\/site\/wp-content\/uploads\/domaloisio.jpg","width":"320","height":"390"},{"@type":"BreadcrumbList","@id":"https:\/\/www.oarcanjo.net\/site\/missa-cinco-anos-da-morte-de-dom-aloisio-lorscheider\/#breadcrumb","itemListElement":[{"@type":"ListItem","position":1,"name":"In\u00edcio","item":"https:\/\/www.oarcanjo.net\/site\/"},{"@type":"ListItem","position":2,"name":"Missa dos cinco anos da morte de Dom Alo\u00edsio Lorscheider"}]},{"@type":"WebSite","@id":"https:\/\/www.oarcanjo.net\/site\/#website","url":"https:\/\/www.oarcanjo.net\/site\/","name":"O Arcanjo no ar","description":"Site da Par\u00f3quia S\u00e3o Miguel Arcanjo (Arquidiocese de SP)","publisher":{"@id":"https:\/\/www.oarcanjo.net\/site\/#organization"},"potentialAction":[{"@type":"SearchAction","target":{"@type":"EntryPoint","urlTemplate":"https:\/\/www.oarcanjo.net\/site\/?s={search_term_string}"},"query-input":{"@type":"PropertyValueSpecification","valueRequired":true,"valueName":"search_term_string"}}],"inLanguage":"pt-BR"},{"@type":"Organization","@id":"https:\/\/www.oarcanjo.net\/site\/#organization","name":"Par\u00f3quia S\u00e3o Miguel Arcanjo","url":"https:\/\/www.oarcanjo.net\/site\/","logo":{"@type":"ImageObject","inLanguage":"pt-BR","@id":"https:\/\/www.oarcanjo.net\/site\/#\/schema\/logo\/image\/","url":"https:\/\/www.oarcanjo.net\/site\/wp-content\/uploads\/LogoOArcanjo.png","contentUrl":"https:\/\/www.oarcanjo.net\/site\/wp-content\/uploads\/LogoOArcanjo.png","width":319,"height":99,"caption":"Par\u00f3quia S\u00e3o Miguel Arcanjo"},"image":{"@id":"https:\/\/www.oarcanjo.net\/site\/#\/schema\/logo\/image\/"},"sameAs":["https:\/\/www.facebook.com\/OArcanjoNoAr\/"]},{"@type":"Person","@id":"https:\/\/www.oarcanjo.net\/site\/#\/schema\/person\/58d7f78850a973b8e467c7ae4a7eb4ad","name":"pe.geovane"}]}},"publishpress_future_action":{"enabled":false,"date":"2026-05-06 19:41:02","action":"category","newStatus":"draft","terms":[],"taxonomy":"category"},"publishpress_future_workflow_manual_trigger":{"enabledWorkflows":[]},"_links":{"self":[{"href":"https:\/\/www.oarcanjo.net\/site\/wp-json\/wp\/v2\/posts\/20413"}],"collection":[{"href":"https:\/\/www.oarcanjo.net\/site\/wp-json\/wp\/v2\/posts"}],"about":[{"href":"https:\/\/www.oarcanjo.net\/site\/wp-json\/wp\/v2\/types\/post"}],"author":[{"embeddable":true,"href":"https:\/\/www.oarcanjo.net\/site\/wp-json\/wp\/v2\/users\/17"}],"replies":[{"embeddable":true,"href":"https:\/\/www.oarcanjo.net\/site\/wp-json\/wp\/v2\/comments?post=20413"}],"version-history":[{"count":0,"href":"https:\/\/www.oarcanjo.net\/site\/wp-json\/wp\/v2\/posts\/20413\/revisions"}],"wp:attachment":[{"href":"https:\/\/www.oarcanjo.net\/site\/wp-json\/wp\/v2\/media?parent=20413"}],"wp:term":[{"taxonomy":"category","embeddable":true,"href":"https:\/\/www.oarcanjo.net\/site\/wp-json\/wp\/v2\/categories?post=20413"},{"taxonomy":"post_tag","embeddable":true,"href":"https:\/\/www.oarcanjo.net\/site\/wp-json\/wp\/v2\/tags?post=20413"}],"curies":[{"name":"wp","href":"https:\/\/api.w.org\/{rel}","templated":true}]}}