
{"id":20467,"date":"2012-12-30T12:58:24","date_gmt":"2012-12-30T14:58:24","guid":{"rendered":"http:\/\/www.oarcanjo.net\/site\/?p=20467"},"modified":"2012-12-30T12:58:24","modified_gmt":"2012-12-30T14:58:24","slug":"um-deus-anonimo","status":"publish","type":"post","link":"https:\/\/www.oarcanjo.net\/site\/um-deus-anonimo\/","title":{"rendered":"Um Deus an\u00f4nimo"},"content":{"rendered":"<p>Leonardo Boff<\/p>\n<p>Como homem, Jesus \u00e9 como todos os homens: um trabalhador, carpinteiro como seu pai, Jos\u00e9 e um campon\u00eas mediterr\u00e2neo. Nem super-her\u00f3i nem um especialmente piedoso que chamasse a aten\u00e7\u00e3o.<\/p>\n<p>Era um homem de vila, t\u00e3o pequena, Nazar\u00e9, que nunca \u00e9 citada em todo o Antigo Testamento, talvez com uns 15 casas, n\u00e3o mais. Participou do destino humilhante de seu povo, subjugado pelas for\u00e7as de ocupa\u00e7\u00e3o militar romana. Nenhum documento da \u00e9poca falou dele, fora dos evangelhos. N\u00e3o era conhecido nas rodas nem de Jerusal\u00e9m e muito menos de Roma.<\/p>\n<p>Como diz ironicamente o poeta Fernando Pessoa, Jesus n\u00e3o tinha biblioteca e n\u00e3o consta que entendesse de contabilidade. Ele \u00e9 um an\u00f4nimo no meio da massa do povo de Israel.<\/p>\n<p>O fato de ter sido a encarna\u00e7\u00e3o do Filho de Deus n\u00e3o mudou em nada essa humilde situa\u00e7\u00e3o. Deus quis se revelar nesse tipo de obscuridade e n\u00e3o apesar dela. E precisamos respeitar e aceitar esse caminho escolhido pelo Alt\u00edssimo.<\/p>\n<p>A li\u00e7\u00e3o a se tirar \u00e9 cristalina: qualquer situa\u00e7\u00e3o, por hum\u00edlima que seja, \u00e9 suficientemente boa para encontrar Deus e para acolhermos a sua vinda nos labores cotidianos.<\/p>\n<p>Jesus, disse S\u00e3o Paulo, n\u00e3o se envergonhou de ser nosso irm\u00e3o. E efetivamente \u00e9 nosso irm\u00e3o, n\u00e3o s\u00f3 porque quis se revestir de nossa humanidade, mas \u00e9 nosso irm\u00e3o, principalmente por ter participado de nossa vida cotidiana, tediosa, sem brilho e renome, a vida dos an\u00f4nimos.<\/p>\n<p>Disso tudo tiramos essa singela li\u00e7\u00e3o: a vida vale a pena ser vivida assim como \u00e9 \u2013 diuturna, mon\u00f3tona como o trabalho do dia-a-dia \u2013 e exigente na paci\u00eancia de conviver com os outros, ouvi-los, compreend\u00ea-los, perdo\u00e1-los e am\u00e1-los assim como s\u00e3o.<\/p>\n<p>Ele ainda \u00e9 nosso irm\u00e3o maior, enquanto dentro desta vida de luz e de sombra, viveu t\u00e3o radicalmente sua humanidade a ponto de trazer Deus para dentro dela, um Deus pr\u00f3ximo, companheiro de caminhada, energia escondida que n\u00e3o nos deixa desesperar face aos absurdos do mundo.<\/p>\n<p>Por isso, precisamos, a despeito de tantos pensadores desesperados e c\u00e9ticos reafirmar: o Cristianismo n\u00e3o anuncia a morte de Deus. E, sim, a humanidade, a benevol\u00eancia, a jovialidade e o amor incondicional de Deus. Um Deus vivo, crian\u00e7a que chora e ri e que nos revela a eterna juventude da vida humana perpassada pela divina.<\/p>\n<div id=\"themify_builder_content-20467\" data-postid=\"20467\" class=\"themify_builder_content themify_builder_content-20467 themify_builder themify_builder_front\">\n\t<\/div>\n<!-- \/themify_builder_content -->","protected":false},"excerpt":{"rendered":"<p>Leonardo Boff Como homem, Jesus \u00e9 como todos os homens: um trabalhador, carpinteiro como seu pai, Jos\u00e9 e um campon\u00eas mediterr\u00e2neo. Nem super-her\u00f3i nem um especialmente piedoso que chamasse a aten\u00e7\u00e3o. Era um homem de vila, t\u00e3o pequena, Nazar\u00e9, que nunca \u00e9 citada em todo o Antigo Testamento, talvez com uns 15 casas, n\u00e3o mais. [&hellip;]<\/p>\n","protected":false},"author":5,"featured_media":0,"comment_status":"open","ping_status":"open","sticky":false,"template":"","format":"standard","meta":{"ngg_post_thumbnail":0,"footnotes":""},"categories":[9],"tags":[363,236,60],"yoast_head":"<!-- This site is optimized with the Yoast SEO plugin v23.5 - https:\/\/yoast.com\/wordpress\/plugins\/seo\/ -->\n<title>Um Deus an\u00f4nimo - O Arcanjo no ar<\/title>\n<meta name=\"robots\" content=\"index, follow, max-snippet:-1, max-image-preview:large, max-video-preview:-1\" \/>\n<link rel=\"canonical\" href=\"https:\/\/www.oarcanjo.net\/site\/um-deus-anonimo\/\" \/>\n<meta property=\"og:locale\" content=\"pt_BR\" \/>\n<meta property=\"og:type\" content=\"article\" \/>\n<meta property=\"og:title\" content=\"Um Deus an\u00f4nimo - O Arcanjo no ar\" \/>\n<meta property=\"og:description\" content=\"Leonardo Boff Como homem, Jesus \u00e9 como todos os homens: um trabalhador, carpinteiro como seu pai, Jos\u00e9 e um campon\u00eas mediterr\u00e2neo. Nem super-her\u00f3i nem um especialmente piedoso que chamasse a aten\u00e7\u00e3o. Era um homem de vila, t\u00e3o pequena, Nazar\u00e9, que nunca \u00e9 citada em todo o Antigo Testamento, talvez com uns 15 casas, n\u00e3o mais. [&hellip;]\" \/>\n<meta property=\"og:url\" content=\"https:\/\/www.oarcanjo.net\/site\/um-deus-anonimo\/\" \/>\n<meta property=\"og:site_name\" content=\"O Arcanjo no ar\" \/>\n<meta property=\"article:publisher\" content=\"https:\/\/www.facebook.com\/OArcanjoNoAr\/\" \/>\n<meta property=\"article:published_time\" content=\"2012-12-30T14:58:24+00:00\" \/>\n<meta property=\"og:image\" content=\"https:\/\/www.oarcanjo.net\/site\/wp-content\/uploads\/logo-o-arcanjo-no-ar-facebook.png\" \/>\n\t<meta property=\"og:image:width\" content=\"300\" \/>\n\t<meta property=\"og:image:height\" content=\"300\" \/>\n\t<meta property=\"og:image:type\" content=\"image\/png\" \/>\n<meta name=\"author\" content=\"editor\" \/>\n<meta name=\"twitter:card\" content=\"summary_large_image\" \/>\n<meta name=\"twitter:label1\" content=\"Escrito por\" \/>\n\t<meta name=\"twitter:data1\" content=\"editor\" \/>\n\t<meta name=\"twitter:label2\" content=\"Est. tempo de leitura\" \/>\n\t<meta name=\"twitter:data2\" content=\"2 minutos\" \/>\n<script type=\"application\/ld+json\" class=\"yoast-schema-graph\">{\"@context\":\"https:\/\/schema.org\",\"@graph\":[{\"@type\":\"Article\",\"@id\":\"https:\/\/www.oarcanjo.net\/site\/um-deus-anonimo\/#article\",\"isPartOf\":{\"@id\":\"https:\/\/www.oarcanjo.net\/site\/um-deus-anonimo\/\"},\"author\":{\"name\":\"editor\",\"@id\":\"https:\/\/www.oarcanjo.net\/site\/#\/schema\/person\/f7024d007863202483a31326673a0838\"},\"headline\":\"Um Deus an\u00f4nimo\",\"datePublished\":\"2012-12-30T14:58:24+00:00\",\"dateModified\":\"2012-12-30T14:58:24+00:00\",\"mainEntityOfPage\":{\"@id\":\"https:\/\/www.oarcanjo.net\/site\/um-deus-anonimo\/\"},\"wordCount\":413,\"commentCount\":0,\"publisher\":{\"@id\":\"https:\/\/www.oarcanjo.net\/site\/#organization\"},\"keywords\":[\"Deus\",\"Jesus\",\"natal\"],\"articleSection\":[\"Reflex\u00f5es\"],\"inLanguage\":\"pt-BR\",\"potentialAction\":[{\"@type\":\"CommentAction\",\"name\":\"Comment\",\"target\":[\"https:\/\/www.oarcanjo.net\/site\/um-deus-anonimo\/#respond\"]}]},{\"@type\":\"WebPage\",\"@id\":\"https:\/\/www.oarcanjo.net\/site\/um-deus-anonimo\/\",\"url\":\"https:\/\/www.oarcanjo.net\/site\/um-deus-anonimo\/\",\"name\":\"Um Deus an\u00f4nimo - O Arcanjo no ar\",\"isPartOf\":{\"@id\":\"https:\/\/www.oarcanjo.net\/site\/#website\"},\"datePublished\":\"2012-12-30T14:58:24+00:00\",\"dateModified\":\"2012-12-30T14:58:24+00:00\",\"breadcrumb\":{\"@id\":\"https:\/\/www.oarcanjo.net\/site\/um-deus-anonimo\/#breadcrumb\"},\"inLanguage\":\"pt-BR\",\"potentialAction\":[{\"@type\":\"ReadAction\",\"target\":[\"https:\/\/www.oarcanjo.net\/site\/um-deus-anonimo\/\"]}]},{\"@type\":\"BreadcrumbList\",\"@id\":\"https:\/\/www.oarcanjo.net\/site\/um-deus-anonimo\/#breadcrumb\",\"itemListElement\":[{\"@type\":\"ListItem\",\"position\":1,\"name\":\"In\u00edcio\",\"item\":\"https:\/\/www.oarcanjo.net\/site\/\"},{\"@type\":\"ListItem\",\"position\":2,\"name\":\"Um Deus an\u00f4nimo\"}]},{\"@type\":\"WebSite\",\"@id\":\"https:\/\/www.oarcanjo.net\/site\/#website\",\"url\":\"https:\/\/www.oarcanjo.net\/site\/\",\"name\":\"O Arcanjo no ar\",\"description\":\"Site da Par\u00f3quia S\u00e3o Miguel Arcanjo (Arquidiocese de SP)\",\"publisher\":{\"@id\":\"https:\/\/www.oarcanjo.net\/site\/#organization\"},\"potentialAction\":[{\"@type\":\"SearchAction\",\"target\":{\"@type\":\"EntryPoint\",\"urlTemplate\":\"https:\/\/www.oarcanjo.net\/site\/?s={search_term_string}\"},\"query-input\":{\"@type\":\"PropertyValueSpecification\",\"valueRequired\":true,\"valueName\":\"search_term_string\"}}],\"inLanguage\":\"pt-BR\"},{\"@type\":\"Organization\",\"@id\":\"https:\/\/www.oarcanjo.net\/site\/#organization\",\"name\":\"Par\u00f3quia S\u00e3o Miguel Arcanjo\",\"url\":\"https:\/\/www.oarcanjo.net\/site\/\",\"logo\":{\"@type\":\"ImageObject\",\"inLanguage\":\"pt-BR\",\"@id\":\"https:\/\/www.oarcanjo.net\/site\/#\/schema\/logo\/image\/\",\"url\":\"https:\/\/www.oarcanjo.net\/site\/wp-content\/uploads\/LogoOArcanjo.png\",\"contentUrl\":\"https:\/\/www.oarcanjo.net\/site\/wp-content\/uploads\/LogoOArcanjo.png\",\"width\":319,\"height\":99,\"caption\":\"Par\u00f3quia S\u00e3o Miguel Arcanjo\"},\"image\":{\"@id\":\"https:\/\/www.oarcanjo.net\/site\/#\/schema\/logo\/image\/\"},\"sameAs\":[\"https:\/\/www.facebook.com\/OArcanjoNoAr\/\"]},{\"@type\":\"Person\",\"@id\":\"https:\/\/www.oarcanjo.net\/site\/#\/schema\/person\/f7024d007863202483a31326673a0838\",\"name\":\"editor\",\"sameAs\":[\"http:\/\/www.oarcanjo.net\"]}]}<\/script>\n<!-- \/ Yoast SEO plugin. -->","yoast_head_json":{"title":"Um Deus an\u00f4nimo - O Arcanjo no ar","robots":{"index":"index","follow":"follow","max-snippet":"max-snippet:-1","max-image-preview":"max-image-preview:large","max-video-preview":"max-video-preview:-1"},"canonical":"https:\/\/www.oarcanjo.net\/site\/um-deus-anonimo\/","og_locale":"pt_BR","og_type":"article","og_title":"Um Deus an\u00f4nimo - O Arcanjo no ar","og_description":"Leonardo Boff Como homem, Jesus \u00e9 como todos os homens: um trabalhador, carpinteiro como seu pai, Jos\u00e9 e um campon\u00eas mediterr\u00e2neo. Nem super-her\u00f3i nem um especialmente piedoso que chamasse a aten\u00e7\u00e3o. Era um homem de vila, t\u00e3o pequena, Nazar\u00e9, que nunca \u00e9 citada em todo o Antigo Testamento, talvez com uns 15 casas, n\u00e3o mais. [&hellip;]","og_url":"https:\/\/www.oarcanjo.net\/site\/um-deus-anonimo\/","og_site_name":"O Arcanjo no ar","article_publisher":"https:\/\/www.facebook.com\/OArcanjoNoAr\/","article_published_time":"2012-12-30T14:58:24+00:00","og_image":[{"width":300,"height":300,"url":"https:\/\/www.oarcanjo.net\/site\/wp-content\/uploads\/logo-o-arcanjo-no-ar-facebook.png","type":"image\/png"}],"author":"editor","twitter_card":"summary_large_image","twitter_misc":{"Escrito por":"editor","Est. tempo de leitura":"2 minutos"},"schema":{"@context":"https:\/\/schema.org","@graph":[{"@type":"Article","@id":"https:\/\/www.oarcanjo.net\/site\/um-deus-anonimo\/#article","isPartOf":{"@id":"https:\/\/www.oarcanjo.net\/site\/um-deus-anonimo\/"},"author":{"name":"editor","@id":"https:\/\/www.oarcanjo.net\/site\/#\/schema\/person\/f7024d007863202483a31326673a0838"},"headline":"Um Deus an\u00f4nimo","datePublished":"2012-12-30T14:58:24+00:00","dateModified":"2012-12-30T14:58:24+00:00","mainEntityOfPage":{"@id":"https:\/\/www.oarcanjo.net\/site\/um-deus-anonimo\/"},"wordCount":413,"commentCount":0,"publisher":{"@id":"https:\/\/www.oarcanjo.net\/site\/#organization"},"keywords":["Deus","Jesus","natal"],"articleSection":["Reflex\u00f5es"],"inLanguage":"pt-BR","potentialAction":[{"@type":"CommentAction","name":"Comment","target":["https:\/\/www.oarcanjo.net\/site\/um-deus-anonimo\/#respond"]}]},{"@type":"WebPage","@id":"https:\/\/www.oarcanjo.net\/site\/um-deus-anonimo\/","url":"https:\/\/www.oarcanjo.net\/site\/um-deus-anonimo\/","name":"Um Deus an\u00f4nimo - O Arcanjo no ar","isPartOf":{"@id":"https:\/\/www.oarcanjo.net\/site\/#website"},"datePublished":"2012-12-30T14:58:24+00:00","dateModified":"2012-12-30T14:58:24+00:00","breadcrumb":{"@id":"https:\/\/www.oarcanjo.net\/site\/um-deus-anonimo\/#breadcrumb"},"inLanguage":"pt-BR","potentialAction":[{"@type":"ReadAction","target":["https:\/\/www.oarcanjo.net\/site\/um-deus-anonimo\/"]}]},{"@type":"BreadcrumbList","@id":"https:\/\/www.oarcanjo.net\/site\/um-deus-anonimo\/#breadcrumb","itemListElement":[{"@type":"ListItem","position":1,"name":"In\u00edcio","item":"https:\/\/www.oarcanjo.net\/site\/"},{"@type":"ListItem","position":2,"name":"Um Deus an\u00f4nimo"}]},{"@type":"WebSite","@id":"https:\/\/www.oarcanjo.net\/site\/#website","url":"https:\/\/www.oarcanjo.net\/site\/","name":"O Arcanjo no ar","description":"Site da Par\u00f3quia S\u00e3o Miguel Arcanjo (Arquidiocese de SP)","publisher":{"@id":"https:\/\/www.oarcanjo.net\/site\/#organization"},"potentialAction":[{"@type":"SearchAction","target":{"@type":"EntryPoint","urlTemplate":"https:\/\/www.oarcanjo.net\/site\/?s={search_term_string}"},"query-input":{"@type":"PropertyValueSpecification","valueRequired":true,"valueName":"search_term_string"}}],"inLanguage":"pt-BR"},{"@type":"Organization","@id":"https:\/\/www.oarcanjo.net\/site\/#organization","name":"Par\u00f3quia S\u00e3o Miguel Arcanjo","url":"https:\/\/www.oarcanjo.net\/site\/","logo":{"@type":"ImageObject","inLanguage":"pt-BR","@id":"https:\/\/www.oarcanjo.net\/site\/#\/schema\/logo\/image\/","url":"https:\/\/www.oarcanjo.net\/site\/wp-content\/uploads\/LogoOArcanjo.png","contentUrl":"https:\/\/www.oarcanjo.net\/site\/wp-content\/uploads\/LogoOArcanjo.png","width":319,"height":99,"caption":"Par\u00f3quia S\u00e3o Miguel Arcanjo"},"image":{"@id":"https:\/\/www.oarcanjo.net\/site\/#\/schema\/logo\/image\/"},"sameAs":["https:\/\/www.facebook.com\/OArcanjoNoAr\/"]},{"@type":"Person","@id":"https:\/\/www.oarcanjo.net\/site\/#\/schema\/person\/f7024d007863202483a31326673a0838","name":"editor","sameAs":["http:\/\/www.oarcanjo.net"]}]}},"publishpress_future_action":{"enabled":false,"date":"2026-05-09 07:56:39","action":"category","newStatus":"draft","terms":[],"taxonomy":"category"},"publishpress_future_workflow_manual_trigger":{"enabledWorkflows":[]},"_links":{"self":[{"href":"https:\/\/www.oarcanjo.net\/site\/wp-json\/wp\/v2\/posts\/20467"}],"collection":[{"href":"https:\/\/www.oarcanjo.net\/site\/wp-json\/wp\/v2\/posts"}],"about":[{"href":"https:\/\/www.oarcanjo.net\/site\/wp-json\/wp\/v2\/types\/post"}],"author":[{"embeddable":true,"href":"https:\/\/www.oarcanjo.net\/site\/wp-json\/wp\/v2\/users\/5"}],"replies":[{"embeddable":true,"href":"https:\/\/www.oarcanjo.net\/site\/wp-json\/wp\/v2\/comments?post=20467"}],"version-history":[{"count":0,"href":"https:\/\/www.oarcanjo.net\/site\/wp-json\/wp\/v2\/posts\/20467\/revisions"}],"wp:attachment":[{"href":"https:\/\/www.oarcanjo.net\/site\/wp-json\/wp\/v2\/media?parent=20467"}],"wp:term":[{"taxonomy":"category","embeddable":true,"href":"https:\/\/www.oarcanjo.net\/site\/wp-json\/wp\/v2\/categories?post=20467"},{"taxonomy":"post_tag","embeddable":true,"href":"https:\/\/www.oarcanjo.net\/site\/wp-json\/wp\/v2\/tags?post=20467"}],"curies":[{"name":"wp","href":"https:\/\/api.w.org\/{rel}","templated":true}]}}