
{"id":2047,"date":"2009-02-26T23:25:06","date_gmt":"2009-02-27T02:25:06","guid":{"rendered":"http:\/\/www.oarcanjo.net\/site\/?p=2047"},"modified":"2009-02-26T23:25:06","modified_gmt":"2009-02-27T02:25:06","slug":"dom-helder-uma-pessoa-linda-de-viver","status":"publish","type":"post","link":"https:\/\/www.oarcanjo.net\/site\/dom-helder-uma-pessoa-linda-de-viver\/","title":{"rendered":"Dom Helder: Uma Pessoa Linda de Viver!"},"content":{"rendered":"<p>Pe. Tarc\u00edsio Mesquita<\/p>\n<p>No Dia 7 de fevereiro deste ano, comemorou-se o centen\u00e1rio do nascimento de Dom Helder C\u00e2mara. Brasileiro, Dom Helder nasceu em Fortaleza e, em vista de se tornar padre, com 14 anos, ingressou no semin\u00e1rio. Ainda muito jovem, com 22 anos e autoriza\u00e7\u00e3o especial dada por Roma, foi ordenado e posto a servi\u00e7o da Igreja em sua diocese natal. Trabalhou arduamente em favor da educa\u00e7\u00e3o e na defesa dos pobres. Foi ordenado bispo em 1952, sendo levado a atuar no Rio de Janeiro, onde reservou grande parte de sua atividade pastoral no socorro \u00e0 popula\u00e7\u00e3o marginalizada, bem como assumindo o protagonismo na cria\u00e7\u00e3o da Confer\u00eancia Nacional dos Bispos do Brasil (CNBB) e na Confer\u00eancia Episcopal Latino-americana (CELAM). Em 1964, foi nomeado, pelo Papa Paulo VI, arcebispo de Olinda e Recife, onde permaneceu, vivendo em simplicidade e como grande pastor, at\u00e9 os \u00faltimos momentos enquanto seu cora\u00e7\u00e3o pode bater.<\/p>\n<p>Dom Helder pautou sua vida na pr\u00e1tica do bem, por isso n\u00e3o vacilava em associar toda sua atividade a quem desejasse, como ele, superar os abismos que separam as pessoas, gerando tanta dor por todo mundo. Foi um homem mundialmente admirado. Lembro-me uma vez, ainda jovem padre, numa viagem \u00e0 Europa, entrando na Madaleine, uma das bel\u00edssimas igrejas da capital francesa, ver uma foto de Dom Helder posta em lugar de destaque. Disse, orgulhoso, ao senhor que trabalhava naquele templo que eu era do Brasil e que j\u00e1 havia visto e conversado com dom Helder algumas vezes. Ganhei a maior aten\u00e7\u00e3o e defer\u00eancia daquele homem simplesmente porque, al\u00e9m de conhecer Dom Helder, admirava-o tanto quanto ele, um franc\u00eas sonhador pela erup\u00e7\u00e3o de um mundo totalmente pacificado.<\/p>\n<p>Jamais esquecerei os relatos que tive a honra de ouvir da boca do pr\u00f3prio Dom Helder. Um destes, ainda hoje, provoca-me sentimento de hilariante ternura. Numa de suas viagens a S\u00e3o Paulo, em visita \u00e0 Faculdade de Teologia desta arquidiocese, narrou-nos o dia em que, caminhando por Olinda, foi abordado por um grupo de crian\u00e7as de rua que lhe pediram que as levasse ao cinema. Simples e simp\u00e1tico, vestido com sua usual batina bege, com a cruz de madeira de bra\u00e7os longos pendurada sobre o peito, Dom Helder aceitou levar a meninada para ver o filme ET, o Extraterrestre. Ficou vendo o filme com as crian\u00e7as at\u00e9 o final. Quando a sess\u00e3o acabou, j\u00e1 na rua, perguntou se as crian\u00e7as tinham gostado do ET. Uma menina, talvez a mais sapequinha entre a turminha que o rodeava, respondendo por toda a crian\u00e7ada, disse a Dom Helder que o ET era muito parecido com ele: \u201cbaixinho, feinho, mas muiiiito bonzinho\u201d.<\/p>\n<p>Talvez muitos n\u00e3o saibam, mas foi Dom Helder quem subverteu a express\u00e3o lindo de morrer, muito ouvida nos idos da chamada Jovem Guarda, afirmando exatamente o contr\u00e1rio nos momentos em que esta express\u00e3o era de uso, dizendo com vigor e teimosia : \u201cLindo de Viver\u201d.  Entre as memor\u00e1veis frases deste \u201cIrm\u00e3o dos Pobres\u201d, como foi surpreendentemente chamado pelo Papa Jo\u00e3o Paulo II, vale destacar duas: \u201cAs pessoas te pesam? N\u00e3o as carregue nos ombros. Leva-as no cora\u00e7\u00e3o.\u201d e \u201cQuando os problemas se tornam absurdos, os desafios se tornam apaixonantes.\u201d.<\/p>\n<p>Como brasileiro, tenho orgulho de ser compatriota do brasileir\u00edssimo Helder C\u00e2mara. Como Crist\u00e3o, tenho orgulho de ter a mesma f\u00e9 deste homem santo. Como Cat\u00f3lico, tenho orgulho de ser da mesma Igreja em que militou este bom pastor. Como ser humano, sinto-me orgulhoso de saber que somos muito mais que tanta mesquinhez, vaidade e \u00f3dio, porque Dom H\u00e9lder nos ensinou que, em qualquer tempo e lugar, o ser humano \u00e9 lindo de viver.<\/p>\n<div id=\"themify_builder_content-2047\" data-postid=\"2047\" class=\"themify_builder_content themify_builder_content-2047 themify_builder themify_builder_front\">\n\t<\/div>\n<!-- \/themify_builder_content -->","protected":false},"excerpt":{"rendered":"<p>Pe. Tarc\u00edsio Mesquita No Dia 7 de fevereiro deste ano, comemorou-se o centen\u00e1rio do nascimento de Dom Helder C\u00e2mara. Brasileiro, Dom Helder nasceu em Fortaleza e, em vista de se tornar padre, com 14 anos, ingressou no semin\u00e1rio. Ainda muito jovem, com 22 anos e autoriza\u00e7\u00e3o especial dada por Roma, foi ordenado e posto a [&hellip;]<\/p>\n","protected":false},"author":5,"featured_media":0,"comment_status":"open","ping_status":"open","sticky":false,"template":"","format":"standard","meta":{"ngg_post_thumbnail":0,"footnotes":""},"categories":[192],"tags":[210],"yoast_head":"<!-- This site is optimized with the Yoast SEO plugin v23.5 - https:\/\/yoast.com\/wordpress\/plugins\/seo\/ -->\n<title>Dom Helder: Uma Pessoa Linda de Viver! - O Arcanjo no ar<\/title>\n<meta name=\"robots\" content=\"index, follow, max-snippet:-1, max-image-preview:large, max-video-preview:-1\" \/>\n<link rel=\"canonical\" href=\"https:\/\/www.oarcanjo.net\/site\/dom-helder-uma-pessoa-linda-de-viver\/\" \/>\n<meta property=\"og:locale\" content=\"pt_BR\" \/>\n<meta property=\"og:type\" content=\"article\" \/>\n<meta property=\"og:title\" content=\"Dom Helder: Uma Pessoa Linda de Viver! - O Arcanjo no ar\" \/>\n<meta property=\"og:description\" content=\"Pe. Tarc\u00edsio Mesquita No Dia 7 de fevereiro deste ano, comemorou-se o centen\u00e1rio do nascimento de Dom Helder C\u00e2mara. Brasileiro, Dom Helder nasceu em Fortaleza e, em vista de se tornar padre, com 14 anos, ingressou no semin\u00e1rio. Ainda muito jovem, com 22 anos e autoriza\u00e7\u00e3o especial dada por Roma, foi ordenado e posto a [&hellip;]\" \/>\n<meta property=\"og:url\" content=\"https:\/\/www.oarcanjo.net\/site\/dom-helder-uma-pessoa-linda-de-viver\/\" \/>\n<meta property=\"og:site_name\" content=\"O Arcanjo no ar\" \/>\n<meta property=\"article:publisher\" content=\"https:\/\/www.facebook.com\/OArcanjoNoAr\/\" \/>\n<meta property=\"article:published_time\" content=\"2009-02-27T02:25:06+00:00\" \/>\n<meta property=\"og:image\" content=\"https:\/\/www.oarcanjo.net\/site\/wp-content\/uploads\/logo-o-arcanjo-no-ar-facebook.png\" \/>\n\t<meta property=\"og:image:width\" content=\"300\" \/>\n\t<meta property=\"og:image:height\" content=\"300\" \/>\n\t<meta property=\"og:image:type\" content=\"image\/png\" \/>\n<meta name=\"author\" content=\"editor\" \/>\n<meta name=\"twitter:card\" content=\"summary_large_image\" \/>\n<meta name=\"twitter:label1\" content=\"Escrito por\" \/>\n\t<meta name=\"twitter:data1\" content=\"editor\" \/>\n\t<meta name=\"twitter:label2\" content=\"Est. tempo de leitura\" \/>\n\t<meta name=\"twitter:data2\" content=\"3 minutos\" \/>\n<script type=\"application\/ld+json\" class=\"yoast-schema-graph\">{\"@context\":\"https:\/\/schema.org\",\"@graph\":[{\"@type\":\"Article\",\"@id\":\"https:\/\/www.oarcanjo.net\/site\/dom-helder-uma-pessoa-linda-de-viver\/#article\",\"isPartOf\":{\"@id\":\"https:\/\/www.oarcanjo.net\/site\/dom-helder-uma-pessoa-linda-de-viver\/\"},\"author\":{\"name\":\"editor\",\"@id\":\"https:\/\/www.oarcanjo.net\/site\/#\/schema\/person\/f7024d007863202483a31326673a0838\"},\"headline\":\"Dom Helder: Uma Pessoa Linda de Viver!\",\"datePublished\":\"2009-02-27T02:25:06+00:00\",\"dateModified\":\"2009-02-27T02:25:06+00:00\",\"mainEntityOfPage\":{\"@id\":\"https:\/\/www.oarcanjo.net\/site\/dom-helder-uma-pessoa-linda-de-viver\/\"},\"wordCount\":637,\"commentCount\":0,\"publisher\":{\"@id\":\"https:\/\/www.oarcanjo.net\/site\/#organization\"},\"keywords\":[\"Dom Helder Camara\"],\"articleSection\":[\"D. Helder C\u00e2mara\"],\"inLanguage\":\"pt-BR\",\"potentialAction\":[{\"@type\":\"CommentAction\",\"name\":\"Comment\",\"target\":[\"https:\/\/www.oarcanjo.net\/site\/dom-helder-uma-pessoa-linda-de-viver\/#respond\"]}]},{\"@type\":\"WebPage\",\"@id\":\"https:\/\/www.oarcanjo.net\/site\/dom-helder-uma-pessoa-linda-de-viver\/\",\"url\":\"https:\/\/www.oarcanjo.net\/site\/dom-helder-uma-pessoa-linda-de-viver\/\",\"name\":\"Dom Helder: Uma Pessoa Linda de Viver! - O Arcanjo no ar\",\"isPartOf\":{\"@id\":\"https:\/\/www.oarcanjo.net\/site\/#website\"},\"datePublished\":\"2009-02-27T02:25:06+00:00\",\"dateModified\":\"2009-02-27T02:25:06+00:00\",\"breadcrumb\":{\"@id\":\"https:\/\/www.oarcanjo.net\/site\/dom-helder-uma-pessoa-linda-de-viver\/#breadcrumb\"},\"inLanguage\":\"pt-BR\",\"potentialAction\":[{\"@type\":\"ReadAction\",\"target\":[\"https:\/\/www.oarcanjo.net\/site\/dom-helder-uma-pessoa-linda-de-viver\/\"]}]},{\"@type\":\"BreadcrumbList\",\"@id\":\"https:\/\/www.oarcanjo.net\/site\/dom-helder-uma-pessoa-linda-de-viver\/#breadcrumb\",\"itemListElement\":[{\"@type\":\"ListItem\",\"position\":1,\"name\":\"In\u00edcio\",\"item\":\"https:\/\/www.oarcanjo.net\/site\/\"},{\"@type\":\"ListItem\",\"position\":2,\"name\":\"Dom Helder: Uma Pessoa Linda de Viver!\"}]},{\"@type\":\"WebSite\",\"@id\":\"https:\/\/www.oarcanjo.net\/site\/#website\",\"url\":\"https:\/\/www.oarcanjo.net\/site\/\",\"name\":\"O Arcanjo no ar\",\"description\":\"Site da Par\u00f3quia S\u00e3o Miguel Arcanjo (Arquidiocese de SP)\",\"publisher\":{\"@id\":\"https:\/\/www.oarcanjo.net\/site\/#organization\"},\"potentialAction\":[{\"@type\":\"SearchAction\",\"target\":{\"@type\":\"EntryPoint\",\"urlTemplate\":\"https:\/\/www.oarcanjo.net\/site\/?s={search_term_string}\"},\"query-input\":{\"@type\":\"PropertyValueSpecification\",\"valueRequired\":true,\"valueName\":\"search_term_string\"}}],\"inLanguage\":\"pt-BR\"},{\"@type\":\"Organization\",\"@id\":\"https:\/\/www.oarcanjo.net\/site\/#organization\",\"name\":\"Par\u00f3quia S\u00e3o Miguel Arcanjo\",\"url\":\"https:\/\/www.oarcanjo.net\/site\/\",\"logo\":{\"@type\":\"ImageObject\",\"inLanguage\":\"pt-BR\",\"@id\":\"https:\/\/www.oarcanjo.net\/site\/#\/schema\/logo\/image\/\",\"url\":\"https:\/\/www.oarcanjo.net\/site\/wp-content\/uploads\/LogoOArcanjo.png\",\"contentUrl\":\"https:\/\/www.oarcanjo.net\/site\/wp-content\/uploads\/LogoOArcanjo.png\",\"width\":319,\"height\":99,\"caption\":\"Par\u00f3quia S\u00e3o Miguel Arcanjo\"},\"image\":{\"@id\":\"https:\/\/www.oarcanjo.net\/site\/#\/schema\/logo\/image\/\"},\"sameAs\":[\"https:\/\/www.facebook.com\/OArcanjoNoAr\/\"]},{\"@type\":\"Person\",\"@id\":\"https:\/\/www.oarcanjo.net\/site\/#\/schema\/person\/f7024d007863202483a31326673a0838\",\"name\":\"editor\",\"sameAs\":[\"http:\/\/www.oarcanjo.net\"]}]}<\/script>\n<!-- \/ Yoast SEO plugin. -->","yoast_head_json":{"title":"Dom Helder: Uma Pessoa Linda de Viver! - O Arcanjo no ar","robots":{"index":"index","follow":"follow","max-snippet":"max-snippet:-1","max-image-preview":"max-image-preview:large","max-video-preview":"max-video-preview:-1"},"canonical":"https:\/\/www.oarcanjo.net\/site\/dom-helder-uma-pessoa-linda-de-viver\/","og_locale":"pt_BR","og_type":"article","og_title":"Dom Helder: Uma Pessoa Linda de Viver! - O Arcanjo no ar","og_description":"Pe. Tarc\u00edsio Mesquita No Dia 7 de fevereiro deste ano, comemorou-se o centen\u00e1rio do nascimento de Dom Helder C\u00e2mara. Brasileiro, Dom Helder nasceu em Fortaleza e, em vista de se tornar padre, com 14 anos, ingressou no semin\u00e1rio. Ainda muito jovem, com 22 anos e autoriza\u00e7\u00e3o especial dada por Roma, foi ordenado e posto a [&hellip;]","og_url":"https:\/\/www.oarcanjo.net\/site\/dom-helder-uma-pessoa-linda-de-viver\/","og_site_name":"O Arcanjo no ar","article_publisher":"https:\/\/www.facebook.com\/OArcanjoNoAr\/","article_published_time":"2009-02-27T02:25:06+00:00","og_image":[{"width":300,"height":300,"url":"https:\/\/www.oarcanjo.net\/site\/wp-content\/uploads\/logo-o-arcanjo-no-ar-facebook.png","type":"image\/png"}],"author":"editor","twitter_card":"summary_large_image","twitter_misc":{"Escrito por":"editor","Est. tempo de leitura":"3 minutos"},"schema":{"@context":"https:\/\/schema.org","@graph":[{"@type":"Article","@id":"https:\/\/www.oarcanjo.net\/site\/dom-helder-uma-pessoa-linda-de-viver\/#article","isPartOf":{"@id":"https:\/\/www.oarcanjo.net\/site\/dom-helder-uma-pessoa-linda-de-viver\/"},"author":{"name":"editor","@id":"https:\/\/www.oarcanjo.net\/site\/#\/schema\/person\/f7024d007863202483a31326673a0838"},"headline":"Dom Helder: Uma Pessoa Linda de Viver!","datePublished":"2009-02-27T02:25:06+00:00","dateModified":"2009-02-27T02:25:06+00:00","mainEntityOfPage":{"@id":"https:\/\/www.oarcanjo.net\/site\/dom-helder-uma-pessoa-linda-de-viver\/"},"wordCount":637,"commentCount":0,"publisher":{"@id":"https:\/\/www.oarcanjo.net\/site\/#organization"},"keywords":["Dom Helder Camara"],"articleSection":["D. Helder C\u00e2mara"],"inLanguage":"pt-BR","potentialAction":[{"@type":"CommentAction","name":"Comment","target":["https:\/\/www.oarcanjo.net\/site\/dom-helder-uma-pessoa-linda-de-viver\/#respond"]}]},{"@type":"WebPage","@id":"https:\/\/www.oarcanjo.net\/site\/dom-helder-uma-pessoa-linda-de-viver\/","url":"https:\/\/www.oarcanjo.net\/site\/dom-helder-uma-pessoa-linda-de-viver\/","name":"Dom Helder: Uma Pessoa Linda de Viver! - O Arcanjo no ar","isPartOf":{"@id":"https:\/\/www.oarcanjo.net\/site\/#website"},"datePublished":"2009-02-27T02:25:06+00:00","dateModified":"2009-02-27T02:25:06+00:00","breadcrumb":{"@id":"https:\/\/www.oarcanjo.net\/site\/dom-helder-uma-pessoa-linda-de-viver\/#breadcrumb"},"inLanguage":"pt-BR","potentialAction":[{"@type":"ReadAction","target":["https:\/\/www.oarcanjo.net\/site\/dom-helder-uma-pessoa-linda-de-viver\/"]}]},{"@type":"BreadcrumbList","@id":"https:\/\/www.oarcanjo.net\/site\/dom-helder-uma-pessoa-linda-de-viver\/#breadcrumb","itemListElement":[{"@type":"ListItem","position":1,"name":"In\u00edcio","item":"https:\/\/www.oarcanjo.net\/site\/"},{"@type":"ListItem","position":2,"name":"Dom Helder: Uma Pessoa Linda de Viver!"}]},{"@type":"WebSite","@id":"https:\/\/www.oarcanjo.net\/site\/#website","url":"https:\/\/www.oarcanjo.net\/site\/","name":"O Arcanjo no ar","description":"Site da Par\u00f3quia S\u00e3o Miguel Arcanjo (Arquidiocese de SP)","publisher":{"@id":"https:\/\/www.oarcanjo.net\/site\/#organization"},"potentialAction":[{"@type":"SearchAction","target":{"@type":"EntryPoint","urlTemplate":"https:\/\/www.oarcanjo.net\/site\/?s={search_term_string}"},"query-input":{"@type":"PropertyValueSpecification","valueRequired":true,"valueName":"search_term_string"}}],"inLanguage":"pt-BR"},{"@type":"Organization","@id":"https:\/\/www.oarcanjo.net\/site\/#organization","name":"Par\u00f3quia S\u00e3o Miguel Arcanjo","url":"https:\/\/www.oarcanjo.net\/site\/","logo":{"@type":"ImageObject","inLanguage":"pt-BR","@id":"https:\/\/www.oarcanjo.net\/site\/#\/schema\/logo\/image\/","url":"https:\/\/www.oarcanjo.net\/site\/wp-content\/uploads\/LogoOArcanjo.png","contentUrl":"https:\/\/www.oarcanjo.net\/site\/wp-content\/uploads\/LogoOArcanjo.png","width":319,"height":99,"caption":"Par\u00f3quia S\u00e3o Miguel Arcanjo"},"image":{"@id":"https:\/\/www.oarcanjo.net\/site\/#\/schema\/logo\/image\/"},"sameAs":["https:\/\/www.facebook.com\/OArcanjoNoAr\/"]},{"@type":"Person","@id":"https:\/\/www.oarcanjo.net\/site\/#\/schema\/person\/f7024d007863202483a31326673a0838","name":"editor","sameAs":["http:\/\/www.oarcanjo.net"]}]}},"publishpress_future_action":{"enabled":false,"date":"2026-05-07 06:53:30","action":"category","newStatus":"draft","terms":[],"taxonomy":"category"},"publishpress_future_workflow_manual_trigger":{"enabledWorkflows":[]},"_links":{"self":[{"href":"https:\/\/www.oarcanjo.net\/site\/wp-json\/wp\/v2\/posts\/2047"}],"collection":[{"href":"https:\/\/www.oarcanjo.net\/site\/wp-json\/wp\/v2\/posts"}],"about":[{"href":"https:\/\/www.oarcanjo.net\/site\/wp-json\/wp\/v2\/types\/post"}],"author":[{"embeddable":true,"href":"https:\/\/www.oarcanjo.net\/site\/wp-json\/wp\/v2\/users\/5"}],"replies":[{"embeddable":true,"href":"https:\/\/www.oarcanjo.net\/site\/wp-json\/wp\/v2\/comments?post=2047"}],"version-history":[{"count":0,"href":"https:\/\/www.oarcanjo.net\/site\/wp-json\/wp\/v2\/posts\/2047\/revisions"}],"wp:attachment":[{"href":"https:\/\/www.oarcanjo.net\/site\/wp-json\/wp\/v2\/media?parent=2047"}],"wp:term":[{"taxonomy":"category","embeddable":true,"href":"https:\/\/www.oarcanjo.net\/site\/wp-json\/wp\/v2\/categories?post=2047"},{"taxonomy":"post_tag","embeddable":true,"href":"https:\/\/www.oarcanjo.net\/site\/wp-json\/wp\/v2\/tags?post=2047"}],"curies":[{"name":"wp","href":"https:\/\/api.w.org\/{rel}","templated":true}]}}