
{"id":20475,"date":"2013-01-02T18:42:33","date_gmt":"2013-01-02T20:42:33","guid":{"rendered":"http:\/\/www.oarcanjo.net\/site\/?p=20475"},"modified":"2013-01-03T18:43:52","modified_gmt":"2013-01-03T20:43:52","slug":"catequese-de-bento-xvi-02012013","status":"publish","type":"post","link":"https:\/\/www.oarcanjo.net\/site\/catequese-de-bento-xvi-02012013\/","title":{"rendered":"Catequese de Bento XVI &#8211; 02\/01\/2013"},"content":{"rendered":"<p><em>Queridos irm\u00e3os e irm\u00e3s,<\/em><\/p>\n<p>Este tempo de Natal d\u00e1 resposta a um mist\u00e9rio grande e impressionante que se esconde no Menino de Bel\u00e9m: Como pode um ser assim fr\u00e1gil e pequenino ter trazido ao mundo uma novidade t\u00e3o radical, que mudou o rumo da hist\u00f3ria? \u2013 Pode, porque \u00e9 o Filho de Deus feito homem: \u00abNascido do Pai antes de todos os s\u00e9culos, (\u2026) encarnou pelo Esp\u00edrito Santo, no seio da Virgem Maria\u00bb. N\u2019Ela acontece uma nova cria\u00e7\u00e3o: com a encarna\u00e7\u00e3o de Jesus, o Esp\u00edrito divino cria um novo in\u00edcio da humanidade. Acreditamos que nada \u00e9 imposs\u00edvel a Deus! A f\u00e9 d\u00e1 vida a uma novidade t\u00e3o forte, que produz um segundo nascimento. De facto, no in\u00edcio do nosso ser de crist\u00e3os, est\u00e1 o Baptismo que nos faz renascer como filhos de Deus. Mas, s\u00f3 abrindo-nos \u00e0 ac\u00e7\u00e3o de Deus como Maria, s\u00f3 entregando a nossa vida ao Senhor como a um Amigo de quem nos podemos fiar, \u00e9 que tudo muda, a nossa vida ganha uma nova grandeza: a de filhos do Pai do C\u00e9u, que nos ama e nunca nos abandona.<\/p>\n<p>* * *<\/p>\n<p>A minha sauda\u00e7\u00e3o amiga para todos os peregrinos de l\u00edngua portuguesa, desejando que a luz do Salvador divino\u00a0resplande\u00e7a intensamente nos vossos cora\u00e7\u00f5es, para serdes semeadores de esperan\u00e7a e construtores de paz\u00a0nas vossas fam\u00edlias e comunidades. Com estes votos de um Ano Novo sereno e feliz para todos, de cora\u00e7\u00e3o vos aben\u00e7oo.<\/p>\n<p><img loading=\"lazy\" decoding=\"async\" class=\"alignnone size-full wp-image-19876\" title=\"BENTO XVI\" src=\"http:\/\/www.oarcanjo.net\/site\/wp-content\/uploads\/assinatura-BENTOXVI.png\" alt=\"BENTO XVI\" width=\"200\" height=\"51\" \/><\/p>\n<p>&nbsp;<\/p>\n<p><em>\u00a9 Copyright 2013 &#8211; Libreria Editrice Vaticana<\/em><\/p>\n<div id=\"themify_builder_content-20475\" data-postid=\"20475\" class=\"themify_builder_content themify_builder_content-20475 themify_builder themify_builder_front\">\n\t<\/div>\n<!-- \/themify_builder_content -->","protected":false},"excerpt":{"rendered":"<p>Queridos irm\u00e3os e irm\u00e3s, Este tempo de Natal d\u00e1 resposta a um mist\u00e9rio grande e impressionante que se esconde no Menino de Bel\u00e9m: Como pode um ser assim fr\u00e1gil e pequenino ter trazido ao mundo uma novidade t\u00e3o radical, que mudou o rumo da hist\u00f3ria? \u2013 Pode, porque \u00e9 o Filho de Deus feito homem: [&hellip;]<\/p>\n","protected":false},"author":5,"featured_media":0,"comment_status":"open","ping_status":"open","sticky":false,"template":"","format":"standard","meta":{"ngg_post_thumbnail":0,"footnotes":""},"categories":[2153],"tags":[3213,2312,2311],"yoast_head":"<!-- This site is optimized with the Yoast SEO plugin v23.5 - https:\/\/yoast.com\/wordpress\/plugins\/seo\/ -->\n<title>Catequese de Bento XVI - 02\/01\/2013 - O Arcanjo no ar<\/title>\n<meta name=\"robots\" content=\"index, follow, max-snippet:-1, max-image-preview:large, max-video-preview:-1\" \/>\n<link rel=\"canonical\" href=\"https:\/\/www.oarcanjo.net\/site\/catequese-de-bento-xvi-02012013\/\" \/>\n<meta property=\"og:locale\" content=\"pt_BR\" \/>\n<meta property=\"og:type\" content=\"article\" \/>\n<meta property=\"og:title\" content=\"Catequese de Bento XVI - 02\/01\/2013 - O Arcanjo no ar\" \/>\n<meta property=\"og:description\" content=\"Queridos irm\u00e3os e irm\u00e3s, Este tempo de Natal d\u00e1 resposta a um mist\u00e9rio grande e impressionante que se esconde no Menino de Bel\u00e9m: Como pode um ser assim fr\u00e1gil e pequenino ter trazido ao mundo uma novidade t\u00e3o radical, que mudou o rumo da hist\u00f3ria? \u2013 Pode, porque \u00e9 o Filho de Deus feito homem: [&hellip;]\" \/>\n<meta property=\"og:url\" content=\"https:\/\/www.oarcanjo.net\/site\/catequese-de-bento-xvi-02012013\/\" \/>\n<meta property=\"og:site_name\" content=\"O Arcanjo no ar\" \/>\n<meta property=\"article:publisher\" content=\"https:\/\/www.facebook.com\/OArcanjoNoAr\/\" \/>\n<meta property=\"article:published_time\" content=\"2013-01-02T20:42:33+00:00\" \/>\n<meta property=\"article:modified_time\" content=\"2013-01-03T20:43:52+00:00\" \/>\n<meta property=\"og:image\" content=\"http:\/\/www.oarcanjo.net\/site\/wp-content\/uploads\/assinatura-BENTOXVI.png\" \/>\n<meta name=\"author\" content=\"editor\" \/>\n<meta name=\"twitter:card\" content=\"summary_large_image\" \/>\n<meta name=\"twitter:label1\" content=\"Escrito por\" \/>\n\t<meta name=\"twitter:data1\" content=\"editor\" \/>\n\t<meta name=\"twitter:label2\" content=\"Est. tempo de leitura\" \/>\n\t<meta name=\"twitter:data2\" content=\"1 minuto\" \/>\n<script type=\"application\/ld+json\" class=\"yoast-schema-graph\">{\"@context\":\"https:\/\/schema.org\",\"@graph\":[{\"@type\":\"Article\",\"@id\":\"https:\/\/www.oarcanjo.net\/site\/catequese-de-bento-xvi-02012013\/#article\",\"isPartOf\":{\"@id\":\"https:\/\/www.oarcanjo.net\/site\/catequese-de-bento-xvi-02012013\/\"},\"author\":{\"name\":\"editor\",\"@id\":\"https:\/\/www.oarcanjo.net\/site\/#\/schema\/person\/f7024d007863202483a31326673a0838\"},\"headline\":\"Catequese de Bento XVI &#8211; 02\/01\/2013\",\"datePublished\":\"2013-01-02T20:42:33+00:00\",\"dateModified\":\"2013-01-03T20:43:52+00:00\",\"mainEntityOfPage\":{\"@id\":\"https:\/\/www.oarcanjo.net\/site\/catequese-de-bento-xvi-02012013\/\"},\"wordCount\":269,\"commentCount\":0,\"publisher\":{\"@id\":\"https:\/\/www.oarcanjo.net\/site\/#organization\"},\"image\":{\"@id\":\"https:\/\/www.oarcanjo.net\/site\/catequese-de-bento-xvi-02012013\/#primaryimage\"},\"thumbnailUrl\":\"http:\/\/www.oarcanjo.net\/site\/wp-content\/uploads\/assinatura-BENTOXVI.png\",\"keywords\":[\"Ano da F\u00e9\",\"Catequese de Bento 16\",\"Catequese de Bento XVI\"],\"articleSection\":[\"Ano da F\u00e9\"],\"inLanguage\":\"pt-BR\",\"potentialAction\":[{\"@type\":\"CommentAction\",\"name\":\"Comment\",\"target\":[\"https:\/\/www.oarcanjo.net\/site\/catequese-de-bento-xvi-02012013\/#respond\"]}]},{\"@type\":\"WebPage\",\"@id\":\"https:\/\/www.oarcanjo.net\/site\/catequese-de-bento-xvi-02012013\/\",\"url\":\"https:\/\/www.oarcanjo.net\/site\/catequese-de-bento-xvi-02012013\/\",\"name\":\"Catequese de Bento XVI - 02\/01\/2013 - O Arcanjo no ar\",\"isPartOf\":{\"@id\":\"https:\/\/www.oarcanjo.net\/site\/#website\"},\"primaryImageOfPage\":{\"@id\":\"https:\/\/www.oarcanjo.net\/site\/catequese-de-bento-xvi-02012013\/#primaryimage\"},\"image\":{\"@id\":\"https:\/\/www.oarcanjo.net\/site\/catequese-de-bento-xvi-02012013\/#primaryimage\"},\"thumbnailUrl\":\"http:\/\/www.oarcanjo.net\/site\/wp-content\/uploads\/assinatura-BENTOXVI.png\",\"datePublished\":\"2013-01-02T20:42:33+00:00\",\"dateModified\":\"2013-01-03T20:43:52+00:00\",\"breadcrumb\":{\"@id\":\"https:\/\/www.oarcanjo.net\/site\/catequese-de-bento-xvi-02012013\/#breadcrumb\"},\"inLanguage\":\"pt-BR\",\"potentialAction\":[{\"@type\":\"ReadAction\",\"target\":[\"https:\/\/www.oarcanjo.net\/site\/catequese-de-bento-xvi-02012013\/\"]}]},{\"@type\":\"ImageObject\",\"inLanguage\":\"pt-BR\",\"@id\":\"https:\/\/www.oarcanjo.net\/site\/catequese-de-bento-xvi-02012013\/#primaryimage\",\"url\":\"http:\/\/www.oarcanjo.net\/site\/wp-content\/uploads\/assinatura-BENTOXVI.png\",\"contentUrl\":\"http:\/\/www.oarcanjo.net\/site\/wp-content\/uploads\/assinatura-BENTOXVI.png\"},{\"@type\":\"BreadcrumbList\",\"@id\":\"https:\/\/www.oarcanjo.net\/site\/catequese-de-bento-xvi-02012013\/#breadcrumb\",\"itemListElement\":[{\"@type\":\"ListItem\",\"position\":1,\"name\":\"In\u00edcio\",\"item\":\"https:\/\/www.oarcanjo.net\/site\/\"},{\"@type\":\"ListItem\",\"position\":2,\"name\":\"Catequese de Bento XVI &#8211; 02\/01\/2013\"}]},{\"@type\":\"WebSite\",\"@id\":\"https:\/\/www.oarcanjo.net\/site\/#website\",\"url\":\"https:\/\/www.oarcanjo.net\/site\/\",\"name\":\"O Arcanjo no ar\",\"description\":\"Site da Par\u00f3quia S\u00e3o Miguel Arcanjo (Arquidiocese de SP)\",\"publisher\":{\"@id\":\"https:\/\/www.oarcanjo.net\/site\/#organization\"},\"potentialAction\":[{\"@type\":\"SearchAction\",\"target\":{\"@type\":\"EntryPoint\",\"urlTemplate\":\"https:\/\/www.oarcanjo.net\/site\/?s={search_term_string}\"},\"query-input\":{\"@type\":\"PropertyValueSpecification\",\"valueRequired\":true,\"valueName\":\"search_term_string\"}}],\"inLanguage\":\"pt-BR\"},{\"@type\":\"Organization\",\"@id\":\"https:\/\/www.oarcanjo.net\/site\/#organization\",\"name\":\"Par\u00f3quia S\u00e3o Miguel Arcanjo\",\"url\":\"https:\/\/www.oarcanjo.net\/site\/\",\"logo\":{\"@type\":\"ImageObject\",\"inLanguage\":\"pt-BR\",\"@id\":\"https:\/\/www.oarcanjo.net\/site\/#\/schema\/logo\/image\/\",\"url\":\"https:\/\/www.oarcanjo.net\/site\/wp-content\/uploads\/LogoOArcanjo.png\",\"contentUrl\":\"https:\/\/www.oarcanjo.net\/site\/wp-content\/uploads\/LogoOArcanjo.png\",\"width\":319,\"height\":99,\"caption\":\"Par\u00f3quia S\u00e3o Miguel Arcanjo\"},\"image\":{\"@id\":\"https:\/\/www.oarcanjo.net\/site\/#\/schema\/logo\/image\/\"},\"sameAs\":[\"https:\/\/www.facebook.com\/OArcanjoNoAr\/\"]},{\"@type\":\"Person\",\"@id\":\"https:\/\/www.oarcanjo.net\/site\/#\/schema\/person\/f7024d007863202483a31326673a0838\",\"name\":\"editor\",\"sameAs\":[\"http:\/\/www.oarcanjo.net\"]}]}<\/script>\n<!-- \/ Yoast SEO plugin. -->","yoast_head_json":{"title":"Catequese de Bento XVI - 02\/01\/2013 - O Arcanjo no ar","robots":{"index":"index","follow":"follow","max-snippet":"max-snippet:-1","max-image-preview":"max-image-preview:large","max-video-preview":"max-video-preview:-1"},"canonical":"https:\/\/www.oarcanjo.net\/site\/catequese-de-bento-xvi-02012013\/","og_locale":"pt_BR","og_type":"article","og_title":"Catequese de Bento XVI - 02\/01\/2013 - O Arcanjo no ar","og_description":"Queridos irm\u00e3os e irm\u00e3s, Este tempo de Natal d\u00e1 resposta a um mist\u00e9rio grande e impressionante que se esconde no Menino de Bel\u00e9m: Como pode um ser assim fr\u00e1gil e pequenino ter trazido ao mundo uma novidade t\u00e3o radical, que mudou o rumo da hist\u00f3ria? \u2013 Pode, porque \u00e9 o Filho de Deus feito homem: [&hellip;]","og_url":"https:\/\/www.oarcanjo.net\/site\/catequese-de-bento-xvi-02012013\/","og_site_name":"O Arcanjo no ar","article_publisher":"https:\/\/www.facebook.com\/OArcanjoNoAr\/","article_published_time":"2013-01-02T20:42:33+00:00","article_modified_time":"2013-01-03T20:43:52+00:00","og_image":[{"url":"http:\/\/www.oarcanjo.net\/site\/wp-content\/uploads\/assinatura-BENTOXVI.png"}],"author":"editor","twitter_card":"summary_large_image","twitter_misc":{"Escrito por":"editor","Est. tempo de leitura":"1 minuto"},"schema":{"@context":"https:\/\/schema.org","@graph":[{"@type":"Article","@id":"https:\/\/www.oarcanjo.net\/site\/catequese-de-bento-xvi-02012013\/#article","isPartOf":{"@id":"https:\/\/www.oarcanjo.net\/site\/catequese-de-bento-xvi-02012013\/"},"author":{"name":"editor","@id":"https:\/\/www.oarcanjo.net\/site\/#\/schema\/person\/f7024d007863202483a31326673a0838"},"headline":"Catequese de Bento XVI &#8211; 02\/01\/2013","datePublished":"2013-01-02T20:42:33+00:00","dateModified":"2013-01-03T20:43:52+00:00","mainEntityOfPage":{"@id":"https:\/\/www.oarcanjo.net\/site\/catequese-de-bento-xvi-02012013\/"},"wordCount":269,"commentCount":0,"publisher":{"@id":"https:\/\/www.oarcanjo.net\/site\/#organization"},"image":{"@id":"https:\/\/www.oarcanjo.net\/site\/catequese-de-bento-xvi-02012013\/#primaryimage"},"thumbnailUrl":"http:\/\/www.oarcanjo.net\/site\/wp-content\/uploads\/assinatura-BENTOXVI.png","keywords":["Ano da F\u00e9","Catequese de Bento 16","Catequese de Bento XVI"],"articleSection":["Ano da F\u00e9"],"inLanguage":"pt-BR","potentialAction":[{"@type":"CommentAction","name":"Comment","target":["https:\/\/www.oarcanjo.net\/site\/catequese-de-bento-xvi-02012013\/#respond"]}]},{"@type":"WebPage","@id":"https:\/\/www.oarcanjo.net\/site\/catequese-de-bento-xvi-02012013\/","url":"https:\/\/www.oarcanjo.net\/site\/catequese-de-bento-xvi-02012013\/","name":"Catequese de Bento XVI - 02\/01\/2013 - O Arcanjo no ar","isPartOf":{"@id":"https:\/\/www.oarcanjo.net\/site\/#website"},"primaryImageOfPage":{"@id":"https:\/\/www.oarcanjo.net\/site\/catequese-de-bento-xvi-02012013\/#primaryimage"},"image":{"@id":"https:\/\/www.oarcanjo.net\/site\/catequese-de-bento-xvi-02012013\/#primaryimage"},"thumbnailUrl":"http:\/\/www.oarcanjo.net\/site\/wp-content\/uploads\/assinatura-BENTOXVI.png","datePublished":"2013-01-02T20:42:33+00:00","dateModified":"2013-01-03T20:43:52+00:00","breadcrumb":{"@id":"https:\/\/www.oarcanjo.net\/site\/catequese-de-bento-xvi-02012013\/#breadcrumb"},"inLanguage":"pt-BR","potentialAction":[{"@type":"ReadAction","target":["https:\/\/www.oarcanjo.net\/site\/catequese-de-bento-xvi-02012013\/"]}]},{"@type":"ImageObject","inLanguage":"pt-BR","@id":"https:\/\/www.oarcanjo.net\/site\/catequese-de-bento-xvi-02012013\/#primaryimage","url":"http:\/\/www.oarcanjo.net\/site\/wp-content\/uploads\/assinatura-BENTOXVI.png","contentUrl":"http:\/\/www.oarcanjo.net\/site\/wp-content\/uploads\/assinatura-BENTOXVI.png"},{"@type":"BreadcrumbList","@id":"https:\/\/www.oarcanjo.net\/site\/catequese-de-bento-xvi-02012013\/#breadcrumb","itemListElement":[{"@type":"ListItem","position":1,"name":"In\u00edcio","item":"https:\/\/www.oarcanjo.net\/site\/"},{"@type":"ListItem","position":2,"name":"Catequese de Bento XVI &#8211; 02\/01\/2013"}]},{"@type":"WebSite","@id":"https:\/\/www.oarcanjo.net\/site\/#website","url":"https:\/\/www.oarcanjo.net\/site\/","name":"O Arcanjo no ar","description":"Site da Par\u00f3quia S\u00e3o Miguel Arcanjo (Arquidiocese de SP)","publisher":{"@id":"https:\/\/www.oarcanjo.net\/site\/#organization"},"potentialAction":[{"@type":"SearchAction","target":{"@type":"EntryPoint","urlTemplate":"https:\/\/www.oarcanjo.net\/site\/?s={search_term_string}"},"query-input":{"@type":"PropertyValueSpecification","valueRequired":true,"valueName":"search_term_string"}}],"inLanguage":"pt-BR"},{"@type":"Organization","@id":"https:\/\/www.oarcanjo.net\/site\/#organization","name":"Par\u00f3quia S\u00e3o Miguel Arcanjo","url":"https:\/\/www.oarcanjo.net\/site\/","logo":{"@type":"ImageObject","inLanguage":"pt-BR","@id":"https:\/\/www.oarcanjo.net\/site\/#\/schema\/logo\/image\/","url":"https:\/\/www.oarcanjo.net\/site\/wp-content\/uploads\/LogoOArcanjo.png","contentUrl":"https:\/\/www.oarcanjo.net\/site\/wp-content\/uploads\/LogoOArcanjo.png","width":319,"height":99,"caption":"Par\u00f3quia S\u00e3o Miguel Arcanjo"},"image":{"@id":"https:\/\/www.oarcanjo.net\/site\/#\/schema\/logo\/image\/"},"sameAs":["https:\/\/www.facebook.com\/OArcanjoNoAr\/"]},{"@type":"Person","@id":"https:\/\/www.oarcanjo.net\/site\/#\/schema\/person\/f7024d007863202483a31326673a0838","name":"editor","sameAs":["http:\/\/www.oarcanjo.net"]}]}},"publishpress_future_action":{"enabled":false,"date":"2026-05-07 09:36:27","action":"category","newStatus":"draft","terms":[],"taxonomy":"category"},"publishpress_future_workflow_manual_trigger":{"enabledWorkflows":[]},"_links":{"self":[{"href":"https:\/\/www.oarcanjo.net\/site\/wp-json\/wp\/v2\/posts\/20475"}],"collection":[{"href":"https:\/\/www.oarcanjo.net\/site\/wp-json\/wp\/v2\/posts"}],"about":[{"href":"https:\/\/www.oarcanjo.net\/site\/wp-json\/wp\/v2\/types\/post"}],"author":[{"embeddable":true,"href":"https:\/\/www.oarcanjo.net\/site\/wp-json\/wp\/v2\/users\/5"}],"replies":[{"embeddable":true,"href":"https:\/\/www.oarcanjo.net\/site\/wp-json\/wp\/v2\/comments?post=20475"}],"version-history":[{"count":0,"href":"https:\/\/www.oarcanjo.net\/site\/wp-json\/wp\/v2\/posts\/20475\/revisions"}],"wp:attachment":[{"href":"https:\/\/www.oarcanjo.net\/site\/wp-json\/wp\/v2\/media?parent=20475"}],"wp:term":[{"taxonomy":"category","embeddable":true,"href":"https:\/\/www.oarcanjo.net\/site\/wp-json\/wp\/v2\/categories?post=20475"},{"taxonomy":"post_tag","embeddable":true,"href":"https:\/\/www.oarcanjo.net\/site\/wp-json\/wp\/v2\/tags?post=20475"}],"curies":[{"name":"wp","href":"https:\/\/api.w.org\/{rel}","templated":true}]}}