
{"id":20478,"date":"2013-01-04T15:48:28","date_gmt":"2013-01-04T17:48:28","guid":{"rendered":"http:\/\/www.oarcanjo.net\/site\/?p=20478"},"modified":"2013-01-13T10:39:28","modified_gmt":"2013-01-13T12:39:28","slug":"epifania-do-senhor-deus-ama-a-todos","status":"publish","type":"post","link":"https:\/\/www.oarcanjo.net\/site\/epifania-do-senhor-deus-ama-a-todos\/","title":{"rendered":"Epifania do Senhor: Deus Ama a Todos"},"content":{"rendered":"<p>Dom Sergio da Rocha*<\/p>\n<p><img loading=\"lazy\" decoding=\"async\" src=\"http:\/\/www.oarcanjo.net\/site\/wp-content\/uploads\/300502_159988240759727_100002456578485_296584_1555955916_a1-150x150.jpg\" alt=\"\" width=\"150\" height=\"150\" \/><\/p>\n<p>A solenidade da Epifania do Senhor ocupa lugar especial no Tempo do Natal, completando o quadro do nascimento de Jesus Cristo com a presen\u00e7a dos magos do Oriente no pres\u00e9pio. A palavra grega \u201cepifania\u201d atribu\u00edda a esta solenidade significa\u00a0\u00a0\u201crevela\u00e7\u00e3o\u201d, \u201cmanifesta\u00e7\u00e3o\u201d. Em Jesus Cristo nascido em Bel\u00e9m, Deus revela o seu amor e manifesta a sua salva\u00e7\u00e3o para todos. Cumpre-se, de modo admir\u00e1vel, a universalidade da salva\u00e7\u00e3o anunciada pelos profetas!\u00a0\u00a0Por isso, ao rezar, hoje, o Salmo 71, dizemos: \u201cAs na\u00e7\u00f5es de toda a terra h\u00e3o de adorar-vos, \u00f3 Senhor\u201d, sentindo-nos participantes do novo Povo de Deus, formado por gente de todas as ra\u00e7as, l\u00ednguas e na\u00e7\u00f5es.<\/p>\n<p>O relato do nascimento do Salvador, na noite do Natal, destacava a presen\u00e7a dos pastores que se estavam nas redondezas e que foram \u00e0s pressas ao encontro de Menino Jesus para ador\u00e1-lo. O Evangelho proclamado na Epifania destaca o amor de Deus revelado \u00e0s na\u00e7\u00f5es, representadas por aqueles homens s\u00e1bios, denominados magos, que vieram de longe para adorar Jesus e oferecer-lhe presentes. Na Carta aos Ef\u00e9sios, hoje meditada, S\u00e3o Paulo refere-se ao \u201cmist\u00e9rio\u201d revelado, assim explicando-o: \u201cos pag\u00e3os s\u00e3o admitidos \u00e0 mesma heran\u00e7a\u201d do povo da Alian\u00e7a. Deus ama a todos!<\/p>\n<p>A exemplo dos magos,\u00a0n\u00f3s tamb\u00e9m somos convidados a caminhar ao encontro do menino Jesus, neste tempo de Natal, com uma atitude de adora\u00e7\u00e3o. Eles \u201cajoelharam-se diante dele e o adoraram\u201d e \u201csentiram uma alegria muito grande\u201d (Mt 2,10-11).\u00a0 O Natal \u00e9 tempo de experimentar esta alegria que brota do encontro com Cristo. Para isso, \u00e9 preciso dispor-se a caminhar; n\u00e3o se pode ficar acomodado na vida crist\u00e3, especialmente, ao iniciar um novo ano. Contudo, n\u00e3o podemos caminhar contando somente com as pr\u00f3prias for\u00e7as. A estrela serviu de sinal para os magos. N\u00f3s necessitamos da luz de Deus, da sua sabedoria e do seu amor para percorrer o caminho.<\/p>\n<p>O relato do Evangelho cita o rei Herodes. Ele n\u00e3o se disp\u00f4s a caminhar ao encontro de Jesus, na manjedoura de Bel\u00e9m; apenas fingiu querer ador\u00e1-lo. Em seu orgulho, n\u00e3o foi capaz de se colocar entre os humildes pastores, nem entre os s\u00e1bios estrangeiros, ambos desprezados por muitos naquele tempo. Ningu\u00e9m vai sozinho ao encontro do Senhor; ou vamos juntos ou ficamos fora.<\/p>\n<p>Na Epifania, o nosso amor fraterno deve se alargar, dirigindo-se aos que n\u00e3o s\u00e3o amados ou valorizados em nosso mundo e aos que mais sofrem. Adoramos o Menino Deus que oferece a todos o seu amor e salva\u00e7\u00e3o, dispondo-nos a amar a todos com verdadeira caridade.<\/p>\n<p>*Arcebispo Metropolitano de Bras\u00edlia<br \/>\nPublicado por\u00a0<a title=\"author profile\" rel=\"author\" href=\"http:\/\/www.blogger.com\/profile\/12037961757835243213\">Par\u00f3quia de Santo Afonso<\/a><\/p>\n<div id=\"themify_builder_content-20478\" data-postid=\"20478\" class=\"themify_builder_content themify_builder_content-20478 themify_builder themify_builder_front\">\n\t<\/div>\n<!-- \/themify_builder_content -->","protected":false},"excerpt":{"rendered":"<p>Dom Sergio da Rocha* A solenidade da Epifania do Senhor ocupa lugar especial no Tempo do Natal, completando o quadro do nascimento de Jesus Cristo com a presen\u00e7a dos magos do Oriente no pres\u00e9pio. A palavra grega \u201cepifania\u201d atribu\u00edda a esta solenidade significa\u00a0\u00a0\u201crevela\u00e7\u00e3o\u201d, \u201cmanifesta\u00e7\u00e3o\u201d. Em Jesus Cristo nascido em Bel\u00e9m, Deus revela o seu amor [&hellip;]<\/p>\n","protected":false},"author":17,"featured_media":0,"comment_status":"open","ping_status":"open","sticky":false,"template":"","format":"standard","meta":{"ngg_post_thumbnail":0,"footnotes":""},"categories":[9],"tags":[],"yoast_head":"<!-- This site is optimized with the Yoast SEO plugin v23.5 - https:\/\/yoast.com\/wordpress\/plugins\/seo\/ -->\n<title>Epifania do Senhor: Deus Ama a Todos - O Arcanjo no ar<\/title>\n<meta name=\"robots\" content=\"index, follow, max-snippet:-1, max-image-preview:large, max-video-preview:-1\" \/>\n<link rel=\"canonical\" href=\"https:\/\/www.oarcanjo.net\/site\/epifania-do-senhor-deus-ama-a-todos\/\" \/>\n<meta property=\"og:locale\" content=\"pt_BR\" \/>\n<meta property=\"og:type\" content=\"article\" \/>\n<meta property=\"og:title\" content=\"Epifania do Senhor: Deus Ama a Todos - O Arcanjo no ar\" \/>\n<meta property=\"og:description\" content=\"Dom Sergio da Rocha* A solenidade da Epifania do Senhor ocupa lugar especial no Tempo do Natal, completando o quadro do nascimento de Jesus Cristo com a presen\u00e7a dos magos do Oriente no pres\u00e9pio. A palavra grega \u201cepifania\u201d atribu\u00edda a esta solenidade significa\u00a0\u00a0\u201crevela\u00e7\u00e3o\u201d, \u201cmanifesta\u00e7\u00e3o\u201d. Em Jesus Cristo nascido em Bel\u00e9m, Deus revela o seu amor [&hellip;]\" \/>\n<meta property=\"og:url\" content=\"https:\/\/www.oarcanjo.net\/site\/epifania-do-senhor-deus-ama-a-todos\/\" \/>\n<meta property=\"og:site_name\" content=\"O Arcanjo no ar\" \/>\n<meta property=\"article:publisher\" content=\"https:\/\/www.facebook.com\/OArcanjoNoAr\/\" \/>\n<meta property=\"article:published_time\" content=\"2013-01-04T17:48:28+00:00\" \/>\n<meta property=\"article:modified_time\" content=\"2013-01-13T12:39:28+00:00\" \/>\n<meta property=\"og:image\" content=\"http:\/\/www.oarcanjo.net\/site\/wp-content\/uploads\/300502_159988240759727_100002456578485_296584_1555955916_a1-150x150.jpg\" \/>\n<meta name=\"author\" content=\"pe.geovane\" \/>\n<meta name=\"twitter:card\" content=\"summary_large_image\" \/>\n<meta name=\"twitter:label1\" content=\"Escrito por\" \/>\n\t<meta name=\"twitter:data1\" content=\"pe.geovane\" \/>\n\t<meta name=\"twitter:label2\" content=\"Est. tempo de leitura\" \/>\n\t<meta name=\"twitter:data2\" content=\"2 minutos\" \/>\n<script type=\"application\/ld+json\" class=\"yoast-schema-graph\">{\"@context\":\"https:\/\/schema.org\",\"@graph\":[{\"@type\":\"Article\",\"@id\":\"https:\/\/www.oarcanjo.net\/site\/epifania-do-senhor-deus-ama-a-todos\/#article\",\"isPartOf\":{\"@id\":\"https:\/\/www.oarcanjo.net\/site\/epifania-do-senhor-deus-ama-a-todos\/\"},\"author\":{\"name\":\"pe.geovane\",\"@id\":\"https:\/\/www.oarcanjo.net\/site\/#\/schema\/person\/58d7f78850a973b8e467c7ae4a7eb4ad\"},\"headline\":\"Epifania do Senhor: Deus Ama a Todos\",\"datePublished\":\"2013-01-04T17:48:28+00:00\",\"dateModified\":\"2013-01-13T12:39:28+00:00\",\"mainEntityOfPage\":{\"@id\":\"https:\/\/www.oarcanjo.net\/site\/epifania-do-senhor-deus-ama-a-todos\/\"},\"wordCount\":477,\"commentCount\":0,\"publisher\":{\"@id\":\"https:\/\/www.oarcanjo.net\/site\/#organization\"},\"image\":{\"@id\":\"https:\/\/www.oarcanjo.net\/site\/epifania-do-senhor-deus-ama-a-todos\/#primaryimage\"},\"thumbnailUrl\":\"http:\/\/www.oarcanjo.net\/site\/wp-content\/uploads\/300502_159988240759727_100002456578485_296584_1555955916_a1-150x150.jpg\",\"articleSection\":[\"Reflex\u00f5es\"],\"inLanguage\":\"pt-BR\",\"potentialAction\":[{\"@type\":\"CommentAction\",\"name\":\"Comment\",\"target\":[\"https:\/\/www.oarcanjo.net\/site\/epifania-do-senhor-deus-ama-a-todos\/#respond\"]}]},{\"@type\":\"WebPage\",\"@id\":\"https:\/\/www.oarcanjo.net\/site\/epifania-do-senhor-deus-ama-a-todos\/\",\"url\":\"https:\/\/www.oarcanjo.net\/site\/epifania-do-senhor-deus-ama-a-todos\/\",\"name\":\"Epifania do Senhor: Deus Ama a Todos - O Arcanjo no ar\",\"isPartOf\":{\"@id\":\"https:\/\/www.oarcanjo.net\/site\/#website\"},\"primaryImageOfPage\":{\"@id\":\"https:\/\/www.oarcanjo.net\/site\/epifania-do-senhor-deus-ama-a-todos\/#primaryimage\"},\"image\":{\"@id\":\"https:\/\/www.oarcanjo.net\/site\/epifania-do-senhor-deus-ama-a-todos\/#primaryimage\"},\"thumbnailUrl\":\"http:\/\/www.oarcanjo.net\/site\/wp-content\/uploads\/300502_159988240759727_100002456578485_296584_1555955916_a1-150x150.jpg\",\"datePublished\":\"2013-01-04T17:48:28+00:00\",\"dateModified\":\"2013-01-13T12:39:28+00:00\",\"breadcrumb\":{\"@id\":\"https:\/\/www.oarcanjo.net\/site\/epifania-do-senhor-deus-ama-a-todos\/#breadcrumb\"},\"inLanguage\":\"pt-BR\",\"potentialAction\":[{\"@type\":\"ReadAction\",\"target\":[\"https:\/\/www.oarcanjo.net\/site\/epifania-do-senhor-deus-ama-a-todos\/\"]}]},{\"@type\":\"ImageObject\",\"inLanguage\":\"pt-BR\",\"@id\":\"https:\/\/www.oarcanjo.net\/site\/epifania-do-senhor-deus-ama-a-todos\/#primaryimage\",\"url\":\"https:\/\/www.oarcanjo.net\/site\/wp-content\/uploads\/300502_159988240759727_100002456578485_296584_1555955916_a1.jpg\",\"contentUrl\":\"https:\/\/www.oarcanjo.net\/site\/wp-content\/uploads\/300502_159988240759727_100002456578485_296584_1555955916_a1.jpg\",\"width\":\"180\",\"height\":\"201\"},{\"@type\":\"BreadcrumbList\",\"@id\":\"https:\/\/www.oarcanjo.net\/site\/epifania-do-senhor-deus-ama-a-todos\/#breadcrumb\",\"itemListElement\":[{\"@type\":\"ListItem\",\"position\":1,\"name\":\"In\u00edcio\",\"item\":\"https:\/\/www.oarcanjo.net\/site\/\"},{\"@type\":\"ListItem\",\"position\":2,\"name\":\"Epifania do Senhor: Deus Ama a Todos\"}]},{\"@type\":\"WebSite\",\"@id\":\"https:\/\/www.oarcanjo.net\/site\/#website\",\"url\":\"https:\/\/www.oarcanjo.net\/site\/\",\"name\":\"O Arcanjo no ar\",\"description\":\"Site da Par\u00f3quia S\u00e3o Miguel Arcanjo (Arquidiocese de SP)\",\"publisher\":{\"@id\":\"https:\/\/www.oarcanjo.net\/site\/#organization\"},\"potentialAction\":[{\"@type\":\"SearchAction\",\"target\":{\"@type\":\"EntryPoint\",\"urlTemplate\":\"https:\/\/www.oarcanjo.net\/site\/?s={search_term_string}\"},\"query-input\":{\"@type\":\"PropertyValueSpecification\",\"valueRequired\":true,\"valueName\":\"search_term_string\"}}],\"inLanguage\":\"pt-BR\"},{\"@type\":\"Organization\",\"@id\":\"https:\/\/www.oarcanjo.net\/site\/#organization\",\"name\":\"Par\u00f3quia S\u00e3o Miguel Arcanjo\",\"url\":\"https:\/\/www.oarcanjo.net\/site\/\",\"logo\":{\"@type\":\"ImageObject\",\"inLanguage\":\"pt-BR\",\"@id\":\"https:\/\/www.oarcanjo.net\/site\/#\/schema\/logo\/image\/\",\"url\":\"https:\/\/www.oarcanjo.net\/site\/wp-content\/uploads\/LogoOArcanjo.png\",\"contentUrl\":\"https:\/\/www.oarcanjo.net\/site\/wp-content\/uploads\/LogoOArcanjo.png\",\"width\":319,\"height\":99,\"caption\":\"Par\u00f3quia S\u00e3o Miguel Arcanjo\"},\"image\":{\"@id\":\"https:\/\/www.oarcanjo.net\/site\/#\/schema\/logo\/image\/\"},\"sameAs\":[\"https:\/\/www.facebook.com\/OArcanjoNoAr\/\"]},{\"@type\":\"Person\",\"@id\":\"https:\/\/www.oarcanjo.net\/site\/#\/schema\/person\/58d7f78850a973b8e467c7ae4a7eb4ad\",\"name\":\"pe.geovane\"}]}<\/script>\n<!-- \/ Yoast SEO plugin. -->","yoast_head_json":{"title":"Epifania do Senhor: Deus Ama a Todos - O Arcanjo no ar","robots":{"index":"index","follow":"follow","max-snippet":"max-snippet:-1","max-image-preview":"max-image-preview:large","max-video-preview":"max-video-preview:-1"},"canonical":"https:\/\/www.oarcanjo.net\/site\/epifania-do-senhor-deus-ama-a-todos\/","og_locale":"pt_BR","og_type":"article","og_title":"Epifania do Senhor: Deus Ama a Todos - O Arcanjo no ar","og_description":"Dom Sergio da Rocha* A solenidade da Epifania do Senhor ocupa lugar especial no Tempo do Natal, completando o quadro do nascimento de Jesus Cristo com a presen\u00e7a dos magos do Oriente no pres\u00e9pio. A palavra grega \u201cepifania\u201d atribu\u00edda a esta solenidade significa\u00a0\u00a0\u201crevela\u00e7\u00e3o\u201d, \u201cmanifesta\u00e7\u00e3o\u201d. Em Jesus Cristo nascido em Bel\u00e9m, Deus revela o seu amor [&hellip;]","og_url":"https:\/\/www.oarcanjo.net\/site\/epifania-do-senhor-deus-ama-a-todos\/","og_site_name":"O Arcanjo no ar","article_publisher":"https:\/\/www.facebook.com\/OArcanjoNoAr\/","article_published_time":"2013-01-04T17:48:28+00:00","article_modified_time":"2013-01-13T12:39:28+00:00","og_image":[{"url":"http:\/\/www.oarcanjo.net\/site\/wp-content\/uploads\/300502_159988240759727_100002456578485_296584_1555955916_a1-150x150.jpg"}],"author":"pe.geovane","twitter_card":"summary_large_image","twitter_misc":{"Escrito por":"pe.geovane","Est. tempo de leitura":"2 minutos"},"schema":{"@context":"https:\/\/schema.org","@graph":[{"@type":"Article","@id":"https:\/\/www.oarcanjo.net\/site\/epifania-do-senhor-deus-ama-a-todos\/#article","isPartOf":{"@id":"https:\/\/www.oarcanjo.net\/site\/epifania-do-senhor-deus-ama-a-todos\/"},"author":{"name":"pe.geovane","@id":"https:\/\/www.oarcanjo.net\/site\/#\/schema\/person\/58d7f78850a973b8e467c7ae4a7eb4ad"},"headline":"Epifania do Senhor: Deus Ama a Todos","datePublished":"2013-01-04T17:48:28+00:00","dateModified":"2013-01-13T12:39:28+00:00","mainEntityOfPage":{"@id":"https:\/\/www.oarcanjo.net\/site\/epifania-do-senhor-deus-ama-a-todos\/"},"wordCount":477,"commentCount":0,"publisher":{"@id":"https:\/\/www.oarcanjo.net\/site\/#organization"},"image":{"@id":"https:\/\/www.oarcanjo.net\/site\/epifania-do-senhor-deus-ama-a-todos\/#primaryimage"},"thumbnailUrl":"http:\/\/www.oarcanjo.net\/site\/wp-content\/uploads\/300502_159988240759727_100002456578485_296584_1555955916_a1-150x150.jpg","articleSection":["Reflex\u00f5es"],"inLanguage":"pt-BR","potentialAction":[{"@type":"CommentAction","name":"Comment","target":["https:\/\/www.oarcanjo.net\/site\/epifania-do-senhor-deus-ama-a-todos\/#respond"]}]},{"@type":"WebPage","@id":"https:\/\/www.oarcanjo.net\/site\/epifania-do-senhor-deus-ama-a-todos\/","url":"https:\/\/www.oarcanjo.net\/site\/epifania-do-senhor-deus-ama-a-todos\/","name":"Epifania do Senhor: Deus Ama a Todos - O Arcanjo no ar","isPartOf":{"@id":"https:\/\/www.oarcanjo.net\/site\/#website"},"primaryImageOfPage":{"@id":"https:\/\/www.oarcanjo.net\/site\/epifania-do-senhor-deus-ama-a-todos\/#primaryimage"},"image":{"@id":"https:\/\/www.oarcanjo.net\/site\/epifania-do-senhor-deus-ama-a-todos\/#primaryimage"},"thumbnailUrl":"http:\/\/www.oarcanjo.net\/site\/wp-content\/uploads\/300502_159988240759727_100002456578485_296584_1555955916_a1-150x150.jpg","datePublished":"2013-01-04T17:48:28+00:00","dateModified":"2013-01-13T12:39:28+00:00","breadcrumb":{"@id":"https:\/\/www.oarcanjo.net\/site\/epifania-do-senhor-deus-ama-a-todos\/#breadcrumb"},"inLanguage":"pt-BR","potentialAction":[{"@type":"ReadAction","target":["https:\/\/www.oarcanjo.net\/site\/epifania-do-senhor-deus-ama-a-todos\/"]}]},{"@type":"ImageObject","inLanguage":"pt-BR","@id":"https:\/\/www.oarcanjo.net\/site\/epifania-do-senhor-deus-ama-a-todos\/#primaryimage","url":"https:\/\/www.oarcanjo.net\/site\/wp-content\/uploads\/300502_159988240759727_100002456578485_296584_1555955916_a1.jpg","contentUrl":"https:\/\/www.oarcanjo.net\/site\/wp-content\/uploads\/300502_159988240759727_100002456578485_296584_1555955916_a1.jpg","width":"180","height":"201"},{"@type":"BreadcrumbList","@id":"https:\/\/www.oarcanjo.net\/site\/epifania-do-senhor-deus-ama-a-todos\/#breadcrumb","itemListElement":[{"@type":"ListItem","position":1,"name":"In\u00edcio","item":"https:\/\/www.oarcanjo.net\/site\/"},{"@type":"ListItem","position":2,"name":"Epifania do Senhor: Deus Ama a Todos"}]},{"@type":"WebSite","@id":"https:\/\/www.oarcanjo.net\/site\/#website","url":"https:\/\/www.oarcanjo.net\/site\/","name":"O Arcanjo no ar","description":"Site da Par\u00f3quia S\u00e3o Miguel Arcanjo (Arquidiocese de SP)","publisher":{"@id":"https:\/\/www.oarcanjo.net\/site\/#organization"},"potentialAction":[{"@type":"SearchAction","target":{"@type":"EntryPoint","urlTemplate":"https:\/\/www.oarcanjo.net\/site\/?s={search_term_string}"},"query-input":{"@type":"PropertyValueSpecification","valueRequired":true,"valueName":"search_term_string"}}],"inLanguage":"pt-BR"},{"@type":"Organization","@id":"https:\/\/www.oarcanjo.net\/site\/#organization","name":"Par\u00f3quia S\u00e3o Miguel Arcanjo","url":"https:\/\/www.oarcanjo.net\/site\/","logo":{"@type":"ImageObject","inLanguage":"pt-BR","@id":"https:\/\/www.oarcanjo.net\/site\/#\/schema\/logo\/image\/","url":"https:\/\/www.oarcanjo.net\/site\/wp-content\/uploads\/LogoOArcanjo.png","contentUrl":"https:\/\/www.oarcanjo.net\/site\/wp-content\/uploads\/LogoOArcanjo.png","width":319,"height":99,"caption":"Par\u00f3quia S\u00e3o Miguel Arcanjo"},"image":{"@id":"https:\/\/www.oarcanjo.net\/site\/#\/schema\/logo\/image\/"},"sameAs":["https:\/\/www.facebook.com\/OArcanjoNoAr\/"]},{"@type":"Person","@id":"https:\/\/www.oarcanjo.net\/site\/#\/schema\/person\/58d7f78850a973b8e467c7ae4a7eb4ad","name":"pe.geovane"}]}},"publishpress_future_action":{"enabled":false,"date":"2026-05-09 07:24:58","action":"category","newStatus":"draft","terms":[],"taxonomy":"category"},"publishpress_future_workflow_manual_trigger":{"enabledWorkflows":[]},"_links":{"self":[{"href":"https:\/\/www.oarcanjo.net\/site\/wp-json\/wp\/v2\/posts\/20478"}],"collection":[{"href":"https:\/\/www.oarcanjo.net\/site\/wp-json\/wp\/v2\/posts"}],"about":[{"href":"https:\/\/www.oarcanjo.net\/site\/wp-json\/wp\/v2\/types\/post"}],"author":[{"embeddable":true,"href":"https:\/\/www.oarcanjo.net\/site\/wp-json\/wp\/v2\/users\/17"}],"replies":[{"embeddable":true,"href":"https:\/\/www.oarcanjo.net\/site\/wp-json\/wp\/v2\/comments?post=20478"}],"version-history":[{"count":0,"href":"https:\/\/www.oarcanjo.net\/site\/wp-json\/wp\/v2\/posts\/20478\/revisions"}],"wp:attachment":[{"href":"https:\/\/www.oarcanjo.net\/site\/wp-json\/wp\/v2\/media?parent=20478"}],"wp:term":[{"taxonomy":"category","embeddable":true,"href":"https:\/\/www.oarcanjo.net\/site\/wp-json\/wp\/v2\/categories?post=20478"},{"taxonomy":"post_tag","embeddable":true,"href":"https:\/\/www.oarcanjo.net\/site\/wp-json\/wp\/v2\/tags?post=20478"}],"curies":[{"name":"wp","href":"https:\/\/api.w.org\/{rel}","templated":true}]}}