
{"id":20482,"date":"2019-04-24T00:03:51","date_gmt":"2019-04-24T03:03:51","guid":{"rendered":"http:\/\/www.oarcanjo.net\/site\/?p=20482"},"modified":"2019-02-20T07:55:09","modified_gmt":"2019-02-20T10:55:09","slug":"santo-irmao-pedro-de-san-jose-de-betancurt","status":"publish","type":"post","link":"https:\/\/www.oarcanjo.net\/site\/santo-irmao-pedro-de-san-jose-de-betancurt\/","title":{"rendered":"Santo Irm\u00e3o Pedro de San Jos\u00e9 de Betancurt"},"content":{"rendered":"<p><img loading=\"lazy\" decoding=\"async\" src=\"http:\/\/www.vilaflordechasna.es\/pub\/imagenes\/ficha\/imagenes_XMB_VILAFLOR_PARROQuIA_HERM_PEDRO_10-WEB_98547dd5.jpg\" alt=\"\" width=\"150\" height=\"225\" \/><\/p>\n<p>24 de Abril &#8211; Comemora-se nesta data por conta da comemora\u00e7\u00e3o do dia de S\u00e3o Marcos &#8211; 25 de abril<\/p>\n<p>Religioso da Terceira Ordem Regular (1626-1667). Fundador dos Irm\u00e3os e das Irm\u00e3s Bete<\/p>\n<p>Pedro de S\u00e3o Jos\u00e9 Betancur nasceu em Villaflor de Tenerife, nas Ilhas Can\u00e1rias, Espanha, no dia 19 de Mar\u00e7o de 1626, tendo sido batizado logo no dia 21. Seus pais, Amador Gonz\u00e1lez Betancur de la Rosa e Ana Garcia educaram-no crist\u00e3mente e Pedro descobriu os valores da f\u00e9 e da caridade, de modo especial. E ele nunca esqueceu os ensinamentos recebidos; ouvindo falar dos trabalhos mission\u00e1rios que muitos homens e mulheres estavam a empreender nas terras da Am\u00e9rica, deixou-se entusiasmar pela ideia de ir anunciar o Evangelho, emigrando para a Guatemala em 1651 com esse prop\u00f3sito.<\/p>\n<p>Ali come\u00e7ou a viver como se fosse essa a sua p\u00e1tria, depressa captou a simpatia das fam\u00edlias do lugar, que desejavam a presen\u00e7a de Pedro em suas casas, pela sua afabilidade e interesse pela situa\u00e7\u00e3o de cada um; pagava a hospedagem com os trabalhos humildes que podia fazer.<\/p>\n<p>Dele disse o seu bi\u00f3grafo:\u00a0 \u201cTodo o tempo em que conhecemos Pedro de Betancur, conhecemo-lo como um homem virtuoso. Nele, a virtude parecia natural. Era t\u00e3o am\u00e1vel como virtuoso e todos os que o conheciam, o estimavam e quem o estimava, gostava de comunicar com ele. Todos desejavam t\u00ea-lo em sua casa e muitos o procuravam\u201d. Fez da pobreza sua companheira de vida, para n\u00e3o ter outro tesouro a n\u00e3o ser Jesus Cristo e n\u00e3o ter outra preocupa\u00e7\u00e3o sen\u00e3o o amor dos pobres. Viveu em Santiago de los Caballeros, entrava livremente na casa de todos os que ali habitavam, saindo como tinha entrado:\u00a0 livre de apegos materiais, alma limpa e cora\u00e7\u00e3o desprendido, mas com a convic\u00e7\u00e3o firme de que tinha deixado a semente do Evangelho no seio daquelas fam\u00edlias. O seu bi\u00f3grafo diz, mesmo, estas palavras bem elucidativas da sua presen\u00e7a:\u00a0 \u201co Irm\u00e3o Pedro deixava as casas onde entrava banhadas de luz e sa\u00eda delas sem detrimento da sua pureza\u201d. Por isso, ele pode ser chamado um \u201cmensageiro do amor de Deus na Am\u00e9rica\u201d.<\/p>\n<p>Possu\u00eda a sabedoria pr\u00f3pria de um homem simples. Por esta raz\u00e3o, a sua vida se l\u00ea melhor nas suas a\u00e7\u00f5es do que nos seus discursos. Por dificuldades nos estudos, n\u00e3o conseguiu ser sacerdote, n\u00e3o foi membro de uma Ordem religiosa, o que o convenceu de que Deus o chamava \u00e0 santidade por outro caminho; seguiu o da caridade, tornando-se um verdadeiro apaixonado pelo pobres por amor a Cristo. Sincero e humilde, mas de um singular intui\u00e7\u00e3o e pr\u00e1tica na vida, soube reconhecer Deus e encontrar Cristo nas ruas da cidade. Os seus compatriotas chegavam em busca de poder e de riquezas; ele procurou as suas honras na catequese, na ora\u00e7\u00e3o e no al\u00edvio dos sofrimentos humanos dos pobres. Essa era a sua ambi\u00e7\u00e3o, que realizava \u201csempre ocupado em obras de miseric\u00f3rdia\u201d, aliviando o sofrimento do seu Salvador nas cruzes dos mais pobres.<\/p>\n<p>Era homem de ora\u00e7\u00e3o; reconhecendo-se como humilde servo da Sant\u00edssima Trindade, distinguiu-se por uma vida de comunh\u00e3o cont\u00ednua com Deus Pai atrav\u00e9s da ora\u00e7\u00e3o e da perseveran\u00e7a em fazer o bem, \u00e0s vezes \u00e0 custa das maiores dificuldades, incompreens\u00f5es e contrariedades, mas espalhando sempre a caridade a m\u00e3os cheias, dele se podendo dizer como de Cristo:\u00a0 \u201cpassou pela terra fazendo o bem\u201d (cf. Act 10, 38). Deixando-se guiar pelo Esp\u00edrito Santo, permaneceu sempre aberto \u00e0 sua inspira\u00e7\u00e3o, para orientar os seus passos, palavras e a\u00e7\u00f5es.<\/p>\n<p>Peregrino e contemplativo, tra\u00e7ou um itiner\u00e1rio de lugares de ora\u00e7\u00e3o, de recolhimento e de contempla\u00e7\u00e3o, para que aqueles povos pudessem gozar de momentos de contato com o Senhor.<\/p>\n<p>Ainda hoje, a tradi\u00e7\u00e3o fala desses lugares:\u00a0 o Calv\u00e1rio, o Outeiro da Cruz, os p\u00e1tios da Pousada de Bel\u00e9m, o Templo de S. Francisco, bem como as ruas de pedra aben\u00e7oadas pela sua passagem continuam a ser sinais da sua presen\u00e7a permanente naqueles lugares. Soube cimentar a piedade popular na devo\u00e7\u00e3o aos mist\u00e9rios de Cristo e da Virgem Maria, na frequ\u00eancia dos sacramentos e na medita\u00e7\u00e3o, acompanhadas pela preocupa\u00e7\u00e3o constante da salva\u00e7\u00e3o da alma.<\/p>\n<p>Por isso, n\u00e3o nos admiremos de que ele fosse um \u201cleigo fundador de uma Ordem religiosa\u201d. Assim se expressam os Bispos da Guatemala em Carta Pastoral, escrita a prop\u00f3sito da sua canoniza\u00e7\u00e3o.<\/p>\n<p>Tendo vestido o h\u00e1bito da Terceira Ordem da Penit\u00eancia franciscana, continuou a sua vida na pr\u00e1tica das obras de caridade, consolidando a sua devo\u00e7\u00e3o a Maria; rezava o ter\u00e7o na Capela da casa com os escravos, os mais simples, sem deixar de se retirar para o \u201cseu\u201d Calv\u00e1rio (tinha-o constru\u00eddo com as suas pr\u00f3prias m\u00e3os), pelos p\u00e1tios da Pousada de Bel\u00e9m, onde, no dizer do seu bi\u00f3grafo, \u201cos pobres podiam encontrar p\u00e3o material para o sustento do seu corpo e o p\u00e3o da doutrina para alimento da sua alma\u201d. Alguns deixaram-se seduzir pelo seu exemplo e congregou \u00e0 sua volta os que julgou id\u00f4neos para dar cumprimento aos seus desejos. Com eles acerta uma vida regular de ora\u00e7\u00e3o e austeridade que, ao trabalho com os pobres, uniam uma espiritualidade muito rica de fidelidade a Deus e vida comunit\u00e1ria. Assim nasceu a Ordem Betlemita, fundada na Guatemala e ainda hoje viva naqueles meios, ao servi\u00e7o das pessoas mais humildes e sem lar.<\/p>\n<p>Destacam os Bispos da Guatemala tr\u00eas caminhos na heran\u00e7a espiritual legada por Pedro de S\u00e3o Jos\u00e9:<\/p>\n<p>a) Caminho espiritual, baseado na adora\u00e7\u00e3o do Verbo Encarnado, na medita\u00e7\u00e3o constante da paix\u00e3o de Cristo, no amor e adora\u00e7\u00e3o ao Sant\u00edssimo Sacramento da Eucaristia, amor \u00e0 M\u00e3e de Deus e a devo\u00e7\u00e3o do santo Ros\u00e1rio, a que se juntava a pr\u00e1tica da mortifica\u00e7\u00e3o, da penit\u00eancia e do jejum.<\/p>\n<p>b) Caminho misericordioso, caracterizado pelo amor aos pobres e a solidariedade para com todos. Para isto, n\u00e3o hesitou em escrever uma carta ao Rei de Espanha, pedindo autoriza\u00e7\u00e3o para construir um hospital para convalescentes, o primeiro do mundo para este g\u00e9nero de doentes.<\/p>\n<p>c) Um caminho prof\u00e9tico, onde se descobrem os valores perenes de uma aut\u00eantica evangeliza\u00e7\u00e3o. Assim o evangelizador verdadeiro n\u00e3o deve condenar ningu\u00e9m definitivamente, pois o plano de Deus quer a salva\u00e7\u00e3o de todos e que todos cheguem ao conhecimento da verdade (cf. 1 Tim 2, 4), o evangelizador prop\u00f5e o plano de Deus a um mundo dominado pelo af\u00e3 das riquezas, a ambi\u00e7\u00e3o do poder e a indiferen\u00e7a orientada pelo prazer.<\/p>\n<p>Beatificado por Jo\u00e3o Paulo II em Roma, no dia 22 de Junho de 1980, foi canonizado ainda pelo mesmo Sumo Pont\u00edfice, na Guatemala, em 30 de Julho.<\/p>\n<p>&nbsp;<\/p>\n<div id=\"themify_builder_content-20482\" data-postid=\"20482\" class=\"themify_builder_content themify_builder_content-20482 themify_builder themify_builder_front\">\n\t<\/div>\n<!-- \/themify_builder_content -->","protected":false},"excerpt":{"rendered":"<p>24 de Abril &#8211; Comemora-se nesta data por conta da comemora\u00e7\u00e3o do dia de S\u00e3o Marcos &#8211; 25 de abril Religioso da Terceira Ordem Regular (1626-1667). Fundador dos Irm\u00e3os e das Irm\u00e3s Bete Pedro de S\u00e3o Jos\u00e9 Betancur nasceu em Villaflor de Tenerife, nas Ilhas Can\u00e1rias, Espanha, no dia 19 de Mar\u00e7o de 1626, tendo [&hellip;]<\/p>\n","protected":false},"author":14,"featured_media":0,"comment_status":"open","ping_status":"open","sticky":false,"template":"","format":"standard","meta":{"ngg_post_thumbnail":0,"footnotes":""},"categories":[186],"tags":[],"yoast_head":"<!-- This site is optimized with the Yoast SEO plugin v23.5 - https:\/\/yoast.com\/wordpress\/plugins\/seo\/ -->\n<title>Santo Irm\u00e3o Pedro de San Jos\u00e9 de Betancurt - O Arcanjo no ar<\/title>\n<meta name=\"robots\" content=\"index, follow, max-snippet:-1, max-image-preview:large, max-video-preview:-1\" \/>\n<link rel=\"canonical\" href=\"https:\/\/www.oarcanjo.net\/site\/santo-irmao-pedro-de-san-jose-de-betancurt\/\" \/>\n<meta property=\"og:locale\" content=\"pt_BR\" \/>\n<meta property=\"og:type\" content=\"article\" \/>\n<meta property=\"og:title\" content=\"Santo Irm\u00e3o Pedro de San Jos\u00e9 de Betancurt - O Arcanjo no ar\" \/>\n<meta property=\"og:description\" content=\"24 de Abril &#8211; Comemora-se nesta data por conta da comemora\u00e7\u00e3o do dia de S\u00e3o Marcos &#8211; 25 de abril Religioso da Terceira Ordem Regular (1626-1667). Fundador dos Irm\u00e3os e das Irm\u00e3s Bete Pedro de S\u00e3o Jos\u00e9 Betancur nasceu em Villaflor de Tenerife, nas Ilhas Can\u00e1rias, Espanha, no dia 19 de Mar\u00e7o de 1626, tendo [&hellip;]\" \/>\n<meta property=\"og:url\" content=\"https:\/\/www.oarcanjo.net\/site\/santo-irmao-pedro-de-san-jose-de-betancurt\/\" \/>\n<meta property=\"og:site_name\" content=\"O Arcanjo no ar\" \/>\n<meta property=\"article:publisher\" content=\"https:\/\/www.facebook.com\/OArcanjoNoAr\/\" \/>\n<meta property=\"article:published_time\" content=\"2019-04-24T03:03:51+00:00\" \/>\n<meta property=\"article:modified_time\" content=\"2019-02-20T10:55:09+00:00\" \/>\n<meta property=\"og:image\" content=\"http:\/\/www.vilaflordechasna.es\/pub\/imagenes\/ficha\/imagenes_XMB_VILAFLOR_PARROQuIA_HERM_PEDRO_10-WEB_98547dd5.jpg\" \/>\n<meta name=\"author\" content=\"danilo\" \/>\n<meta name=\"twitter:card\" content=\"summary_large_image\" \/>\n<meta name=\"twitter:label1\" content=\"Escrito por\" \/>\n\t<meta name=\"twitter:data1\" content=\"danilo\" \/>\n\t<meta name=\"twitter:label2\" content=\"Est. tempo de leitura\" \/>\n\t<meta name=\"twitter:data2\" content=\"6 minutos\" \/>\n<script type=\"application\/ld+json\" class=\"yoast-schema-graph\">{\"@context\":\"https:\/\/schema.org\",\"@graph\":[{\"@type\":\"Article\",\"@id\":\"https:\/\/www.oarcanjo.net\/site\/santo-irmao-pedro-de-san-jose-de-betancurt\/#article\",\"isPartOf\":{\"@id\":\"https:\/\/www.oarcanjo.net\/site\/santo-irmao-pedro-de-san-jose-de-betancurt\/\"},\"author\":{\"name\":\"danilo\",\"@id\":\"https:\/\/www.oarcanjo.net\/site\/#\/schema\/person\/5eb9480bedd2f3c97e430ce128c29c6c\"},\"headline\":\"Santo Irm\u00e3o Pedro de San Jos\u00e9 de Betancurt\",\"datePublished\":\"2019-04-24T03:03:51+00:00\",\"dateModified\":\"2019-02-20T10:55:09+00:00\",\"mainEntityOfPage\":{\"@id\":\"https:\/\/www.oarcanjo.net\/site\/santo-irmao-pedro-de-san-jose-de-betancurt\/\"},\"wordCount\":1193,\"commentCount\":0,\"publisher\":{\"@id\":\"https:\/\/www.oarcanjo.net\/site\/#organization\"},\"image\":{\"@id\":\"https:\/\/www.oarcanjo.net\/site\/santo-irmao-pedro-de-san-jose-de-betancurt\/#primaryimage\"},\"thumbnailUrl\":\"http:\/\/www.vilaflordechasna.es\/pub\/imagenes\/ficha\/imagenes_XMB_VILAFLOR_PARROQuIA_HERM_PEDRO_10-WEB_98547dd5.jpg\",\"articleSection\":[\"Testemunhos\"],\"inLanguage\":\"pt-BR\",\"potentialAction\":[{\"@type\":\"CommentAction\",\"name\":\"Comment\",\"target\":[\"https:\/\/www.oarcanjo.net\/site\/santo-irmao-pedro-de-san-jose-de-betancurt\/#respond\"]}]},{\"@type\":\"WebPage\",\"@id\":\"https:\/\/www.oarcanjo.net\/site\/santo-irmao-pedro-de-san-jose-de-betancurt\/\",\"url\":\"https:\/\/www.oarcanjo.net\/site\/santo-irmao-pedro-de-san-jose-de-betancurt\/\",\"name\":\"Santo Irm\u00e3o Pedro de San Jos\u00e9 de Betancurt - O Arcanjo no ar\",\"isPartOf\":{\"@id\":\"https:\/\/www.oarcanjo.net\/site\/#website\"},\"primaryImageOfPage\":{\"@id\":\"https:\/\/www.oarcanjo.net\/site\/santo-irmao-pedro-de-san-jose-de-betancurt\/#primaryimage\"},\"image\":{\"@id\":\"https:\/\/www.oarcanjo.net\/site\/santo-irmao-pedro-de-san-jose-de-betancurt\/#primaryimage\"},\"thumbnailUrl\":\"http:\/\/www.vilaflordechasna.es\/pub\/imagenes\/ficha\/imagenes_XMB_VILAFLOR_PARROQuIA_HERM_PEDRO_10-WEB_98547dd5.jpg\",\"datePublished\":\"2019-04-24T03:03:51+00:00\",\"dateModified\":\"2019-02-20T10:55:09+00:00\",\"breadcrumb\":{\"@id\":\"https:\/\/www.oarcanjo.net\/site\/santo-irmao-pedro-de-san-jose-de-betancurt\/#breadcrumb\"},\"inLanguage\":\"pt-BR\",\"potentialAction\":[{\"@type\":\"ReadAction\",\"target\":[\"https:\/\/www.oarcanjo.net\/site\/santo-irmao-pedro-de-san-jose-de-betancurt\/\"]}]},{\"@type\":\"ImageObject\",\"inLanguage\":\"pt-BR\",\"@id\":\"https:\/\/www.oarcanjo.net\/site\/santo-irmao-pedro-de-san-jose-de-betancurt\/#primaryimage\",\"url\":\"http:\/\/www.vilaflordechasna.es\/pub\/imagenes\/ficha\/imagenes_XMB_VILAFLOR_PARROQuIA_HERM_PEDRO_10-WEB_98547dd5.jpg\",\"contentUrl\":\"http:\/\/www.vilaflordechasna.es\/pub\/imagenes\/ficha\/imagenes_XMB_VILAFLOR_PARROQuIA_HERM_PEDRO_10-WEB_98547dd5.jpg\"},{\"@type\":\"BreadcrumbList\",\"@id\":\"https:\/\/www.oarcanjo.net\/site\/santo-irmao-pedro-de-san-jose-de-betancurt\/#breadcrumb\",\"itemListElement\":[{\"@type\":\"ListItem\",\"position\":1,\"name\":\"In\u00edcio\",\"item\":\"https:\/\/www.oarcanjo.net\/site\/\"},{\"@type\":\"ListItem\",\"position\":2,\"name\":\"Santo Irm\u00e3o Pedro de San Jos\u00e9 de Betancurt\"}]},{\"@type\":\"WebSite\",\"@id\":\"https:\/\/www.oarcanjo.net\/site\/#website\",\"url\":\"https:\/\/www.oarcanjo.net\/site\/\",\"name\":\"O Arcanjo no ar\",\"description\":\"Site da Par\u00f3quia S\u00e3o Miguel Arcanjo (Arquidiocese de SP)\",\"publisher\":{\"@id\":\"https:\/\/www.oarcanjo.net\/site\/#organization\"},\"potentialAction\":[{\"@type\":\"SearchAction\",\"target\":{\"@type\":\"EntryPoint\",\"urlTemplate\":\"https:\/\/www.oarcanjo.net\/site\/?s={search_term_string}\"},\"query-input\":{\"@type\":\"PropertyValueSpecification\",\"valueRequired\":true,\"valueName\":\"search_term_string\"}}],\"inLanguage\":\"pt-BR\"},{\"@type\":\"Organization\",\"@id\":\"https:\/\/www.oarcanjo.net\/site\/#organization\",\"name\":\"Par\u00f3quia S\u00e3o Miguel Arcanjo\",\"url\":\"https:\/\/www.oarcanjo.net\/site\/\",\"logo\":{\"@type\":\"ImageObject\",\"inLanguage\":\"pt-BR\",\"@id\":\"https:\/\/www.oarcanjo.net\/site\/#\/schema\/logo\/image\/\",\"url\":\"https:\/\/www.oarcanjo.net\/site\/wp-content\/uploads\/LogoOArcanjo.png\",\"contentUrl\":\"https:\/\/www.oarcanjo.net\/site\/wp-content\/uploads\/LogoOArcanjo.png\",\"width\":319,\"height\":99,\"caption\":\"Par\u00f3quia S\u00e3o Miguel Arcanjo\"},\"image\":{\"@id\":\"https:\/\/www.oarcanjo.net\/site\/#\/schema\/logo\/image\/\"},\"sameAs\":[\"https:\/\/www.facebook.com\/OArcanjoNoAr\/\"]},{\"@type\":\"Person\",\"@id\":\"https:\/\/www.oarcanjo.net\/site\/#\/schema\/person\/5eb9480bedd2f3c97e430ce128c29c6c\",\"name\":\"danilo\"}]}<\/script>\n<!-- \/ Yoast SEO plugin. -->","yoast_head_json":{"title":"Santo Irm\u00e3o Pedro de San Jos\u00e9 de Betancurt - O Arcanjo no ar","robots":{"index":"index","follow":"follow","max-snippet":"max-snippet:-1","max-image-preview":"max-image-preview:large","max-video-preview":"max-video-preview:-1"},"canonical":"https:\/\/www.oarcanjo.net\/site\/santo-irmao-pedro-de-san-jose-de-betancurt\/","og_locale":"pt_BR","og_type":"article","og_title":"Santo Irm\u00e3o Pedro de San Jos\u00e9 de Betancurt - O Arcanjo no ar","og_description":"24 de Abril &#8211; Comemora-se nesta data por conta da comemora\u00e7\u00e3o do dia de S\u00e3o Marcos &#8211; 25 de abril Religioso da Terceira Ordem Regular (1626-1667). Fundador dos Irm\u00e3os e das Irm\u00e3s Bete Pedro de S\u00e3o Jos\u00e9 Betancur nasceu em Villaflor de Tenerife, nas Ilhas Can\u00e1rias, Espanha, no dia 19 de Mar\u00e7o de 1626, tendo [&hellip;]","og_url":"https:\/\/www.oarcanjo.net\/site\/santo-irmao-pedro-de-san-jose-de-betancurt\/","og_site_name":"O Arcanjo no ar","article_publisher":"https:\/\/www.facebook.com\/OArcanjoNoAr\/","article_published_time":"2019-04-24T03:03:51+00:00","article_modified_time":"2019-02-20T10:55:09+00:00","og_image":[{"url":"http:\/\/www.vilaflordechasna.es\/pub\/imagenes\/ficha\/imagenes_XMB_VILAFLOR_PARROQuIA_HERM_PEDRO_10-WEB_98547dd5.jpg"}],"author":"danilo","twitter_card":"summary_large_image","twitter_misc":{"Escrito por":"danilo","Est. tempo de leitura":"6 minutos"},"schema":{"@context":"https:\/\/schema.org","@graph":[{"@type":"Article","@id":"https:\/\/www.oarcanjo.net\/site\/santo-irmao-pedro-de-san-jose-de-betancurt\/#article","isPartOf":{"@id":"https:\/\/www.oarcanjo.net\/site\/santo-irmao-pedro-de-san-jose-de-betancurt\/"},"author":{"name":"danilo","@id":"https:\/\/www.oarcanjo.net\/site\/#\/schema\/person\/5eb9480bedd2f3c97e430ce128c29c6c"},"headline":"Santo Irm\u00e3o Pedro de San Jos\u00e9 de Betancurt","datePublished":"2019-04-24T03:03:51+00:00","dateModified":"2019-02-20T10:55:09+00:00","mainEntityOfPage":{"@id":"https:\/\/www.oarcanjo.net\/site\/santo-irmao-pedro-de-san-jose-de-betancurt\/"},"wordCount":1193,"commentCount":0,"publisher":{"@id":"https:\/\/www.oarcanjo.net\/site\/#organization"},"image":{"@id":"https:\/\/www.oarcanjo.net\/site\/santo-irmao-pedro-de-san-jose-de-betancurt\/#primaryimage"},"thumbnailUrl":"http:\/\/www.vilaflordechasna.es\/pub\/imagenes\/ficha\/imagenes_XMB_VILAFLOR_PARROQuIA_HERM_PEDRO_10-WEB_98547dd5.jpg","articleSection":["Testemunhos"],"inLanguage":"pt-BR","potentialAction":[{"@type":"CommentAction","name":"Comment","target":["https:\/\/www.oarcanjo.net\/site\/santo-irmao-pedro-de-san-jose-de-betancurt\/#respond"]}]},{"@type":"WebPage","@id":"https:\/\/www.oarcanjo.net\/site\/santo-irmao-pedro-de-san-jose-de-betancurt\/","url":"https:\/\/www.oarcanjo.net\/site\/santo-irmao-pedro-de-san-jose-de-betancurt\/","name":"Santo Irm\u00e3o Pedro de San Jos\u00e9 de Betancurt - O Arcanjo no ar","isPartOf":{"@id":"https:\/\/www.oarcanjo.net\/site\/#website"},"primaryImageOfPage":{"@id":"https:\/\/www.oarcanjo.net\/site\/santo-irmao-pedro-de-san-jose-de-betancurt\/#primaryimage"},"image":{"@id":"https:\/\/www.oarcanjo.net\/site\/santo-irmao-pedro-de-san-jose-de-betancurt\/#primaryimage"},"thumbnailUrl":"http:\/\/www.vilaflordechasna.es\/pub\/imagenes\/ficha\/imagenes_XMB_VILAFLOR_PARROQuIA_HERM_PEDRO_10-WEB_98547dd5.jpg","datePublished":"2019-04-24T03:03:51+00:00","dateModified":"2019-02-20T10:55:09+00:00","breadcrumb":{"@id":"https:\/\/www.oarcanjo.net\/site\/santo-irmao-pedro-de-san-jose-de-betancurt\/#breadcrumb"},"inLanguage":"pt-BR","potentialAction":[{"@type":"ReadAction","target":["https:\/\/www.oarcanjo.net\/site\/santo-irmao-pedro-de-san-jose-de-betancurt\/"]}]},{"@type":"ImageObject","inLanguage":"pt-BR","@id":"https:\/\/www.oarcanjo.net\/site\/santo-irmao-pedro-de-san-jose-de-betancurt\/#primaryimage","url":"http:\/\/www.vilaflordechasna.es\/pub\/imagenes\/ficha\/imagenes_XMB_VILAFLOR_PARROQuIA_HERM_PEDRO_10-WEB_98547dd5.jpg","contentUrl":"http:\/\/www.vilaflordechasna.es\/pub\/imagenes\/ficha\/imagenes_XMB_VILAFLOR_PARROQuIA_HERM_PEDRO_10-WEB_98547dd5.jpg"},{"@type":"BreadcrumbList","@id":"https:\/\/www.oarcanjo.net\/site\/santo-irmao-pedro-de-san-jose-de-betancurt\/#breadcrumb","itemListElement":[{"@type":"ListItem","position":1,"name":"In\u00edcio","item":"https:\/\/www.oarcanjo.net\/site\/"},{"@type":"ListItem","position":2,"name":"Santo Irm\u00e3o Pedro de San Jos\u00e9 de Betancurt"}]},{"@type":"WebSite","@id":"https:\/\/www.oarcanjo.net\/site\/#website","url":"https:\/\/www.oarcanjo.net\/site\/","name":"O Arcanjo no ar","description":"Site da Par\u00f3quia S\u00e3o Miguel Arcanjo (Arquidiocese de SP)","publisher":{"@id":"https:\/\/www.oarcanjo.net\/site\/#organization"},"potentialAction":[{"@type":"SearchAction","target":{"@type":"EntryPoint","urlTemplate":"https:\/\/www.oarcanjo.net\/site\/?s={search_term_string}"},"query-input":{"@type":"PropertyValueSpecification","valueRequired":true,"valueName":"search_term_string"}}],"inLanguage":"pt-BR"},{"@type":"Organization","@id":"https:\/\/www.oarcanjo.net\/site\/#organization","name":"Par\u00f3quia S\u00e3o Miguel Arcanjo","url":"https:\/\/www.oarcanjo.net\/site\/","logo":{"@type":"ImageObject","inLanguage":"pt-BR","@id":"https:\/\/www.oarcanjo.net\/site\/#\/schema\/logo\/image\/","url":"https:\/\/www.oarcanjo.net\/site\/wp-content\/uploads\/LogoOArcanjo.png","contentUrl":"https:\/\/www.oarcanjo.net\/site\/wp-content\/uploads\/LogoOArcanjo.png","width":319,"height":99,"caption":"Par\u00f3quia S\u00e3o Miguel Arcanjo"},"image":{"@id":"https:\/\/www.oarcanjo.net\/site\/#\/schema\/logo\/image\/"},"sameAs":["https:\/\/www.facebook.com\/OArcanjoNoAr\/"]},{"@type":"Person","@id":"https:\/\/www.oarcanjo.net\/site\/#\/schema\/person\/5eb9480bedd2f3c97e430ce128c29c6c","name":"danilo"}]}},"publishpress_future_action":{"enabled":false,"date":"2026-05-07 16:57:55","action":"category","newStatus":"draft","terms":[],"taxonomy":"category"},"publishpress_future_workflow_manual_trigger":{"enabledWorkflows":[]},"_links":{"self":[{"href":"https:\/\/www.oarcanjo.net\/site\/wp-json\/wp\/v2\/posts\/20482"}],"collection":[{"href":"https:\/\/www.oarcanjo.net\/site\/wp-json\/wp\/v2\/posts"}],"about":[{"href":"https:\/\/www.oarcanjo.net\/site\/wp-json\/wp\/v2\/types\/post"}],"author":[{"embeddable":true,"href":"https:\/\/www.oarcanjo.net\/site\/wp-json\/wp\/v2\/users\/14"}],"replies":[{"embeddable":true,"href":"https:\/\/www.oarcanjo.net\/site\/wp-json\/wp\/v2\/comments?post=20482"}],"version-history":[{"count":1,"href":"https:\/\/www.oarcanjo.net\/site\/wp-json\/wp\/v2\/posts\/20482\/revisions"}],"predecessor-version":[{"id":92882,"href":"https:\/\/www.oarcanjo.net\/site\/wp-json\/wp\/v2\/posts\/20482\/revisions\/92882"}],"wp:attachment":[{"href":"https:\/\/www.oarcanjo.net\/site\/wp-json\/wp\/v2\/media?parent=20482"}],"wp:term":[{"taxonomy":"category","embeddable":true,"href":"https:\/\/www.oarcanjo.net\/site\/wp-json\/wp\/v2\/categories?post=20482"},{"taxonomy":"post_tag","embeddable":true,"href":"https:\/\/www.oarcanjo.net\/site\/wp-json\/wp\/v2\/tags?post=20482"}],"curies":[{"name":"wp","href":"https:\/\/api.w.org\/{rel}","templated":true}]}}