
{"id":20485,"date":"2017-09-28T00:19:19","date_gmt":"2017-09-28T03:19:19","guid":{"rendered":"http:\/\/www.oarcanjo.net\/site\/?p=20485"},"modified":"2017-07-31T08:01:28","modified_gmt":"2017-07-31T11:01:28","slug":"beato-francisco-castello","status":"publish","type":"post","link":"https:\/\/www.oarcanjo.net\/site\/beato-francisco-castello\/","title":{"rendered":"Beato Francisco Castell\u00f3"},"content":{"rendered":"<p><img loading=\"lazy\" decoding=\"async\" src=\"http:\/\/www.preguntasantoral.es\/wp-content\/uploads\/2011\/08\/francisco-castello-1-300x355.jpg\" alt=\"\" width=\"300\" height=\"355\" \/><\/p>\n<p>28 de Setembro<\/p>\n<p>\u201cN\u00e3o menos edificante foi o testemunho\u00a0 dos demais m\u00e1rtires, como o jovem Francisco Castell\u00f3 I Aleu, de vinte e dois\u00a0 anos, <span style=\"text-decoration: underline\">qu\u00edmico de profiss\u00e3o<\/span> e membro da A\u00e7\u00e3o Cat\u00f3lica que, consciente da\u00a0 gravidade do momento n\u00e3o se escondeu, mas ofereceu a sua juventude em\u00a0 sacrif\u00edcio de amor a Deus e aos irm\u00e3os\u201d<\/p>\n<p><strong>(Jo\u00e3o\u00a0 Paulo II, na Homilia de sua Beatifica\u00e7\u00e3o)<\/strong><\/p>\n<p><strong>Francisco\u00a0 Castell\u00f3 Aleu nasceu em Alicante, em 19 de abril de 1914. Aos\u00a0\u00a0 Tr\u00eas meses\u00a0 morreu-lhe o pai. Sua m\u00e3e com os tr\u00eas filhos, Teresa, Maria\u00a0\u00a0 e Francisco,\u00a0 retornou a Lleida, onde tinha fam\u00edlia e casa. Recebeu as\u00a0\u00a0 primeiras instru\u00e7\u00f5es\u00a0 de sua m\u00e3e, que era professora em Juneda, onde\u00a0\u00a0 recebeu a Primeira Comunh\u00e3o\u00a0 (1924) e morreu sua m\u00e3e (1929).\u00a0\u00a0\u00a0\u00a0 Fez o\u00a0\u00a0 bacharelado no Col\u00e9gio dos Irm\u00e3os\u00a0 Maristas de Lleida (1924-30). <strong>Mais\u00a0\u00a0 tarde\u00a0 foi estudar em Barcelona, no Instituto Qu\u00edmico de Sarri\u00e1\u00a0\u00a0 (1930-33) e formou-se\u00a0 em Qu\u00edmica pela Universidade de Oviedo.<\/strong><\/p>\n<p>Francisco, inteligente e\u00a0 profundamente religioso, foi um ap\u00f3stolo\u00a0\u00a0 precoce. Primeiramente em Barcelona, e\u00a0 mais tarde em Lleida, com os\u00a0\u00a0 pobres de Canyeret, assim como com os\u00a0 trabalhadores da Casa Cros, onde\u00a0\u00a0 trabalhava na \u00e1rea qu\u00edmica. Esteve noivo de\u00a0 Maria Pelegr\u00ed, a quem\u00a0\u00a0 dedica uma comovente carta.<\/p>\n<p>Foi membro da Congrega\u00e7\u00e3o\u00a0 Mariana e da A\u00e7\u00e3o Cat\u00f3lica e,\u00a0\u00a0 posteriormente, da Federa\u00e7\u00e3o dos Jovens Crist\u00e3os\u00a0 da Catalunha. Em julho\u00a0\u00a0 de 1936 ingressou no ex\u00e9rcito, onde permaneceu por dez\u00a0 semanas. Por\u00a0\u00a0 fim, deu testemunho de sua F\u00e9 diante do Tribunal Popular.<\/p>\n<p>\u00c0s suas\u00a0 perguntas respondia com um forte \u201cSim, sou cat\u00f3lico\u201d, que\u00a0\u00a0 lhe valeu a pena de\u00a0 morte. Morreu m\u00e1rtir no cemit\u00e9rio de Lleida, \u00e0s\u00a0\u00a0 23h30 do dia 29 de setembro de\u00a0 1936. Anos depois, (1958), iniciou-se\u00a0\u00a0 sua Causa de Beatifica\u00e7\u00e3o, que culminou,\u00a0 felizmente, em 11 de mar\u00e7o de\u00a0\u00a0 2001, em Roma, com sua declara\u00e7\u00e3o de Beato pelo\u00a0 Papa Jo\u00e3o Paulo II. Sua\u00a0\u00a0 festa se celebra em 28 de setembro.<\/strong><\/p>\n<p>\u00daltima carta de\u00a0 Francisco:<\/p>\n<table border=\"0\" cellspacing=\"0\" cellpadding=\"5\" width=\"409\" align=\"center\">\n<tbody>\n<tr>\n<td width=\"399\"><em>Querido\u00a0 Padre Gal\u00e1n:<\/em><\/p>\n<p><em>Escrevo estas letras estando condenado \u00e0 morte e\u00a0 faltando umas horas para ser fuzilado.<\/em><br \/>\n<em>Estou tranq\u00fcilo e contente, muito contente. Espero\u00a0 estar na gl\u00f3ria dentro de pouco tempo. Renuncio aos la\u00e7os e prazeres que me\u00a0 pode dar o mundo e ao carinho dos meus.<\/em><br \/>\n<em>Dou gra\u00e7as a Deus porque me d\u00e1 uma morte com muitas\u00a0 possibilidades de salvar-me.<\/em><br \/>\n<em>Tenho um livreto, no qual apontava as id\u00e9ias que me\u00a0 ocorriam (meus inventos). Farei que o mandem a voc\u00ea. \u00c9 o meu pobre testamento\u00a0 intelectual. Trata-se de um compressor de amon\u00edaco. O Hg pode ser substitu\u00eddo\u00a0 por um l\u00edquido qualquer, em circuito fechado, as v\u00e1lvulas por v\u00e1lvulas\u00a0 met\u00e1licas e a press\u00e3o por uma simples bomba centr\u00edfuga com press\u00e3o.<\/em><\/p>\n<p><em><\/em><br \/>\n<em>Lhe sou muito grato. Rogarei por voc\u00ea. Lembran\u00e7as aos\u00a0 de Pravia.<\/em><\/p>\n<p><em>Francisco Castell\u00f3.<\/em><\/p>\n<p><strong><em>Carta a sua noiva Maria Pelegr\u00ed: <\/em><\/strong><\/p>\n<p><strong><em>Querida Mariona: Nossa vidas se uniram e Deus quis separ\u00e1-las.A Ele ofere\u00e7o,com toda a intensidade poss\u00edvel,o amor que te professo,meu amor intenso,puro e sincero.<\/em><\/strong><\/p>\n<p><strong><em>Sinto tua desgra\u00e7a,n\u00e3o a minha.Podes estar orgulhosa:dois irm\u00e3os e teu noivo.Pobre Mariona! <\/em><\/strong><\/p>\n<p><strong><em> Ocorre-me uma coisa estranha.N\u00e3o posso sentir pena alguma por minha sorte.Uma alegria interna,intensa,forte,me invade por completo.Queria fazer-te uma carta triste de despedida,mas n\u00e3o posso.Todo eu estou envolto de id\u00e9ias alegres como um pressentimento de gl\u00f3ria.<\/em><\/strong><\/p>\n<p><strong><em> Queria falar-te do muito que amei,das ternuras que tinha reservado para ti,de qu\u00e3o felizes ter\u00edamos sido.Por\u00e9m,para mim tudo isto \u00e9 secundario.Tenho que dar um grande passo. <\/em><\/strong><\/p>\n<p><strong><em>Uma coisa quero dizer-te: casa-te,se podes.Do c\u00e9u aben\u00e7oarei tua uni\u00e3o e teus filhos.N\u00e3o quero que chores,n\u00e3o quero. <\/em><\/strong><\/p>\n<p><strong><em>Espero que estejas orgulhosa de mim.Teamo.<\/em><\/strong><\/p>\n<p><strong><em>N\u00e3o tenho tempo para mais nada.<\/em><\/strong><\/p>\n<p style=\"text-align: right\"><strong><em>Francisco.<\/em><\/strong><\/p>\n<\/td>\n<\/tr>\n<\/tbody>\n<\/table>\n<div id=\"themify_builder_content-20485\" data-postid=\"20485\" class=\"themify_builder_content themify_builder_content-20485 themify_builder themify_builder_front\">\n\t<\/div>\n<!-- \/themify_builder_content -->","protected":false},"excerpt":{"rendered":"<p>28 de Setembro \u201cN\u00e3o menos edificante foi o testemunho\u00a0 dos demais m\u00e1rtires, como o jovem Francisco Castell\u00f3 I Aleu, de vinte e dois\u00a0 anos, qu\u00edmico de profiss\u00e3o e membro da A\u00e7\u00e3o Cat\u00f3lica que, consciente da\u00a0 gravidade do momento n\u00e3o se escondeu, mas ofereceu a sua juventude em\u00a0 sacrif\u00edcio de amor a Deus e aos irm\u00e3os\u201d [&hellip;]<\/p>\n","protected":false},"author":14,"featured_media":0,"comment_status":"open","ping_status":"open","sticky":false,"template":"","format":"standard","meta":{"ngg_post_thumbnail":0,"footnotes":""},"categories":[186],"tags":[],"yoast_head":"<!-- This site is optimized with the Yoast SEO plugin v23.5 - https:\/\/yoast.com\/wordpress\/plugins\/seo\/ -->\n<title>Beato Francisco Castell\u00f3 - O Arcanjo no ar<\/title>\n<meta name=\"robots\" content=\"index, follow, max-snippet:-1, max-image-preview:large, max-video-preview:-1\" \/>\n<link rel=\"canonical\" href=\"https:\/\/www.oarcanjo.net\/site\/beato-francisco-castello\/\" \/>\n<meta property=\"og:locale\" content=\"pt_BR\" \/>\n<meta property=\"og:type\" content=\"article\" \/>\n<meta property=\"og:title\" content=\"Beato Francisco Castell\u00f3 - O Arcanjo no ar\" \/>\n<meta property=\"og:description\" content=\"28 de Setembro \u201cN\u00e3o menos edificante foi o testemunho\u00a0 dos demais m\u00e1rtires, como o jovem Francisco Castell\u00f3 I Aleu, de vinte e dois\u00a0 anos, qu\u00edmico de profiss\u00e3o e membro da A\u00e7\u00e3o Cat\u00f3lica que, consciente da\u00a0 gravidade do momento n\u00e3o se escondeu, mas ofereceu a sua juventude em\u00a0 sacrif\u00edcio de amor a Deus e aos irm\u00e3os\u201d [&hellip;]\" \/>\n<meta property=\"og:url\" content=\"https:\/\/www.oarcanjo.net\/site\/beato-francisco-castello\/\" \/>\n<meta property=\"og:site_name\" content=\"O Arcanjo no ar\" \/>\n<meta property=\"article:publisher\" content=\"https:\/\/www.facebook.com\/OArcanjoNoAr\/\" \/>\n<meta property=\"article:published_time\" content=\"2017-09-28T03:19:19+00:00\" \/>\n<meta property=\"article:modified_time\" content=\"2017-07-31T11:01:28+00:00\" \/>\n<meta property=\"og:image\" content=\"http:\/\/www.preguntasantoral.es\/wp-content\/uploads\/2011\/08\/francisco-castello-1-300x355.jpg\" \/>\n<meta name=\"author\" content=\"danilo\" \/>\n<meta name=\"twitter:card\" content=\"summary_large_image\" \/>\n<meta name=\"twitter:label1\" content=\"Escrito por\" \/>\n\t<meta name=\"twitter:data1\" content=\"danilo\" \/>\n\t<meta name=\"twitter:label2\" content=\"Est. tempo de leitura\" \/>\n\t<meta name=\"twitter:data2\" content=\"3 minutos\" \/>\n<script type=\"application\/ld+json\" class=\"yoast-schema-graph\">{\"@context\":\"https:\/\/schema.org\",\"@graph\":[{\"@type\":\"Article\",\"@id\":\"https:\/\/www.oarcanjo.net\/site\/beato-francisco-castello\/#article\",\"isPartOf\":{\"@id\":\"https:\/\/www.oarcanjo.net\/site\/beato-francisco-castello\/\"},\"author\":{\"name\":\"danilo\",\"@id\":\"https:\/\/www.oarcanjo.net\/site\/#\/schema\/person\/5eb9480bedd2f3c97e430ce128c29c6c\"},\"headline\":\"Beato Francisco Castell\u00f3\",\"datePublished\":\"2017-09-28T03:19:19+00:00\",\"dateModified\":\"2017-07-31T11:01:28+00:00\",\"mainEntityOfPage\":{\"@id\":\"https:\/\/www.oarcanjo.net\/site\/beato-francisco-castello\/\"},\"wordCount\":666,\"commentCount\":0,\"publisher\":{\"@id\":\"https:\/\/www.oarcanjo.net\/site\/#organization\"},\"image\":{\"@id\":\"https:\/\/www.oarcanjo.net\/site\/beato-francisco-castello\/#primaryimage\"},\"thumbnailUrl\":\"http:\/\/www.preguntasantoral.es\/wp-content\/uploads\/2011\/08\/francisco-castello-1-300x355.jpg\",\"articleSection\":[\"Testemunhos\"],\"inLanguage\":\"pt-BR\",\"potentialAction\":[{\"@type\":\"CommentAction\",\"name\":\"Comment\",\"target\":[\"https:\/\/www.oarcanjo.net\/site\/beato-francisco-castello\/#respond\"]}]},{\"@type\":\"WebPage\",\"@id\":\"https:\/\/www.oarcanjo.net\/site\/beato-francisco-castello\/\",\"url\":\"https:\/\/www.oarcanjo.net\/site\/beato-francisco-castello\/\",\"name\":\"Beato Francisco Castell\u00f3 - O Arcanjo no ar\",\"isPartOf\":{\"@id\":\"https:\/\/www.oarcanjo.net\/site\/#website\"},\"primaryImageOfPage\":{\"@id\":\"https:\/\/www.oarcanjo.net\/site\/beato-francisco-castello\/#primaryimage\"},\"image\":{\"@id\":\"https:\/\/www.oarcanjo.net\/site\/beato-francisco-castello\/#primaryimage\"},\"thumbnailUrl\":\"http:\/\/www.preguntasantoral.es\/wp-content\/uploads\/2011\/08\/francisco-castello-1-300x355.jpg\",\"datePublished\":\"2017-09-28T03:19:19+00:00\",\"dateModified\":\"2017-07-31T11:01:28+00:00\",\"breadcrumb\":{\"@id\":\"https:\/\/www.oarcanjo.net\/site\/beato-francisco-castello\/#breadcrumb\"},\"inLanguage\":\"pt-BR\",\"potentialAction\":[{\"@type\":\"ReadAction\",\"target\":[\"https:\/\/www.oarcanjo.net\/site\/beato-francisco-castello\/\"]}]},{\"@type\":\"ImageObject\",\"inLanguage\":\"pt-BR\",\"@id\":\"https:\/\/www.oarcanjo.net\/site\/beato-francisco-castello\/#primaryimage\",\"url\":\"http:\/\/www.preguntasantoral.es\/wp-content\/uploads\/2011\/08\/francisco-castello-1-300x355.jpg\",\"contentUrl\":\"http:\/\/www.preguntasantoral.es\/wp-content\/uploads\/2011\/08\/francisco-castello-1-300x355.jpg\"},{\"@type\":\"BreadcrumbList\",\"@id\":\"https:\/\/www.oarcanjo.net\/site\/beato-francisco-castello\/#breadcrumb\",\"itemListElement\":[{\"@type\":\"ListItem\",\"position\":1,\"name\":\"In\u00edcio\",\"item\":\"https:\/\/www.oarcanjo.net\/site\/\"},{\"@type\":\"ListItem\",\"position\":2,\"name\":\"Beato Francisco Castell\u00f3\"}]},{\"@type\":\"WebSite\",\"@id\":\"https:\/\/www.oarcanjo.net\/site\/#website\",\"url\":\"https:\/\/www.oarcanjo.net\/site\/\",\"name\":\"O Arcanjo no ar\",\"description\":\"Site da Par\u00f3quia S\u00e3o Miguel Arcanjo (Arquidiocese de SP)\",\"publisher\":{\"@id\":\"https:\/\/www.oarcanjo.net\/site\/#organization\"},\"potentialAction\":[{\"@type\":\"SearchAction\",\"target\":{\"@type\":\"EntryPoint\",\"urlTemplate\":\"https:\/\/www.oarcanjo.net\/site\/?s={search_term_string}\"},\"query-input\":{\"@type\":\"PropertyValueSpecification\",\"valueRequired\":true,\"valueName\":\"search_term_string\"}}],\"inLanguage\":\"pt-BR\"},{\"@type\":\"Organization\",\"@id\":\"https:\/\/www.oarcanjo.net\/site\/#organization\",\"name\":\"Par\u00f3quia S\u00e3o Miguel Arcanjo\",\"url\":\"https:\/\/www.oarcanjo.net\/site\/\",\"logo\":{\"@type\":\"ImageObject\",\"inLanguage\":\"pt-BR\",\"@id\":\"https:\/\/www.oarcanjo.net\/site\/#\/schema\/logo\/image\/\",\"url\":\"https:\/\/www.oarcanjo.net\/site\/wp-content\/uploads\/LogoOArcanjo.png\",\"contentUrl\":\"https:\/\/www.oarcanjo.net\/site\/wp-content\/uploads\/LogoOArcanjo.png\",\"width\":319,\"height\":99,\"caption\":\"Par\u00f3quia S\u00e3o Miguel Arcanjo\"},\"image\":{\"@id\":\"https:\/\/www.oarcanjo.net\/site\/#\/schema\/logo\/image\/\"},\"sameAs\":[\"https:\/\/www.facebook.com\/OArcanjoNoAr\/\"]},{\"@type\":\"Person\",\"@id\":\"https:\/\/www.oarcanjo.net\/site\/#\/schema\/person\/5eb9480bedd2f3c97e430ce128c29c6c\",\"name\":\"danilo\"}]}<\/script>\n<!-- \/ Yoast SEO plugin. -->","yoast_head_json":{"title":"Beato Francisco Castell\u00f3 - O Arcanjo no ar","robots":{"index":"index","follow":"follow","max-snippet":"max-snippet:-1","max-image-preview":"max-image-preview:large","max-video-preview":"max-video-preview:-1"},"canonical":"https:\/\/www.oarcanjo.net\/site\/beato-francisco-castello\/","og_locale":"pt_BR","og_type":"article","og_title":"Beato Francisco Castell\u00f3 - O Arcanjo no ar","og_description":"28 de Setembro \u201cN\u00e3o menos edificante foi o testemunho\u00a0 dos demais m\u00e1rtires, como o jovem Francisco Castell\u00f3 I Aleu, de vinte e dois\u00a0 anos, qu\u00edmico de profiss\u00e3o e membro da A\u00e7\u00e3o Cat\u00f3lica que, consciente da\u00a0 gravidade do momento n\u00e3o se escondeu, mas ofereceu a sua juventude em\u00a0 sacrif\u00edcio de amor a Deus e aos irm\u00e3os\u201d [&hellip;]","og_url":"https:\/\/www.oarcanjo.net\/site\/beato-francisco-castello\/","og_site_name":"O Arcanjo no ar","article_publisher":"https:\/\/www.facebook.com\/OArcanjoNoAr\/","article_published_time":"2017-09-28T03:19:19+00:00","article_modified_time":"2017-07-31T11:01:28+00:00","og_image":[{"url":"http:\/\/www.preguntasantoral.es\/wp-content\/uploads\/2011\/08\/francisco-castello-1-300x355.jpg"}],"author":"danilo","twitter_card":"summary_large_image","twitter_misc":{"Escrito por":"danilo","Est. tempo de leitura":"3 minutos"},"schema":{"@context":"https:\/\/schema.org","@graph":[{"@type":"Article","@id":"https:\/\/www.oarcanjo.net\/site\/beato-francisco-castello\/#article","isPartOf":{"@id":"https:\/\/www.oarcanjo.net\/site\/beato-francisco-castello\/"},"author":{"name":"danilo","@id":"https:\/\/www.oarcanjo.net\/site\/#\/schema\/person\/5eb9480bedd2f3c97e430ce128c29c6c"},"headline":"Beato Francisco Castell\u00f3","datePublished":"2017-09-28T03:19:19+00:00","dateModified":"2017-07-31T11:01:28+00:00","mainEntityOfPage":{"@id":"https:\/\/www.oarcanjo.net\/site\/beato-francisco-castello\/"},"wordCount":666,"commentCount":0,"publisher":{"@id":"https:\/\/www.oarcanjo.net\/site\/#organization"},"image":{"@id":"https:\/\/www.oarcanjo.net\/site\/beato-francisco-castello\/#primaryimage"},"thumbnailUrl":"http:\/\/www.preguntasantoral.es\/wp-content\/uploads\/2011\/08\/francisco-castello-1-300x355.jpg","articleSection":["Testemunhos"],"inLanguage":"pt-BR","potentialAction":[{"@type":"CommentAction","name":"Comment","target":["https:\/\/www.oarcanjo.net\/site\/beato-francisco-castello\/#respond"]}]},{"@type":"WebPage","@id":"https:\/\/www.oarcanjo.net\/site\/beato-francisco-castello\/","url":"https:\/\/www.oarcanjo.net\/site\/beato-francisco-castello\/","name":"Beato Francisco Castell\u00f3 - O Arcanjo no ar","isPartOf":{"@id":"https:\/\/www.oarcanjo.net\/site\/#website"},"primaryImageOfPage":{"@id":"https:\/\/www.oarcanjo.net\/site\/beato-francisco-castello\/#primaryimage"},"image":{"@id":"https:\/\/www.oarcanjo.net\/site\/beato-francisco-castello\/#primaryimage"},"thumbnailUrl":"http:\/\/www.preguntasantoral.es\/wp-content\/uploads\/2011\/08\/francisco-castello-1-300x355.jpg","datePublished":"2017-09-28T03:19:19+00:00","dateModified":"2017-07-31T11:01:28+00:00","breadcrumb":{"@id":"https:\/\/www.oarcanjo.net\/site\/beato-francisco-castello\/#breadcrumb"},"inLanguage":"pt-BR","potentialAction":[{"@type":"ReadAction","target":["https:\/\/www.oarcanjo.net\/site\/beato-francisco-castello\/"]}]},{"@type":"ImageObject","inLanguage":"pt-BR","@id":"https:\/\/www.oarcanjo.net\/site\/beato-francisco-castello\/#primaryimage","url":"http:\/\/www.preguntasantoral.es\/wp-content\/uploads\/2011\/08\/francisco-castello-1-300x355.jpg","contentUrl":"http:\/\/www.preguntasantoral.es\/wp-content\/uploads\/2011\/08\/francisco-castello-1-300x355.jpg"},{"@type":"BreadcrumbList","@id":"https:\/\/www.oarcanjo.net\/site\/beato-francisco-castello\/#breadcrumb","itemListElement":[{"@type":"ListItem","position":1,"name":"In\u00edcio","item":"https:\/\/www.oarcanjo.net\/site\/"},{"@type":"ListItem","position":2,"name":"Beato Francisco Castell\u00f3"}]},{"@type":"WebSite","@id":"https:\/\/www.oarcanjo.net\/site\/#website","url":"https:\/\/www.oarcanjo.net\/site\/","name":"O Arcanjo no ar","description":"Site da Par\u00f3quia S\u00e3o Miguel Arcanjo (Arquidiocese de SP)","publisher":{"@id":"https:\/\/www.oarcanjo.net\/site\/#organization"},"potentialAction":[{"@type":"SearchAction","target":{"@type":"EntryPoint","urlTemplate":"https:\/\/www.oarcanjo.net\/site\/?s={search_term_string}"},"query-input":{"@type":"PropertyValueSpecification","valueRequired":true,"valueName":"search_term_string"}}],"inLanguage":"pt-BR"},{"@type":"Organization","@id":"https:\/\/www.oarcanjo.net\/site\/#organization","name":"Par\u00f3quia S\u00e3o Miguel Arcanjo","url":"https:\/\/www.oarcanjo.net\/site\/","logo":{"@type":"ImageObject","inLanguage":"pt-BR","@id":"https:\/\/www.oarcanjo.net\/site\/#\/schema\/logo\/image\/","url":"https:\/\/www.oarcanjo.net\/site\/wp-content\/uploads\/LogoOArcanjo.png","contentUrl":"https:\/\/www.oarcanjo.net\/site\/wp-content\/uploads\/LogoOArcanjo.png","width":319,"height":99,"caption":"Par\u00f3quia S\u00e3o Miguel Arcanjo"},"image":{"@id":"https:\/\/www.oarcanjo.net\/site\/#\/schema\/logo\/image\/"},"sameAs":["https:\/\/www.facebook.com\/OArcanjoNoAr\/"]},{"@type":"Person","@id":"https:\/\/www.oarcanjo.net\/site\/#\/schema\/person\/5eb9480bedd2f3c97e430ce128c29c6c","name":"danilo"}]}},"publishpress_future_action":{"enabled":false,"date":"2026-05-08 23:56:54","action":"category","newStatus":"draft","terms":[],"taxonomy":"category"},"publishpress_future_workflow_manual_trigger":{"enabledWorkflows":[]},"_links":{"self":[{"href":"https:\/\/www.oarcanjo.net\/site\/wp-json\/wp\/v2\/posts\/20485"}],"collection":[{"href":"https:\/\/www.oarcanjo.net\/site\/wp-json\/wp\/v2\/posts"}],"about":[{"href":"https:\/\/www.oarcanjo.net\/site\/wp-json\/wp\/v2\/types\/post"}],"author":[{"embeddable":true,"href":"https:\/\/www.oarcanjo.net\/site\/wp-json\/wp\/v2\/users\/14"}],"replies":[{"embeddable":true,"href":"https:\/\/www.oarcanjo.net\/site\/wp-json\/wp\/v2\/comments?post=20485"}],"version-history":[{"count":0,"href":"https:\/\/www.oarcanjo.net\/site\/wp-json\/wp\/v2\/posts\/20485\/revisions"}],"wp:attachment":[{"href":"https:\/\/www.oarcanjo.net\/site\/wp-json\/wp\/v2\/media?parent=20485"}],"wp:term":[{"taxonomy":"category","embeddable":true,"href":"https:\/\/www.oarcanjo.net\/site\/wp-json\/wp\/v2\/categories?post=20485"},{"taxonomy":"post_tag","embeddable":true,"href":"https:\/\/www.oarcanjo.net\/site\/wp-json\/wp\/v2\/tags?post=20485"}],"curies":[{"name":"wp","href":"https:\/\/api.w.org\/{rel}","templated":true}]}}