
{"id":2051,"date":"2009-02-26T18:29:10","date_gmt":"2009-02-26T21:29:10","guid":{"rendered":"http:\/\/www.oarcanjo.net\/site\/?p=2051"},"modified":"2009-02-26T23:31:39","modified_gmt":"2009-02-27T02:31:39","slug":"seguranca-todos-querem","status":"publish","type":"post","link":"https:\/\/www.oarcanjo.net\/site\/seguranca-todos-querem\/","title":{"rendered":"Seguran\u00e7a: Todos querem"},"content":{"rendered":"<p>Dom Dem\u00e9trio Valentini *<\/p>\n<p>H\u00e1 um fato novo na Campanha da Fraternidade deste ano sobre a Seguran\u00e7a P\u00fablica. Mal lan\u00e7ado o tema, ele j\u00e1 conta com a ades\u00e3o espont\u00e2nea da sociedade. Todos est\u00e3o de acordo com a urg\u00eancia de superar o clima de inseguran\u00e7a que vai se generalizando em toda parte, nas fam\u00edlias, nas institui\u00e7\u00f5es, em toda a sociedade.<\/p>\n<p>Este sentimento de urg\u00eancia vem acoplado a outro, que tamb\u00e9m vai se firmando com clareza: a supera\u00e7\u00e3o da inseguran\u00e7a s\u00f3 \u00e9 poss\u00edvel se todos nos colocamos de acordo para enfrentar juntos o problema. Pois ele ultrapassou as fronteiras das fam\u00edlias, e extravasou para a sociedade, como mancha de \u00f3leo que foi contaminando todos os ambientes, trazendo preju\u00edzo generalizado. A seguran\u00e7a nos coloca a todos num mesmo barco, que n\u00e3o pode ir \u00e0 deriva.<\/p>\n<p>Ao mesmo tempo, vai emergindo outra constata\u00e7\u00e3o importante: n\u00e3o ser\u00e1 f\u00e1cil reverter a situa\u00e7\u00e3o. N\u00e3o basta enfrentar os sintomas da inseguran\u00e7a. \u00c9 preciso ir \u00e0s suas causas. E a\u00ed todos come\u00e7am a sentir o desafio de retomar valores \u00e9ticos que foram abandonados, seja no \u00e2mbito do relacionamento familiar, que faz as crian\u00e7as apelarem cedo para a viol\u00eancia no pr\u00f3prio ambiente escolar, e jovens ignorarem os limites do respeito e desprezarem os direitos dos outros.<\/p>\n<p>A recupera\u00e7\u00e3o do clima de seguran\u00e7a ser\u00e1 fruto, portanto, de um longo trabalho de reeduca\u00e7\u00e3o de toda a sociedade, num mutir\u00e3o que precisar\u00e1 ir envolvendo a todos, numa lenta e progressiva recupera\u00e7\u00e3o de valores, junto com uma a\u00e7\u00e3o atenta, sistem\u00e1tica e perspicaz do poder p\u00fablico, que co\u00edba firmemente as pr\u00e1ticas lesivas ao bem comum, e estimule a a\u00e7\u00e3o respons\u00e1vel dos cidad\u00e3os.<br \/>\nUma campanha sobre a seguran\u00e7a p\u00fablica nos alerta, de imediato, que \u00e9 preciso ir \u00e0s causas.  E perceber que s\u00e3o muitos os fatores que est\u00e3o em jogo.<\/p>\n<p>Neste sentido, o lema da campanha, alertando que a paz \u00e9 fruto da justi\u00e7a, n\u00e3o traz s\u00f3 o recado objetivo, sabido de todos, mas nunca colocado em pr\u00e1tica, de que sem justi\u00e7a n\u00e3o haver\u00e1 paz verdadeira. No contexto do tema, de que o lema est\u00e1 a servi\u00e7o, a vincula\u00e7\u00e3o da paz com a justi\u00e7a tem a inten\u00e7\u00e3o de sublinhar o nexo indispens\u00e1vel existente entre seguran\u00e7a p\u00fablica e valores \u00e9ticos, entre os quais a justi\u00e7a \u00e9 o mais abrangente.<\/p>\n<p>Um lema, portanto, que ajuda a mostrar a complexidade do tema, e alerta para a diversidade de a\u00e7\u00f5es que precisam ser empreendidas.<\/p>\n<p>Assim, est\u00e1 feita a proposta de uma campanha da fraternidade que vem ao encontro de um anseio generalizado da sociedade, e que se apresenta com a responsabilidade de quem convida para a participa\u00e7\u00e3o.<\/p>\n<p>Neste contexto fica ressaltada a import\u00e2ncia da iniciativa da Igreja Cat\u00f3lica, que em cada ano prop\u00f5e assuntos muito pertinentes, convidando toda a sociedade para a reflex\u00e3o e a\u00e7\u00e3o conjunta.<\/p>\n<p>\u00c9 um bom servi\u00e7o que a Igreja tem condi\u00e7\u00f5es de realizar, mostrando inclusive como os princ\u00edpios que a guiam na sua raz\u00e3o de ser e de atuar, se constituem em valores que precisam impregnar a pr\u00f3pria sociedade, como agora se constata nesta campanha da fraternidade sobre a seguran\u00e7a p\u00fablica.<\/p>\n<p>\u00c9 bom o Congresso Nacional ter presente esta colabora\u00e7\u00e3o da Igreja, na hora de votar, neste ano, o recente &#8220;acordo&#8221; feito entre o Governo Brasileiro e a Santa S\u00e9, e que ainda depende da aprova\u00e7\u00e3o do parlamento brasileiro. O que a Igreja busca n\u00e3o s\u00e3o privil\u00e9gios, mas simplesmente condi\u00e7\u00f5es de fazer bem o servi\u00e7o que ela \u00e9 chamada a prestar em benef\u00edcio de toda a sociedade.<\/p>\n<div id=\"themify_builder_content-2051\" data-postid=\"2051\" class=\"themify_builder_content themify_builder_content-2051 themify_builder themify_builder_front\">\n\t<\/div>\n<!-- \/themify_builder_content -->","protected":false},"excerpt":{"rendered":"<p>Dom Dem\u00e9trio Valentini * H\u00e1 um fato novo na Campanha da Fraternidade deste ano sobre a Seguran\u00e7a P\u00fablica. Mal lan\u00e7ado o tema, ele j\u00e1 conta com a ades\u00e3o espont\u00e2nea da sociedade. Todos est\u00e3o de acordo com a urg\u00eancia de superar o clima de inseguran\u00e7a que vai se generalizando em toda parte, nas fam\u00edlias, nas institui\u00e7\u00f5es, [&hellip;]<\/p>\n","protected":false},"author":5,"featured_media":0,"comment_status":"open","ping_status":"open","sticky":false,"template":"","format":"standard","meta":{"ngg_post_thumbnail":0,"footnotes":""},"categories":[241],"tags":[229,167,231,20],"yoast_head":"<!-- This site is optimized with the Yoast SEO plugin v23.5 - https:\/\/yoast.com\/wordpress\/plugins\/seo\/ -->\n<title>Seguran\u00e7a: Todos querem - O Arcanjo no ar<\/title>\n<meta name=\"robots\" content=\"index, follow, max-snippet:-1, max-image-preview:large, max-video-preview:-1\" \/>\n<link rel=\"canonical\" href=\"https:\/\/www.oarcanjo.net\/site\/seguranca-todos-querem\/\" \/>\n<meta property=\"og:locale\" content=\"pt_BR\" \/>\n<meta property=\"og:type\" content=\"article\" \/>\n<meta property=\"og:title\" content=\"Seguran\u00e7a: Todos querem - O Arcanjo no ar\" \/>\n<meta property=\"og:description\" content=\"Dom Dem\u00e9trio Valentini * H\u00e1 um fato novo na Campanha da Fraternidade deste ano sobre a Seguran\u00e7a P\u00fablica. Mal lan\u00e7ado o tema, ele j\u00e1 conta com a ades\u00e3o espont\u00e2nea da sociedade. Todos est\u00e3o de acordo com a urg\u00eancia de superar o clima de inseguran\u00e7a que vai se generalizando em toda parte, nas fam\u00edlias, nas institui\u00e7\u00f5es, [&hellip;]\" \/>\n<meta property=\"og:url\" content=\"https:\/\/www.oarcanjo.net\/site\/seguranca-todos-querem\/\" \/>\n<meta property=\"og:site_name\" content=\"O Arcanjo no ar\" \/>\n<meta property=\"article:publisher\" content=\"https:\/\/www.facebook.com\/OArcanjoNoAr\/\" \/>\n<meta property=\"article:published_time\" content=\"2009-02-26T21:29:10+00:00\" \/>\n<meta property=\"article:modified_time\" content=\"2009-02-27T02:31:39+00:00\" \/>\n<meta property=\"og:image\" content=\"https:\/\/www.oarcanjo.net\/site\/wp-content\/uploads\/logo-o-arcanjo-no-ar-facebook.png\" \/>\n\t<meta property=\"og:image:width\" content=\"300\" \/>\n\t<meta property=\"og:image:height\" content=\"300\" \/>\n\t<meta property=\"og:image:type\" content=\"image\/png\" \/>\n<meta name=\"author\" content=\"editor\" \/>\n<meta name=\"twitter:card\" content=\"summary_large_image\" \/>\n<meta name=\"twitter:label1\" content=\"Escrito por\" \/>\n\t<meta name=\"twitter:data1\" content=\"editor\" \/>\n\t<meta name=\"twitter:label2\" content=\"Est. tempo de leitura\" \/>\n\t<meta name=\"twitter:data2\" content=\"3 minutos\" \/>\n<script type=\"application\/ld+json\" class=\"yoast-schema-graph\">{\"@context\":\"https:\/\/schema.org\",\"@graph\":[{\"@type\":\"Article\",\"@id\":\"https:\/\/www.oarcanjo.net\/site\/seguranca-todos-querem\/#article\",\"isPartOf\":{\"@id\":\"https:\/\/www.oarcanjo.net\/site\/seguranca-todos-querem\/\"},\"author\":{\"name\":\"editor\",\"@id\":\"https:\/\/www.oarcanjo.net\/site\/#\/schema\/person\/f7024d007863202483a31326673a0838\"},\"headline\":\"Seguran\u00e7a: Todos querem\",\"datePublished\":\"2009-02-26T21:29:10+00:00\",\"dateModified\":\"2009-02-27T02:31:39+00:00\",\"mainEntityOfPage\":{\"@id\":\"https:\/\/www.oarcanjo.net\/site\/seguranca-todos-querem\/\"},\"wordCount\":647,\"commentCount\":0,\"publisher\":{\"@id\":\"https:\/\/www.oarcanjo.net\/site\/#organization\"},\"keywords\":[\"Campanha da Fraternidade\",\"paz\",\"seguran\u00e7a\",\"viol\u00eancia\"],\"articleSection\":[\"CF\"],\"inLanguage\":\"pt-BR\",\"potentialAction\":[{\"@type\":\"CommentAction\",\"name\":\"Comment\",\"target\":[\"https:\/\/www.oarcanjo.net\/site\/seguranca-todos-querem\/#respond\"]}]},{\"@type\":\"WebPage\",\"@id\":\"https:\/\/www.oarcanjo.net\/site\/seguranca-todos-querem\/\",\"url\":\"https:\/\/www.oarcanjo.net\/site\/seguranca-todos-querem\/\",\"name\":\"Seguran\u00e7a: Todos querem - O Arcanjo no ar\",\"isPartOf\":{\"@id\":\"https:\/\/www.oarcanjo.net\/site\/#website\"},\"datePublished\":\"2009-02-26T21:29:10+00:00\",\"dateModified\":\"2009-02-27T02:31:39+00:00\",\"breadcrumb\":{\"@id\":\"https:\/\/www.oarcanjo.net\/site\/seguranca-todos-querem\/#breadcrumb\"},\"inLanguage\":\"pt-BR\",\"potentialAction\":[{\"@type\":\"ReadAction\",\"target\":[\"https:\/\/www.oarcanjo.net\/site\/seguranca-todos-querem\/\"]}]},{\"@type\":\"BreadcrumbList\",\"@id\":\"https:\/\/www.oarcanjo.net\/site\/seguranca-todos-querem\/#breadcrumb\",\"itemListElement\":[{\"@type\":\"ListItem\",\"position\":1,\"name\":\"In\u00edcio\",\"item\":\"https:\/\/www.oarcanjo.net\/site\/\"},{\"@type\":\"ListItem\",\"position\":2,\"name\":\"Seguran\u00e7a: Todos querem\"}]},{\"@type\":\"WebSite\",\"@id\":\"https:\/\/www.oarcanjo.net\/site\/#website\",\"url\":\"https:\/\/www.oarcanjo.net\/site\/\",\"name\":\"O Arcanjo no ar\",\"description\":\"Site da Par\u00f3quia S\u00e3o Miguel Arcanjo (Arquidiocese de SP)\",\"publisher\":{\"@id\":\"https:\/\/www.oarcanjo.net\/site\/#organization\"},\"potentialAction\":[{\"@type\":\"SearchAction\",\"target\":{\"@type\":\"EntryPoint\",\"urlTemplate\":\"https:\/\/www.oarcanjo.net\/site\/?s={search_term_string}\"},\"query-input\":{\"@type\":\"PropertyValueSpecification\",\"valueRequired\":true,\"valueName\":\"search_term_string\"}}],\"inLanguage\":\"pt-BR\"},{\"@type\":\"Organization\",\"@id\":\"https:\/\/www.oarcanjo.net\/site\/#organization\",\"name\":\"Par\u00f3quia S\u00e3o Miguel Arcanjo\",\"url\":\"https:\/\/www.oarcanjo.net\/site\/\",\"logo\":{\"@type\":\"ImageObject\",\"inLanguage\":\"pt-BR\",\"@id\":\"https:\/\/www.oarcanjo.net\/site\/#\/schema\/logo\/image\/\",\"url\":\"https:\/\/www.oarcanjo.net\/site\/wp-content\/uploads\/LogoOArcanjo.png\",\"contentUrl\":\"https:\/\/www.oarcanjo.net\/site\/wp-content\/uploads\/LogoOArcanjo.png\",\"width\":319,\"height\":99,\"caption\":\"Par\u00f3quia S\u00e3o Miguel Arcanjo\"},\"image\":{\"@id\":\"https:\/\/www.oarcanjo.net\/site\/#\/schema\/logo\/image\/\"},\"sameAs\":[\"https:\/\/www.facebook.com\/OArcanjoNoAr\/\"]},{\"@type\":\"Person\",\"@id\":\"https:\/\/www.oarcanjo.net\/site\/#\/schema\/person\/f7024d007863202483a31326673a0838\",\"name\":\"editor\",\"sameAs\":[\"http:\/\/www.oarcanjo.net\"]}]}<\/script>\n<!-- \/ Yoast SEO plugin. -->","yoast_head_json":{"title":"Seguran\u00e7a: Todos querem - O Arcanjo no ar","robots":{"index":"index","follow":"follow","max-snippet":"max-snippet:-1","max-image-preview":"max-image-preview:large","max-video-preview":"max-video-preview:-1"},"canonical":"https:\/\/www.oarcanjo.net\/site\/seguranca-todos-querem\/","og_locale":"pt_BR","og_type":"article","og_title":"Seguran\u00e7a: Todos querem - O Arcanjo no ar","og_description":"Dom Dem\u00e9trio Valentini * H\u00e1 um fato novo na Campanha da Fraternidade deste ano sobre a Seguran\u00e7a P\u00fablica. Mal lan\u00e7ado o tema, ele j\u00e1 conta com a ades\u00e3o espont\u00e2nea da sociedade. Todos est\u00e3o de acordo com a urg\u00eancia de superar o clima de inseguran\u00e7a que vai se generalizando em toda parte, nas fam\u00edlias, nas institui\u00e7\u00f5es, [&hellip;]","og_url":"https:\/\/www.oarcanjo.net\/site\/seguranca-todos-querem\/","og_site_name":"O Arcanjo no ar","article_publisher":"https:\/\/www.facebook.com\/OArcanjoNoAr\/","article_published_time":"2009-02-26T21:29:10+00:00","article_modified_time":"2009-02-27T02:31:39+00:00","og_image":[{"width":300,"height":300,"url":"https:\/\/www.oarcanjo.net\/site\/wp-content\/uploads\/logo-o-arcanjo-no-ar-facebook.png","type":"image\/png"}],"author":"editor","twitter_card":"summary_large_image","twitter_misc":{"Escrito por":"editor","Est. tempo de leitura":"3 minutos"},"schema":{"@context":"https:\/\/schema.org","@graph":[{"@type":"Article","@id":"https:\/\/www.oarcanjo.net\/site\/seguranca-todos-querem\/#article","isPartOf":{"@id":"https:\/\/www.oarcanjo.net\/site\/seguranca-todos-querem\/"},"author":{"name":"editor","@id":"https:\/\/www.oarcanjo.net\/site\/#\/schema\/person\/f7024d007863202483a31326673a0838"},"headline":"Seguran\u00e7a: Todos querem","datePublished":"2009-02-26T21:29:10+00:00","dateModified":"2009-02-27T02:31:39+00:00","mainEntityOfPage":{"@id":"https:\/\/www.oarcanjo.net\/site\/seguranca-todos-querem\/"},"wordCount":647,"commentCount":0,"publisher":{"@id":"https:\/\/www.oarcanjo.net\/site\/#organization"},"keywords":["Campanha da Fraternidade","paz","seguran\u00e7a","viol\u00eancia"],"articleSection":["CF"],"inLanguage":"pt-BR","potentialAction":[{"@type":"CommentAction","name":"Comment","target":["https:\/\/www.oarcanjo.net\/site\/seguranca-todos-querem\/#respond"]}]},{"@type":"WebPage","@id":"https:\/\/www.oarcanjo.net\/site\/seguranca-todos-querem\/","url":"https:\/\/www.oarcanjo.net\/site\/seguranca-todos-querem\/","name":"Seguran\u00e7a: Todos querem - O Arcanjo no ar","isPartOf":{"@id":"https:\/\/www.oarcanjo.net\/site\/#website"},"datePublished":"2009-02-26T21:29:10+00:00","dateModified":"2009-02-27T02:31:39+00:00","breadcrumb":{"@id":"https:\/\/www.oarcanjo.net\/site\/seguranca-todos-querem\/#breadcrumb"},"inLanguage":"pt-BR","potentialAction":[{"@type":"ReadAction","target":["https:\/\/www.oarcanjo.net\/site\/seguranca-todos-querem\/"]}]},{"@type":"BreadcrumbList","@id":"https:\/\/www.oarcanjo.net\/site\/seguranca-todos-querem\/#breadcrumb","itemListElement":[{"@type":"ListItem","position":1,"name":"In\u00edcio","item":"https:\/\/www.oarcanjo.net\/site\/"},{"@type":"ListItem","position":2,"name":"Seguran\u00e7a: Todos querem"}]},{"@type":"WebSite","@id":"https:\/\/www.oarcanjo.net\/site\/#website","url":"https:\/\/www.oarcanjo.net\/site\/","name":"O Arcanjo no ar","description":"Site da Par\u00f3quia S\u00e3o Miguel Arcanjo (Arquidiocese de SP)","publisher":{"@id":"https:\/\/www.oarcanjo.net\/site\/#organization"},"potentialAction":[{"@type":"SearchAction","target":{"@type":"EntryPoint","urlTemplate":"https:\/\/www.oarcanjo.net\/site\/?s={search_term_string}"},"query-input":{"@type":"PropertyValueSpecification","valueRequired":true,"valueName":"search_term_string"}}],"inLanguage":"pt-BR"},{"@type":"Organization","@id":"https:\/\/www.oarcanjo.net\/site\/#organization","name":"Par\u00f3quia S\u00e3o Miguel Arcanjo","url":"https:\/\/www.oarcanjo.net\/site\/","logo":{"@type":"ImageObject","inLanguage":"pt-BR","@id":"https:\/\/www.oarcanjo.net\/site\/#\/schema\/logo\/image\/","url":"https:\/\/www.oarcanjo.net\/site\/wp-content\/uploads\/LogoOArcanjo.png","contentUrl":"https:\/\/www.oarcanjo.net\/site\/wp-content\/uploads\/LogoOArcanjo.png","width":319,"height":99,"caption":"Par\u00f3quia S\u00e3o Miguel Arcanjo"},"image":{"@id":"https:\/\/www.oarcanjo.net\/site\/#\/schema\/logo\/image\/"},"sameAs":["https:\/\/www.facebook.com\/OArcanjoNoAr\/"]},{"@type":"Person","@id":"https:\/\/www.oarcanjo.net\/site\/#\/schema\/person\/f7024d007863202483a31326673a0838","name":"editor","sameAs":["http:\/\/www.oarcanjo.net"]}]}},"publishpress_future_action":{"enabled":false,"date":"2026-05-08 22:53:07","action":"category","newStatus":"draft","terms":[],"taxonomy":"category"},"publishpress_future_workflow_manual_trigger":{"enabledWorkflows":[]},"_links":{"self":[{"href":"https:\/\/www.oarcanjo.net\/site\/wp-json\/wp\/v2\/posts\/2051"}],"collection":[{"href":"https:\/\/www.oarcanjo.net\/site\/wp-json\/wp\/v2\/posts"}],"about":[{"href":"https:\/\/www.oarcanjo.net\/site\/wp-json\/wp\/v2\/types\/post"}],"author":[{"embeddable":true,"href":"https:\/\/www.oarcanjo.net\/site\/wp-json\/wp\/v2\/users\/5"}],"replies":[{"embeddable":true,"href":"https:\/\/www.oarcanjo.net\/site\/wp-json\/wp\/v2\/comments?post=2051"}],"version-history":[{"count":0,"href":"https:\/\/www.oarcanjo.net\/site\/wp-json\/wp\/v2\/posts\/2051\/revisions"}],"wp:attachment":[{"href":"https:\/\/www.oarcanjo.net\/site\/wp-json\/wp\/v2\/media?parent=2051"}],"wp:term":[{"taxonomy":"category","embeddable":true,"href":"https:\/\/www.oarcanjo.net\/site\/wp-json\/wp\/v2\/categories?post=2051"},{"taxonomy":"post_tag","embeddable":true,"href":"https:\/\/www.oarcanjo.net\/site\/wp-json\/wp\/v2\/tags?post=2051"}],"curies":[{"name":"wp","href":"https:\/\/api.w.org\/{rel}","templated":true}]}}