
{"id":20532,"date":"2013-01-07T13:20:44","date_gmt":"2013-01-07T15:20:44","guid":{"rendered":"http:\/\/www.oarcanjo.net\/site\/?p=20532"},"modified":"2014-02-17T11:59:56","modified_gmt":"2014-02-17T14:59:56","slug":"subsidio-de-estudo-do-catecismo-da-igreja-catolica-por-dom-julio-endi-akamine","status":"publish","type":"post","link":"https:\/\/www.oarcanjo.net\/site\/subsidio-de-estudo-do-catecismo-da-igreja-catolica-por-dom-julio-endi-akamine\/","title":{"rendered":"Subs\u00eddio de estudo do Catecismo da Igreja Cat\u00f3lica por dom Julio Endi Akamine"},"content":{"rendered":"<p><em>Fonte: site da Arquidiocese de S\u00e3o Paulo<\/em><\/p>\n<p>O bispo auxiliar da Arquidiocese de S\u00e3o Paulo e vig\u00e1rio da Regi\u00e3o Episcopal Lapa, dom Julio Endi Akamine, preparou um estudo dirigido do Catecismo da Igreja Cat\u00f3lica (CIC) &#8211; par\u00e1grafos 26-1065, em 54 temas para serem lidos e estudados durante o Ano da F\u00e9.<\/p>\n<p>Na apresenta\u00e7\u00e3o, o bispo destaca que \u201ceste subs\u00eddio tem o objetivo de ajud\u00e1-lo (a) a conhecer mais profundamente o Catecismo da Igreja Cat\u00f3lica. Para que o estudo pessoal e\/ou em grupo do Catecismo seja frutuoso, o presente subs\u00eddio prop\u00f5e um itiner\u00e1rio feito de etapas. Come\u00e7amos pela primeira parte do Catecismo que explica e aprofunda os conte\u00fados da f\u00e9 sintetizados na profiss\u00e3o da f\u00e9. Essa primeira parte ser\u00e1 subdividida em unidades menores para possibilitar uma assimila\u00e7\u00e3o mais profunda, uma reflex\u00e3o mais cuidadosa, um saber mais saboroso e uma recep\u00e7\u00e3o mais cordial daquilo que n\u00f3s cremos\u201d.<\/p>\n<p>Os subs\u00eddios ser\u00e3o divulgados ao longo das semanas e podem ser consultados na \u00e1rea do Ano da F\u00e9 deste site.<\/p>\n<p>Baixe os subis\u00eddios:<\/p>\n<p>1\u00aa parte 26-49<\/p>\n<p><a title=\"O homem \u00e9 capaz de Deus\" href=\"http:\/\/www.oarcanjo.net\/site\/wp-content\/uploads\/EstudoCatecismo-1Tema-n26-49.pdf\" target=\"_blank\"><strong>O homem \u00e9 capaz de Deus<\/strong><\/a><\/p>\n<p>2\u00aa parte 50-73<\/p>\n<p><strong><a title=\"A revela\u00e7\u00e3o de Deus\" href=\"http:\/\/www.oarcanjo.net\/site\/wp-content\/uploads\/EstudoCatecismo-2Tema-n50-73.pdf\" target=\"_blank\">A revela\u00e7\u00e3o de Deus<\/a><\/strong><\/p>\n<p>3\u00aa parte 74-83<\/p>\n<p><strong><a title=\"A Tradi\u00e7\u00e3o Apost\u00f3lica e sua rela\u00e7\u00e3o com a Sagrada Escritura\" href=\"http:\/\/www.oarcanjo.net\/site\/wp-content\/uploads\/EstudoCatecismo-3Tema-n74-83.pdf\" target=\"_blank\">A Tradi\u00e7\u00e3o Apost\u00f3lica e sua rela\u00e7\u00e3o com a Sagrada Escritura<\/a><\/strong><\/p>\n<p>4\u00aa parte 84-100<\/p>\n<p><strong><a title=\"A interpreta\u00e7\u00e3o da heran\u00e7a da F\u00e9\" href=\"http:\/\/www.oarcanjo.net\/site\/wp-content\/uploads\/EstudoCatecismo-4Tema-n84-100.pdf\" target=\"_blank\">A interpreta\u00e7\u00e3o da heran\u00e7a da F\u00e9<\/a><\/strong><\/p>\n<p>5\u00aa parte 101-119<\/p>\n<p><strong><a title=\"A Sagrada Escritura: o Verbo, inspira\u00e7\u00e3o e verdade, a interpreta\u00e7\u00e3o da escritura\" href=\"http:\/\/www.oarcanjo.net\/site\/wp-content\/uploads\/EstudoCatecismo-5Tema-n101-119.pdf\" target=\"_blank\">A Sagrada Escritura: o Verbo, inspira\u00e7\u00e3o e verdade, a interpreta\u00e7\u00e3o da escritura<\/a><\/strong><\/p>\n<p>6\u00aa parte 120-141<\/p>\n<p><strong><a title=\"O can\u00f4n das escrituras e sua import\u00e2ncia para a vida da Igreja\" href=\"http:\/\/www.oarcanjo.net\/site\/wp-content\/uploads\/EstudoCatecismo-6Tema-n120-141.pdf\" target=\"_blank\">O can\u00f4n das escrituras e sua import\u00e2ncia para a vida da Igreja<\/a><\/strong><\/p>\n<p>7\u00aa parte 142-152<\/p>\n<p><strong><a href=\"http:\/\/www.oarcanjo.net\/site\/wp-content\/uploads\/EstudoCatecismo-7Tema-n142-152.pdf\" target=\"_blank\">&#8220;Creio&#8221;: A obedi\u00eancia da F\u00e9; crer no Pai, no Filho e no Esp\u00edrito Santo<\/a><\/strong><\/p>\n<p>8\u00aa parte 153-165<\/p>\n<p><strong><a title=\"As caracter\u00edsticas da f\u00e9\" href=\"http:\/\/www.oarcanjo.net\/site\/wp-content\/uploads\/EstudoCatecismo-8Tema-n153-165.pdf\" target=\"_blank\">&#8220;As caracter\u00edsticas da f\u00e9&#8221;<\/a><\/strong><\/p>\n<p>9\u00aa parte 166-184<\/p>\n<p><strong><a title=\"N\u00f3s Cremos\" href=\"http:\/\/www.oarcanjo.net\/site\/wp-content\/uploads\/EstudoCatecismo-9Tema-n166-184.pdf\" target=\"_blank\">&#8220;N\u00f3s Cremos&#8221;<\/a><\/strong><\/p>\n<p>10\u00aa parte 185-197<\/p>\n<p><strong><a title=\"Os s\u00edmbolos da F\u00e9\" href=\"http:\/\/www.oarcanjo.net\/site\/wp-content\/uploads\/EstudoCatecismo-10Tema-n185-197.pdf\" target=\"_blank\">&#8220;Os s\u00edmbolos da F\u00e9&#8221;<\/a><\/strong><\/p>\n<p>11\u00aa parte 198-213<\/p>\n<p><strong><a title=\"Creio em Deus - 1\u00aa Se\u00e7\u00e3o\" href=\"http:\/\/www.oarcanjo.net\/site\/wp-content\/uploads\/EstudoCatecismo-11Tema-n198-213.pdf\" target=\"_blank\">&#8220;Creio em Deus &#8211; 1\u00aa Se\u00e7\u00e3o&#8221;<\/a><\/strong><\/p>\n<p>12\u00aa parte 214-231<\/p>\n<p><strong><a title=\"Creio em Deus - 2\u00aa Se\u00e7\u00e3o\" href=\"http:\/\/www.oarcanjo.net\/site\/wp-content\/uploads\/EstudoCatecismo-12Tema-n214-231.pdf\" target=\"_blank\">&#8220;Creio em Deus &#8211; 2\u00aa Se\u00e7\u00e3o&#8221;<\/a><\/strong><\/p>\n<p>13\u00aa parte 232-248<\/p>\n<p><strong><a title=\"Creio em Deus - A revela\u00e7\u00e3o da Trindade\" href=\"http:\/\/www.oarcanjo.net\/site\/wp-content\/uploads\/EstudoCatecismo-13Tema-n232-248.pdf\" target=\"_blank\">&#8220;Creio em Deus &#8211; A revela\u00e7\u00e3o da Trindade&#8221;<\/a><\/strong><\/p>\n<p>14\u00aa parte 249-267<br \/>\n<strong><a title=\"Creio em Deus - A revela\u00e7\u00e3o da Trindade\" href=\"http:\/\/www.oarcanjo.net\/site\/wp-content\/uploads\/EstudoCatecismo-14Tema-n249-267.pdf\" target=\"_blank\">&#8220;Creio em Deus &#8211; A revela\u00e7\u00e3o da Trindade&#8221;<\/a><\/strong><\/p>\n<p>15\u00aa parte 268-278<br \/>\n<strong><a title=\"O Onipotente\" href=\"http:\/\/www.oarcanjo.net\/site\/wp-content\/uploads\/EstudoCatecismo-15Tema-n268-278.pdf\" target=\"_blank\">&#8220;O Onipotente&#8221;<\/a><\/strong><\/p>\n<p>16\u00aa parte 279-294<br \/>\n<strong><a title=\"O Criador\" href=\"http:\/\/www.oarcanjo.net\/site\/wp-content\/uploads\/EstudoCatecismo-16Tema-n279-294.pdf\" target=\"_blank\">&#8220;O Criador&#8221;<\/a><\/strong><\/p>\n<p>17\u00aa parte 295-324<br \/>\n<strong><a title=\"O Criador - Mist\u00e9rio da cria\u00e7\u00e3o e provid\u00eancia\" href=\"http:\/\/www.oarcanjo.net\/site\/wp-content\/uploads\/EstudoCatecismo-17Tema-n295-324.pdf\" target=\"_blank\">O Criador &#8211; Mist\u00e9rio da cria\u00e7\u00e3o e provid\u00eancia<\/a><\/strong><\/p>\n<p>18\u00aa parte 325-336<\/p>\n<p><strong><a title=\"O c\u00e9u e a terra: Os anjos\" href=\"http:\/\/www.oarcanjo.net\/site\/wp-content\/uploads\/EstudoCatecismo-18Tema-n325-336.pdf\" target=\"_blank\">O c\u00e9u e a terra: Os anjos<\/a><\/strong><\/p>\n<p>19\u00aa parte 337-354<\/p>\n<p><strong><a title=\"O c\u00e9u a terra: O mundo vis\u00edvel\" href=\"http:\/\/www.oarcanjo.net\/site\/wp-content\/uploads\/EstudoCatecismo-19Tema-n337-354.pdf\" target=\"_blank\">O c\u00e9u a terra: O mundo vis\u00edvel<\/a><\/strong><\/p>\n<p>20\u00aa parte 355-384<\/p>\n<p><strong><a title=\"O Homem\" href=\"http:\/\/www.oarcanjo.net\/site\/wp-content\/uploads\/EstudoCatecismo-20Tema-n355-384.pdf\" target=\"_blank\">O Homem<\/a><\/strong><\/p>\n<p>21\u00aa parte 385-395<\/p>\n<p><strong><a title=\"A queda: a realidade do pecado e a queda dos anjos\" href=\"http:\/\/www.oarcanjo.net\/site\/wp-content\/uploads\/EstudoCatecismo-21Tema-n385-395.pdf\" target=\"_blank\">A queda: a realidade do pecado e a queda dos anjos<\/a><\/strong><\/p>\n<p>22\u00aa parte 396-421<\/p>\n<p><strong><a title=\"A queda: O pecado original \u2013 a vit\u00f3ria sobre o mal\" href=\"http:\/\/www.oarcanjo.net\/site\/wp-content\/uploads\/EstudoCatecismo-22Tema-n396-421.pdf\" target=\"_blank\">A queda: O pecado original \u2013 a vit\u00f3ria sobre o mal<\/a><\/strong><\/p>\n<p>23\u00aa parte 422-440<\/p>\n<p><strong><a title=\"Creio em Jesus Cristo \u2013 os t\u00edtulos 'Jesus' e 'Cristo'\" href=\"http:\/\/www.oarcanjo.net\/site\/wp-content\/uploads\/EstudoCatecismo-23Tema-n422-440.pdf\" target=\"_blank\">Creio em Jesus Cristo \u2013 os t\u00edtulos &#8216;Jesus&#8217; e &#8216;Cristo&#8217;<\/a><\/strong><\/p>\n<p>24\u00aa parte 441-455<\/p>\n<p><strong><a title=\"'Creio no Filho \u00fanico de Deus'. O 'Senhor'\" href=\"http:\/\/www.oarcanjo.net\/site\/wp-content\/uploads\/EstudoCatecismo-24Tema-n441-455.pdf\" target=\"_blank\">&#8216;Creio no Filho \u00fanico de Deus&#8217;. O &#8216;Senhor&#8217;<\/a><\/strong><\/p>\n<p>25\u00aa parte 456-483<\/p>\n<p><strong><a title=\"O Filho de Deus se fez Homem\" href=\"http:\/\/www.oarcanjo.net\/site\/wp-content\/uploads\/EstudoCatecismo-25Tema-n456-483.pdf\" target=\"_blank\">O Filho de Deus se fez Homem<\/a><\/strong><\/p>\n<p>26\u00aa parte 484-511<\/p>\n<p><strong><a title=\"Concebido pelo poder do Esp\u00edrito Santo, nascido da Virgem Maria\" href=\"http:\/\/www.oarcanjo.net\/site\/wp-content\/uploads\/EstudoCatecismo-26Tema-n484-511.pdf\" target=\"_blank\">Concebido pelo poder do Esp\u00edrito Santo, nascido da Virgem Maria<\/a><\/strong><\/p>\n<p>27\u00aa parte 512-526<\/p>\n<p><strong><a title=\"Os mist\u00e9rios da vida de Cristo\" href=\"http:\/\/www.oarcanjo.net\/site\/wp-content\/uploads\/EstudoCatecismo-27Tema-n512-526.pdf\" target=\"_blank\">Os mist\u00e9rios da vida de Cristo<\/a><\/strong><\/p>\n<p>28\u00aa parte 527-542<\/p>\n<p><strong><a title=\"Os mist\u00e9rios da inf\u00e2ncia e da vida p\u00fablica. Os mist\u00e9rios da vida p\u00fablica\" href=\"http:\/\/www.oarcanjo.net\/site\/wp-content\/uploads\/EstudoCatecismo-28Tema-n527-542.pdf\" target=\"_blank\">Os mist\u00e9rios da inf\u00e2ncia e da vida p\u00fablica. Os mist\u00e9rios da vida p\u00fablica<\/a><\/strong><\/p>\n<p>29\u00aa parte 543-570<\/p>\n<p><strong><a title=\"O an\u00fancio do Reino. A transfigura\u00e7\u00e3o. A subida a Jerusalem. A entrada Messi\u00e2nica em Jerusal\u00e9m\" href=\"http:\/\/www.oarcanjo.net\/site\/wp-content\/uploads\/EstudoCatecismo-29Tema-n543-570.pdf\" target=\"_blank\">O an\u00fancio do Reino. A transfigura\u00e7\u00e3o. A subida a Jerusalem. A entrada Messi\u00e2nica em Jerusal\u00e9m<\/a><\/strong><\/p>\n<p>30\u00aa parte 571-594<\/p>\n<p><strong><a title=\"Padeceu sob P\u00f4ncio Pilatos. Jesus e Israel: a Lei, o Templo e a F\u00e9 no Deus \u00fanico e Salvador\" href=\"http:\/\/www.oarcanjo.net\/site\/wp-content\/uploads\/EstudoCatecismo-30Tema-n571-594.pdf\" target=\"_blank\">Padeceu sob P\u00f4ncio Pilatos. Jesus e Israel: a Lei, o Templo e a F\u00e9 no Deus \u00fanico e Salvador<\/a><\/strong><\/p>\n<p>31\u00aa parte 595-623<\/p>\n<p><strong><a title=\"Jesus morreu crucificado\" href=\"http:\/\/www.oarcanjo.net\/site\/wp-content\/uploads\/EstudoCatecismo-31Tema-n595-623.pdf\" target=\"_blank\">Jesus morreu crucificado<\/a><\/strong><\/p>\n<p>32\u00aa parte 624-630<\/p>\n<p><strong><a title=\"Jesus Cristo foi sepultado\" href=\"http:\/\/www.oarcanjo.net\/site\/wp-content\/uploads\/EstudoCatecismo-32Tema-n624-630.pdf\" target=\"_blank\">Jesus Cristo foi sepultado<\/a><\/strong><\/p>\n<p>33\u00aa parte -A &#8211; 631-637<\/p>\n<p><strong><a title=\"Desceu aos infernos\" href=\"http:\/\/www.oarcanjo.net\/site\/wp-content\/uploads\/EstudoCatecismo-33ATema-n631-637.pdf\" target=\"_blank\">Desceu aos infernos<\/a><\/strong><\/p>\n<p>33\u00aa parte -B &#8211; 638-647<\/p>\n<p><strong><a title=\"Ressurrei\u00e7\u00e3o: evento hist\u00f3rico e transcendente\" href=\"http:\/\/www.oarcanjo.net\/site\/wp-content\/uploads\/EstudoCatecismo-33BTema-n638-647.pdf\" target=\"_blank\">Ressurrei\u00e7\u00e3o: evento hist\u00f3rico e transcendente<\/a><\/strong><\/p>\n<p>34\u00aa parte &#8211; 648-667<\/p>\n<p><strong><a title=\"A Ressurrei\u00e7\u00e3o de Jesus\" href=\"http:\/\/www.oarcanjo.net\/site\/wp-content\/uploads\/EstudoCatecismo-34Tema-n648-667.pdf\" target=\"_blank\">A Ressurrei\u00e7\u00e3o de Jesus<\/a><\/strong><\/p>\n<div id=\"themify_builder_content-20532\" data-postid=\"20532\" class=\"themify_builder_content themify_builder_content-20532 themify_builder themify_builder_front\">\n\t<\/div>\n<!-- \/themify_builder_content -->","protected":false},"excerpt":{"rendered":"<p>Fonte: site da Arquidiocese de S\u00e3o Paulo O bispo auxiliar da Arquidiocese de S\u00e3o Paulo e vig\u00e1rio da Regi\u00e3o Episcopal Lapa, dom Julio Endi Akamine, preparou um estudo dirigido do Catecismo da Igreja Cat\u00f3lica (CIC) &#8211; par\u00e1grafos 26-1065, em 54 temas para serem lidos e estudados durante o Ano da F\u00e9. Na apresenta\u00e7\u00e3o, o bispo [&hellip;]<\/p>\n","protected":false},"author":5,"featured_media":0,"comment_status":"open","ping_status":"open","sticky":false,"template":"","format":"standard","meta":{"ngg_post_thumbnail":0,"footnotes":""},"categories":[2153,3],"tags":[2523,2349,2489,2988,2438,2332,2334,2563,2437,2870,2333,2825,2766,2564,2663,2476,2477,2467,2541,2331,2704,2622,2593,2401,2703,2871,2348],"yoast_head":"<!-- This site is optimized with the Yoast SEO plugin v23.5 - https:\/\/yoast.com\/wordpress\/plugins\/seo\/ -->\n<title>Subs\u00eddio de estudo do Catecismo da Igreja Cat\u00f3lica por dom Julio Endi Akamine - O Arcanjo no ar<\/title>\n<meta name=\"robots\" content=\"index, follow, max-snippet:-1, max-image-preview:large, max-video-preview:-1\" \/>\n<link rel=\"canonical\" href=\"https:\/\/www.oarcanjo.net\/site\/subsidio-de-estudo-do-catecismo-da-igreja-catolica-por-dom-julio-endi-akamine\/\" \/>\n<meta property=\"og:locale\" content=\"pt_BR\" \/>\n<meta property=\"og:type\" content=\"article\" \/>\n<meta property=\"og:title\" content=\"Subs\u00eddio de estudo do Catecismo da Igreja Cat\u00f3lica por dom Julio Endi Akamine - O Arcanjo no ar\" \/>\n<meta property=\"og:description\" content=\"Fonte: site da Arquidiocese de S\u00e3o Paulo O bispo auxiliar da Arquidiocese de S\u00e3o Paulo e vig\u00e1rio da Regi\u00e3o Episcopal Lapa, dom Julio Endi Akamine, preparou um estudo dirigido do Catecismo da Igreja Cat\u00f3lica (CIC) &#8211; par\u00e1grafos 26-1065, em 54 temas para serem lidos e estudados durante o Ano da F\u00e9. Na apresenta\u00e7\u00e3o, o bispo [&hellip;]\" \/>\n<meta property=\"og:url\" content=\"https:\/\/www.oarcanjo.net\/site\/subsidio-de-estudo-do-catecismo-da-igreja-catolica-por-dom-julio-endi-akamine\/\" \/>\n<meta property=\"og:site_name\" content=\"O Arcanjo no ar\" \/>\n<meta property=\"article:publisher\" content=\"https:\/\/www.facebook.com\/OArcanjoNoAr\/\" \/>\n<meta property=\"article:published_time\" content=\"2013-01-07T15:20:44+00:00\" \/>\n<meta property=\"article:modified_time\" content=\"2014-02-17T14:59:56+00:00\" \/>\n<meta property=\"og:image\" content=\"https:\/\/www.oarcanjo.net\/site\/wp-content\/uploads\/logo-o-arcanjo-no-ar-facebook.png\" \/>\n\t<meta property=\"og:image:width\" content=\"300\" \/>\n\t<meta property=\"og:image:height\" content=\"300\" \/>\n\t<meta property=\"og:image:type\" content=\"image\/png\" \/>\n<meta name=\"author\" content=\"editor\" \/>\n<meta name=\"twitter:card\" content=\"summary_large_image\" \/>\n<meta name=\"twitter:label1\" content=\"Escrito por\" \/>\n\t<meta name=\"twitter:data1\" content=\"editor\" \/>\n\t<meta name=\"twitter:label2\" content=\"Est. tempo de leitura\" \/>\n\t<meta name=\"twitter:data2\" content=\"3 minutos\" \/>\n<script type=\"application\/ld+json\" class=\"yoast-schema-graph\">{\"@context\":\"https:\/\/schema.org\",\"@graph\":[{\"@type\":\"Article\",\"@id\":\"https:\/\/www.oarcanjo.net\/site\/subsidio-de-estudo-do-catecismo-da-igreja-catolica-por-dom-julio-endi-akamine\/#article\",\"isPartOf\":{\"@id\":\"https:\/\/www.oarcanjo.net\/site\/subsidio-de-estudo-do-catecismo-da-igreja-catolica-por-dom-julio-endi-akamine\/\"},\"author\":{\"name\":\"editor\",\"@id\":\"https:\/\/www.oarcanjo.net\/site\/#\/schema\/person\/f7024d007863202483a31326673a0838\"},\"headline\":\"Subs\u00eddio de estudo do Catecismo da Igreja Cat\u00f3lica por dom Julio Endi Akamine\",\"datePublished\":\"2013-01-07T15:20:44+00:00\",\"dateModified\":\"2014-02-17T14:59:56+00:00\",\"mainEntityOfPage\":{\"@id\":\"https:\/\/www.oarcanjo.net\/site\/subsidio-de-estudo-do-catecismo-da-igreja-catolica-por-dom-julio-endi-akamine\/\"},\"wordCount\":577,\"commentCount\":4,\"publisher\":{\"@id\":\"https:\/\/www.oarcanjo.net\/site\/#organization\"},\"keywords\":[\"'Creio no Filho \u00fanico de Deus'. O 'Senhor'\",\"A interpreta\u00e7\u00e3o da heran\u00e7a da F\u00e9\",\"A queda: a realidade do pecado e a queda dos anjos\",\"A Ressurrei\u00e7\u00e3o de Jesus\",\"A revela\u00e7\u00e3o da Trindade\",\"A revela\u00e7\u00e3o de Deus\",\"Catecismo da Igreja Cat\u00f3lica (CIC)\",\"Concebido pelo poder do Esp\u00edrito Santo\",\"Creio em Deus\",\"Desceu aos infernos\\\"\",\"Dom Julio Endi Akamine\",\"Jesus Cristo foi sepultado\",\"Jesus morreu crucificado\",\"nascido da Virgem Maria\",\"O an\u00fancio do Reino. A transfigura\u00e7\u00e3o. A subida a Jerusalem. A entrada Messi\u00e2nica em Jerusal\u00e9m\",\"O c\u00e9u a terra: O mundo vis\u00edvel\",\"O c\u00e9u e a terra: Os anjos\",\"O Criador - Mist\u00e9rio da cria\u00e7\u00e3o e provid\u00eancia\",\"O Filho de Deus se fez Homem\",\"O homem \u00e9 capaz de Deus\",\"o Templo e a F\u00e9 no Deus \u00fanico e Salvador\",\"Os mist\u00e9rios da inf\u00e2ncia e da vida p\u00fablica. Os mist\u00e9rios da vida p\u00fablica\",\"Os mist\u00e9rios da vida de Cristo\",\"Os s\u00edmbolos da F\u00e9\",\"Padeceu sob P\u00f4ncio Pilatos. Jesus e Israel: a Lei\",\"Ressurrei\u00e7\u00e3o: evento hist\u00f3rico e transcendente\",\"Tradi\u00e7\u00e3o Apost\u00f3lica e sua rela\u00e7\u00e3o com a Sagrada Escritura\"],\"articleSection\":[\"Ano da F\u00e9\",\"Destaques\"],\"inLanguage\":\"pt-BR\",\"potentialAction\":[{\"@type\":\"CommentAction\",\"name\":\"Comment\",\"target\":[\"https:\/\/www.oarcanjo.net\/site\/subsidio-de-estudo-do-catecismo-da-igreja-catolica-por-dom-julio-endi-akamine\/#respond\"]}]},{\"@type\":\"WebPage\",\"@id\":\"https:\/\/www.oarcanjo.net\/site\/subsidio-de-estudo-do-catecismo-da-igreja-catolica-por-dom-julio-endi-akamine\/\",\"url\":\"https:\/\/www.oarcanjo.net\/site\/subsidio-de-estudo-do-catecismo-da-igreja-catolica-por-dom-julio-endi-akamine\/\",\"name\":\"Subs\u00eddio de estudo do Catecismo da Igreja Cat\u00f3lica por dom Julio Endi Akamine - O Arcanjo no ar\",\"isPartOf\":{\"@id\":\"https:\/\/www.oarcanjo.net\/site\/#website\"},\"datePublished\":\"2013-01-07T15:20:44+00:00\",\"dateModified\":\"2014-02-17T14:59:56+00:00\",\"breadcrumb\":{\"@id\":\"https:\/\/www.oarcanjo.net\/site\/subsidio-de-estudo-do-catecismo-da-igreja-catolica-por-dom-julio-endi-akamine\/#breadcrumb\"},\"inLanguage\":\"pt-BR\",\"potentialAction\":[{\"@type\":\"ReadAction\",\"target\":[\"https:\/\/www.oarcanjo.net\/site\/subsidio-de-estudo-do-catecismo-da-igreja-catolica-por-dom-julio-endi-akamine\/\"]}]},{\"@type\":\"BreadcrumbList\",\"@id\":\"https:\/\/www.oarcanjo.net\/site\/subsidio-de-estudo-do-catecismo-da-igreja-catolica-por-dom-julio-endi-akamine\/#breadcrumb\",\"itemListElement\":[{\"@type\":\"ListItem\",\"position\":1,\"name\":\"In\u00edcio\",\"item\":\"https:\/\/www.oarcanjo.net\/site\/\"},{\"@type\":\"ListItem\",\"position\":2,\"name\":\"Subs\u00eddio de estudo do Catecismo da Igreja Cat\u00f3lica por dom Julio Endi Akamine\"}]},{\"@type\":\"WebSite\",\"@id\":\"https:\/\/www.oarcanjo.net\/site\/#website\",\"url\":\"https:\/\/www.oarcanjo.net\/site\/\",\"name\":\"O Arcanjo no ar\",\"description\":\"Site da Par\u00f3quia S\u00e3o Miguel Arcanjo (Arquidiocese de SP)\",\"publisher\":{\"@id\":\"https:\/\/www.oarcanjo.net\/site\/#organization\"},\"potentialAction\":[{\"@type\":\"SearchAction\",\"target\":{\"@type\":\"EntryPoint\",\"urlTemplate\":\"https:\/\/www.oarcanjo.net\/site\/?s={search_term_string}\"},\"query-input\":{\"@type\":\"PropertyValueSpecification\",\"valueRequired\":true,\"valueName\":\"search_term_string\"}}],\"inLanguage\":\"pt-BR\"},{\"@type\":\"Organization\",\"@id\":\"https:\/\/www.oarcanjo.net\/site\/#organization\",\"name\":\"Par\u00f3quia S\u00e3o Miguel Arcanjo\",\"url\":\"https:\/\/www.oarcanjo.net\/site\/\",\"logo\":{\"@type\":\"ImageObject\",\"inLanguage\":\"pt-BR\",\"@id\":\"https:\/\/www.oarcanjo.net\/site\/#\/schema\/logo\/image\/\",\"url\":\"https:\/\/www.oarcanjo.net\/site\/wp-content\/uploads\/LogoOArcanjo.png\",\"contentUrl\":\"https:\/\/www.oarcanjo.net\/site\/wp-content\/uploads\/LogoOArcanjo.png\",\"width\":319,\"height\":99,\"caption\":\"Par\u00f3quia S\u00e3o Miguel Arcanjo\"},\"image\":{\"@id\":\"https:\/\/www.oarcanjo.net\/site\/#\/schema\/logo\/image\/\"},\"sameAs\":[\"https:\/\/www.facebook.com\/OArcanjoNoAr\/\"]},{\"@type\":\"Person\",\"@id\":\"https:\/\/www.oarcanjo.net\/site\/#\/schema\/person\/f7024d007863202483a31326673a0838\",\"name\":\"editor\",\"sameAs\":[\"http:\/\/www.oarcanjo.net\"]}]}<\/script>\n<!-- \/ Yoast SEO plugin. -->","yoast_head_json":{"title":"Subs\u00eddio de estudo do Catecismo da Igreja Cat\u00f3lica por dom Julio Endi Akamine - O Arcanjo no ar","robots":{"index":"index","follow":"follow","max-snippet":"max-snippet:-1","max-image-preview":"max-image-preview:large","max-video-preview":"max-video-preview:-1"},"canonical":"https:\/\/www.oarcanjo.net\/site\/subsidio-de-estudo-do-catecismo-da-igreja-catolica-por-dom-julio-endi-akamine\/","og_locale":"pt_BR","og_type":"article","og_title":"Subs\u00eddio de estudo do Catecismo da Igreja Cat\u00f3lica por dom Julio Endi Akamine - O Arcanjo no ar","og_description":"Fonte: site da Arquidiocese de S\u00e3o Paulo O bispo auxiliar da Arquidiocese de S\u00e3o Paulo e vig\u00e1rio da Regi\u00e3o Episcopal Lapa, dom Julio Endi Akamine, preparou um estudo dirigido do Catecismo da Igreja Cat\u00f3lica (CIC) &#8211; par\u00e1grafos 26-1065, em 54 temas para serem lidos e estudados durante o Ano da F\u00e9. Na apresenta\u00e7\u00e3o, o bispo [&hellip;]","og_url":"https:\/\/www.oarcanjo.net\/site\/subsidio-de-estudo-do-catecismo-da-igreja-catolica-por-dom-julio-endi-akamine\/","og_site_name":"O Arcanjo no ar","article_publisher":"https:\/\/www.facebook.com\/OArcanjoNoAr\/","article_published_time":"2013-01-07T15:20:44+00:00","article_modified_time":"2014-02-17T14:59:56+00:00","og_image":[{"width":300,"height":300,"url":"https:\/\/www.oarcanjo.net\/site\/wp-content\/uploads\/logo-o-arcanjo-no-ar-facebook.png","type":"image\/png"}],"author":"editor","twitter_card":"summary_large_image","twitter_misc":{"Escrito por":"editor","Est. tempo de leitura":"3 minutos"},"schema":{"@context":"https:\/\/schema.org","@graph":[{"@type":"Article","@id":"https:\/\/www.oarcanjo.net\/site\/subsidio-de-estudo-do-catecismo-da-igreja-catolica-por-dom-julio-endi-akamine\/#article","isPartOf":{"@id":"https:\/\/www.oarcanjo.net\/site\/subsidio-de-estudo-do-catecismo-da-igreja-catolica-por-dom-julio-endi-akamine\/"},"author":{"name":"editor","@id":"https:\/\/www.oarcanjo.net\/site\/#\/schema\/person\/f7024d007863202483a31326673a0838"},"headline":"Subs\u00eddio de estudo do Catecismo da Igreja Cat\u00f3lica por dom Julio Endi Akamine","datePublished":"2013-01-07T15:20:44+00:00","dateModified":"2014-02-17T14:59:56+00:00","mainEntityOfPage":{"@id":"https:\/\/www.oarcanjo.net\/site\/subsidio-de-estudo-do-catecismo-da-igreja-catolica-por-dom-julio-endi-akamine\/"},"wordCount":577,"commentCount":4,"publisher":{"@id":"https:\/\/www.oarcanjo.net\/site\/#organization"},"keywords":["'Creio no Filho \u00fanico de Deus'. O 'Senhor'","A interpreta\u00e7\u00e3o da heran\u00e7a da F\u00e9","A queda: a realidade do pecado e a queda dos anjos","A Ressurrei\u00e7\u00e3o de Jesus","A revela\u00e7\u00e3o da Trindade","A revela\u00e7\u00e3o de Deus","Catecismo da Igreja Cat\u00f3lica (CIC)","Concebido pelo poder do Esp\u00edrito Santo","Creio em Deus","Desceu aos infernos\"","Dom Julio Endi Akamine","Jesus Cristo foi sepultado","Jesus morreu crucificado","nascido da Virgem Maria","O an\u00fancio do Reino. A transfigura\u00e7\u00e3o. A subida a Jerusalem. A entrada Messi\u00e2nica em Jerusal\u00e9m","O c\u00e9u a terra: O mundo vis\u00edvel","O c\u00e9u e a terra: Os anjos","O Criador - Mist\u00e9rio da cria\u00e7\u00e3o e provid\u00eancia","O Filho de Deus se fez Homem","O homem \u00e9 capaz de Deus","o Templo e a F\u00e9 no Deus \u00fanico e Salvador","Os mist\u00e9rios da inf\u00e2ncia e da vida p\u00fablica. Os mist\u00e9rios da vida p\u00fablica","Os mist\u00e9rios da vida de Cristo","Os s\u00edmbolos da F\u00e9","Padeceu sob P\u00f4ncio Pilatos. Jesus e Israel: a Lei","Ressurrei\u00e7\u00e3o: evento hist\u00f3rico e transcendente","Tradi\u00e7\u00e3o Apost\u00f3lica e sua rela\u00e7\u00e3o com a Sagrada Escritura"],"articleSection":["Ano da F\u00e9","Destaques"],"inLanguage":"pt-BR","potentialAction":[{"@type":"CommentAction","name":"Comment","target":["https:\/\/www.oarcanjo.net\/site\/subsidio-de-estudo-do-catecismo-da-igreja-catolica-por-dom-julio-endi-akamine\/#respond"]}]},{"@type":"WebPage","@id":"https:\/\/www.oarcanjo.net\/site\/subsidio-de-estudo-do-catecismo-da-igreja-catolica-por-dom-julio-endi-akamine\/","url":"https:\/\/www.oarcanjo.net\/site\/subsidio-de-estudo-do-catecismo-da-igreja-catolica-por-dom-julio-endi-akamine\/","name":"Subs\u00eddio de estudo do Catecismo da Igreja Cat\u00f3lica por dom Julio Endi Akamine - O Arcanjo no ar","isPartOf":{"@id":"https:\/\/www.oarcanjo.net\/site\/#website"},"datePublished":"2013-01-07T15:20:44+00:00","dateModified":"2014-02-17T14:59:56+00:00","breadcrumb":{"@id":"https:\/\/www.oarcanjo.net\/site\/subsidio-de-estudo-do-catecismo-da-igreja-catolica-por-dom-julio-endi-akamine\/#breadcrumb"},"inLanguage":"pt-BR","potentialAction":[{"@type":"ReadAction","target":["https:\/\/www.oarcanjo.net\/site\/subsidio-de-estudo-do-catecismo-da-igreja-catolica-por-dom-julio-endi-akamine\/"]}]},{"@type":"BreadcrumbList","@id":"https:\/\/www.oarcanjo.net\/site\/subsidio-de-estudo-do-catecismo-da-igreja-catolica-por-dom-julio-endi-akamine\/#breadcrumb","itemListElement":[{"@type":"ListItem","position":1,"name":"In\u00edcio","item":"https:\/\/www.oarcanjo.net\/site\/"},{"@type":"ListItem","position":2,"name":"Subs\u00eddio de estudo do Catecismo da Igreja Cat\u00f3lica por dom Julio Endi Akamine"}]},{"@type":"WebSite","@id":"https:\/\/www.oarcanjo.net\/site\/#website","url":"https:\/\/www.oarcanjo.net\/site\/","name":"O Arcanjo no ar","description":"Site da Par\u00f3quia S\u00e3o Miguel Arcanjo (Arquidiocese de SP)","publisher":{"@id":"https:\/\/www.oarcanjo.net\/site\/#organization"},"potentialAction":[{"@type":"SearchAction","target":{"@type":"EntryPoint","urlTemplate":"https:\/\/www.oarcanjo.net\/site\/?s={search_term_string}"},"query-input":{"@type":"PropertyValueSpecification","valueRequired":true,"valueName":"search_term_string"}}],"inLanguage":"pt-BR"},{"@type":"Organization","@id":"https:\/\/www.oarcanjo.net\/site\/#organization","name":"Par\u00f3quia S\u00e3o Miguel Arcanjo","url":"https:\/\/www.oarcanjo.net\/site\/","logo":{"@type":"ImageObject","inLanguage":"pt-BR","@id":"https:\/\/www.oarcanjo.net\/site\/#\/schema\/logo\/image\/","url":"https:\/\/www.oarcanjo.net\/site\/wp-content\/uploads\/LogoOArcanjo.png","contentUrl":"https:\/\/www.oarcanjo.net\/site\/wp-content\/uploads\/LogoOArcanjo.png","width":319,"height":99,"caption":"Par\u00f3quia S\u00e3o Miguel Arcanjo"},"image":{"@id":"https:\/\/www.oarcanjo.net\/site\/#\/schema\/logo\/image\/"},"sameAs":["https:\/\/www.facebook.com\/OArcanjoNoAr\/"]},{"@type":"Person","@id":"https:\/\/www.oarcanjo.net\/site\/#\/schema\/person\/f7024d007863202483a31326673a0838","name":"editor","sameAs":["http:\/\/www.oarcanjo.net"]}]}},"publishpress_future_action":{"enabled":false,"date":"2026-05-09 06:07:50","action":"category","newStatus":"draft","terms":[],"taxonomy":"category"},"publishpress_future_workflow_manual_trigger":{"enabledWorkflows":[]},"_links":{"self":[{"href":"https:\/\/www.oarcanjo.net\/site\/wp-json\/wp\/v2\/posts\/20532"}],"collection":[{"href":"https:\/\/www.oarcanjo.net\/site\/wp-json\/wp\/v2\/posts"}],"about":[{"href":"https:\/\/www.oarcanjo.net\/site\/wp-json\/wp\/v2\/types\/post"}],"author":[{"embeddable":true,"href":"https:\/\/www.oarcanjo.net\/site\/wp-json\/wp\/v2\/users\/5"}],"replies":[{"embeddable":true,"href":"https:\/\/www.oarcanjo.net\/site\/wp-json\/wp\/v2\/comments?post=20532"}],"version-history":[{"count":0,"href":"https:\/\/www.oarcanjo.net\/site\/wp-json\/wp\/v2\/posts\/20532\/revisions"}],"wp:attachment":[{"href":"https:\/\/www.oarcanjo.net\/site\/wp-json\/wp\/v2\/media?parent=20532"}],"wp:term":[{"taxonomy":"category","embeddable":true,"href":"https:\/\/www.oarcanjo.net\/site\/wp-json\/wp\/v2\/categories?post=20532"},{"taxonomy":"post_tag","embeddable":true,"href":"https:\/\/www.oarcanjo.net\/site\/wp-json\/wp\/v2\/tags?post=20532"}],"curies":[{"name":"wp","href":"https:\/\/api.w.org\/{rel}","templated":true}]}}