
{"id":20553,"date":"2013-01-04T13:32:09","date_gmt":"2013-01-04T15:32:09","guid":{"rendered":"http:\/\/www.oarcanjo.net\/site\/?p=20553"},"modified":"2013-01-07T13:33:59","modified_gmt":"2013-01-07T15:33:59","slug":"quem-nos-vai-trazer-a-paz","status":"publish","type":"post","link":"https:\/\/www.oarcanjo.net\/site\/quem-nos-vai-trazer-a-paz\/","title":{"rendered":"Quem nos vai trazer a paz?"},"content":{"rendered":"<p>No in\u00edcio do novo ano, brotam de todos os l\u00e1bios espont\u00e2neos e efusivos votos de felicidade e de paz. Nada mais normal, pois olhamos para o futuro com esperan\u00e7a e gostar\u00edamos que os males e trag\u00e9dias do passado n\u00e3o nos acompanhassem na passagem para o tempo novo.<\/p>\n<p>De onde, por\u00e9m, nos pode vir a paz? Como n\u00f3s imaginamos a paz? Guardada em algum lugar, embalada e prontinha para nosso uso e consumo? Ou, talvez, ela dependa da invoca\u00e7\u00e3o de \u201cbons fluidos\u201d, de alguma energia c\u00f3smica, a ser acordada e atra\u00edda com o foguet\u00f3rio bonito, mas extremamente poluidor, da meia noite de 31 de dezembro? Depende das boas gra\u00e7as de divindades, donas da paz, que nos podem conceder, se bem quiserem, um pouquinho dela?<\/p>\n<p>Na sua mensagem para o 46\u00ba Dia Mundial da Paz, que a Igreja Cat\u00f3lica celebra todos os anos no dia 1\u00ba de janeiro, o papa Bento 16 nos lembra a promessa de Jesus: <em>\u201cbem-aventurados os promotores da paz; eles ser\u00e3o chamados filhos de Deus&#8221;<\/em> (Mt 5,9). Ele, Jesus, que veio ao mundo como o Pr\u00edncipe da Paz, nos convida a sermos ativos obreiros da paz. No dizer de S\u00e3o Paulo,<em> \u201cEle mesmo \u00e9 a nossa paz\u201d<\/em>, que veio em nome do Deus da Paz para reconciliar a humanidade com Deus e entre si. A paz n\u00e3o \u00e9 fruto de um passe de m\u00e1gica, mas de atitudes coerentes e do esfor\u00e7o de todos e de cada um.<\/p>\n<p>Verdadeira paz neste mundo j\u00e1 \u00e9 poss\u00edvel, sobretudo para quem tem f\u00e9 em Deus. O fundamento \u00faltimo e o sustento inabal\u00e1vel da paz \u00e9 o pr\u00f3prio Deus; e quem est\u00e1 firme em Deus pode ser operador esperan\u00e7oso e perseverante da paz. O Deus da paz vem em socorro de todos os construtores da paz e os reconhece como seus filhos: <em>\u201cser\u00e3o chamados filhos de Deus\u201d<\/em>.<\/p>\n<p>V\u00e1rios fatores s\u00e3o determinantes e devem ser cultivados pelo homem para que haja a possibilidade da paz. Para come\u00e7ar, a pr\u00f3pria religi\u00e3o deve servir \u00e0 paz; contrariamente, se ela for usada como instrumento ideol\u00f3gico para a viol\u00eancia, ou como manifesta\u00e7\u00e3o fan\u00e1tica e fundamentalista contra os outros, ent\u00e3o ela n\u00e3o \u00e9 verdadeira nem presta culto a Deus; nesse caso, \u00e9 um desvio da religi\u00e3o, uma esp\u00e9cie de enfermidade religiosa.<\/p>\n<p>Os obreiros da paz precisam estar empenhados na obra da justi\u00e7a \u2013<em> \u201cfruto da justi\u00e7a \u00e9 a paz\u201d<\/em> \u2013 e na busca da verdade. Sem esses dois fundamentos n\u00e3o haver\u00e1 paz verdadeira e est\u00e1vel. Da justi\u00e7a decorre o respeito pelos direitos humanos e pela dignidade inalien\u00e1vel de cada ser humano; o Papa faz refer\u00eancia \u00e0 justi\u00e7a econ\u00f4mica, em \u00e2mbito local e mundial; ao respeito pela vida das pessoas, em todas as fases da exist\u00eancia; como pode haver paz se o ser humano \u00e9 humilhado, desrespeitado, desprezado, violentado, at\u00e9 mesmo no seu direito mais fundamental, que \u00e9 o de viver?<\/p>\n<p>A paz requer, al\u00e9m disso, a supera\u00e7\u00e3o de h\u00e1bitos e estilos de vida que comprometem o conv\u00edvio pac\u00edfico: o ego\u00edsmo e o individualismo frios, insens\u00edveis \u00e0s necessidades e sofrimentos alheios; e requer o cultivo de atitudes positivas, como a solidariedade, a bondade, a capacidade de perd\u00e3o e reconcilia\u00e7\u00e3o, a gratuidade no servi\u00e7o ao pr\u00f3ximo, especialmente aos mais necessitados. Requer, enfim, respeito pela natureza, em vez da apropria\u00e7\u00e3o e explora\u00e7\u00e3o individualista dos bens dessa nossa \u201ccasa comum\u201d.<\/p>\n<p>Enfim, recorda o Papa, \u00e9 preciso buscar a paz com perseveran\u00e7a e idealismo: a paz \u00e9 poss\u00edvel, mas depende de uma cultura da paz, que se suscita e desenvolve mediante um processo envolvente de educa\u00e7\u00e3o, que chama em causa todas as pessoas e agentes da vida social: institui\u00e7\u00f5es pol\u00edticas, organiza\u00e7\u00f5es da sociedade civil, organiza\u00e7\u00f5es culturais, educacionais, religiosas&#8230; Muita educa\u00e7\u00e3o para a paz pode dar mais chances \u00e0 paz. Fam\u00edlia e escola t\u00eam um papel preponderante na educa\u00e7\u00e3o para a paz. H\u00e1bitos e atitudes violentas e antissociais s\u00e3o aprendidas; mas, tamb\u00e9m, as convic\u00e7\u00f5es, h\u00e1bitos e atitudes de paz.<\/p>\n<p>Desejo a todos os leitores um feliz e aben\u00e7oado ano de 2013. Seja um ano de paz para todos! Sejamos todos \u201cobreiros da paz\u201d.<\/p>\n<p><em>Publicado em O S\u00c3O PAULO, ed. de 03\/01\/2013<\/em><br \/>\n<em><span style=\"color: #11776d;\"><span style=\"color: #000000;\">Cardeal Odilo Pedro Scherer<\/span><br \/>\n<span style=\"color: #000000;\">Arcebispo de S\u00e3o Paulo<\/span><br \/>\n<\/span><a title=\"@DomOdiloScherer\" href=\"http:\/\/twitter.com\/DomOdiloScherer\" target=\"_blank\">@DomOdiloScherer<\/a><\/em><\/p>\n<div id=\"themify_builder_content-20553\" data-postid=\"20553\" class=\"themify_builder_content themify_builder_content-20553 themify_builder themify_builder_front\">\n\t<\/div>\n<!-- \/themify_builder_content -->","protected":false},"excerpt":{"rendered":"<p>No in\u00edcio do novo ano, brotam de todos os l\u00e1bios espont\u00e2neos e efusivos votos de felicidade e de paz. Nada mais normal, pois olhamos para o futuro com esperan\u00e7a e gostar\u00edamos que os males e trag\u00e9dias do passado n\u00e3o nos acompanhassem na passagem para o tempo novo. De onde, por\u00e9m, nos pode vir a paz? [&hellip;]<\/p>\n","protected":false},"author":5,"featured_media":0,"comment_status":"open","ping_status":"open","sticky":false,"template":"","format":"standard","meta":{"ngg_post_thumbnail":0,"footnotes":""},"categories":[9],"tags":[2350,2351,167],"yoast_head":"<!-- This site is optimized with the Yoast SEO plugin v23.5 - https:\/\/yoast.com\/wordpress\/plugins\/seo\/ -->\n<title>Quem nos vai trazer a paz? - O Arcanjo no ar<\/title>\n<meta name=\"robots\" content=\"index, follow, max-snippet:-1, max-image-preview:large, max-video-preview:-1\" \/>\n<link rel=\"canonical\" href=\"https:\/\/www.oarcanjo.net\/site\/quem-nos-vai-trazer-a-paz\/\" \/>\n<meta property=\"og:locale\" content=\"pt_BR\" \/>\n<meta property=\"og:type\" content=\"article\" \/>\n<meta property=\"og:title\" content=\"Quem nos vai trazer a paz? - O Arcanjo no ar\" \/>\n<meta property=\"og:description\" content=\"No in\u00edcio do novo ano, brotam de todos os l\u00e1bios espont\u00e2neos e efusivos votos de felicidade e de paz. Nada mais normal, pois olhamos para o futuro com esperan\u00e7a e gostar\u00edamos que os males e trag\u00e9dias do passado n\u00e3o nos acompanhassem na passagem para o tempo novo. De onde, por\u00e9m, nos pode vir a paz? [&hellip;]\" \/>\n<meta property=\"og:url\" content=\"https:\/\/www.oarcanjo.net\/site\/quem-nos-vai-trazer-a-paz\/\" \/>\n<meta property=\"og:site_name\" content=\"O Arcanjo no ar\" \/>\n<meta property=\"article:publisher\" content=\"https:\/\/www.facebook.com\/OArcanjoNoAr\/\" \/>\n<meta property=\"article:published_time\" content=\"2013-01-04T15:32:09+00:00\" \/>\n<meta property=\"article:modified_time\" content=\"2013-01-07T15:33:59+00:00\" \/>\n<meta property=\"og:image\" content=\"https:\/\/www.oarcanjo.net\/site\/wp-content\/uploads\/logo-o-arcanjo-no-ar-facebook.png\" \/>\n\t<meta property=\"og:image:width\" content=\"300\" \/>\n\t<meta property=\"og:image:height\" content=\"300\" \/>\n\t<meta property=\"og:image:type\" content=\"image\/png\" \/>\n<meta name=\"author\" content=\"editor\" \/>\n<meta name=\"twitter:card\" content=\"summary_large_image\" \/>\n<meta name=\"twitter:label1\" content=\"Escrito por\" \/>\n\t<meta name=\"twitter:data1\" content=\"editor\" \/>\n\t<meta name=\"twitter:label2\" content=\"Est. tempo de leitura\" \/>\n\t<meta name=\"twitter:data2\" content=\"4 minutos\" \/>\n<script type=\"application\/ld+json\" class=\"yoast-schema-graph\">{\"@context\":\"https:\/\/schema.org\",\"@graph\":[{\"@type\":\"Article\",\"@id\":\"https:\/\/www.oarcanjo.net\/site\/quem-nos-vai-trazer-a-paz\/#article\",\"isPartOf\":{\"@id\":\"https:\/\/www.oarcanjo.net\/site\/quem-nos-vai-trazer-a-paz\/\"},\"author\":{\"name\":\"editor\",\"@id\":\"https:\/\/www.oarcanjo.net\/site\/#\/schema\/person\/f7024d007863202483a31326673a0838\"},\"headline\":\"Quem nos vai trazer a paz?\",\"datePublished\":\"2013-01-04T15:32:09+00:00\",\"dateModified\":\"2013-01-07T15:33:59+00:00\",\"mainEntityOfPage\":{\"@id\":\"https:\/\/www.oarcanjo.net\/site\/quem-nos-vai-trazer-a-paz\/\"},\"wordCount\":749,\"commentCount\":0,\"publisher\":{\"@id\":\"https:\/\/www.oarcanjo.net\/site\/#organization\"},\"keywords\":[\"46\u00ba Dia Mundial da Paz\",\"Obreiros da paz\",\"paz\"],\"articleSection\":[\"Reflex\u00f5es\"],\"inLanguage\":\"pt-BR\",\"potentialAction\":[{\"@type\":\"CommentAction\",\"name\":\"Comment\",\"target\":[\"https:\/\/www.oarcanjo.net\/site\/quem-nos-vai-trazer-a-paz\/#respond\"]}]},{\"@type\":\"WebPage\",\"@id\":\"https:\/\/www.oarcanjo.net\/site\/quem-nos-vai-trazer-a-paz\/\",\"url\":\"https:\/\/www.oarcanjo.net\/site\/quem-nos-vai-trazer-a-paz\/\",\"name\":\"Quem nos vai trazer a paz? - O Arcanjo no ar\",\"isPartOf\":{\"@id\":\"https:\/\/www.oarcanjo.net\/site\/#website\"},\"datePublished\":\"2013-01-04T15:32:09+00:00\",\"dateModified\":\"2013-01-07T15:33:59+00:00\",\"breadcrumb\":{\"@id\":\"https:\/\/www.oarcanjo.net\/site\/quem-nos-vai-trazer-a-paz\/#breadcrumb\"},\"inLanguage\":\"pt-BR\",\"potentialAction\":[{\"@type\":\"ReadAction\",\"target\":[\"https:\/\/www.oarcanjo.net\/site\/quem-nos-vai-trazer-a-paz\/\"]}]},{\"@type\":\"BreadcrumbList\",\"@id\":\"https:\/\/www.oarcanjo.net\/site\/quem-nos-vai-trazer-a-paz\/#breadcrumb\",\"itemListElement\":[{\"@type\":\"ListItem\",\"position\":1,\"name\":\"In\u00edcio\",\"item\":\"https:\/\/www.oarcanjo.net\/site\/\"},{\"@type\":\"ListItem\",\"position\":2,\"name\":\"Quem nos vai trazer a paz?\"}]},{\"@type\":\"WebSite\",\"@id\":\"https:\/\/www.oarcanjo.net\/site\/#website\",\"url\":\"https:\/\/www.oarcanjo.net\/site\/\",\"name\":\"O Arcanjo no ar\",\"description\":\"Site da Par\u00f3quia S\u00e3o Miguel Arcanjo (Arquidiocese de SP)\",\"publisher\":{\"@id\":\"https:\/\/www.oarcanjo.net\/site\/#organization\"},\"potentialAction\":[{\"@type\":\"SearchAction\",\"target\":{\"@type\":\"EntryPoint\",\"urlTemplate\":\"https:\/\/www.oarcanjo.net\/site\/?s={search_term_string}\"},\"query-input\":{\"@type\":\"PropertyValueSpecification\",\"valueRequired\":true,\"valueName\":\"search_term_string\"}}],\"inLanguage\":\"pt-BR\"},{\"@type\":\"Organization\",\"@id\":\"https:\/\/www.oarcanjo.net\/site\/#organization\",\"name\":\"Par\u00f3quia S\u00e3o Miguel Arcanjo\",\"url\":\"https:\/\/www.oarcanjo.net\/site\/\",\"logo\":{\"@type\":\"ImageObject\",\"inLanguage\":\"pt-BR\",\"@id\":\"https:\/\/www.oarcanjo.net\/site\/#\/schema\/logo\/image\/\",\"url\":\"https:\/\/www.oarcanjo.net\/site\/wp-content\/uploads\/LogoOArcanjo.png\",\"contentUrl\":\"https:\/\/www.oarcanjo.net\/site\/wp-content\/uploads\/LogoOArcanjo.png\",\"width\":319,\"height\":99,\"caption\":\"Par\u00f3quia S\u00e3o Miguel Arcanjo\"},\"image\":{\"@id\":\"https:\/\/www.oarcanjo.net\/site\/#\/schema\/logo\/image\/\"},\"sameAs\":[\"https:\/\/www.facebook.com\/OArcanjoNoAr\/\"]},{\"@type\":\"Person\",\"@id\":\"https:\/\/www.oarcanjo.net\/site\/#\/schema\/person\/f7024d007863202483a31326673a0838\",\"name\":\"editor\",\"sameAs\":[\"http:\/\/www.oarcanjo.net\"]}]}<\/script>\n<!-- \/ Yoast SEO plugin. -->","yoast_head_json":{"title":"Quem nos vai trazer a paz? - O Arcanjo no ar","robots":{"index":"index","follow":"follow","max-snippet":"max-snippet:-1","max-image-preview":"max-image-preview:large","max-video-preview":"max-video-preview:-1"},"canonical":"https:\/\/www.oarcanjo.net\/site\/quem-nos-vai-trazer-a-paz\/","og_locale":"pt_BR","og_type":"article","og_title":"Quem nos vai trazer a paz? - O Arcanjo no ar","og_description":"No in\u00edcio do novo ano, brotam de todos os l\u00e1bios espont\u00e2neos e efusivos votos de felicidade e de paz. Nada mais normal, pois olhamos para o futuro com esperan\u00e7a e gostar\u00edamos que os males e trag\u00e9dias do passado n\u00e3o nos acompanhassem na passagem para o tempo novo. De onde, por\u00e9m, nos pode vir a paz? [&hellip;]","og_url":"https:\/\/www.oarcanjo.net\/site\/quem-nos-vai-trazer-a-paz\/","og_site_name":"O Arcanjo no ar","article_publisher":"https:\/\/www.facebook.com\/OArcanjoNoAr\/","article_published_time":"2013-01-04T15:32:09+00:00","article_modified_time":"2013-01-07T15:33:59+00:00","og_image":[{"width":300,"height":300,"url":"https:\/\/www.oarcanjo.net\/site\/wp-content\/uploads\/logo-o-arcanjo-no-ar-facebook.png","type":"image\/png"}],"author":"editor","twitter_card":"summary_large_image","twitter_misc":{"Escrito por":"editor","Est. tempo de leitura":"4 minutos"},"schema":{"@context":"https:\/\/schema.org","@graph":[{"@type":"Article","@id":"https:\/\/www.oarcanjo.net\/site\/quem-nos-vai-trazer-a-paz\/#article","isPartOf":{"@id":"https:\/\/www.oarcanjo.net\/site\/quem-nos-vai-trazer-a-paz\/"},"author":{"name":"editor","@id":"https:\/\/www.oarcanjo.net\/site\/#\/schema\/person\/f7024d007863202483a31326673a0838"},"headline":"Quem nos vai trazer a paz?","datePublished":"2013-01-04T15:32:09+00:00","dateModified":"2013-01-07T15:33:59+00:00","mainEntityOfPage":{"@id":"https:\/\/www.oarcanjo.net\/site\/quem-nos-vai-trazer-a-paz\/"},"wordCount":749,"commentCount":0,"publisher":{"@id":"https:\/\/www.oarcanjo.net\/site\/#organization"},"keywords":["46\u00ba Dia Mundial da Paz","Obreiros da paz","paz"],"articleSection":["Reflex\u00f5es"],"inLanguage":"pt-BR","potentialAction":[{"@type":"CommentAction","name":"Comment","target":["https:\/\/www.oarcanjo.net\/site\/quem-nos-vai-trazer-a-paz\/#respond"]}]},{"@type":"WebPage","@id":"https:\/\/www.oarcanjo.net\/site\/quem-nos-vai-trazer-a-paz\/","url":"https:\/\/www.oarcanjo.net\/site\/quem-nos-vai-trazer-a-paz\/","name":"Quem nos vai trazer a paz? - O Arcanjo no ar","isPartOf":{"@id":"https:\/\/www.oarcanjo.net\/site\/#website"},"datePublished":"2013-01-04T15:32:09+00:00","dateModified":"2013-01-07T15:33:59+00:00","breadcrumb":{"@id":"https:\/\/www.oarcanjo.net\/site\/quem-nos-vai-trazer-a-paz\/#breadcrumb"},"inLanguage":"pt-BR","potentialAction":[{"@type":"ReadAction","target":["https:\/\/www.oarcanjo.net\/site\/quem-nos-vai-trazer-a-paz\/"]}]},{"@type":"BreadcrumbList","@id":"https:\/\/www.oarcanjo.net\/site\/quem-nos-vai-trazer-a-paz\/#breadcrumb","itemListElement":[{"@type":"ListItem","position":1,"name":"In\u00edcio","item":"https:\/\/www.oarcanjo.net\/site\/"},{"@type":"ListItem","position":2,"name":"Quem nos vai trazer a paz?"}]},{"@type":"WebSite","@id":"https:\/\/www.oarcanjo.net\/site\/#website","url":"https:\/\/www.oarcanjo.net\/site\/","name":"O Arcanjo no ar","description":"Site da Par\u00f3quia S\u00e3o Miguel Arcanjo (Arquidiocese de SP)","publisher":{"@id":"https:\/\/www.oarcanjo.net\/site\/#organization"},"potentialAction":[{"@type":"SearchAction","target":{"@type":"EntryPoint","urlTemplate":"https:\/\/www.oarcanjo.net\/site\/?s={search_term_string}"},"query-input":{"@type":"PropertyValueSpecification","valueRequired":true,"valueName":"search_term_string"}}],"inLanguage":"pt-BR"},{"@type":"Organization","@id":"https:\/\/www.oarcanjo.net\/site\/#organization","name":"Par\u00f3quia S\u00e3o Miguel Arcanjo","url":"https:\/\/www.oarcanjo.net\/site\/","logo":{"@type":"ImageObject","inLanguage":"pt-BR","@id":"https:\/\/www.oarcanjo.net\/site\/#\/schema\/logo\/image\/","url":"https:\/\/www.oarcanjo.net\/site\/wp-content\/uploads\/LogoOArcanjo.png","contentUrl":"https:\/\/www.oarcanjo.net\/site\/wp-content\/uploads\/LogoOArcanjo.png","width":319,"height":99,"caption":"Par\u00f3quia S\u00e3o Miguel Arcanjo"},"image":{"@id":"https:\/\/www.oarcanjo.net\/site\/#\/schema\/logo\/image\/"},"sameAs":["https:\/\/www.facebook.com\/OArcanjoNoAr\/"]},{"@type":"Person","@id":"https:\/\/www.oarcanjo.net\/site\/#\/schema\/person\/f7024d007863202483a31326673a0838","name":"editor","sameAs":["http:\/\/www.oarcanjo.net"]}]}},"publishpress_future_action":{"enabled":false,"date":"2026-05-09 09:19:03","action":"category","newStatus":"draft","terms":[],"taxonomy":"category"},"publishpress_future_workflow_manual_trigger":{"enabledWorkflows":[]},"_links":{"self":[{"href":"https:\/\/www.oarcanjo.net\/site\/wp-json\/wp\/v2\/posts\/20553"}],"collection":[{"href":"https:\/\/www.oarcanjo.net\/site\/wp-json\/wp\/v2\/posts"}],"about":[{"href":"https:\/\/www.oarcanjo.net\/site\/wp-json\/wp\/v2\/types\/post"}],"author":[{"embeddable":true,"href":"https:\/\/www.oarcanjo.net\/site\/wp-json\/wp\/v2\/users\/5"}],"replies":[{"embeddable":true,"href":"https:\/\/www.oarcanjo.net\/site\/wp-json\/wp\/v2\/comments?post=20553"}],"version-history":[{"count":0,"href":"https:\/\/www.oarcanjo.net\/site\/wp-json\/wp\/v2\/posts\/20553\/revisions"}],"wp:attachment":[{"href":"https:\/\/www.oarcanjo.net\/site\/wp-json\/wp\/v2\/media?parent=20553"}],"wp:term":[{"taxonomy":"category","embeddable":true,"href":"https:\/\/www.oarcanjo.net\/site\/wp-json\/wp\/v2\/categories?post=20553"},{"taxonomy":"post_tag","embeddable":true,"href":"https:\/\/www.oarcanjo.net\/site\/wp-json\/wp\/v2\/tags?post=20553"}],"curies":[{"name":"wp","href":"https:\/\/api.w.org\/{rel}","templated":true}]}}