
{"id":2056,"date":"2009-02-25T23:37:52","date_gmt":"2009-02-26T02:37:52","guid":{"rendered":"http:\/\/www.oarcanjo.net\/site\/?p=2056"},"modified":"2009-02-26T23:40:28","modified_gmt":"2009-02-27T02:40:28","slug":"mensagem-do-papa-bento-xvi","status":"publish","type":"post","link":"https:\/\/www.oarcanjo.net\/site\/mensagem-do-papa-bento-xvi\/","title":{"rendered":"Mensagem do Papa Bento XVI"},"content":{"rendered":"<p>Ao Vener\u00e1vel Irm\u00e3o no Episcopado<br \/>\nD. Geraldo Lyrio Rocha<br \/>\nPresidente da CNBB<br \/>\nArcebispo de Mariana (MG)<\/p>\n<p>Ao iniciar o itiner\u00e1rio espiritual da Quaresma, a caminho da P\u00e1scoa da ressurrei\u00e7\u00e3o do Senhor, desejo uma vez mais aderir \u00e0 Campanha da Fraternidade que, neste ano de 2009, est\u00e1 destinada a considerar o lema &#8220;A paz \u00e9 fruto da justi\u00e7a&#8221;. \u00c9 um tempo de convers\u00e3o e de reconcilia\u00e7\u00e3o de todos os crist\u00e3os, para que as mais nobres aspira\u00e7\u00f5es do cora\u00e7\u00e3o humano possam ser satisfeitas, e prevale\u00e7a a verdadeira paz entre os povos e as comunidades.<\/p>\n<p>Meu Vener\u00e1vel predecessor, o Papa Jo\u00e3o Paulo II, no Dia Mundial da Paz de 2002, ao ressaltar precisamente que a verdadeira paz \u00e9 fruto da justi\u00e7a, fazia notar que &#8220;a justi\u00e7a humana \u00e9 sempre fr\u00e1gil e imperfeita&#8221; devendo ser &#8220;exercida e de certa maneira completada com o perd\u00e3o que cura as feridas e restabelece em profundidade as rela\u00e7\u00f5es humanas transtornadas&#8221; (n. 3).<\/p>\n<p>O Documento final de Aparecida, ao tratar do Reino de Deus e a promo\u00e7\u00e3o da dignidade humana, recordava os sinais evidentes da presen\u00e7a do Reino na viv\u00eancia pessoal e comunit\u00e1ria das Bem-aventuran\u00e7as, na evangeliza\u00e7\u00e3o dos pobres, no conhecimento e cumprimento da vontade do Pai, no mart\u00edrio por causa da f\u00e9, no acesso de todos os bens da cria\u00e7\u00e3o, e no perd\u00e3o m\u00fatuo, sincero e fraterno, aceitando e respeitando a riqueza da pluralidade, e a luta para n\u00e3o sucumbir \u00e0 tenta\u00e7\u00e3o e n\u00e3o ser escravos do mal (n. 8.1).<\/p>\n<p>A Quaresma nos convida a lutar sem esmorecimento para fazer o bem, precisamente por sabermos como \u00e9 dif\u00edcil que n\u00f3s, os homens, nos decidamos seriamente a praticar a justi\u00e7a &#8211; e ainda falta muito para que a conviv\u00eancia se inspire na paz e no amor, e n\u00e3o no \u00f3dio ou na indiferen\u00e7a. N\u00e3o ignoramos tamb\u00e9m que, embora se consiga atingir uma razo\u00e1vel distribui\u00e7\u00e3o dos bens e uma harmoniosa organiza\u00e7\u00e3o da sociedade, jamais desaparecer\u00e1 a dor da doen\u00e7a, da incompreens\u00e3o ou da solid\u00e3o, da morte das pessoas que amamos, da experi\u00eancia das nossas limita\u00e7\u00f5es.<\/p>\n<p>Nosso Senhor abomina as injusti\u00e7as e condena quem as comete. Mas respeita a liberdade de cada indiv\u00edduo e por isso permite que elas existam, pois fazem parte da condi\u00e7\u00e3o humana, ap\u00f3s o pecado original. Contudo, seu cora\u00e7\u00e3o cheio de amor pelos homens levou-o a carregar, juntamente com a cruz, todos esses tormentos: o nosso sofrimento, a nossa tristeza, a nossa fome e sede de justi\u00e7a. Vamos pedir-lhe que saibamos testemunhar os sentimentos de paz e de reconcilia\u00e7\u00e3o que O inspiraram no Serm\u00e3o da Montanha, para alcan\u00e7ar a eterna Bem-aventuran\u00e7a.<\/p>\n<p>Com estes ausp\u00edcios, invoco a prote\u00e7\u00e3o do Alt\u00edssimo, para que sua m\u00e3o benfazeja se estenda por todo o Brasil, e que a vida nova em Cristo alcance a todos em sua dimens\u00e3o pessoal, familiar, social e cultural, derramando os dons da paz e da prosperidade, despertando em cada cora\u00e7\u00e3o sentimentos de fraternidade e de viva coopera\u00e7\u00e3o. Com uma especial B\u00ean\u00e7\u00e3o Apost\u00f3lica.<\/p>\n<p>BENEDICTUS PP. XVI<\/p>\n<div id=\"themify_builder_content-2056\" data-postid=\"2056\" class=\"themify_builder_content themify_builder_content-2056 themify_builder themify_builder_front\">\n\t<\/div>\n<!-- \/themify_builder_content -->","protected":false},"excerpt":{"rendered":"<p>Ao Vener\u00e1vel Irm\u00e3o no Episcopado D. Geraldo Lyrio Rocha Presidente da CNBB Arcebispo de Mariana (MG) Ao iniciar o itiner\u00e1rio espiritual da Quaresma, a caminho da P\u00e1scoa da ressurrei\u00e7\u00e3o do Senhor, desejo uma vez mais aderir \u00e0 Campanha da Fraternidade que, neste ano de 2009, est\u00e1 destinada a considerar o lema &#8220;A paz \u00e9 fruto [&hellip;]<\/p>\n","protected":false},"author":5,"featured_media":0,"comment_status":"open","ping_status":"open","sticky":false,"template":"","format":"standard","meta":{"ngg_post_thumbnail":0,"footnotes":""},"categories":[241],"tags":[206,229,157,167,231],"yoast_head":"<!-- This site is optimized with the Yoast SEO plugin v23.5 - https:\/\/yoast.com\/wordpress\/plugins\/seo\/ -->\n<title>Mensagem do Papa Bento XVI - O Arcanjo no ar<\/title>\n<meta name=\"robots\" content=\"index, follow, max-snippet:-1, max-image-preview:large, max-video-preview:-1\" \/>\n<link rel=\"canonical\" href=\"https:\/\/www.oarcanjo.net\/site\/mensagem-do-papa-bento-xvi\/\" \/>\n<meta property=\"og:locale\" content=\"pt_BR\" \/>\n<meta property=\"og:type\" content=\"article\" \/>\n<meta property=\"og:title\" content=\"Mensagem do Papa Bento XVI - O Arcanjo no ar\" \/>\n<meta property=\"og:description\" content=\"Ao Vener\u00e1vel Irm\u00e3o no Episcopado D. Geraldo Lyrio Rocha Presidente da CNBB Arcebispo de Mariana (MG) Ao iniciar o itiner\u00e1rio espiritual da Quaresma, a caminho da P\u00e1scoa da ressurrei\u00e7\u00e3o do Senhor, desejo uma vez mais aderir \u00e0 Campanha da Fraternidade que, neste ano de 2009, est\u00e1 destinada a considerar o lema &#8220;A paz \u00e9 fruto [&hellip;]\" \/>\n<meta property=\"og:url\" content=\"https:\/\/www.oarcanjo.net\/site\/mensagem-do-papa-bento-xvi\/\" \/>\n<meta property=\"og:site_name\" content=\"O Arcanjo no ar\" \/>\n<meta property=\"article:publisher\" content=\"https:\/\/www.facebook.com\/OArcanjoNoAr\/\" \/>\n<meta property=\"article:published_time\" content=\"2009-02-26T02:37:52+00:00\" \/>\n<meta property=\"article:modified_time\" content=\"2009-02-27T02:40:28+00:00\" \/>\n<meta property=\"og:image\" content=\"https:\/\/www.oarcanjo.net\/site\/wp-content\/uploads\/logo-o-arcanjo-no-ar-facebook.png\" \/>\n\t<meta property=\"og:image:width\" content=\"300\" \/>\n\t<meta property=\"og:image:height\" content=\"300\" \/>\n\t<meta property=\"og:image:type\" content=\"image\/png\" \/>\n<meta name=\"author\" content=\"editor\" \/>\n<meta name=\"twitter:card\" content=\"summary_large_image\" \/>\n<meta name=\"twitter:label1\" content=\"Escrito por\" \/>\n\t<meta name=\"twitter:data1\" content=\"editor\" \/>\n\t<meta name=\"twitter:label2\" content=\"Est. tempo de leitura\" \/>\n\t<meta name=\"twitter:data2\" content=\"3 minutos\" \/>\n<script type=\"application\/ld+json\" class=\"yoast-schema-graph\">{\"@context\":\"https:\/\/schema.org\",\"@graph\":[{\"@type\":\"Article\",\"@id\":\"https:\/\/www.oarcanjo.net\/site\/mensagem-do-papa-bento-xvi\/#article\",\"isPartOf\":{\"@id\":\"https:\/\/www.oarcanjo.net\/site\/mensagem-do-papa-bento-xvi\/\"},\"author\":{\"name\":\"editor\",\"@id\":\"https:\/\/www.oarcanjo.net\/site\/#\/schema\/person\/f7024d007863202483a31326673a0838\"},\"headline\":\"Mensagem do Papa Bento XVI\",\"datePublished\":\"2009-02-26T02:37:52+00:00\",\"dateModified\":\"2009-02-27T02:40:28+00:00\",\"mainEntityOfPage\":{\"@id\":\"https:\/\/www.oarcanjo.net\/site\/mensagem-do-papa-bento-xvi\/\"},\"wordCount\":550,\"commentCount\":0,\"publisher\":{\"@id\":\"https:\/\/www.oarcanjo.net\/site\/#organization\"},\"keywords\":[\"Bento XVI\",\"Campanha da Fraternidade\",\"papa\",\"paz\",\"seguran\u00e7a\"],\"articleSection\":[\"CF\"],\"inLanguage\":\"pt-BR\",\"potentialAction\":[{\"@type\":\"CommentAction\",\"name\":\"Comment\",\"target\":[\"https:\/\/www.oarcanjo.net\/site\/mensagem-do-papa-bento-xvi\/#respond\"]}]},{\"@type\":\"WebPage\",\"@id\":\"https:\/\/www.oarcanjo.net\/site\/mensagem-do-papa-bento-xvi\/\",\"url\":\"https:\/\/www.oarcanjo.net\/site\/mensagem-do-papa-bento-xvi\/\",\"name\":\"Mensagem do Papa Bento XVI - O Arcanjo no ar\",\"isPartOf\":{\"@id\":\"https:\/\/www.oarcanjo.net\/site\/#website\"},\"datePublished\":\"2009-02-26T02:37:52+00:00\",\"dateModified\":\"2009-02-27T02:40:28+00:00\",\"breadcrumb\":{\"@id\":\"https:\/\/www.oarcanjo.net\/site\/mensagem-do-papa-bento-xvi\/#breadcrumb\"},\"inLanguage\":\"pt-BR\",\"potentialAction\":[{\"@type\":\"ReadAction\",\"target\":[\"https:\/\/www.oarcanjo.net\/site\/mensagem-do-papa-bento-xvi\/\"]}]},{\"@type\":\"BreadcrumbList\",\"@id\":\"https:\/\/www.oarcanjo.net\/site\/mensagem-do-papa-bento-xvi\/#breadcrumb\",\"itemListElement\":[{\"@type\":\"ListItem\",\"position\":1,\"name\":\"In\u00edcio\",\"item\":\"https:\/\/www.oarcanjo.net\/site\/\"},{\"@type\":\"ListItem\",\"position\":2,\"name\":\"Mensagem do Papa Bento XVI\"}]},{\"@type\":\"WebSite\",\"@id\":\"https:\/\/www.oarcanjo.net\/site\/#website\",\"url\":\"https:\/\/www.oarcanjo.net\/site\/\",\"name\":\"O Arcanjo no ar\",\"description\":\"Site da Par\u00f3quia S\u00e3o Miguel Arcanjo (Arquidiocese de SP)\",\"publisher\":{\"@id\":\"https:\/\/www.oarcanjo.net\/site\/#organization\"},\"potentialAction\":[{\"@type\":\"SearchAction\",\"target\":{\"@type\":\"EntryPoint\",\"urlTemplate\":\"https:\/\/www.oarcanjo.net\/site\/?s={search_term_string}\"},\"query-input\":{\"@type\":\"PropertyValueSpecification\",\"valueRequired\":true,\"valueName\":\"search_term_string\"}}],\"inLanguage\":\"pt-BR\"},{\"@type\":\"Organization\",\"@id\":\"https:\/\/www.oarcanjo.net\/site\/#organization\",\"name\":\"Par\u00f3quia S\u00e3o Miguel Arcanjo\",\"url\":\"https:\/\/www.oarcanjo.net\/site\/\",\"logo\":{\"@type\":\"ImageObject\",\"inLanguage\":\"pt-BR\",\"@id\":\"https:\/\/www.oarcanjo.net\/site\/#\/schema\/logo\/image\/\",\"url\":\"https:\/\/www.oarcanjo.net\/site\/wp-content\/uploads\/LogoOArcanjo.png\",\"contentUrl\":\"https:\/\/www.oarcanjo.net\/site\/wp-content\/uploads\/LogoOArcanjo.png\",\"width\":319,\"height\":99,\"caption\":\"Par\u00f3quia S\u00e3o Miguel Arcanjo\"},\"image\":{\"@id\":\"https:\/\/www.oarcanjo.net\/site\/#\/schema\/logo\/image\/\"},\"sameAs\":[\"https:\/\/www.facebook.com\/OArcanjoNoAr\/\"]},{\"@type\":\"Person\",\"@id\":\"https:\/\/www.oarcanjo.net\/site\/#\/schema\/person\/f7024d007863202483a31326673a0838\",\"name\":\"editor\",\"sameAs\":[\"http:\/\/www.oarcanjo.net\"]}]}<\/script>\n<!-- \/ Yoast SEO plugin. -->","yoast_head_json":{"title":"Mensagem do Papa Bento XVI - O Arcanjo no ar","robots":{"index":"index","follow":"follow","max-snippet":"max-snippet:-1","max-image-preview":"max-image-preview:large","max-video-preview":"max-video-preview:-1"},"canonical":"https:\/\/www.oarcanjo.net\/site\/mensagem-do-papa-bento-xvi\/","og_locale":"pt_BR","og_type":"article","og_title":"Mensagem do Papa Bento XVI - O Arcanjo no ar","og_description":"Ao Vener\u00e1vel Irm\u00e3o no Episcopado D. Geraldo Lyrio Rocha Presidente da CNBB Arcebispo de Mariana (MG) Ao iniciar o itiner\u00e1rio espiritual da Quaresma, a caminho da P\u00e1scoa da ressurrei\u00e7\u00e3o do Senhor, desejo uma vez mais aderir \u00e0 Campanha da Fraternidade que, neste ano de 2009, est\u00e1 destinada a considerar o lema &#8220;A paz \u00e9 fruto [&hellip;]","og_url":"https:\/\/www.oarcanjo.net\/site\/mensagem-do-papa-bento-xvi\/","og_site_name":"O Arcanjo no ar","article_publisher":"https:\/\/www.facebook.com\/OArcanjoNoAr\/","article_published_time":"2009-02-26T02:37:52+00:00","article_modified_time":"2009-02-27T02:40:28+00:00","og_image":[{"width":300,"height":300,"url":"https:\/\/www.oarcanjo.net\/site\/wp-content\/uploads\/logo-o-arcanjo-no-ar-facebook.png","type":"image\/png"}],"author":"editor","twitter_card":"summary_large_image","twitter_misc":{"Escrito por":"editor","Est. tempo de leitura":"3 minutos"},"schema":{"@context":"https:\/\/schema.org","@graph":[{"@type":"Article","@id":"https:\/\/www.oarcanjo.net\/site\/mensagem-do-papa-bento-xvi\/#article","isPartOf":{"@id":"https:\/\/www.oarcanjo.net\/site\/mensagem-do-papa-bento-xvi\/"},"author":{"name":"editor","@id":"https:\/\/www.oarcanjo.net\/site\/#\/schema\/person\/f7024d007863202483a31326673a0838"},"headline":"Mensagem do Papa Bento XVI","datePublished":"2009-02-26T02:37:52+00:00","dateModified":"2009-02-27T02:40:28+00:00","mainEntityOfPage":{"@id":"https:\/\/www.oarcanjo.net\/site\/mensagem-do-papa-bento-xvi\/"},"wordCount":550,"commentCount":0,"publisher":{"@id":"https:\/\/www.oarcanjo.net\/site\/#organization"},"keywords":["Bento XVI","Campanha da Fraternidade","papa","paz","seguran\u00e7a"],"articleSection":["CF"],"inLanguage":"pt-BR","potentialAction":[{"@type":"CommentAction","name":"Comment","target":["https:\/\/www.oarcanjo.net\/site\/mensagem-do-papa-bento-xvi\/#respond"]}]},{"@type":"WebPage","@id":"https:\/\/www.oarcanjo.net\/site\/mensagem-do-papa-bento-xvi\/","url":"https:\/\/www.oarcanjo.net\/site\/mensagem-do-papa-bento-xvi\/","name":"Mensagem do Papa Bento XVI - O Arcanjo no ar","isPartOf":{"@id":"https:\/\/www.oarcanjo.net\/site\/#website"},"datePublished":"2009-02-26T02:37:52+00:00","dateModified":"2009-02-27T02:40:28+00:00","breadcrumb":{"@id":"https:\/\/www.oarcanjo.net\/site\/mensagem-do-papa-bento-xvi\/#breadcrumb"},"inLanguage":"pt-BR","potentialAction":[{"@type":"ReadAction","target":["https:\/\/www.oarcanjo.net\/site\/mensagem-do-papa-bento-xvi\/"]}]},{"@type":"BreadcrumbList","@id":"https:\/\/www.oarcanjo.net\/site\/mensagem-do-papa-bento-xvi\/#breadcrumb","itemListElement":[{"@type":"ListItem","position":1,"name":"In\u00edcio","item":"https:\/\/www.oarcanjo.net\/site\/"},{"@type":"ListItem","position":2,"name":"Mensagem do Papa Bento XVI"}]},{"@type":"WebSite","@id":"https:\/\/www.oarcanjo.net\/site\/#website","url":"https:\/\/www.oarcanjo.net\/site\/","name":"O Arcanjo no ar","description":"Site da Par\u00f3quia S\u00e3o Miguel Arcanjo (Arquidiocese de SP)","publisher":{"@id":"https:\/\/www.oarcanjo.net\/site\/#organization"},"potentialAction":[{"@type":"SearchAction","target":{"@type":"EntryPoint","urlTemplate":"https:\/\/www.oarcanjo.net\/site\/?s={search_term_string}"},"query-input":{"@type":"PropertyValueSpecification","valueRequired":true,"valueName":"search_term_string"}}],"inLanguage":"pt-BR"},{"@type":"Organization","@id":"https:\/\/www.oarcanjo.net\/site\/#organization","name":"Par\u00f3quia S\u00e3o Miguel Arcanjo","url":"https:\/\/www.oarcanjo.net\/site\/","logo":{"@type":"ImageObject","inLanguage":"pt-BR","@id":"https:\/\/www.oarcanjo.net\/site\/#\/schema\/logo\/image\/","url":"https:\/\/www.oarcanjo.net\/site\/wp-content\/uploads\/LogoOArcanjo.png","contentUrl":"https:\/\/www.oarcanjo.net\/site\/wp-content\/uploads\/LogoOArcanjo.png","width":319,"height":99,"caption":"Par\u00f3quia S\u00e3o Miguel Arcanjo"},"image":{"@id":"https:\/\/www.oarcanjo.net\/site\/#\/schema\/logo\/image\/"},"sameAs":["https:\/\/www.facebook.com\/OArcanjoNoAr\/"]},{"@type":"Person","@id":"https:\/\/www.oarcanjo.net\/site\/#\/schema\/person\/f7024d007863202483a31326673a0838","name":"editor","sameAs":["http:\/\/www.oarcanjo.net"]}]}},"publishpress_future_action":{"enabled":false,"date":"2026-05-08 21:00:18","action":"category","newStatus":"draft","terms":[],"taxonomy":"category"},"publishpress_future_workflow_manual_trigger":{"enabledWorkflows":[]},"_links":{"self":[{"href":"https:\/\/www.oarcanjo.net\/site\/wp-json\/wp\/v2\/posts\/2056"}],"collection":[{"href":"https:\/\/www.oarcanjo.net\/site\/wp-json\/wp\/v2\/posts"}],"about":[{"href":"https:\/\/www.oarcanjo.net\/site\/wp-json\/wp\/v2\/types\/post"}],"author":[{"embeddable":true,"href":"https:\/\/www.oarcanjo.net\/site\/wp-json\/wp\/v2\/users\/5"}],"replies":[{"embeddable":true,"href":"https:\/\/www.oarcanjo.net\/site\/wp-json\/wp\/v2\/comments?post=2056"}],"version-history":[{"count":0,"href":"https:\/\/www.oarcanjo.net\/site\/wp-json\/wp\/v2\/posts\/2056\/revisions"}],"wp:attachment":[{"href":"https:\/\/www.oarcanjo.net\/site\/wp-json\/wp\/v2\/media?parent=2056"}],"wp:term":[{"taxonomy":"category","embeddable":true,"href":"https:\/\/www.oarcanjo.net\/site\/wp-json\/wp\/v2\/categories?post=2056"},{"taxonomy":"post_tag","embeddable":true,"href":"https:\/\/www.oarcanjo.net\/site\/wp-json\/wp\/v2\/tags?post=2056"}],"curies":[{"name":"wp","href":"https:\/\/api.w.org\/{rel}","templated":true}]}}