
{"id":20565,"date":"2013-01-01T16:25:21","date_gmt":"2013-01-01T18:25:21","guid":{"rendered":"http:\/\/www.oarcanjo.net\/site\/?p=20565"},"modified":"2013-01-13T10:36:37","modified_gmt":"2013-01-13T12:36:37","slug":"padre-geovane-saraiva-25-anos-de-ordenacao","status":"publish","type":"post","link":"https:\/\/www.oarcanjo.net\/site\/padre-geovane-saraiva-25-anos-de-ordenacao\/","title":{"rendered":"Padre Geovane Saraiva, 25 anos de ordena\u00e7\u00e3o"},"content":{"rendered":"<p>\u201cTu me seduziste, Senhor, e eu me deixei seduzir\u201d (Jr 20, 7)<\/p>\n<p>Padre Geovane Saraiva*<\/p>\n<p><img loading=\"lazy\" decoding=\"async\" src=\"http:\/\/www.oarcanjo.net\/site\/wp-content\/uploads\/geovane2-148x150.png\" alt=\"\" width=\"148\" height=\"150\" \/><\/p>\n<p>No dia 14 de agosto de 1988, ao lado da igreja matriz de Nossa Senhora de Nazar\u00e9, na minha terra natal, Capistrano \u2013 Cear\u00e1, numa celebra\u00e7\u00e3o campal, recebi a ordena\u00e7\u00e3o presbiteral, pela imposi\u00e7\u00e3o das m\u00e3os do nosso querido e saudoso Dom Alo\u00edsio, Cardeal Lorscheider. Neste ano de 2013, ao completar 25 anos de minist\u00e9rio sacerdotal, gostaria agradecer ao bom Deus, numa profunda gratid\u00e3o, especialmente, atrav\u00e9s das pessoas com as quais fui sacerdote, al\u00e9m de procurar ser irm\u00e3o e amigo.<\/p>\n<p>Logo no in\u00edcio, al\u00e9m do meu lema escolhido: \u201c<em>Tu me seduziste, Senhor, e eu me deixei seduzir<\/em>\u201d (Jr 20, 7), guardei na mente e no cora\u00e7\u00e3o o lema de S\u00e3o Francisco de Sales, grande m\u00edstico e mestre na escola de espiritualidade: \u201c<em>Fazer-se tudo para todos\u2019<\/em>\u201d. Tenho consci\u00eancia de que, nestes 25 anos padre, poderia ter feito muito mais. Mas ao mesmo tempo, como diz t\u00e3o bem Charles Chaplin: \u201ca vida me ensinou a aproveitar o presente, como um presente que da vida recebi (&#8230;)\u201d, d\u00e1diva de Deus.<\/p>\n<p>Quero me dirigir ao bom povo da par\u00f3quia S\u00e3o Pio X, in\u00edcio de minha vida de padre como Vig\u00e1rio Paroquial &#8211; Bairro Pan Americano, por poucos meses. J\u00e1 em primeiro de janeiro de 1989 assumi a fun\u00e7\u00e3o de P\u00e1roco da Par\u00f3quia de S\u00e3o Francisco de Assis, no Bairro Dias Macedo, permanecendo ali por 11 anos. Na Par\u00f3quia da Paz, como Vig\u00e1rio Paroquial, fundei o Apostolado da Ora\u00e7\u00e3o, implantei a Pastoral Vocacional, colaborei com o Encontro de Casais com Cristo (ECC) e ainda estive presente nas Comunidades da M\u00e3e-Rainha &#8211; Varjota, no Campo do Am\u00e9rica e na Trilha do Senhor, sem esquecer a Confer\u00eancia de S\u00e3o Vicente de Paulo.<\/p>\n<p>Agradecido, igualmente, me volto para o bom povo da Parquel\u00e2ndia, por ter me acolhido desde o dia 30 de novembro de 2003, nesta comunidade Paroquial de Santo Afonso. N\u00e3o posso esquecer jamais as queridas Irm\u00e3s Carmelitas do Carmelo Santa Teresinha de Fortaleza, com minha presen\u00e7a para celebrar a eucaristia, ao mesmo tempo em que experimentei uma generosa acolhida da parte delas. Agrade\u00e7o tamb\u00e9m as Irm\u00e3s Doroteias, nos seis anos em que fui Capel\u00e3o das mesmas. Por onde passei, dentro das minhas limita\u00e7\u00f5es, pude contribuir, procurando animar os desanimados, na esperan\u00e7a de que somos peregrinos do absoluto em meio \u00e0s coisas passageiras, a caminho do definitivo, da gl\u00f3ria futura, da vida junto de Deus.<\/p>\n<p>Nunca esque\u00e7o este bel\u00edssimo pensamento de Dom Helder: &#8220;\u00c9 gra\u00e7a divina come\u00e7ar bem, gra\u00e7a maior \u00e9 persistir na caminhada, mas a gra\u00e7a das gra\u00e7as \u00e9 n\u00e3o desistir nunca&#8221;. E \u00e9 a partir do pastor dos empobrecidos que gostaria de registrar tamb\u00e9m, como a\u00e7\u00e3o de gra\u00e7as ao bom Deus, nossa simples e humilde lavra liter\u00e1ria, credenciando-me integrar \u00e0 Academia de Letras dos Munic\u00edpios do Estado do Cear\u00e1 (ALMECE) e \u00e0 Academia Metropolitana de Letras de Fortaleza (AMLEF). Al\u00e9m de tornar-me cidad\u00e3o de Fortaleza, ainda fui condecorado com tr\u00eas Medalhas, a saber: Botic\u00e1rio Ferreira, De Defesa dos Direitos Humanos Dom Helder C\u00e2mara (da C\u00e2mara Municipal de Fortaleza) e Dom Helder C\u00e2mara, o Artes\u00e3o da Paz (da ALMECE).<\/p><\/div>\n<div style=\"text-align: justify;\">N\u00e3o posso esquecer neste Ano da F\u00e9 (11\/10\/2012\u201324\/11\/2013) a pessoa de Maria, mulher \u201cfeliz porque acreditou\u201d, nas palavras do Papa Paulo VI, ao encerrar o Conc\u00edlio Vaticano II, no dia 08 de dezembro de 1965: \u201cEnquanto encerramos o Conc\u00edlio Ecum\u00eanico, n\u00f3s festejamos Maria Sant\u00edssima, m\u00e3e de Deus e, por isso, como outra vez dissemos, M\u00e3e de Deus e nossa m\u00e3e espiritual. Maria Sant\u00edssima, a imaculada, isto \u00e9, a inocente, a estupenda, a perfeita; isto \u00e9, a Mulher, a verdadeira Mulher ideal e real ao mesmo tempo; a criatura na qual a imagem de Deus se espelha com limpidez absoluta, sem nenhuma turba\u00e7\u00e3o, como sucede, pelo contr\u00e1rio, em todas as criaturas humanas\u201d.<\/p>\n<p>Espero contar com a ora\u00e7\u00e3o, a amizade e a solidariedade do todos, neste ano dos meus 25 anos padre aqui na Arquidiocese de Fortaleza, para que\u00a0<em>\u201cseduzido<\/em>\u201d por Deus, prossiga no meu esfor\u00e7o de\u00a0<em>\u201cFazer-me tudo para todos\u2019<\/em>\u201d, parafraseando S\u00e3o Francisco de Sales.<\/p>\n<p><em>*Padre da Arquidiocese de Fortaleza, escritor, membro da Academia de Letras dos Munic\u00edpios do Estado Cear\u00e1 (ALMECE), e da Academia Metropolitana de Letras de Fortaleza.<\/em><br \/>\n<em>P\u00e1roco de Santo Afonso<\/em><br \/>\n<em><a href=\"mailto:geovanesaraiva@gmail.com\">geovanesaraiva@gmail.com<\/a><\/em><\/p>\n<p><strong>Autor dos livros:<\/strong><br \/>\n<strong>\u201cO peregrino da Paz\u201d e \u201cNascido Para as Coisas Maiores\u201d (centen\u00e1rio de Dom Helder C\u00e2mara);<\/strong><br \/>\n<strong>\u201cA Ternura de um Pastor\u201d &#8211; 2\u00aa Edi\u00e7\u00e3o (homenagem ao Cardeal Lorscheider);<\/strong><br \/>\n<strong>\u201cA Esperan\u00e7a Tem Nome\u201d (espiritualidade e compromisso);<\/strong><strong>&#8220;Dom Helder: sonhos e utopias&#8221; (o pastor dos empobrecidos).<\/strong><\/p>\n<div id=\"themify_builder_content-20565\" data-postid=\"20565\" class=\"themify_builder_content themify_builder_content-20565 themify_builder themify_builder_front\">\n\t<\/div>\n<!-- \/themify_builder_content -->","protected":false},"excerpt":{"rendered":"<p>\u201cTu me seduziste, Senhor, e eu me deixei seduzir\u201d (Jr 20, 7) Padre Geovane Saraiva* No dia 14 de agosto de 1988, ao lado da igreja matriz de Nossa Senhora de Nazar\u00e9, na minha terra natal, Capistrano \u2013 Cear\u00e1, numa celebra\u00e7\u00e3o campal, recebi a ordena\u00e7\u00e3o presbiteral, pela imposi\u00e7\u00e3o das m\u00e3os do nosso querido e saudoso [&hellip;]<\/p>\n","protected":false},"author":17,"featured_media":0,"comment_status":"open","ping_status":"open","sticky":false,"template":"","format":"standard","meta":{"ngg_post_thumbnail":0,"footnotes":""},"categories":[9],"tags":[],"yoast_head":"<!-- This site is optimized with the Yoast SEO plugin v23.5 - https:\/\/yoast.com\/wordpress\/plugins\/seo\/ -->\n<title>Padre Geovane Saraiva, 25 anos de ordena\u00e7\u00e3o - O Arcanjo no ar<\/title>\n<meta name=\"robots\" content=\"index, follow, max-snippet:-1, max-image-preview:large, max-video-preview:-1\" \/>\n<link rel=\"canonical\" href=\"https:\/\/www.oarcanjo.net\/site\/padre-geovane-saraiva-25-anos-de-ordenacao\/\" \/>\n<meta property=\"og:locale\" content=\"pt_BR\" \/>\n<meta property=\"og:type\" content=\"article\" \/>\n<meta property=\"og:title\" content=\"Padre Geovane Saraiva, 25 anos de ordena\u00e7\u00e3o - O Arcanjo no ar\" \/>\n<meta property=\"og:description\" content=\"\u201cTu me seduziste, Senhor, e eu me deixei seduzir\u201d (Jr 20, 7) Padre Geovane Saraiva* No dia 14 de agosto de 1988, ao lado da igreja matriz de Nossa Senhora de Nazar\u00e9, na minha terra natal, Capistrano \u2013 Cear\u00e1, numa celebra\u00e7\u00e3o campal, recebi a ordena\u00e7\u00e3o presbiteral, pela imposi\u00e7\u00e3o das m\u00e3os do nosso querido e saudoso [&hellip;]\" \/>\n<meta property=\"og:url\" content=\"https:\/\/www.oarcanjo.net\/site\/padre-geovane-saraiva-25-anos-de-ordenacao\/\" \/>\n<meta property=\"og:site_name\" content=\"O Arcanjo no ar\" \/>\n<meta property=\"article:publisher\" content=\"https:\/\/www.facebook.com\/OArcanjoNoAr\/\" \/>\n<meta property=\"article:published_time\" content=\"2013-01-01T18:25:21+00:00\" \/>\n<meta property=\"article:modified_time\" content=\"2013-01-13T12:36:37+00:00\" \/>\n<meta property=\"og:image\" content=\"http:\/\/www.oarcanjo.net\/site\/wp-content\/uploads\/geovane2-148x150.png\" \/>\n<meta name=\"author\" content=\"pe.geovane\" \/>\n<meta name=\"twitter:card\" content=\"summary_large_image\" \/>\n<meta name=\"twitter:label1\" content=\"Escrito por\" \/>\n\t<meta name=\"twitter:data1\" content=\"pe.geovane\" \/>\n\t<meta name=\"twitter:label2\" content=\"Est. tempo de leitura\" \/>\n\t<meta name=\"twitter:data2\" content=\"4 minutos\" \/>\n<script type=\"application\/ld+json\" class=\"yoast-schema-graph\">{\"@context\":\"https:\/\/schema.org\",\"@graph\":[{\"@type\":\"Article\",\"@id\":\"https:\/\/www.oarcanjo.net\/site\/padre-geovane-saraiva-25-anos-de-ordenacao\/#article\",\"isPartOf\":{\"@id\":\"https:\/\/www.oarcanjo.net\/site\/padre-geovane-saraiva-25-anos-de-ordenacao\/\"},\"author\":{\"name\":\"pe.geovane\",\"@id\":\"https:\/\/www.oarcanjo.net\/site\/#\/schema\/person\/58d7f78850a973b8e467c7ae4a7eb4ad\"},\"headline\":\"Padre Geovane Saraiva, 25 anos de ordena\u00e7\u00e3o\",\"datePublished\":\"2013-01-01T18:25:21+00:00\",\"dateModified\":\"2013-01-13T12:36:37+00:00\",\"mainEntityOfPage\":{\"@id\":\"https:\/\/www.oarcanjo.net\/site\/padre-geovane-saraiva-25-anos-de-ordenacao\/\"},\"wordCount\":814,\"commentCount\":0,\"publisher\":{\"@id\":\"https:\/\/www.oarcanjo.net\/site\/#organization\"},\"image\":{\"@id\":\"https:\/\/www.oarcanjo.net\/site\/padre-geovane-saraiva-25-anos-de-ordenacao\/#primaryimage\"},\"thumbnailUrl\":\"http:\/\/www.oarcanjo.net\/site\/wp-content\/uploads\/geovane2-148x150.png\",\"articleSection\":[\"Reflex\u00f5es\"],\"inLanguage\":\"pt-BR\",\"potentialAction\":[{\"@type\":\"CommentAction\",\"name\":\"Comment\",\"target\":[\"https:\/\/www.oarcanjo.net\/site\/padre-geovane-saraiva-25-anos-de-ordenacao\/#respond\"]}]},{\"@type\":\"WebPage\",\"@id\":\"https:\/\/www.oarcanjo.net\/site\/padre-geovane-saraiva-25-anos-de-ordenacao\/\",\"url\":\"https:\/\/www.oarcanjo.net\/site\/padre-geovane-saraiva-25-anos-de-ordenacao\/\",\"name\":\"Padre Geovane Saraiva, 25 anos de ordena\u00e7\u00e3o - O Arcanjo no ar\",\"isPartOf\":{\"@id\":\"https:\/\/www.oarcanjo.net\/site\/#website\"},\"primaryImageOfPage\":{\"@id\":\"https:\/\/www.oarcanjo.net\/site\/padre-geovane-saraiva-25-anos-de-ordenacao\/#primaryimage\"},\"image\":{\"@id\":\"https:\/\/www.oarcanjo.net\/site\/padre-geovane-saraiva-25-anos-de-ordenacao\/#primaryimage\"},\"thumbnailUrl\":\"http:\/\/www.oarcanjo.net\/site\/wp-content\/uploads\/geovane2-148x150.png\",\"datePublished\":\"2013-01-01T18:25:21+00:00\",\"dateModified\":\"2013-01-13T12:36:37+00:00\",\"breadcrumb\":{\"@id\":\"https:\/\/www.oarcanjo.net\/site\/padre-geovane-saraiva-25-anos-de-ordenacao\/#breadcrumb\"},\"inLanguage\":\"pt-BR\",\"potentialAction\":[{\"@type\":\"ReadAction\",\"target\":[\"https:\/\/www.oarcanjo.net\/site\/padre-geovane-saraiva-25-anos-de-ordenacao\/\"]}]},{\"@type\":\"ImageObject\",\"inLanguage\":\"pt-BR\",\"@id\":\"https:\/\/www.oarcanjo.net\/site\/padre-geovane-saraiva-25-anos-de-ordenacao\/#primaryimage\",\"url\":\"https:\/\/www.oarcanjo.net\/site\/wp-content\/uploads\/geovane2.png\",\"contentUrl\":\"https:\/\/www.oarcanjo.net\/site\/wp-content\/uploads\/geovane2.png\",\"width\":\"148\",\"height\":\"184\"},{\"@type\":\"BreadcrumbList\",\"@id\":\"https:\/\/www.oarcanjo.net\/site\/padre-geovane-saraiva-25-anos-de-ordenacao\/#breadcrumb\",\"itemListElement\":[{\"@type\":\"ListItem\",\"position\":1,\"name\":\"In\u00edcio\",\"item\":\"https:\/\/www.oarcanjo.net\/site\/\"},{\"@type\":\"ListItem\",\"position\":2,\"name\":\"Padre Geovane Saraiva, 25 anos de ordena\u00e7\u00e3o\"}]},{\"@type\":\"WebSite\",\"@id\":\"https:\/\/www.oarcanjo.net\/site\/#website\",\"url\":\"https:\/\/www.oarcanjo.net\/site\/\",\"name\":\"O Arcanjo no ar\",\"description\":\"Site da Par\u00f3quia S\u00e3o Miguel Arcanjo (Arquidiocese de SP)\",\"publisher\":{\"@id\":\"https:\/\/www.oarcanjo.net\/site\/#organization\"},\"potentialAction\":[{\"@type\":\"SearchAction\",\"target\":{\"@type\":\"EntryPoint\",\"urlTemplate\":\"https:\/\/www.oarcanjo.net\/site\/?s={search_term_string}\"},\"query-input\":{\"@type\":\"PropertyValueSpecification\",\"valueRequired\":true,\"valueName\":\"search_term_string\"}}],\"inLanguage\":\"pt-BR\"},{\"@type\":\"Organization\",\"@id\":\"https:\/\/www.oarcanjo.net\/site\/#organization\",\"name\":\"Par\u00f3quia S\u00e3o Miguel Arcanjo\",\"url\":\"https:\/\/www.oarcanjo.net\/site\/\",\"logo\":{\"@type\":\"ImageObject\",\"inLanguage\":\"pt-BR\",\"@id\":\"https:\/\/www.oarcanjo.net\/site\/#\/schema\/logo\/image\/\",\"url\":\"https:\/\/www.oarcanjo.net\/site\/wp-content\/uploads\/LogoOArcanjo.png\",\"contentUrl\":\"https:\/\/www.oarcanjo.net\/site\/wp-content\/uploads\/LogoOArcanjo.png\",\"width\":319,\"height\":99,\"caption\":\"Par\u00f3quia S\u00e3o Miguel Arcanjo\"},\"image\":{\"@id\":\"https:\/\/www.oarcanjo.net\/site\/#\/schema\/logo\/image\/\"},\"sameAs\":[\"https:\/\/www.facebook.com\/OArcanjoNoAr\/\"]},{\"@type\":\"Person\",\"@id\":\"https:\/\/www.oarcanjo.net\/site\/#\/schema\/person\/58d7f78850a973b8e467c7ae4a7eb4ad\",\"name\":\"pe.geovane\"}]}<\/script>\n<!-- \/ Yoast SEO plugin. -->","yoast_head_json":{"title":"Padre Geovane Saraiva, 25 anos de ordena\u00e7\u00e3o - O Arcanjo no ar","robots":{"index":"index","follow":"follow","max-snippet":"max-snippet:-1","max-image-preview":"max-image-preview:large","max-video-preview":"max-video-preview:-1"},"canonical":"https:\/\/www.oarcanjo.net\/site\/padre-geovane-saraiva-25-anos-de-ordenacao\/","og_locale":"pt_BR","og_type":"article","og_title":"Padre Geovane Saraiva, 25 anos de ordena\u00e7\u00e3o - O Arcanjo no ar","og_description":"\u201cTu me seduziste, Senhor, e eu me deixei seduzir\u201d (Jr 20, 7) Padre Geovane Saraiva* No dia 14 de agosto de 1988, ao lado da igreja matriz de Nossa Senhora de Nazar\u00e9, na minha terra natal, Capistrano \u2013 Cear\u00e1, numa celebra\u00e7\u00e3o campal, recebi a ordena\u00e7\u00e3o presbiteral, pela imposi\u00e7\u00e3o das m\u00e3os do nosso querido e saudoso [&hellip;]","og_url":"https:\/\/www.oarcanjo.net\/site\/padre-geovane-saraiva-25-anos-de-ordenacao\/","og_site_name":"O Arcanjo no ar","article_publisher":"https:\/\/www.facebook.com\/OArcanjoNoAr\/","article_published_time":"2013-01-01T18:25:21+00:00","article_modified_time":"2013-01-13T12:36:37+00:00","og_image":[{"url":"http:\/\/www.oarcanjo.net\/site\/wp-content\/uploads\/geovane2-148x150.png"}],"author":"pe.geovane","twitter_card":"summary_large_image","twitter_misc":{"Escrito por":"pe.geovane","Est. tempo de leitura":"4 minutos"},"schema":{"@context":"https:\/\/schema.org","@graph":[{"@type":"Article","@id":"https:\/\/www.oarcanjo.net\/site\/padre-geovane-saraiva-25-anos-de-ordenacao\/#article","isPartOf":{"@id":"https:\/\/www.oarcanjo.net\/site\/padre-geovane-saraiva-25-anos-de-ordenacao\/"},"author":{"name":"pe.geovane","@id":"https:\/\/www.oarcanjo.net\/site\/#\/schema\/person\/58d7f78850a973b8e467c7ae4a7eb4ad"},"headline":"Padre Geovane Saraiva, 25 anos de ordena\u00e7\u00e3o","datePublished":"2013-01-01T18:25:21+00:00","dateModified":"2013-01-13T12:36:37+00:00","mainEntityOfPage":{"@id":"https:\/\/www.oarcanjo.net\/site\/padre-geovane-saraiva-25-anos-de-ordenacao\/"},"wordCount":814,"commentCount":0,"publisher":{"@id":"https:\/\/www.oarcanjo.net\/site\/#organization"},"image":{"@id":"https:\/\/www.oarcanjo.net\/site\/padre-geovane-saraiva-25-anos-de-ordenacao\/#primaryimage"},"thumbnailUrl":"http:\/\/www.oarcanjo.net\/site\/wp-content\/uploads\/geovane2-148x150.png","articleSection":["Reflex\u00f5es"],"inLanguage":"pt-BR","potentialAction":[{"@type":"CommentAction","name":"Comment","target":["https:\/\/www.oarcanjo.net\/site\/padre-geovane-saraiva-25-anos-de-ordenacao\/#respond"]}]},{"@type":"WebPage","@id":"https:\/\/www.oarcanjo.net\/site\/padre-geovane-saraiva-25-anos-de-ordenacao\/","url":"https:\/\/www.oarcanjo.net\/site\/padre-geovane-saraiva-25-anos-de-ordenacao\/","name":"Padre Geovane Saraiva, 25 anos de ordena\u00e7\u00e3o - O Arcanjo no ar","isPartOf":{"@id":"https:\/\/www.oarcanjo.net\/site\/#website"},"primaryImageOfPage":{"@id":"https:\/\/www.oarcanjo.net\/site\/padre-geovane-saraiva-25-anos-de-ordenacao\/#primaryimage"},"image":{"@id":"https:\/\/www.oarcanjo.net\/site\/padre-geovane-saraiva-25-anos-de-ordenacao\/#primaryimage"},"thumbnailUrl":"http:\/\/www.oarcanjo.net\/site\/wp-content\/uploads\/geovane2-148x150.png","datePublished":"2013-01-01T18:25:21+00:00","dateModified":"2013-01-13T12:36:37+00:00","breadcrumb":{"@id":"https:\/\/www.oarcanjo.net\/site\/padre-geovane-saraiva-25-anos-de-ordenacao\/#breadcrumb"},"inLanguage":"pt-BR","potentialAction":[{"@type":"ReadAction","target":["https:\/\/www.oarcanjo.net\/site\/padre-geovane-saraiva-25-anos-de-ordenacao\/"]}]},{"@type":"ImageObject","inLanguage":"pt-BR","@id":"https:\/\/www.oarcanjo.net\/site\/padre-geovane-saraiva-25-anos-de-ordenacao\/#primaryimage","url":"https:\/\/www.oarcanjo.net\/site\/wp-content\/uploads\/geovane2.png","contentUrl":"https:\/\/www.oarcanjo.net\/site\/wp-content\/uploads\/geovane2.png","width":"148","height":"184"},{"@type":"BreadcrumbList","@id":"https:\/\/www.oarcanjo.net\/site\/padre-geovane-saraiva-25-anos-de-ordenacao\/#breadcrumb","itemListElement":[{"@type":"ListItem","position":1,"name":"In\u00edcio","item":"https:\/\/www.oarcanjo.net\/site\/"},{"@type":"ListItem","position":2,"name":"Padre Geovane Saraiva, 25 anos de ordena\u00e7\u00e3o"}]},{"@type":"WebSite","@id":"https:\/\/www.oarcanjo.net\/site\/#website","url":"https:\/\/www.oarcanjo.net\/site\/","name":"O Arcanjo no ar","description":"Site da Par\u00f3quia S\u00e3o Miguel Arcanjo (Arquidiocese de SP)","publisher":{"@id":"https:\/\/www.oarcanjo.net\/site\/#organization"},"potentialAction":[{"@type":"SearchAction","target":{"@type":"EntryPoint","urlTemplate":"https:\/\/www.oarcanjo.net\/site\/?s={search_term_string}"},"query-input":{"@type":"PropertyValueSpecification","valueRequired":true,"valueName":"search_term_string"}}],"inLanguage":"pt-BR"},{"@type":"Organization","@id":"https:\/\/www.oarcanjo.net\/site\/#organization","name":"Par\u00f3quia S\u00e3o Miguel Arcanjo","url":"https:\/\/www.oarcanjo.net\/site\/","logo":{"@type":"ImageObject","inLanguage":"pt-BR","@id":"https:\/\/www.oarcanjo.net\/site\/#\/schema\/logo\/image\/","url":"https:\/\/www.oarcanjo.net\/site\/wp-content\/uploads\/LogoOArcanjo.png","contentUrl":"https:\/\/www.oarcanjo.net\/site\/wp-content\/uploads\/LogoOArcanjo.png","width":319,"height":99,"caption":"Par\u00f3quia S\u00e3o Miguel Arcanjo"},"image":{"@id":"https:\/\/www.oarcanjo.net\/site\/#\/schema\/logo\/image\/"},"sameAs":["https:\/\/www.facebook.com\/OArcanjoNoAr\/"]},{"@type":"Person","@id":"https:\/\/www.oarcanjo.net\/site\/#\/schema\/person\/58d7f78850a973b8e467c7ae4a7eb4ad","name":"pe.geovane"}]}},"publishpress_future_action":{"enabled":false,"date":"2026-05-09 08:04:12","action":"category","newStatus":"draft","terms":[],"taxonomy":"category"},"publishpress_future_workflow_manual_trigger":{"enabledWorkflows":[]},"_links":{"self":[{"href":"https:\/\/www.oarcanjo.net\/site\/wp-json\/wp\/v2\/posts\/20565"}],"collection":[{"href":"https:\/\/www.oarcanjo.net\/site\/wp-json\/wp\/v2\/posts"}],"about":[{"href":"https:\/\/www.oarcanjo.net\/site\/wp-json\/wp\/v2\/types\/post"}],"author":[{"embeddable":true,"href":"https:\/\/www.oarcanjo.net\/site\/wp-json\/wp\/v2\/users\/17"}],"replies":[{"embeddable":true,"href":"https:\/\/www.oarcanjo.net\/site\/wp-json\/wp\/v2\/comments?post=20565"}],"version-history":[{"count":0,"href":"https:\/\/www.oarcanjo.net\/site\/wp-json\/wp\/v2\/posts\/20565\/revisions"}],"wp:attachment":[{"href":"https:\/\/www.oarcanjo.net\/site\/wp-json\/wp\/v2\/media?parent=20565"}],"wp:term":[{"taxonomy":"category","embeddable":true,"href":"https:\/\/www.oarcanjo.net\/site\/wp-json\/wp\/v2\/categories?post=20565"},{"taxonomy":"post_tag","embeddable":true,"href":"https:\/\/www.oarcanjo.net\/site\/wp-json\/wp\/v2\/tags?post=20565"}],"curies":[{"name":"wp","href":"https:\/\/api.w.org\/{rel}","templated":true}]}}