
{"id":20583,"date":"2013-01-09T18:32:14","date_gmt":"2013-01-09T20:32:14","guid":{"rendered":"http:\/\/www.oarcanjo.net\/site\/?p=20583"},"modified":"2013-01-13T10:37:52","modified_gmt":"2013-01-13T12:37:52","slug":"tu-es-o-meu-filho-amado","status":"publish","type":"post","link":"https:\/\/www.oarcanjo.net\/site\/tu-es-o-meu-filho-amado\/","title":{"rendered":"Tu \u00c9s o Meu Filho Amado!"},"content":{"rendered":"<p>Dom Sergio da Rocha*<\/p>\n<p><img loading=\"lazy\" decoding=\"async\" src=\"http:\/\/www.oarcanjo.net\/site\/wp-content\/uploads\/300502_159988240759727_100002456578485_296584_1555955916_a1-150x150.jpg\" alt=\"\" width=\"150\" height=\"150\" \/><\/p>\n<p>Estamos concluindo, neste domingo, o Tempo do Natal, com a celebra\u00e7\u00e3o da Festa do Batismo do Senhor. Expressemos nosso louvor a Deus pelo Batismo do Senhor e, de modo especial, pela gra\u00e7a do Batismo que n\u00f3s recebemos. Agrade\u00e7amos a Deus pelos que nos proporcionaram o Batismo: o padre ou ministro que nos batizou, os pais e os padrinhos que nos conduziram \u00e0 Igreja. Neste Ano da F\u00e9, procuremos renovar a vida batismal, crescendo na f\u00e9 em Cristo, na participa\u00e7\u00e3o na Igreja e no testemunho cotidiano da f\u00e9. Valorizar o Batismo implica tamb\u00e9m em ajudar outros irm\u00e3os ainda n\u00e3o-batizados a acolherem a gra\u00e7a do Batismo, testemunhando-lhes a beleza e o vigor da f\u00e9 batismal. De modo especial, procuremos motivar os pais a batizarem seus filhos.<br \/>\nO Evangelho segundo S\u00e3o Lucas, hoje proclamado, narra o fato que motiva esta festa lit\u00fargica. Na narrativa, destaca-se, primeiramente, o testemunho de Jo\u00e3o. Diante daqueles que pensavam ser ele o Messias, com humildade, ele reconhece a grandeza do Messias e anuncia um novo e definitivo Batismo.<\/p>\n<p>No epis\u00f3dio do Batismo do Senhor, revela-se a identidade de Jesus, como Filho de Deus Salvador, o Messias-Servo, atrav\u00e9s de tr\u00eas aspectos: 1\u00ba &#8211; \u201co c\u00e9u se abriu\u201d (Lc 3.21); 2\u00ba &#8211; \u201co Esp\u00edrito Santo desceu sobre Jesus em forma vis\u00edvel, como pomba\u201d (Lc 3,22); 3\u00ba &#8211; \u201c do c\u00e9u veio uma voz: \u201cTu \u00e9s o meu Filho amado, em ti ponho o meu benquerer\u201d (Lc 3,22). Portanto, trata-se de um testemunho muito maior do que o de Jo\u00e3o a respeito de Jesus: a manifesta\u00e7\u00e3o do Esp\u00edrito e a voz do Pai. Em Jesus Cristo, se cumpre plenamente a profecia de Isa\u00edas sobre o \u201cServo\u201d eleito e amado por Deus, no qual repousa o Esp\u00edrito. Meditamos, hoje, o primeiro dentre os quatro c\u00e2nticos de Isa\u00edas a respeito do Servo de Jav\u00e9 e de sua miss\u00e3o. O que Isa\u00edas anuncia, aplica-se a Jesus, segundo o relato do Evangelho: \u201cEis o meu servo \u2013 eu o recebo; eis o meu eleito \u2013 nele se compraz minha alma; pus meu esp\u00edrito sobre ele\u201d (Is 42,1).<\/p>\n<p>No nosso Batismo, o amor do Pai tamb\u00e9m se faz sentir, acolhendo a cada um de n\u00f3s como seu \u201cfilho amado\u201d. O Batismo crist\u00e3o \u00e9 oferecido a todos e n\u00e3o apenas ao povo da Antiga Alian\u00e7a. O ap\u00f3stolo Pedro reconhece que \u201cDeus n\u00e3o faz distin\u00e7\u00e3o entre as pessoas\u201d (At 10,34). Recentemente, ao celebrar a solenidade da Epifania do Senhor, meditamos sobre a universalidade da salva\u00e7\u00e3o, oferecida a todos, em Jesus nascido em Bel\u00e9m. Os disc\u00edpulos de Cristo devem testemunhar o amor de Deus a todos, especialmente, aos mais sofredores, a exemplo de Jesus de Nazar\u00e9, cuja miss\u00e3o encontra-se resumida na seguinte frase de S. Pedro: \u201cEle andou por toda a parte, fazendo o bem\u201d (At 10,38).<\/p>\n<p>*Arcebispo Metropolitano de Bras\u00edlia<br \/>\nPostado por Par\u00f3quia de Santo Afonso<\/p>\n<div id=\"themify_builder_content-20583\" data-postid=\"20583\" class=\"themify_builder_content themify_builder_content-20583 themify_builder themify_builder_front\">\n\t<\/div>\n<!-- \/themify_builder_content -->","protected":false},"excerpt":{"rendered":"<p>Dom Sergio da Rocha* Estamos concluindo, neste domingo, o Tempo do Natal, com a celebra\u00e7\u00e3o da Festa do Batismo do Senhor. Expressemos nosso louvor a Deus pelo Batismo do Senhor e, de modo especial, pela gra\u00e7a do Batismo que n\u00f3s recebemos. Agrade\u00e7amos a Deus pelos que nos proporcionaram o Batismo: o padre ou ministro que [&hellip;]<\/p>\n","protected":false},"author":17,"featured_media":0,"comment_status":"open","ping_status":"open","sticky":false,"template":"","format":"standard","meta":{"ngg_post_thumbnail":0,"footnotes":""},"categories":[9],"tags":[],"yoast_head":"<!-- This site is optimized with the Yoast SEO plugin v23.5 - https:\/\/yoast.com\/wordpress\/plugins\/seo\/ -->\n<title>Tu \u00c9s o Meu Filho Amado! - O Arcanjo no ar<\/title>\n<meta name=\"robots\" content=\"index, follow, max-snippet:-1, max-image-preview:large, max-video-preview:-1\" \/>\n<link rel=\"canonical\" href=\"https:\/\/www.oarcanjo.net\/site\/tu-es-o-meu-filho-amado\/\" \/>\n<meta property=\"og:locale\" content=\"pt_BR\" \/>\n<meta property=\"og:type\" content=\"article\" \/>\n<meta property=\"og:title\" content=\"Tu \u00c9s o Meu Filho Amado! - O Arcanjo no ar\" \/>\n<meta property=\"og:description\" content=\"Dom Sergio da Rocha* Estamos concluindo, neste domingo, o Tempo do Natal, com a celebra\u00e7\u00e3o da Festa do Batismo do Senhor. Expressemos nosso louvor a Deus pelo Batismo do Senhor e, de modo especial, pela gra\u00e7a do Batismo que n\u00f3s recebemos. Agrade\u00e7amos a Deus pelos que nos proporcionaram o Batismo: o padre ou ministro que [&hellip;]\" \/>\n<meta property=\"og:url\" content=\"https:\/\/www.oarcanjo.net\/site\/tu-es-o-meu-filho-amado\/\" \/>\n<meta property=\"og:site_name\" content=\"O Arcanjo no ar\" \/>\n<meta property=\"article:publisher\" content=\"https:\/\/www.facebook.com\/OArcanjoNoAr\/\" \/>\n<meta property=\"article:published_time\" content=\"2013-01-09T20:32:14+00:00\" \/>\n<meta property=\"article:modified_time\" content=\"2013-01-13T12:37:52+00:00\" \/>\n<meta property=\"og:image\" content=\"http:\/\/www.oarcanjo.net\/site\/wp-content\/uploads\/300502_159988240759727_100002456578485_296584_1555955916_a1-150x150.jpg\" \/>\n<meta name=\"author\" content=\"pe.geovane\" \/>\n<meta name=\"twitter:card\" content=\"summary_large_image\" \/>\n<meta name=\"twitter:label1\" content=\"Escrito por\" \/>\n\t<meta name=\"twitter:data1\" content=\"pe.geovane\" \/>\n\t<meta name=\"twitter:label2\" content=\"Est. tempo de leitura\" \/>\n\t<meta name=\"twitter:data2\" content=\"3 minutos\" \/>\n<script type=\"application\/ld+json\" class=\"yoast-schema-graph\">{\"@context\":\"https:\/\/schema.org\",\"@graph\":[{\"@type\":\"Article\",\"@id\":\"https:\/\/www.oarcanjo.net\/site\/tu-es-o-meu-filho-amado\/#article\",\"isPartOf\":{\"@id\":\"https:\/\/www.oarcanjo.net\/site\/tu-es-o-meu-filho-amado\/\"},\"author\":{\"name\":\"pe.geovane\",\"@id\":\"https:\/\/www.oarcanjo.net\/site\/#\/schema\/person\/58d7f78850a973b8e467c7ae4a7eb4ad\"},\"headline\":\"Tu \u00c9s o Meu Filho Amado!\",\"datePublished\":\"2013-01-09T20:32:14+00:00\",\"dateModified\":\"2013-01-13T12:37:52+00:00\",\"mainEntityOfPage\":{\"@id\":\"https:\/\/www.oarcanjo.net\/site\/tu-es-o-meu-filho-amado\/\"},\"wordCount\":507,\"commentCount\":0,\"publisher\":{\"@id\":\"https:\/\/www.oarcanjo.net\/site\/#organization\"},\"image\":{\"@id\":\"https:\/\/www.oarcanjo.net\/site\/tu-es-o-meu-filho-amado\/#primaryimage\"},\"thumbnailUrl\":\"http:\/\/www.oarcanjo.net\/site\/wp-content\/uploads\/300502_159988240759727_100002456578485_296584_1555955916_a1-150x150.jpg\",\"articleSection\":[\"Reflex\u00f5es\"],\"inLanguage\":\"pt-BR\",\"potentialAction\":[{\"@type\":\"CommentAction\",\"name\":\"Comment\",\"target\":[\"https:\/\/www.oarcanjo.net\/site\/tu-es-o-meu-filho-amado\/#respond\"]}]},{\"@type\":\"WebPage\",\"@id\":\"https:\/\/www.oarcanjo.net\/site\/tu-es-o-meu-filho-amado\/\",\"url\":\"https:\/\/www.oarcanjo.net\/site\/tu-es-o-meu-filho-amado\/\",\"name\":\"Tu \u00c9s o Meu Filho Amado! - O Arcanjo no ar\",\"isPartOf\":{\"@id\":\"https:\/\/www.oarcanjo.net\/site\/#website\"},\"primaryImageOfPage\":{\"@id\":\"https:\/\/www.oarcanjo.net\/site\/tu-es-o-meu-filho-amado\/#primaryimage\"},\"image\":{\"@id\":\"https:\/\/www.oarcanjo.net\/site\/tu-es-o-meu-filho-amado\/#primaryimage\"},\"thumbnailUrl\":\"http:\/\/www.oarcanjo.net\/site\/wp-content\/uploads\/300502_159988240759727_100002456578485_296584_1555955916_a1-150x150.jpg\",\"datePublished\":\"2013-01-09T20:32:14+00:00\",\"dateModified\":\"2013-01-13T12:37:52+00:00\",\"breadcrumb\":{\"@id\":\"https:\/\/www.oarcanjo.net\/site\/tu-es-o-meu-filho-amado\/#breadcrumb\"},\"inLanguage\":\"pt-BR\",\"potentialAction\":[{\"@type\":\"ReadAction\",\"target\":[\"https:\/\/www.oarcanjo.net\/site\/tu-es-o-meu-filho-amado\/\"]}]},{\"@type\":\"ImageObject\",\"inLanguage\":\"pt-BR\",\"@id\":\"https:\/\/www.oarcanjo.net\/site\/tu-es-o-meu-filho-amado\/#primaryimage\",\"url\":\"https:\/\/www.oarcanjo.net\/site\/wp-content\/uploads\/300502_159988240759727_100002456578485_296584_1555955916_a1.jpg\",\"contentUrl\":\"https:\/\/www.oarcanjo.net\/site\/wp-content\/uploads\/300502_159988240759727_100002456578485_296584_1555955916_a1.jpg\",\"width\":\"180\",\"height\":\"201\"},{\"@type\":\"BreadcrumbList\",\"@id\":\"https:\/\/www.oarcanjo.net\/site\/tu-es-o-meu-filho-amado\/#breadcrumb\",\"itemListElement\":[{\"@type\":\"ListItem\",\"position\":1,\"name\":\"In\u00edcio\",\"item\":\"https:\/\/www.oarcanjo.net\/site\/\"},{\"@type\":\"ListItem\",\"position\":2,\"name\":\"Tu \u00c9s o Meu Filho Amado!\"}]},{\"@type\":\"WebSite\",\"@id\":\"https:\/\/www.oarcanjo.net\/site\/#website\",\"url\":\"https:\/\/www.oarcanjo.net\/site\/\",\"name\":\"O Arcanjo no ar\",\"description\":\"Site da Par\u00f3quia S\u00e3o Miguel Arcanjo (Arquidiocese de SP)\",\"publisher\":{\"@id\":\"https:\/\/www.oarcanjo.net\/site\/#organization\"},\"potentialAction\":[{\"@type\":\"SearchAction\",\"target\":{\"@type\":\"EntryPoint\",\"urlTemplate\":\"https:\/\/www.oarcanjo.net\/site\/?s={search_term_string}\"},\"query-input\":{\"@type\":\"PropertyValueSpecification\",\"valueRequired\":true,\"valueName\":\"search_term_string\"}}],\"inLanguage\":\"pt-BR\"},{\"@type\":\"Organization\",\"@id\":\"https:\/\/www.oarcanjo.net\/site\/#organization\",\"name\":\"Par\u00f3quia S\u00e3o Miguel Arcanjo\",\"url\":\"https:\/\/www.oarcanjo.net\/site\/\",\"logo\":{\"@type\":\"ImageObject\",\"inLanguage\":\"pt-BR\",\"@id\":\"https:\/\/www.oarcanjo.net\/site\/#\/schema\/logo\/image\/\",\"url\":\"https:\/\/www.oarcanjo.net\/site\/wp-content\/uploads\/LogoOArcanjo.png\",\"contentUrl\":\"https:\/\/www.oarcanjo.net\/site\/wp-content\/uploads\/LogoOArcanjo.png\",\"width\":319,\"height\":99,\"caption\":\"Par\u00f3quia S\u00e3o Miguel Arcanjo\"},\"image\":{\"@id\":\"https:\/\/www.oarcanjo.net\/site\/#\/schema\/logo\/image\/\"},\"sameAs\":[\"https:\/\/www.facebook.com\/OArcanjoNoAr\/\"]},{\"@type\":\"Person\",\"@id\":\"https:\/\/www.oarcanjo.net\/site\/#\/schema\/person\/58d7f78850a973b8e467c7ae4a7eb4ad\",\"name\":\"pe.geovane\"}]}<\/script>\n<!-- \/ Yoast SEO plugin. -->","yoast_head_json":{"title":"Tu \u00c9s o Meu Filho Amado! - O Arcanjo no ar","robots":{"index":"index","follow":"follow","max-snippet":"max-snippet:-1","max-image-preview":"max-image-preview:large","max-video-preview":"max-video-preview:-1"},"canonical":"https:\/\/www.oarcanjo.net\/site\/tu-es-o-meu-filho-amado\/","og_locale":"pt_BR","og_type":"article","og_title":"Tu \u00c9s o Meu Filho Amado! - O Arcanjo no ar","og_description":"Dom Sergio da Rocha* Estamos concluindo, neste domingo, o Tempo do Natal, com a celebra\u00e7\u00e3o da Festa do Batismo do Senhor. Expressemos nosso louvor a Deus pelo Batismo do Senhor e, de modo especial, pela gra\u00e7a do Batismo que n\u00f3s recebemos. Agrade\u00e7amos a Deus pelos que nos proporcionaram o Batismo: o padre ou ministro que [&hellip;]","og_url":"https:\/\/www.oarcanjo.net\/site\/tu-es-o-meu-filho-amado\/","og_site_name":"O Arcanjo no ar","article_publisher":"https:\/\/www.facebook.com\/OArcanjoNoAr\/","article_published_time":"2013-01-09T20:32:14+00:00","article_modified_time":"2013-01-13T12:37:52+00:00","og_image":[{"url":"http:\/\/www.oarcanjo.net\/site\/wp-content\/uploads\/300502_159988240759727_100002456578485_296584_1555955916_a1-150x150.jpg"}],"author":"pe.geovane","twitter_card":"summary_large_image","twitter_misc":{"Escrito por":"pe.geovane","Est. tempo de leitura":"3 minutos"},"schema":{"@context":"https:\/\/schema.org","@graph":[{"@type":"Article","@id":"https:\/\/www.oarcanjo.net\/site\/tu-es-o-meu-filho-amado\/#article","isPartOf":{"@id":"https:\/\/www.oarcanjo.net\/site\/tu-es-o-meu-filho-amado\/"},"author":{"name":"pe.geovane","@id":"https:\/\/www.oarcanjo.net\/site\/#\/schema\/person\/58d7f78850a973b8e467c7ae4a7eb4ad"},"headline":"Tu \u00c9s o Meu Filho Amado!","datePublished":"2013-01-09T20:32:14+00:00","dateModified":"2013-01-13T12:37:52+00:00","mainEntityOfPage":{"@id":"https:\/\/www.oarcanjo.net\/site\/tu-es-o-meu-filho-amado\/"},"wordCount":507,"commentCount":0,"publisher":{"@id":"https:\/\/www.oarcanjo.net\/site\/#organization"},"image":{"@id":"https:\/\/www.oarcanjo.net\/site\/tu-es-o-meu-filho-amado\/#primaryimage"},"thumbnailUrl":"http:\/\/www.oarcanjo.net\/site\/wp-content\/uploads\/300502_159988240759727_100002456578485_296584_1555955916_a1-150x150.jpg","articleSection":["Reflex\u00f5es"],"inLanguage":"pt-BR","potentialAction":[{"@type":"CommentAction","name":"Comment","target":["https:\/\/www.oarcanjo.net\/site\/tu-es-o-meu-filho-amado\/#respond"]}]},{"@type":"WebPage","@id":"https:\/\/www.oarcanjo.net\/site\/tu-es-o-meu-filho-amado\/","url":"https:\/\/www.oarcanjo.net\/site\/tu-es-o-meu-filho-amado\/","name":"Tu \u00c9s o Meu Filho Amado! - O Arcanjo no ar","isPartOf":{"@id":"https:\/\/www.oarcanjo.net\/site\/#website"},"primaryImageOfPage":{"@id":"https:\/\/www.oarcanjo.net\/site\/tu-es-o-meu-filho-amado\/#primaryimage"},"image":{"@id":"https:\/\/www.oarcanjo.net\/site\/tu-es-o-meu-filho-amado\/#primaryimage"},"thumbnailUrl":"http:\/\/www.oarcanjo.net\/site\/wp-content\/uploads\/300502_159988240759727_100002456578485_296584_1555955916_a1-150x150.jpg","datePublished":"2013-01-09T20:32:14+00:00","dateModified":"2013-01-13T12:37:52+00:00","breadcrumb":{"@id":"https:\/\/www.oarcanjo.net\/site\/tu-es-o-meu-filho-amado\/#breadcrumb"},"inLanguage":"pt-BR","potentialAction":[{"@type":"ReadAction","target":["https:\/\/www.oarcanjo.net\/site\/tu-es-o-meu-filho-amado\/"]}]},{"@type":"ImageObject","inLanguage":"pt-BR","@id":"https:\/\/www.oarcanjo.net\/site\/tu-es-o-meu-filho-amado\/#primaryimage","url":"https:\/\/www.oarcanjo.net\/site\/wp-content\/uploads\/300502_159988240759727_100002456578485_296584_1555955916_a1.jpg","contentUrl":"https:\/\/www.oarcanjo.net\/site\/wp-content\/uploads\/300502_159988240759727_100002456578485_296584_1555955916_a1.jpg","width":"180","height":"201"},{"@type":"BreadcrumbList","@id":"https:\/\/www.oarcanjo.net\/site\/tu-es-o-meu-filho-amado\/#breadcrumb","itemListElement":[{"@type":"ListItem","position":1,"name":"In\u00edcio","item":"https:\/\/www.oarcanjo.net\/site\/"},{"@type":"ListItem","position":2,"name":"Tu \u00c9s o Meu Filho Amado!"}]},{"@type":"WebSite","@id":"https:\/\/www.oarcanjo.net\/site\/#website","url":"https:\/\/www.oarcanjo.net\/site\/","name":"O Arcanjo no ar","description":"Site da Par\u00f3quia S\u00e3o Miguel Arcanjo (Arquidiocese de SP)","publisher":{"@id":"https:\/\/www.oarcanjo.net\/site\/#organization"},"potentialAction":[{"@type":"SearchAction","target":{"@type":"EntryPoint","urlTemplate":"https:\/\/www.oarcanjo.net\/site\/?s={search_term_string}"},"query-input":{"@type":"PropertyValueSpecification","valueRequired":true,"valueName":"search_term_string"}}],"inLanguage":"pt-BR"},{"@type":"Organization","@id":"https:\/\/www.oarcanjo.net\/site\/#organization","name":"Par\u00f3quia S\u00e3o Miguel Arcanjo","url":"https:\/\/www.oarcanjo.net\/site\/","logo":{"@type":"ImageObject","inLanguage":"pt-BR","@id":"https:\/\/www.oarcanjo.net\/site\/#\/schema\/logo\/image\/","url":"https:\/\/www.oarcanjo.net\/site\/wp-content\/uploads\/LogoOArcanjo.png","contentUrl":"https:\/\/www.oarcanjo.net\/site\/wp-content\/uploads\/LogoOArcanjo.png","width":319,"height":99,"caption":"Par\u00f3quia S\u00e3o Miguel Arcanjo"},"image":{"@id":"https:\/\/www.oarcanjo.net\/site\/#\/schema\/logo\/image\/"},"sameAs":["https:\/\/www.facebook.com\/OArcanjoNoAr\/"]},{"@type":"Person","@id":"https:\/\/www.oarcanjo.net\/site\/#\/schema\/person\/58d7f78850a973b8e467c7ae4a7eb4ad","name":"pe.geovane"}]}},"publishpress_future_action":{"enabled":false,"date":"2026-05-09 07:23:56","action":"category","newStatus":"draft","terms":[],"taxonomy":"category"},"publishpress_future_workflow_manual_trigger":{"enabledWorkflows":[]},"_links":{"self":[{"href":"https:\/\/www.oarcanjo.net\/site\/wp-json\/wp\/v2\/posts\/20583"}],"collection":[{"href":"https:\/\/www.oarcanjo.net\/site\/wp-json\/wp\/v2\/posts"}],"about":[{"href":"https:\/\/www.oarcanjo.net\/site\/wp-json\/wp\/v2\/types\/post"}],"author":[{"embeddable":true,"href":"https:\/\/www.oarcanjo.net\/site\/wp-json\/wp\/v2\/users\/17"}],"replies":[{"embeddable":true,"href":"https:\/\/www.oarcanjo.net\/site\/wp-json\/wp\/v2\/comments?post=20583"}],"version-history":[{"count":0,"href":"https:\/\/www.oarcanjo.net\/site\/wp-json\/wp\/v2\/posts\/20583\/revisions"}],"wp:attachment":[{"href":"https:\/\/www.oarcanjo.net\/site\/wp-json\/wp\/v2\/media?parent=20583"}],"wp:term":[{"taxonomy":"category","embeddable":true,"href":"https:\/\/www.oarcanjo.net\/site\/wp-json\/wp\/v2\/categories?post=20583"},{"taxonomy":"post_tag","embeddable":true,"href":"https:\/\/www.oarcanjo.net\/site\/wp-json\/wp\/v2\/tags?post=20583"}],"curies":[{"name":"wp","href":"https:\/\/api.w.org\/{rel}","templated":true}]}}