
{"id":20599,"date":"2013-01-03T19:13:29","date_gmt":"2013-01-03T21:13:29","guid":{"rendered":"http:\/\/www.oarcanjo.net\/site\/?p=20599"},"modified":"2013-01-11T19:17:04","modified_gmt":"2013-01-11T21:17:04","slug":"dom-tomas-um-pastor-profeta-do-nosso-tempo","status":"publish","type":"post","link":"https:\/\/www.oarcanjo.net\/site\/dom-tomas-um-pastor-profeta-do-nosso-tempo\/","title":{"rendered":"Dom Tom\u00e1s, um pastor-profeta do nosso tempo"},"content":{"rendered":"<p><em>Fr. Marcos Sassatelli<\/em><br \/>\n<em>Frade Dominicano. Doutor em Filosofia e em Teologia Moral. Prof. na P\u00f3s-Gradua\u00e7\u00e3o em DD.HH. (Comiss\u00e3o Dominicana Justi\u00e7a e Paz do Brasil\/PUC-GO). Vig\u00e1rio Episcopal do Vicariato Oeste da Arq. de Goi\u00e2nia. Admin. Paroq. da Par\u00f3quia N. Sra. da Terra<\/em><br \/>\n<em>Adital<\/em><\/p>\n<p>No dia 31 de dezembro de 2012, Dom Tom\u00e1s Balduino, frade dominicano e bispo-em\u00e9rito da diocese de Goi\u00e1s (GO), completar\u00e1 90 anos de idade. Louvamos e agradecemos a Deus pela vida de Dom Tom\u00e1s, um pastor-profeta do nosso tempo.<\/p>\n<p>Dom Tom\u00e1s Balduino nasceu em Posse (GO), em 31 de dezembro de 1922. Cursou Filosofia em S\u00e3o Paulo e Teologia em Saint Maximin, na Fran\u00e7a, onde concluiu o Mestrado. Em 1957, foi nomeado superior da miss\u00e3o dominicana da Prelazia de Concei\u00e7\u00e3o do Araguaia, no Par\u00e1. Em 1965, concluiu o Mestrado em Antropologia e Lingu\u00edstica na Universidade de Bras\u00edlia (UNB). No mesmo ano, foi nomeado administrador apost\u00f3lico da Prelazia de Concei\u00e7\u00e3o do Araguaia. De 1967 a 1999, foi bispo da Diocese de Goi\u00e1s. Em 1972, participou da cria\u00e7\u00e3o do Conselho Indigenista Mission\u00e1rio (CIMI), do qual foi presidente de 1975 a 1979. Em 1975, participou tamb\u00e9m da cria\u00e7\u00e3o da Comiss\u00e3o Pastoral da Terra (CPT), que presidiu de 1997 a 2003 e da qual, desde 2005, \u00e9 conselheiro permanente. Dom Tom\u00e1s \u00e9 ainda doutor honoris causa da Pontif\u00edcia Universidade Cat\u00f3lica (PUC) de Goi\u00e1s e da Universidade Federal de Goi\u00e1s (UFG).<\/p>\n<p>Entre as muitas qualidades de Dom Tom\u00e1s, que -em &#8220;seus 90 anos de Romaria\u201d (no dizer de Dom Pedro Casald\u00e1liga)- poderiam ser destacadas, recordo quatro: sua profunda sensibilidade humana; sua extraordin\u00e1ria perspic\u00e1cia na escuta dos sinais dos tempos; sua pr\u00e1tica radicalmente prof\u00e9tica e sua f\u00e9 inabal\u00e1vel na utopia do Reino de Deus, que \u00e9 a Boa-Not\u00edcia de Jesus de Nazar\u00e9.<\/p>\n<p>Estas qualidades marcam a hist\u00f3ria de vida de Dom Tom\u00e1s, nos edificam a todos\/as e nos animam a continuar a luta por &#8220;uma outra Igreja poss\u00edvel\u201d e por &#8220;um outro mundo poss\u00edvel\u201d.<\/p>\n<p>Dom Tom\u00e1s -mesmo n\u00e3o tendo participado do Conc\u00edlio Ecum\u00eanico Vaticano II- foi pioneiro na aplica\u00e7\u00e3o e na viv\u00eancia de seus ensinamentos, que desencadearam, no mundo inteiro, um movimento de volta \u00e0s fontes e de profunda renova\u00e7\u00e3o da Igreja. No corrente ano, fazemos a mem\u00f3ria dos 50 anos da abertura do Vaticano II.<\/p>\n<p>A Igreja conciliar, pela qual Dom Tom\u00e1s deu e continua dando sua vida, \u00e9 uma Igreja igualit\u00e1ria, de irm\u00e3os e irm\u00e3s, comunit\u00e1ria (Igreja-comunidade, Igreja-comunh\u00e3o); \u00e9 uma Igreja Povo de Deus e toda ministerial.<\/p>\n<p>&#8220;Existem dons diferentes, mas o Esp\u00edrito \u00e9 o mesmo; diferentes servi\u00e7os (minist\u00e9rios), mas o Senhor \u00e9 o mesmo; diferentes modos de agir, mas \u00e9 o mesmo Deus que realiza tudo em todos. Cada um recebe o dom de manifestar o Esp\u00edrito para o bem de todos\u201d (1Cor 12, 4-7).<\/p>\n<p>A Igreja do Conc\u00edlio Ecum\u00eanico Vaticano II \u00e9 tamb\u00e9m uma Igreja que busca sempre o consenso, reconhecendo e valorizando o &#8220;senso da f\u00e9\u201d do povo crist\u00e3o; \u00e9 uma Igreja que, a todo momento, perscruta os sinais dos tempos, interpretando-os \u00e0 luz do Evangelho; \u00e9 uma Igreja pobre, que faz a Op\u00e7\u00e3o pelos Pobres (a &#8220;Igreja dos Pobres\u201d); \u00e9 uma Igreja que reconhece e valoriza o diferente (uma Igreja ecum\u00eanica e macroecum\u00eanica); enfim, \u00e9 uma Igreja que se alia aos Movimentos e Organiza\u00e7\u00f5es Sociais Populares e a todos aqueles e aquelas que lutam por um Mundo Novo, de justi\u00e7a e irmandade, que -\u00e0 luz da f\u00e9- \u00e9 a utopia do Reino de Deus, acontecendo na hist\u00f3ria humana e c\u00f3smica.<\/p>\n<p>Dom Alo\u00edsio Lorscheider -numa s\u00edntese muito bem formulada- oferece-nos uma fotografia n\u00edtida da Igreja conciliar. &#8220;O Vaticano II &#8211; diz ele &#8211; faz-nos passar de uma Igreja-institui\u00e7\u00e3o ou de uma Igreja-sociedade perfeita para uma Igreja-comunidade, inserida no mundo, a servi\u00e7o do Reino de Deus; de uma Igreja-poder para uma Igreja pobre, despojada, peregrina; de uma Igreja-autoridade para uma Igreja serva, servidora, ministerial; de uma Igreja piramidal para uma Igreja-povo; de uma Igreja pura e sem mancha para uma Igreja santa e pecadora, sempre necessitada de convers\u00e3o, de reforma; de uma Igreja-cristandade para uma Igreja-miss\u00e3o, uma Igreja toda ela mission\u00e1ria\u201d (Texto citado por Dom Geraldo Majella Agnelo na contracapa da Liturgia Di\u00e1ria, novembro de 2012).<\/p>\n<p>Em 1968, a Segunda Confer\u00eancia Geral do Episcopado Latinoamericano de Medell\u00edn, na Col\u00f4mbia, f\u00eaz uma releitura do Conc\u00edlio Ecum\u00eanico Vaticano II, aplicando-o \u00e0 nossa realidade. No Brasil, uma das express\u00f5es (talvez a mais significativa) do modelo de Igreja do Vaticano II, \u00e0 luz da Confer\u00eancia de Medell\u00edn, s\u00e3o certamente as Comunidades Eclesiais de Base (CEBs).<\/p>\n<p>Termino esta breve mem\u00f3ria da vida de Dom Tom\u00e1s e do modelo de Igreja conciliar &#8211; com o qual ele se identificou e sempre esteve (e ainda est\u00e1) comprometido em sua pr\u00e1tica pastoral &#8211; com as palavras de Dom Pedro Casald\u00e1liga: &#8220;S\u00e3o 90 anos, muitos dias, muitos caminhos, com falhas humanas, reconhecidas por ele, mas buscando sempre o espa\u00e7o do Reino, o apelo do Povo, um poss\u00edvel gesto de solidariedade e de profecia. Ele tem uma personalidade inclaudic\u00e1vel. Em continuidade perseverante, com a letra mi\u00fada e o tra\u00e7o teimoso aprendido j\u00e1 na fam\u00edlia e por esses sert\u00f5es e veredas da liberta\u00e7\u00e3o\u201d (Pedro Casald\u00e1liga, Bispo p\u00e9 no ch\u00e3o e universal. Em: Ivo Poletto (org.). Solid\u00e1rio mestre da vida. Celebrando os 90 anos de Dom Tom\u00e1s Balduino. Paulinas, S\u00e3o Paulo, 2012, p. 17. Leia o livro! Vale a pena!).<\/p>\n<p>Parab\u00e9ns, Dom Tom\u00e1s! Muitos anos de vida! Sua presen\u00e7a \u00e9 importante para n\u00f3s!<\/p>\n<div id=\"themify_builder_content-20599\" data-postid=\"20599\" class=\"themify_builder_content themify_builder_content-20599 themify_builder themify_builder_front\">\n\t<\/div>\n<!-- \/themify_builder_content -->","protected":false},"excerpt":{"rendered":"<p>Fr. Marcos Sassatelli Frade Dominicano. Doutor em Filosofia e em Teologia Moral. Prof. na P\u00f3s-Gradua\u00e7\u00e3o em DD.HH. (Comiss\u00e3o Dominicana Justi\u00e7a e Paz do Brasil\/PUC-GO). Vig\u00e1rio Episcopal do Vicariato Oeste da Arq. de Goi\u00e2nia. Admin. Paroq. da Par\u00f3quia N. Sra. da Terra Adital No dia 31 de dezembro de 2012, Dom Tom\u00e1s Balduino, frade dominicano e [&hellip;]<\/p>\n","protected":false},"author":5,"featured_media":0,"comment_status":"open","ping_status":"open","sticky":false,"template":"","format":"standard","meta":{"ngg_post_thumbnail":0,"footnotes":""},"categories":[2364,186],"tags":[3214,2366],"yoast_head":"<!-- This site is optimized with the Yoast SEO plugin v23.5 - https:\/\/yoast.com\/wordpress\/plugins\/seo\/ -->\n<title>Dom Tom\u00e1s, um pastor-profeta do nosso tempo - O Arcanjo no ar<\/title>\n<meta name=\"robots\" content=\"index, follow, max-snippet:-1, max-image-preview:large, max-video-preview:-1\" \/>\n<link rel=\"canonical\" href=\"https:\/\/www.oarcanjo.net\/site\/dom-tomas-um-pastor-profeta-do-nosso-tempo\/\" \/>\n<meta property=\"og:locale\" content=\"pt_BR\" \/>\n<meta property=\"og:type\" content=\"article\" \/>\n<meta property=\"og:title\" content=\"Dom Tom\u00e1s, um pastor-profeta do nosso tempo - O Arcanjo no ar\" \/>\n<meta property=\"og:description\" content=\"Fr. Marcos Sassatelli Frade Dominicano. Doutor em Filosofia e em Teologia Moral. Prof. na P\u00f3s-Gradua\u00e7\u00e3o em DD.HH. (Comiss\u00e3o Dominicana Justi\u00e7a e Paz do Brasil\/PUC-GO). Vig\u00e1rio Episcopal do Vicariato Oeste da Arq. de Goi\u00e2nia. Admin. Paroq. da Par\u00f3quia N. Sra. da Terra Adital No dia 31 de dezembro de 2012, Dom Tom\u00e1s Balduino, frade dominicano e [&hellip;]\" \/>\n<meta property=\"og:url\" content=\"https:\/\/www.oarcanjo.net\/site\/dom-tomas-um-pastor-profeta-do-nosso-tempo\/\" \/>\n<meta property=\"og:site_name\" content=\"O Arcanjo no ar\" \/>\n<meta property=\"article:publisher\" content=\"https:\/\/www.facebook.com\/OArcanjoNoAr\/\" \/>\n<meta property=\"article:published_time\" content=\"2013-01-03T21:13:29+00:00\" \/>\n<meta property=\"article:modified_time\" content=\"2013-01-11T21:17:04+00:00\" \/>\n<meta property=\"og:image\" content=\"https:\/\/www.oarcanjo.net\/site\/wp-content\/uploads\/logo-o-arcanjo-no-ar-facebook.png\" \/>\n\t<meta property=\"og:image:width\" content=\"300\" \/>\n\t<meta property=\"og:image:height\" content=\"300\" \/>\n\t<meta property=\"og:image:type\" content=\"image\/png\" \/>\n<meta name=\"author\" content=\"editor\" \/>\n<meta name=\"twitter:card\" content=\"summary_large_image\" \/>\n<meta name=\"twitter:label1\" content=\"Escrito por\" \/>\n\t<meta name=\"twitter:data1\" content=\"editor\" \/>\n\t<meta name=\"twitter:label2\" content=\"Est. tempo de leitura\" \/>\n\t<meta name=\"twitter:data2\" content=\"5 minutos\" \/>\n<script type=\"application\/ld+json\" class=\"yoast-schema-graph\">{\"@context\":\"https:\/\/schema.org\",\"@graph\":[{\"@type\":\"Article\",\"@id\":\"https:\/\/www.oarcanjo.net\/site\/dom-tomas-um-pastor-profeta-do-nosso-tempo\/#article\",\"isPartOf\":{\"@id\":\"https:\/\/www.oarcanjo.net\/site\/dom-tomas-um-pastor-profeta-do-nosso-tempo\/\"},\"author\":{\"name\":\"editor\",\"@id\":\"https:\/\/www.oarcanjo.net\/site\/#\/schema\/person\/f7024d007863202483a31326673a0838\"},\"headline\":\"Dom Tom\u00e1s, um pastor-profeta do nosso tempo\",\"datePublished\":\"2013-01-03T21:13:29+00:00\",\"dateModified\":\"2013-01-11T21:17:04+00:00\",\"mainEntityOfPage\":{\"@id\":\"https:\/\/www.oarcanjo.net\/site\/dom-tomas-um-pastor-profeta-do-nosso-tempo\/\"},\"wordCount\":974,\"commentCount\":0,\"publisher\":{\"@id\":\"https:\/\/www.oarcanjo.net\/site\/#organization\"},\"keywords\":[\"Dom Tom\u00e1s Baldu\u00edno\",\"pastor-profeta\"],\"articleSection\":[\"Dom Tom\u00e1s Baldu\u00edno\",\"Testemunhos\"],\"inLanguage\":\"pt-BR\",\"potentialAction\":[{\"@type\":\"CommentAction\",\"name\":\"Comment\",\"target\":[\"https:\/\/www.oarcanjo.net\/site\/dom-tomas-um-pastor-profeta-do-nosso-tempo\/#respond\"]}]},{\"@type\":\"WebPage\",\"@id\":\"https:\/\/www.oarcanjo.net\/site\/dom-tomas-um-pastor-profeta-do-nosso-tempo\/\",\"url\":\"https:\/\/www.oarcanjo.net\/site\/dom-tomas-um-pastor-profeta-do-nosso-tempo\/\",\"name\":\"Dom Tom\u00e1s, um pastor-profeta do nosso tempo - O Arcanjo no ar\",\"isPartOf\":{\"@id\":\"https:\/\/www.oarcanjo.net\/site\/#website\"},\"datePublished\":\"2013-01-03T21:13:29+00:00\",\"dateModified\":\"2013-01-11T21:17:04+00:00\",\"breadcrumb\":{\"@id\":\"https:\/\/www.oarcanjo.net\/site\/dom-tomas-um-pastor-profeta-do-nosso-tempo\/#breadcrumb\"},\"inLanguage\":\"pt-BR\",\"potentialAction\":[{\"@type\":\"ReadAction\",\"target\":[\"https:\/\/www.oarcanjo.net\/site\/dom-tomas-um-pastor-profeta-do-nosso-tempo\/\"]}]},{\"@type\":\"BreadcrumbList\",\"@id\":\"https:\/\/www.oarcanjo.net\/site\/dom-tomas-um-pastor-profeta-do-nosso-tempo\/#breadcrumb\",\"itemListElement\":[{\"@type\":\"ListItem\",\"position\":1,\"name\":\"In\u00edcio\",\"item\":\"https:\/\/www.oarcanjo.net\/site\/\"},{\"@type\":\"ListItem\",\"position\":2,\"name\":\"Dom Tom\u00e1s, um pastor-profeta do nosso tempo\"}]},{\"@type\":\"WebSite\",\"@id\":\"https:\/\/www.oarcanjo.net\/site\/#website\",\"url\":\"https:\/\/www.oarcanjo.net\/site\/\",\"name\":\"O Arcanjo no ar\",\"description\":\"Site da Par\u00f3quia S\u00e3o Miguel Arcanjo (Arquidiocese de SP)\",\"publisher\":{\"@id\":\"https:\/\/www.oarcanjo.net\/site\/#organization\"},\"potentialAction\":[{\"@type\":\"SearchAction\",\"target\":{\"@type\":\"EntryPoint\",\"urlTemplate\":\"https:\/\/www.oarcanjo.net\/site\/?s={search_term_string}\"},\"query-input\":{\"@type\":\"PropertyValueSpecification\",\"valueRequired\":true,\"valueName\":\"search_term_string\"}}],\"inLanguage\":\"pt-BR\"},{\"@type\":\"Organization\",\"@id\":\"https:\/\/www.oarcanjo.net\/site\/#organization\",\"name\":\"Par\u00f3quia S\u00e3o Miguel Arcanjo\",\"url\":\"https:\/\/www.oarcanjo.net\/site\/\",\"logo\":{\"@type\":\"ImageObject\",\"inLanguage\":\"pt-BR\",\"@id\":\"https:\/\/www.oarcanjo.net\/site\/#\/schema\/logo\/image\/\",\"url\":\"https:\/\/www.oarcanjo.net\/site\/wp-content\/uploads\/LogoOArcanjo.png\",\"contentUrl\":\"https:\/\/www.oarcanjo.net\/site\/wp-content\/uploads\/LogoOArcanjo.png\",\"width\":319,\"height\":99,\"caption\":\"Par\u00f3quia S\u00e3o Miguel Arcanjo\"},\"image\":{\"@id\":\"https:\/\/www.oarcanjo.net\/site\/#\/schema\/logo\/image\/\"},\"sameAs\":[\"https:\/\/www.facebook.com\/OArcanjoNoAr\/\"]},{\"@type\":\"Person\",\"@id\":\"https:\/\/www.oarcanjo.net\/site\/#\/schema\/person\/f7024d007863202483a31326673a0838\",\"name\":\"editor\",\"sameAs\":[\"http:\/\/www.oarcanjo.net\"]}]}<\/script>\n<!-- \/ Yoast SEO plugin. -->","yoast_head_json":{"title":"Dom Tom\u00e1s, um pastor-profeta do nosso tempo - O Arcanjo no ar","robots":{"index":"index","follow":"follow","max-snippet":"max-snippet:-1","max-image-preview":"max-image-preview:large","max-video-preview":"max-video-preview:-1"},"canonical":"https:\/\/www.oarcanjo.net\/site\/dom-tomas-um-pastor-profeta-do-nosso-tempo\/","og_locale":"pt_BR","og_type":"article","og_title":"Dom Tom\u00e1s, um pastor-profeta do nosso tempo - O Arcanjo no ar","og_description":"Fr. Marcos Sassatelli Frade Dominicano. Doutor em Filosofia e em Teologia Moral. Prof. na P\u00f3s-Gradua\u00e7\u00e3o em DD.HH. (Comiss\u00e3o Dominicana Justi\u00e7a e Paz do Brasil\/PUC-GO). Vig\u00e1rio Episcopal do Vicariato Oeste da Arq. de Goi\u00e2nia. Admin. Paroq. da Par\u00f3quia N. Sra. da Terra Adital No dia 31 de dezembro de 2012, Dom Tom\u00e1s Balduino, frade dominicano e [&hellip;]","og_url":"https:\/\/www.oarcanjo.net\/site\/dom-tomas-um-pastor-profeta-do-nosso-tempo\/","og_site_name":"O Arcanjo no ar","article_publisher":"https:\/\/www.facebook.com\/OArcanjoNoAr\/","article_published_time":"2013-01-03T21:13:29+00:00","article_modified_time":"2013-01-11T21:17:04+00:00","og_image":[{"width":300,"height":300,"url":"https:\/\/www.oarcanjo.net\/site\/wp-content\/uploads\/logo-o-arcanjo-no-ar-facebook.png","type":"image\/png"}],"author":"editor","twitter_card":"summary_large_image","twitter_misc":{"Escrito por":"editor","Est. tempo de leitura":"5 minutos"},"schema":{"@context":"https:\/\/schema.org","@graph":[{"@type":"Article","@id":"https:\/\/www.oarcanjo.net\/site\/dom-tomas-um-pastor-profeta-do-nosso-tempo\/#article","isPartOf":{"@id":"https:\/\/www.oarcanjo.net\/site\/dom-tomas-um-pastor-profeta-do-nosso-tempo\/"},"author":{"name":"editor","@id":"https:\/\/www.oarcanjo.net\/site\/#\/schema\/person\/f7024d007863202483a31326673a0838"},"headline":"Dom Tom\u00e1s, um pastor-profeta do nosso tempo","datePublished":"2013-01-03T21:13:29+00:00","dateModified":"2013-01-11T21:17:04+00:00","mainEntityOfPage":{"@id":"https:\/\/www.oarcanjo.net\/site\/dom-tomas-um-pastor-profeta-do-nosso-tempo\/"},"wordCount":974,"commentCount":0,"publisher":{"@id":"https:\/\/www.oarcanjo.net\/site\/#organization"},"keywords":["Dom Tom\u00e1s Baldu\u00edno","pastor-profeta"],"articleSection":["Dom Tom\u00e1s Baldu\u00edno","Testemunhos"],"inLanguage":"pt-BR","potentialAction":[{"@type":"CommentAction","name":"Comment","target":["https:\/\/www.oarcanjo.net\/site\/dom-tomas-um-pastor-profeta-do-nosso-tempo\/#respond"]}]},{"@type":"WebPage","@id":"https:\/\/www.oarcanjo.net\/site\/dom-tomas-um-pastor-profeta-do-nosso-tempo\/","url":"https:\/\/www.oarcanjo.net\/site\/dom-tomas-um-pastor-profeta-do-nosso-tempo\/","name":"Dom Tom\u00e1s, um pastor-profeta do nosso tempo - O Arcanjo no ar","isPartOf":{"@id":"https:\/\/www.oarcanjo.net\/site\/#website"},"datePublished":"2013-01-03T21:13:29+00:00","dateModified":"2013-01-11T21:17:04+00:00","breadcrumb":{"@id":"https:\/\/www.oarcanjo.net\/site\/dom-tomas-um-pastor-profeta-do-nosso-tempo\/#breadcrumb"},"inLanguage":"pt-BR","potentialAction":[{"@type":"ReadAction","target":["https:\/\/www.oarcanjo.net\/site\/dom-tomas-um-pastor-profeta-do-nosso-tempo\/"]}]},{"@type":"BreadcrumbList","@id":"https:\/\/www.oarcanjo.net\/site\/dom-tomas-um-pastor-profeta-do-nosso-tempo\/#breadcrumb","itemListElement":[{"@type":"ListItem","position":1,"name":"In\u00edcio","item":"https:\/\/www.oarcanjo.net\/site\/"},{"@type":"ListItem","position":2,"name":"Dom Tom\u00e1s, um pastor-profeta do nosso tempo"}]},{"@type":"WebSite","@id":"https:\/\/www.oarcanjo.net\/site\/#website","url":"https:\/\/www.oarcanjo.net\/site\/","name":"O Arcanjo no ar","description":"Site da Par\u00f3quia S\u00e3o Miguel Arcanjo (Arquidiocese de SP)","publisher":{"@id":"https:\/\/www.oarcanjo.net\/site\/#organization"},"potentialAction":[{"@type":"SearchAction","target":{"@type":"EntryPoint","urlTemplate":"https:\/\/www.oarcanjo.net\/site\/?s={search_term_string}"},"query-input":{"@type":"PropertyValueSpecification","valueRequired":true,"valueName":"search_term_string"}}],"inLanguage":"pt-BR"},{"@type":"Organization","@id":"https:\/\/www.oarcanjo.net\/site\/#organization","name":"Par\u00f3quia S\u00e3o Miguel Arcanjo","url":"https:\/\/www.oarcanjo.net\/site\/","logo":{"@type":"ImageObject","inLanguage":"pt-BR","@id":"https:\/\/www.oarcanjo.net\/site\/#\/schema\/logo\/image\/","url":"https:\/\/www.oarcanjo.net\/site\/wp-content\/uploads\/LogoOArcanjo.png","contentUrl":"https:\/\/www.oarcanjo.net\/site\/wp-content\/uploads\/LogoOArcanjo.png","width":319,"height":99,"caption":"Par\u00f3quia S\u00e3o Miguel Arcanjo"},"image":{"@id":"https:\/\/www.oarcanjo.net\/site\/#\/schema\/logo\/image\/"},"sameAs":["https:\/\/www.facebook.com\/OArcanjoNoAr\/"]},{"@type":"Person","@id":"https:\/\/www.oarcanjo.net\/site\/#\/schema\/person\/f7024d007863202483a31326673a0838","name":"editor","sameAs":["http:\/\/www.oarcanjo.net"]}]}},"publishpress_future_action":{"enabled":false,"date":"2026-05-07 21:40:17","action":"category","newStatus":"draft","terms":[],"taxonomy":"category"},"publishpress_future_workflow_manual_trigger":{"enabledWorkflows":[]},"_links":{"self":[{"href":"https:\/\/www.oarcanjo.net\/site\/wp-json\/wp\/v2\/posts\/20599"}],"collection":[{"href":"https:\/\/www.oarcanjo.net\/site\/wp-json\/wp\/v2\/posts"}],"about":[{"href":"https:\/\/www.oarcanjo.net\/site\/wp-json\/wp\/v2\/types\/post"}],"author":[{"embeddable":true,"href":"https:\/\/www.oarcanjo.net\/site\/wp-json\/wp\/v2\/users\/5"}],"replies":[{"embeddable":true,"href":"https:\/\/www.oarcanjo.net\/site\/wp-json\/wp\/v2\/comments?post=20599"}],"version-history":[{"count":0,"href":"https:\/\/www.oarcanjo.net\/site\/wp-json\/wp\/v2\/posts\/20599\/revisions"}],"wp:attachment":[{"href":"https:\/\/www.oarcanjo.net\/site\/wp-json\/wp\/v2\/media?parent=20599"}],"wp:term":[{"taxonomy":"category","embeddable":true,"href":"https:\/\/www.oarcanjo.net\/site\/wp-json\/wp\/v2\/categories?post=20599"},{"taxonomy":"post_tag","embeddable":true,"href":"https:\/\/www.oarcanjo.net\/site\/wp-json\/wp\/v2\/tags?post=20599"}],"curies":[{"name":"wp","href":"https:\/\/api.w.org\/{rel}","templated":true}]}}