
{"id":20602,"date":"2013-01-12T14:29:26","date_gmt":"2013-01-12T16:29:26","guid":{"rendered":"http:\/\/www.oarcanjo.net\/site\/?p=20602"},"modified":"2013-01-12T17:31:22","modified_gmt":"2013-01-12T19:31:22","slug":"corpo-de-padre-haroldo-sera-velado-na-igreja-de-santa-edwiges-em-fortaleza","status":"publish","type":"post","link":"https:\/\/www.oarcanjo.net\/site\/corpo-de-padre-haroldo-sera-velado-na-igreja-de-santa-edwiges-em-fortaleza\/","title":{"rendered":"Corpo de padre Haroldo ser\u00e1 velado na Igreja de Santa Edwiges em Fortaleza"},"content":{"rendered":"<p>Militante dos Direitos Humanos<\/p>\n<p>Homem das lutas em favor dos funcion\u00e1rios p\u00fablicos, oper\u00e1rios&#8230;<\/p>\n<table cellspacing=\"0\" cellpadding=\"0\">\n<tbody>\n<tr>\n<td><a href=\"http:\/\/3.bp.blogspot.com\/-YPZMVKYDMKQ\/UPGNox_XIVI\/AAAAAAAAVUw\/WYDPxES-vMQ\/s1600\/haroldo2.jpg\"><img loading=\"lazy\" decoding=\"async\" src=\"http:\/\/3.bp.blogspot.com\/-YPZMVKYDMKQ\/UPGNox_XIVI\/AAAAAAAAVUw\/WYDPxES-vMQ\/s200\/haroldo2.jpg\" border=\"0\" alt=\"\" width=\"200\" height=\"132\" \/><\/a><\/td>\n<\/tr>\n<tr>\n<td>Homilia: 27\/12\/2007 &#8211; mesmo dia e hor\u00e1rio do<br \/>\nsepultamento de Dom Alo\u00edsio Lorscheider &#8211; RS<br \/>\nPar\u00f3quia de Santo Afonso &#8211;<br \/>\nFortaleza &#8211; CE<\/td>\n<\/tr>\n<\/tbody>\n<\/table>\n<p><a href=\"http:\/\/www.arquidiocesedefortaleza.org.br\/wp-content\/uploads\/2013\/01\/digitalizar0002300.gif\"><img loading=\"lazy\" decoding=\"async\" src=\"http:\/\/www.arquidiocesedefortaleza.org.br\/wp-content\/uploads\/2013\/01\/digitalizar0002300.gif\" alt=\"digitalizar0002300\" width=\"200\" height=\"152\" \/><\/a><\/p>\n<p>O corpo de padre Haroldo Coelho chegar\u00e1 a Fortaleza hoje, 12, por volta das 22h00 e ser\u00e1 velado na Igreja de Santa Edwiges, na Avenida Presidente Castelo Branco, 600,  bairro Jacarecanga, Fortaleza. Amanh\u00e3, 13, ser\u00e1 celebrada uma Missa de corpo presente (ainda n\u00e3o se sabe o hor\u00e1rio).<\/p>\n<p>Padre Haroldo morreu em Bras\u00edlia, DF, \u00e0s 21h30min de ontem, sexta-feira, 11, aos 77 anos. O padre estava internado desde o Ano Novo, por problemas respirat\u00f3rios, mas teve a sa\u00fade agravada por causa de uma pneumonia.<\/p>\n<p>O sacerdote tinha um incans\u00e1vel compromisso em favor dos mais pobres, al\u00e9m de uma importante influ\u00eancia no campo pol\u00edtico. Dentre os diversos trabalhos que realizou foi vig\u00e1rio paroquial da Par\u00f3quia de S\u00e3o Francisco, Jacarecanga, e assessor nacional do movimento familiar crist\u00e3o. Para saber mais sobre padre Haroldo, clique aqui.<\/p>\n<p>Informa\u00e7\u00f5es (85) 3214.4766 (Igreja de Santa Edwiges), ou (85) 3238.0978 (Par\u00f3quia de S\u00e3o Francisco, Jacarecanga).<\/p>\n<p><a href=\"http:\/\/sobralagora.com.br\/v1\/wp-content\/uploads\/2013\/01\/A-PADRE1.jpg\"><img loading=\"lazy\" decoding=\"async\" src=\"http:\/\/sobralagora.com.br\/v1\/wp-content\/uploads\/2013\/01\/A-PADRE1.jpg\" alt=\"\" width=\"400\" height=\"300\" \/><\/a><\/p>\n<p>Ele estava internado h\u00e1 10 dias na UTI do Hospital Daher, no Lago Sul. A informa\u00e7\u00e3o \u00e9 do assessor do padre, Alexandre T\u00e1vora. Militante do Psol, padre Haroldo foi a Bras\u00edlia para passar as festas de fim de ano com familiares e foi internado na passagem do Ano Novo, por causa de problemas respirat\u00f3rios.<\/p>\n<p>Padre Haroldo foi candidato a Govenador do Cear\u00e1 pelo Partido dos Trabalhadores.<\/p>\n<p>(Roberto Moreira)<\/p>\n<table cellspacing=\"0\" cellpadding=\"0\" align=\"center\">\n<tbody>\n<tr>\n<td><a href=\"http:\/\/2.bp.blogspot.com\/-Oltkoz-lw6E\/UPGNoqn1XII\/AAAAAAAAVUo\/lyWT5jWq1Rw\/s1600\/haroldo.jpg\"><img loading=\"lazy\" decoding=\"async\" src=\"http:\/\/2.bp.blogspot.com\/-Oltkoz-lw6E\/UPGNoqn1XII\/AAAAAAAAVUo\/lyWT5jWq1Rw\/s320\/haroldo.jpg\" border=\"0\" alt=\"\" width=\"320\" height=\"213\" \/><\/a><\/td>\n<\/tr>\n<tr>\n<td>Com Pe. Geovane Saraiva<br \/>\nMissa no mesmo dia e mesmo hor\u00e1rio\u00a0do<br \/>\nsepultamento do Cardeal Lorscheider &#8211; RS<br \/>\n27\/12\/2007 &#8211;\u00a0Igreja de Santo Afonso &#8211; Fortaleza &#8211; CE<\/td>\n<\/tr>\n<\/tbody>\n<\/table>\n<table cellspacing=\"0\" cellpadding=\"0\" align=\"center\">\n<tbody>\n<tr>\n<td><a href=\"http:\/\/2.bp.blogspot.com\/-xTCT8y2et2s\/UPGNowD0BiI\/AAAAAAAAVUs\/KtPd_HgWPK4\/s1600\/haroldo1.jpg\"><img loading=\"lazy\" decoding=\"async\" src=\"http:\/\/2.bp.blogspot.com\/-xTCT8y2et2s\/UPGNowD0BiI\/AAAAAAAAVUs\/KtPd_HgWPK4\/s320\/haroldo1.jpg\" border=\"0\" alt=\"\" width=\"320\" height=\"213\" \/><\/a><\/td>\n<\/tr>\n<tr>\n<td>Missa no dia 27\/12\/2007<br \/>\nIgreja de Santo Afonso<br \/>\nFortaleza &#8211; CE<\/td>\n<\/tr>\n<\/tbody>\n<\/table>\n<table cellspacing=\"0\" cellpadding=\"0\" align=\"center\">\n<tbody>\n<tr>\n<td><a href=\"http:\/\/4.bp.blogspot.com\/-FUGcfkcTLTI\/UPGNpahfrlI\/AAAAAAAAVU4\/ClK8uMJmG2Q\/s1600\/haroldo3.jpg\"><img loading=\"lazy\" decoding=\"async\" src=\"http:\/\/4.bp.blogspot.com\/-FUGcfkcTLTI\/UPGNpahfrlI\/AAAAAAAAVU4\/ClK8uMJmG2Q\/s320\/haroldo3.jpg\" border=\"0\" alt=\"\" width=\"320\" height=\"213\" \/><\/a><\/td>\n<\/tr>\n<tr>\n<td>Pe Geovane Saraiva e Dom\u00a0Edmilson\u00a0com Pe Heroldo Coelho<br \/>\nMissa no dia 27\/12\/2007 &#8211;<br \/>\nIgreja de Santo Afonso &#8211; Fortaleza &#8211; CE<\/td>\n<\/tr>\n<\/tbody>\n<\/table>\n<table cellspacing=\"0\" cellpadding=\"0\" align=\"center\">\n<tbody>\n<tr>\n<td><a href=\"http:\/\/3.bp.blogspot.com\/-A7-_aQvprb8\/UPGNpZnpIfI\/AAAAAAAAVU8\/N2NrNOJqsD0\/s1600\/haroldo4.jpg\"><img loading=\"lazy\" decoding=\"async\" src=\"http:\/\/3.bp.blogspot.com\/-A7-_aQvprb8\/UPGNpZnpIfI\/AAAAAAAAVU8\/N2NrNOJqsD0\/s320\/haroldo4.jpg\" border=\"0\" alt=\"\" width=\"320\" height=\"213\" \/><\/a><\/td>\n<\/tr>\n<tr>\n<td>Com Dom Edmilson e Pe. Geovane Saraiva<br \/>\nMissa no dia 27\/12\/2007 &#8211; Igreja de Santo Afonso &#8211; Fortaleza &#8211; CE<\/td>\n<\/tr>\n<\/tbody>\n<\/table>\n<table cellspacing=\"0\" cellpadding=\"0\" align=\"center\">\n<tbody>\n<tr>\n<td><a href=\"http:\/\/1.bp.blogspot.com\/-cOzXsl2Vxbo\/UPGNpk7OQMI\/AAAAAAAAVVA\/CfYqZaxAoSA\/s1600\/haroldo5.jpg\"><img loading=\"lazy\" decoding=\"async\" src=\"http:\/\/1.bp.blogspot.com\/-cOzXsl2Vxbo\/UPGNpk7OQMI\/AAAAAAAAVVA\/CfYqZaxAoSA\/s320\/haroldo5.jpg\" border=\"0\" alt=\"\" width=\"213\" height=\"320\" \/><\/a><\/td>\n<\/tr>\n<tr>\n<td style=\"text-align: center;\">Pe. Haroldo Coelho, na sua prega\u00e7\u00e3o intransigente e for\u00e7a quase que invenc\u00edvel em favor da vida<br \/>\nMissa no dia 27\/12\/2007 &#8211;<br \/>\nIgreja de Santo Afonso<br \/>\n&#8211; Fortaleza &#8211; CE<\/td>\n<\/tr>\n<\/tbody>\n<\/table>\n<p>Postado por\u00a0<a title=\"author profile\" rel=\"author\" href=\"http:\/\/www.blogger.com\/profile\/12037961757835243213\">Par\u00f3quia de Santo Afonso<\/a><\/p>\n<div id=\"themify_builder_content-20602\" data-postid=\"20602\" class=\"themify_builder_content themify_builder_content-20602 themify_builder themify_builder_front\">\n\t<\/div>\n<!-- \/themify_builder_content -->","protected":false},"excerpt":{"rendered":"<p>Militante dos Direitos Humanos Homem das lutas em favor dos funcion\u00e1rios p\u00fablicos, oper\u00e1rios&#8230; Homilia: 27\/12\/2007 &#8211; mesmo dia e hor\u00e1rio do sepultamento de Dom Alo\u00edsio Lorscheider &#8211; RS Par\u00f3quia de Santo Afonso &#8211; Fortaleza &#8211; CE O corpo de padre Haroldo Coelho chegar\u00e1 a Fortaleza hoje, 12, por volta das 22h00 e ser\u00e1 velado na [&hellip;]<\/p>\n","protected":false},"author":17,"featured_media":0,"comment_status":"open","ping_status":"open","sticky":false,"template":"","format":"standard","meta":{"ngg_post_thumbnail":0,"footnotes":""},"categories":[8],"tags":[],"yoast_head":"<!-- This site is optimized with the Yoast SEO plugin v23.5 - https:\/\/yoast.com\/wordpress\/plugins\/seo\/ -->\n<title>Corpo de padre Haroldo ser\u00e1 velado na Igreja de Santa Edwiges em Fortaleza - O Arcanjo no ar<\/title>\n<meta name=\"robots\" content=\"index, follow, max-snippet:-1, max-image-preview:large, max-video-preview:-1\" \/>\n<link rel=\"canonical\" href=\"https:\/\/www.oarcanjo.net\/site\/corpo-de-padre-haroldo-sera-velado-na-igreja-de-santa-edwiges-em-fortaleza\/\" \/>\n<meta property=\"og:locale\" content=\"pt_BR\" \/>\n<meta property=\"og:type\" content=\"article\" \/>\n<meta property=\"og:title\" content=\"Corpo de padre Haroldo ser\u00e1 velado na Igreja de Santa Edwiges em Fortaleza - O Arcanjo no ar\" \/>\n<meta property=\"og:description\" content=\"Militante dos Direitos Humanos Homem das lutas em favor dos funcion\u00e1rios p\u00fablicos, oper\u00e1rios&#8230; Homilia: 27\/12\/2007 &#8211; mesmo dia e hor\u00e1rio do sepultamento de Dom Alo\u00edsio Lorscheider &#8211; RS Par\u00f3quia de Santo Afonso &#8211; Fortaleza &#8211; CE O corpo de padre Haroldo Coelho chegar\u00e1 a Fortaleza hoje, 12, por volta das 22h00 e ser\u00e1 velado na [&hellip;]\" \/>\n<meta property=\"og:url\" content=\"https:\/\/www.oarcanjo.net\/site\/corpo-de-padre-haroldo-sera-velado-na-igreja-de-santa-edwiges-em-fortaleza\/\" \/>\n<meta property=\"og:site_name\" content=\"O Arcanjo no ar\" \/>\n<meta property=\"article:publisher\" content=\"https:\/\/www.facebook.com\/OArcanjoNoAr\/\" \/>\n<meta property=\"article:published_time\" content=\"2013-01-12T16:29:26+00:00\" \/>\n<meta property=\"article:modified_time\" content=\"2013-01-12T19:31:22+00:00\" \/>\n<meta property=\"og:image\" content=\"http:\/\/3.bp.blogspot.com\/-YPZMVKYDMKQ\/UPGNox_XIVI\/AAAAAAAAVUw\/WYDPxES-vMQ\/s200\/haroldo2.jpg\" \/>\n<meta name=\"author\" content=\"pe.geovane\" \/>\n<meta name=\"twitter:card\" content=\"summary_large_image\" \/>\n<meta name=\"twitter:label1\" content=\"Escrito por\" \/>\n\t<meta name=\"twitter:data1\" content=\"pe.geovane\" \/>\n\t<meta name=\"twitter:label2\" content=\"Est. tempo de leitura\" \/>\n\t<meta name=\"twitter:data2\" content=\"2 minutos\" \/>\n<script type=\"application\/ld+json\" class=\"yoast-schema-graph\">{\"@context\":\"https:\/\/schema.org\",\"@graph\":[{\"@type\":\"Article\",\"@id\":\"https:\/\/www.oarcanjo.net\/site\/corpo-de-padre-haroldo-sera-velado-na-igreja-de-santa-edwiges-em-fortaleza\/#article\",\"isPartOf\":{\"@id\":\"https:\/\/www.oarcanjo.net\/site\/corpo-de-padre-haroldo-sera-velado-na-igreja-de-santa-edwiges-em-fortaleza\/\"},\"author\":{\"name\":\"pe.geovane\",\"@id\":\"https:\/\/www.oarcanjo.net\/site\/#\/schema\/person\/58d7f78850a973b8e467c7ae4a7eb4ad\"},\"headline\":\"Corpo de padre Haroldo ser\u00e1 velado na Igreja de Santa Edwiges em Fortaleza\",\"datePublished\":\"2013-01-12T16:29:26+00:00\",\"dateModified\":\"2013-01-12T19:31:22+00:00\",\"mainEntityOfPage\":{\"@id\":\"https:\/\/www.oarcanjo.net\/site\/corpo-de-padre-haroldo-sera-velado-na-igreja-de-santa-edwiges-em-fortaleza\/\"},\"wordCount\":396,\"commentCount\":0,\"publisher\":{\"@id\":\"https:\/\/www.oarcanjo.net\/site\/#organization\"},\"image\":{\"@id\":\"https:\/\/www.oarcanjo.net\/site\/corpo-de-padre-haroldo-sera-velado-na-igreja-de-santa-edwiges-em-fortaleza\/#primaryimage\"},\"thumbnailUrl\":\"http:\/\/3.bp.blogspot.com\/-YPZMVKYDMKQ\/UPGNox_XIVI\/AAAAAAAAVUw\/WYDPxES-vMQ\/s200\/haroldo2.jpg\",\"articleSection\":[\"Not\u00edcias\"],\"inLanguage\":\"pt-BR\",\"potentialAction\":[{\"@type\":\"CommentAction\",\"name\":\"Comment\",\"target\":[\"https:\/\/www.oarcanjo.net\/site\/corpo-de-padre-haroldo-sera-velado-na-igreja-de-santa-edwiges-em-fortaleza\/#respond\"]}]},{\"@type\":\"WebPage\",\"@id\":\"https:\/\/www.oarcanjo.net\/site\/corpo-de-padre-haroldo-sera-velado-na-igreja-de-santa-edwiges-em-fortaleza\/\",\"url\":\"https:\/\/www.oarcanjo.net\/site\/corpo-de-padre-haroldo-sera-velado-na-igreja-de-santa-edwiges-em-fortaleza\/\",\"name\":\"Corpo de padre Haroldo ser\u00e1 velado na Igreja de Santa Edwiges em Fortaleza - O Arcanjo no ar\",\"isPartOf\":{\"@id\":\"https:\/\/www.oarcanjo.net\/site\/#website\"},\"primaryImageOfPage\":{\"@id\":\"https:\/\/www.oarcanjo.net\/site\/corpo-de-padre-haroldo-sera-velado-na-igreja-de-santa-edwiges-em-fortaleza\/#primaryimage\"},\"image\":{\"@id\":\"https:\/\/www.oarcanjo.net\/site\/corpo-de-padre-haroldo-sera-velado-na-igreja-de-santa-edwiges-em-fortaleza\/#primaryimage\"},\"thumbnailUrl\":\"http:\/\/3.bp.blogspot.com\/-YPZMVKYDMKQ\/UPGNox_XIVI\/AAAAAAAAVUw\/WYDPxES-vMQ\/s200\/haroldo2.jpg\",\"datePublished\":\"2013-01-12T16:29:26+00:00\",\"dateModified\":\"2013-01-12T19:31:22+00:00\",\"breadcrumb\":{\"@id\":\"https:\/\/www.oarcanjo.net\/site\/corpo-de-padre-haroldo-sera-velado-na-igreja-de-santa-edwiges-em-fortaleza\/#breadcrumb\"},\"inLanguage\":\"pt-BR\",\"potentialAction\":[{\"@type\":\"ReadAction\",\"target\":[\"https:\/\/www.oarcanjo.net\/site\/corpo-de-padre-haroldo-sera-velado-na-igreja-de-santa-edwiges-em-fortaleza\/\"]}]},{\"@type\":\"ImageObject\",\"inLanguage\":\"pt-BR\",\"@id\":\"https:\/\/www.oarcanjo.net\/site\/corpo-de-padre-haroldo-sera-velado-na-igreja-de-santa-edwiges-em-fortaleza\/#primaryimage\",\"url\":\"http:\/\/3.bp.blogspot.com\/-YPZMVKYDMKQ\/UPGNox_XIVI\/AAAAAAAAVUw\/WYDPxES-vMQ\/s200\/haroldo2.jpg\",\"contentUrl\":\"http:\/\/3.bp.blogspot.com\/-YPZMVKYDMKQ\/UPGNox_XIVI\/AAAAAAAAVUw\/WYDPxES-vMQ\/s200\/haroldo2.jpg\"},{\"@type\":\"BreadcrumbList\",\"@id\":\"https:\/\/www.oarcanjo.net\/site\/corpo-de-padre-haroldo-sera-velado-na-igreja-de-santa-edwiges-em-fortaleza\/#breadcrumb\",\"itemListElement\":[{\"@type\":\"ListItem\",\"position\":1,\"name\":\"In\u00edcio\",\"item\":\"https:\/\/www.oarcanjo.net\/site\/\"},{\"@type\":\"ListItem\",\"position\":2,\"name\":\"Corpo de padre Haroldo ser\u00e1 velado na Igreja de Santa Edwiges em Fortaleza\"}]},{\"@type\":\"WebSite\",\"@id\":\"https:\/\/www.oarcanjo.net\/site\/#website\",\"url\":\"https:\/\/www.oarcanjo.net\/site\/\",\"name\":\"O Arcanjo no ar\",\"description\":\"Site da Par\u00f3quia S\u00e3o Miguel Arcanjo (Arquidiocese de SP)\",\"publisher\":{\"@id\":\"https:\/\/www.oarcanjo.net\/site\/#organization\"},\"potentialAction\":[{\"@type\":\"SearchAction\",\"target\":{\"@type\":\"EntryPoint\",\"urlTemplate\":\"https:\/\/www.oarcanjo.net\/site\/?s={search_term_string}\"},\"query-input\":{\"@type\":\"PropertyValueSpecification\",\"valueRequired\":true,\"valueName\":\"search_term_string\"}}],\"inLanguage\":\"pt-BR\"},{\"@type\":\"Organization\",\"@id\":\"https:\/\/www.oarcanjo.net\/site\/#organization\",\"name\":\"Par\u00f3quia S\u00e3o Miguel Arcanjo\",\"url\":\"https:\/\/www.oarcanjo.net\/site\/\",\"logo\":{\"@type\":\"ImageObject\",\"inLanguage\":\"pt-BR\",\"@id\":\"https:\/\/www.oarcanjo.net\/site\/#\/schema\/logo\/image\/\",\"url\":\"https:\/\/www.oarcanjo.net\/site\/wp-content\/uploads\/LogoOArcanjo.png\",\"contentUrl\":\"https:\/\/www.oarcanjo.net\/site\/wp-content\/uploads\/LogoOArcanjo.png\",\"width\":319,\"height\":99,\"caption\":\"Par\u00f3quia S\u00e3o Miguel Arcanjo\"},\"image\":{\"@id\":\"https:\/\/www.oarcanjo.net\/site\/#\/schema\/logo\/image\/\"},\"sameAs\":[\"https:\/\/www.facebook.com\/OArcanjoNoAr\/\"]},{\"@type\":\"Person\",\"@id\":\"https:\/\/www.oarcanjo.net\/site\/#\/schema\/person\/58d7f78850a973b8e467c7ae4a7eb4ad\",\"name\":\"pe.geovane\"}]}<\/script>\n<!-- \/ Yoast SEO plugin. -->","yoast_head_json":{"title":"Corpo de padre Haroldo ser\u00e1 velado na Igreja de Santa Edwiges em Fortaleza - O Arcanjo no ar","robots":{"index":"index","follow":"follow","max-snippet":"max-snippet:-1","max-image-preview":"max-image-preview:large","max-video-preview":"max-video-preview:-1"},"canonical":"https:\/\/www.oarcanjo.net\/site\/corpo-de-padre-haroldo-sera-velado-na-igreja-de-santa-edwiges-em-fortaleza\/","og_locale":"pt_BR","og_type":"article","og_title":"Corpo de padre Haroldo ser\u00e1 velado na Igreja de Santa Edwiges em Fortaleza - O Arcanjo no ar","og_description":"Militante dos Direitos Humanos Homem das lutas em favor dos funcion\u00e1rios p\u00fablicos, oper\u00e1rios&#8230; Homilia: 27\/12\/2007 &#8211; mesmo dia e hor\u00e1rio do sepultamento de Dom Alo\u00edsio Lorscheider &#8211; RS Par\u00f3quia de Santo Afonso &#8211; Fortaleza &#8211; CE O corpo de padre Haroldo Coelho chegar\u00e1 a Fortaleza hoje, 12, por volta das 22h00 e ser\u00e1 velado na [&hellip;]","og_url":"https:\/\/www.oarcanjo.net\/site\/corpo-de-padre-haroldo-sera-velado-na-igreja-de-santa-edwiges-em-fortaleza\/","og_site_name":"O Arcanjo no ar","article_publisher":"https:\/\/www.facebook.com\/OArcanjoNoAr\/","article_published_time":"2013-01-12T16:29:26+00:00","article_modified_time":"2013-01-12T19:31:22+00:00","og_image":[{"url":"http:\/\/3.bp.blogspot.com\/-YPZMVKYDMKQ\/UPGNox_XIVI\/AAAAAAAAVUw\/WYDPxES-vMQ\/s200\/haroldo2.jpg"}],"author":"pe.geovane","twitter_card":"summary_large_image","twitter_misc":{"Escrito por":"pe.geovane","Est. tempo de leitura":"2 minutos"},"schema":{"@context":"https:\/\/schema.org","@graph":[{"@type":"Article","@id":"https:\/\/www.oarcanjo.net\/site\/corpo-de-padre-haroldo-sera-velado-na-igreja-de-santa-edwiges-em-fortaleza\/#article","isPartOf":{"@id":"https:\/\/www.oarcanjo.net\/site\/corpo-de-padre-haroldo-sera-velado-na-igreja-de-santa-edwiges-em-fortaleza\/"},"author":{"name":"pe.geovane","@id":"https:\/\/www.oarcanjo.net\/site\/#\/schema\/person\/58d7f78850a973b8e467c7ae4a7eb4ad"},"headline":"Corpo de padre Haroldo ser\u00e1 velado na Igreja de Santa Edwiges em Fortaleza","datePublished":"2013-01-12T16:29:26+00:00","dateModified":"2013-01-12T19:31:22+00:00","mainEntityOfPage":{"@id":"https:\/\/www.oarcanjo.net\/site\/corpo-de-padre-haroldo-sera-velado-na-igreja-de-santa-edwiges-em-fortaleza\/"},"wordCount":396,"commentCount":0,"publisher":{"@id":"https:\/\/www.oarcanjo.net\/site\/#organization"},"image":{"@id":"https:\/\/www.oarcanjo.net\/site\/corpo-de-padre-haroldo-sera-velado-na-igreja-de-santa-edwiges-em-fortaleza\/#primaryimage"},"thumbnailUrl":"http:\/\/3.bp.blogspot.com\/-YPZMVKYDMKQ\/UPGNox_XIVI\/AAAAAAAAVUw\/WYDPxES-vMQ\/s200\/haroldo2.jpg","articleSection":["Not\u00edcias"],"inLanguage":"pt-BR","potentialAction":[{"@type":"CommentAction","name":"Comment","target":["https:\/\/www.oarcanjo.net\/site\/corpo-de-padre-haroldo-sera-velado-na-igreja-de-santa-edwiges-em-fortaleza\/#respond"]}]},{"@type":"WebPage","@id":"https:\/\/www.oarcanjo.net\/site\/corpo-de-padre-haroldo-sera-velado-na-igreja-de-santa-edwiges-em-fortaleza\/","url":"https:\/\/www.oarcanjo.net\/site\/corpo-de-padre-haroldo-sera-velado-na-igreja-de-santa-edwiges-em-fortaleza\/","name":"Corpo de padre Haroldo ser\u00e1 velado na Igreja de Santa Edwiges em Fortaleza - O Arcanjo no ar","isPartOf":{"@id":"https:\/\/www.oarcanjo.net\/site\/#website"},"primaryImageOfPage":{"@id":"https:\/\/www.oarcanjo.net\/site\/corpo-de-padre-haroldo-sera-velado-na-igreja-de-santa-edwiges-em-fortaleza\/#primaryimage"},"image":{"@id":"https:\/\/www.oarcanjo.net\/site\/corpo-de-padre-haroldo-sera-velado-na-igreja-de-santa-edwiges-em-fortaleza\/#primaryimage"},"thumbnailUrl":"http:\/\/3.bp.blogspot.com\/-YPZMVKYDMKQ\/UPGNox_XIVI\/AAAAAAAAVUw\/WYDPxES-vMQ\/s200\/haroldo2.jpg","datePublished":"2013-01-12T16:29:26+00:00","dateModified":"2013-01-12T19:31:22+00:00","breadcrumb":{"@id":"https:\/\/www.oarcanjo.net\/site\/corpo-de-padre-haroldo-sera-velado-na-igreja-de-santa-edwiges-em-fortaleza\/#breadcrumb"},"inLanguage":"pt-BR","potentialAction":[{"@type":"ReadAction","target":["https:\/\/www.oarcanjo.net\/site\/corpo-de-padre-haroldo-sera-velado-na-igreja-de-santa-edwiges-em-fortaleza\/"]}]},{"@type":"ImageObject","inLanguage":"pt-BR","@id":"https:\/\/www.oarcanjo.net\/site\/corpo-de-padre-haroldo-sera-velado-na-igreja-de-santa-edwiges-em-fortaleza\/#primaryimage","url":"http:\/\/3.bp.blogspot.com\/-YPZMVKYDMKQ\/UPGNox_XIVI\/AAAAAAAAVUw\/WYDPxES-vMQ\/s200\/haroldo2.jpg","contentUrl":"http:\/\/3.bp.blogspot.com\/-YPZMVKYDMKQ\/UPGNox_XIVI\/AAAAAAAAVUw\/WYDPxES-vMQ\/s200\/haroldo2.jpg"},{"@type":"BreadcrumbList","@id":"https:\/\/www.oarcanjo.net\/site\/corpo-de-padre-haroldo-sera-velado-na-igreja-de-santa-edwiges-em-fortaleza\/#breadcrumb","itemListElement":[{"@type":"ListItem","position":1,"name":"In\u00edcio","item":"https:\/\/www.oarcanjo.net\/site\/"},{"@type":"ListItem","position":2,"name":"Corpo de padre Haroldo ser\u00e1 velado na Igreja de Santa Edwiges em Fortaleza"}]},{"@type":"WebSite","@id":"https:\/\/www.oarcanjo.net\/site\/#website","url":"https:\/\/www.oarcanjo.net\/site\/","name":"O Arcanjo no ar","description":"Site da Par\u00f3quia S\u00e3o Miguel Arcanjo (Arquidiocese de SP)","publisher":{"@id":"https:\/\/www.oarcanjo.net\/site\/#organization"},"potentialAction":[{"@type":"SearchAction","target":{"@type":"EntryPoint","urlTemplate":"https:\/\/www.oarcanjo.net\/site\/?s={search_term_string}"},"query-input":{"@type":"PropertyValueSpecification","valueRequired":true,"valueName":"search_term_string"}}],"inLanguage":"pt-BR"},{"@type":"Organization","@id":"https:\/\/www.oarcanjo.net\/site\/#organization","name":"Par\u00f3quia S\u00e3o Miguel Arcanjo","url":"https:\/\/www.oarcanjo.net\/site\/","logo":{"@type":"ImageObject","inLanguage":"pt-BR","@id":"https:\/\/www.oarcanjo.net\/site\/#\/schema\/logo\/image\/","url":"https:\/\/www.oarcanjo.net\/site\/wp-content\/uploads\/LogoOArcanjo.png","contentUrl":"https:\/\/www.oarcanjo.net\/site\/wp-content\/uploads\/LogoOArcanjo.png","width":319,"height":99,"caption":"Par\u00f3quia S\u00e3o Miguel Arcanjo"},"image":{"@id":"https:\/\/www.oarcanjo.net\/site\/#\/schema\/logo\/image\/"},"sameAs":["https:\/\/www.facebook.com\/OArcanjoNoAr\/"]},{"@type":"Person","@id":"https:\/\/www.oarcanjo.net\/site\/#\/schema\/person\/58d7f78850a973b8e467c7ae4a7eb4ad","name":"pe.geovane"}]}},"publishpress_future_action":{"enabled":false,"date":"2026-05-09 09:30:23","action":"category","newStatus":"draft","terms":[],"taxonomy":"category"},"publishpress_future_workflow_manual_trigger":{"enabledWorkflows":[]},"_links":{"self":[{"href":"https:\/\/www.oarcanjo.net\/site\/wp-json\/wp\/v2\/posts\/20602"}],"collection":[{"href":"https:\/\/www.oarcanjo.net\/site\/wp-json\/wp\/v2\/posts"}],"about":[{"href":"https:\/\/www.oarcanjo.net\/site\/wp-json\/wp\/v2\/types\/post"}],"author":[{"embeddable":true,"href":"https:\/\/www.oarcanjo.net\/site\/wp-json\/wp\/v2\/users\/17"}],"replies":[{"embeddable":true,"href":"https:\/\/www.oarcanjo.net\/site\/wp-json\/wp\/v2\/comments?post=20602"}],"version-history":[{"count":0,"href":"https:\/\/www.oarcanjo.net\/site\/wp-json\/wp\/v2\/posts\/20602\/revisions"}],"wp:attachment":[{"href":"https:\/\/www.oarcanjo.net\/site\/wp-json\/wp\/v2\/media?parent=20602"}],"wp:term":[{"taxonomy":"category","embeddable":true,"href":"https:\/\/www.oarcanjo.net\/site\/wp-json\/wp\/v2\/categories?post=20602"},{"taxonomy":"post_tag","embeddable":true,"href":"https:\/\/www.oarcanjo.net\/site\/wp-json\/wp\/v2\/tags?post=20602"}],"curies":[{"name":"wp","href":"https:\/\/api.w.org\/{rel}","templated":true}]}}