
{"id":20610,"date":"2013-01-12T17:45:16","date_gmt":"2013-01-12T19:45:16","guid":{"rendered":"http:\/\/www.oarcanjo.net\/site\/?p=20610"},"modified":"2013-01-12T17:45:16","modified_gmt":"2013-01-12T19:45:16","slug":"a-missao-espiritual-do-cristianismo-e-o-espirito-do-capitalismo","status":"publish","type":"post","link":"https:\/\/www.oarcanjo.net\/site\/a-missao-espiritual-do-cristianismo-e-o-espirito-do-capitalismo\/","title":{"rendered":"A miss\u00e3o espiritual do cristianismo e o esp\u00edrito do capitalismo"},"content":{"rendered":"<p>Jung Mo Sung<\/p>\n<p>A miss\u00e3o das igrejas crist\u00e3s \u00e9, como sempre foi, uma miss\u00e3o espiritual. O que diferencia as igrejas de outras organiza\u00e7\u00f5es sociais \u00e9, entre outras coisas, o car\u00e1ter explicitamente espiritual da sua miss\u00e3o, da sua raz\u00e3o de existir. Deixar de tratar da espiritualidade ou colocar esse tema em segundo plano \u00e9 um caminho que leva \u00e0 perda da identidade e credibilidade das igrejas.<\/p>\n<p>Mas, em que consiste a espiritualidade? Um dos grandes equ\u00edvocos das pessoas ou grupos religiosos preocupados com esse tema \u00e9 pensar que o mundo moderno, por n\u00e3o ser mais religioso como era antigamente, carece de espiritualidade. Isto \u00e9, a espiritualidade \u00e9 entendida como algo que s\u00f3 existe dentro das religi\u00f5es ou de correntes que se assumem explicitamente como espirituais. Por isso, a miss\u00e3o das igrejas crist\u00e3s seria a de levar a espiritualidade a um mundo sem esp\u00edrito.<\/p>\n<p>Nesse tipo de vis\u00e3o, a espiritualidade \u00e9 sempre vista positivamente. H\u00e1 grupos que diferenciam, corretamente, a espiritualidade da religi\u00e3o e defendem a prioridade da espiritualidade sobre a religi\u00e3o; outros chegam a negar a possibilidade de se viver espiritualidade dentro das religi\u00f5es tradicionais por causa do seu ritualismo mec\u00e2nico e seus dogmatismos autorit\u00e1rios desvinculados da vida cotidiana. Por\u00e9m, mesmo nesses predomina a ideia essencialmente positiva de todas as espiritualidades.<\/p>\n<p>Penso que esse equ\u00edvoco se deve em grande parte \u00e0 aceita\u00e7\u00e3o da &#8220;falsa propaganda\u201d do mundo moderno que se diz ilustrado, racional, secularizado e, portanto, p\u00f3s-religioso. Com isso, quest\u00f5es espirituais e religiosas ficariam restritas ao campo privado ou restritas aos grupos religiosos. O aumento do n\u00famero de religiosos ou crentes em Deus n\u00e3o modificaria o fato de que o &#8220;mundo moderno\u201d como tal \u00e9 regido por raz\u00e3o e princ\u00edpios da seculariza\u00e7\u00e3o. Diante de um mundo assim, os que n\u00e3o aceitam esse &#8220;ate\u00edsmo\u201d moderno defendem a espiritualidade de um modo abstrato.<\/p>\n<p>Para sairmos desse equ\u00edvoco, precisamos repensar o que significa o &#8220;esp\u00edrito\u201d. Tanto em grego (pneuma), quanto em hebraico (ruah), a palavra &#8220;esp\u00edrito\u201d significa tamb\u00e9m &#8220;sopro\u201d, &#8220;vento\u201d, mostrando que o esp\u00edrito \u00e9 a for\u00e7a que move e d\u00e1 dire\u00e7\u00e3o uma pessoa ou uma sociedade. Um grande n\u00famero de pessoas n\u00e3o forma por si um grupo ou se n\u00e3o for movido por um mesmo &#8220;esp\u00edrito\u201d (temos a express\u00e3o &#8220;esp\u00edrito de equipe\u201d), assim como uma sociedade ampla como a atual n\u00e3o caminharia em uma dire\u00e7\u00e3o mais ou menos definida se n\u00e3o fosse movida por um esp\u00edrito. O famoso livro de Max Weber &#8220;A \u00e9tica protestante e o esp\u00edrito do capitalismo\u201d trata exatamente do surgimento de um novo esp\u00edrito que move um tipo particular de sociedade, a capitalista.<\/p>\n<p>Weber sintetizou, no in\u00edcio do s\u00e9culo XX, o que ele entende por esse esp\u00edrito dizendo: &#8220;O homem \u00e9 dominado pela produ\u00e7\u00e3o de dinheiro, pela aquisi\u00e7\u00e3o encarada como finalidade \u00faltima da sua vida. A aquisi\u00e7\u00e3o econ\u00f4mica n\u00e3o mais est\u00e1 subordinada ao homem como meio de satisfazer suas necessidades materiais. Esta invers\u00e3o do que poder\u00edamos chamar de rela\u00e7\u00e3o natural, t\u00e3o irracional de um ponto de vista ing\u00eanuo, \u00e9 evidentemente um princ\u00edpio orientador do capitalismo, t\u00e3o seguramente quanto ela \u00e9 estranha a todos os povos fora da influ\u00eancia capitalista\u201d.<\/p>\n<p>A gan\u00e2ncia ilimitada e o desejo ilimitado de consumo e ostenta\u00e7\u00e3o s\u00e3o caracter\u00edsticas fundamentais da espiritualidade que move o capitalismo global hoje. \u00c9 essa espiritualidade que move o mundo globalizado em dire\u00e7\u00e3o ao agravamento da crise social (aumento da desigualdade) e ambiental.<\/p>\n<p>\u00c9 contra esse tipo de espiritualidade que devemos viver e anunciar a vida em Esp\u00edrito de Jesus Ressuscitado. Espiritualidade verdadeiramente crist\u00e3 e humanizadora n\u00e3o \u00e9 aquela que nos retira desse mundo para um mundo &#8220;celestial\u201d, nem nos d\u00e1 for\u00e7a para realizarmos os desejos nos impostos pela cultura de consumo, mas sim nos d\u00e1 for\u00e7a para vivermos amor-solid\u00e1rio nesse mundo.<\/p>\n<p>Dessa reflex\u00e3o, podemos tirar algumas conclus\u00f5es: a) as igrejas n\u00e3o pregam espiritualidade a um mundo sem esp\u00edrito, mas sim a um mundo onde se vive uma espiritualidade desumanizadora e destruidora da meio ambiente, uma espiritualidade idol\u00e1trica; b) nem toda espiritualidade \u00e9 boa, humanizadora, portanto \u00e9 preciso desmascarar a espiritualidade capitalista e tamb\u00e9m discernir se as espiritualidades que as igrejas prop\u00f5em s\u00e3o realmente nascidas do evangelho ou n\u00e3o; c) espiritualidades religiosas que nos fazem esquecer dos conflitos e problemas do mundo e nos &#8220;elevam\u201d para o mundo &#8220;celestial\u201d, por mais atraentes que sejam, n\u00e3o s\u00e3o espiritualidades crist\u00e3s, pois o Esp\u00edrito de Deus n\u00e3o vem para nos tirar do mundo (cf Jo 17), mas para nos dar for\u00e7a para vivermos nossa f\u00e9, agindo solidariamente na luta pela Vida; d) lutas sociais e pol\u00edticas n\u00e3o s\u00e3o meramente sociais e pol\u00edticas, mas s\u00e3o tamb\u00e9m express\u00f5es vis\u00edveis de diferentes espiritualidades.<\/p>\n<div id=\"themify_builder_content-20610\" data-postid=\"20610\" class=\"themify_builder_content themify_builder_content-20610 themify_builder themify_builder_front\">\n\t<\/div>\n<!-- \/themify_builder_content -->","protected":false},"excerpt":{"rendered":"<p>Jung Mo Sung A miss\u00e3o das igrejas crist\u00e3s \u00e9, como sempre foi, uma miss\u00e3o espiritual. O que diferencia as igrejas de outras organiza\u00e7\u00f5es sociais \u00e9, entre outras coisas, o car\u00e1ter explicitamente espiritual da sua miss\u00e3o, da sua raz\u00e3o de existir. Deixar de tratar da espiritualidade ou colocar esse tema em segundo plano \u00e9 um caminho [&hellip;]<\/p>\n","protected":false},"author":5,"featured_media":0,"comment_status":"open","ping_status":"open","sticky":false,"template":"","format":"standard","meta":{"ngg_post_thumbnail":0,"footnotes":""},"categories":[9],"tags":[633,36,222,76,313,1714],"yoast_head":"<!-- This site is optimized with the Yoast SEO plugin v23.5 - https:\/\/yoast.com\/wordpress\/plugins\/seo\/ -->\n<title>A miss\u00e3o espiritual do cristianismo e o esp\u00edrito do capitalismo - O Arcanjo no ar<\/title>\n<meta name=\"robots\" content=\"index, follow, max-snippet:-1, max-image-preview:large, max-video-preview:-1\" \/>\n<link rel=\"canonical\" href=\"https:\/\/www.oarcanjo.net\/site\/a-missao-espiritual-do-cristianismo-e-o-espirito-do-capitalismo\/\" \/>\n<meta property=\"og:locale\" content=\"pt_BR\" \/>\n<meta property=\"og:type\" content=\"article\" \/>\n<meta property=\"og:title\" content=\"A miss\u00e3o espiritual do cristianismo e o esp\u00edrito do capitalismo - O Arcanjo no ar\" \/>\n<meta property=\"og:description\" content=\"Jung Mo Sung A miss\u00e3o das igrejas crist\u00e3s \u00e9, como sempre foi, uma miss\u00e3o espiritual. O que diferencia as igrejas de outras organiza\u00e7\u00f5es sociais \u00e9, entre outras coisas, o car\u00e1ter explicitamente espiritual da sua miss\u00e3o, da sua raz\u00e3o de existir. Deixar de tratar da espiritualidade ou colocar esse tema em segundo plano \u00e9 um caminho [&hellip;]\" \/>\n<meta property=\"og:url\" content=\"https:\/\/www.oarcanjo.net\/site\/a-missao-espiritual-do-cristianismo-e-o-espirito-do-capitalismo\/\" \/>\n<meta property=\"og:site_name\" content=\"O Arcanjo no ar\" \/>\n<meta property=\"article:publisher\" content=\"https:\/\/www.facebook.com\/OArcanjoNoAr\/\" \/>\n<meta property=\"article:published_time\" content=\"2013-01-12T19:45:16+00:00\" \/>\n<meta property=\"og:image\" content=\"https:\/\/www.oarcanjo.net\/site\/wp-content\/uploads\/logo-o-arcanjo-no-ar-facebook.png\" \/>\n\t<meta property=\"og:image:width\" content=\"300\" \/>\n\t<meta property=\"og:image:height\" content=\"300\" \/>\n\t<meta property=\"og:image:type\" content=\"image\/png\" \/>\n<meta name=\"author\" content=\"editor\" \/>\n<meta name=\"twitter:card\" content=\"summary_large_image\" \/>\n<meta name=\"twitter:label1\" content=\"Escrito por\" \/>\n\t<meta name=\"twitter:data1\" content=\"editor\" \/>\n\t<meta name=\"twitter:label2\" content=\"Est. tempo de leitura\" \/>\n\t<meta name=\"twitter:data2\" content=\"4 minutos\" \/>\n<script type=\"application\/ld+json\" class=\"yoast-schema-graph\">{\"@context\":\"https:\/\/schema.org\",\"@graph\":[{\"@type\":\"Article\",\"@id\":\"https:\/\/www.oarcanjo.net\/site\/a-missao-espiritual-do-cristianismo-e-o-espirito-do-capitalismo\/#article\",\"isPartOf\":{\"@id\":\"https:\/\/www.oarcanjo.net\/site\/a-missao-espiritual-do-cristianismo-e-o-espirito-do-capitalismo\/\"},\"author\":{\"name\":\"editor\",\"@id\":\"https:\/\/www.oarcanjo.net\/site\/#\/schema\/person\/f7024d007863202483a31326673a0838\"},\"headline\":\"A miss\u00e3o espiritual do cristianismo e o esp\u00edrito do capitalismo\",\"datePublished\":\"2013-01-12T19:45:16+00:00\",\"dateModified\":\"2013-01-12T19:45:16+00:00\",\"mainEntityOfPage\":{\"@id\":\"https:\/\/www.oarcanjo.net\/site\/a-missao-espiritual-do-cristianismo-e-o-espirito-do-capitalismo\/\"},\"wordCount\":847,\"commentCount\":0,\"publisher\":{\"@id\":\"https:\/\/www.oarcanjo.net\/site\/#organization\"},\"keywords\":[\"capitalismo\",\"crise\",\"cristianismo\",\"espiritualidade\",\"\u00e9tica\",\"gan\u00e2ncia\"],\"articleSection\":[\"Reflex\u00f5es\"],\"inLanguage\":\"pt-BR\",\"potentialAction\":[{\"@type\":\"CommentAction\",\"name\":\"Comment\",\"target\":[\"https:\/\/www.oarcanjo.net\/site\/a-missao-espiritual-do-cristianismo-e-o-espirito-do-capitalismo\/#respond\"]}]},{\"@type\":\"WebPage\",\"@id\":\"https:\/\/www.oarcanjo.net\/site\/a-missao-espiritual-do-cristianismo-e-o-espirito-do-capitalismo\/\",\"url\":\"https:\/\/www.oarcanjo.net\/site\/a-missao-espiritual-do-cristianismo-e-o-espirito-do-capitalismo\/\",\"name\":\"A miss\u00e3o espiritual do cristianismo e o esp\u00edrito do capitalismo - O Arcanjo no ar\",\"isPartOf\":{\"@id\":\"https:\/\/www.oarcanjo.net\/site\/#website\"},\"datePublished\":\"2013-01-12T19:45:16+00:00\",\"dateModified\":\"2013-01-12T19:45:16+00:00\",\"breadcrumb\":{\"@id\":\"https:\/\/www.oarcanjo.net\/site\/a-missao-espiritual-do-cristianismo-e-o-espirito-do-capitalismo\/#breadcrumb\"},\"inLanguage\":\"pt-BR\",\"potentialAction\":[{\"@type\":\"ReadAction\",\"target\":[\"https:\/\/www.oarcanjo.net\/site\/a-missao-espiritual-do-cristianismo-e-o-espirito-do-capitalismo\/\"]}]},{\"@type\":\"BreadcrumbList\",\"@id\":\"https:\/\/www.oarcanjo.net\/site\/a-missao-espiritual-do-cristianismo-e-o-espirito-do-capitalismo\/#breadcrumb\",\"itemListElement\":[{\"@type\":\"ListItem\",\"position\":1,\"name\":\"In\u00edcio\",\"item\":\"https:\/\/www.oarcanjo.net\/site\/\"},{\"@type\":\"ListItem\",\"position\":2,\"name\":\"A miss\u00e3o espiritual do cristianismo e o esp\u00edrito do capitalismo\"}]},{\"@type\":\"WebSite\",\"@id\":\"https:\/\/www.oarcanjo.net\/site\/#website\",\"url\":\"https:\/\/www.oarcanjo.net\/site\/\",\"name\":\"O Arcanjo no ar\",\"description\":\"Site da Par\u00f3quia S\u00e3o Miguel Arcanjo (Arquidiocese de SP)\",\"publisher\":{\"@id\":\"https:\/\/www.oarcanjo.net\/site\/#organization\"},\"potentialAction\":[{\"@type\":\"SearchAction\",\"target\":{\"@type\":\"EntryPoint\",\"urlTemplate\":\"https:\/\/www.oarcanjo.net\/site\/?s={search_term_string}\"},\"query-input\":{\"@type\":\"PropertyValueSpecification\",\"valueRequired\":true,\"valueName\":\"search_term_string\"}}],\"inLanguage\":\"pt-BR\"},{\"@type\":\"Organization\",\"@id\":\"https:\/\/www.oarcanjo.net\/site\/#organization\",\"name\":\"Par\u00f3quia S\u00e3o Miguel Arcanjo\",\"url\":\"https:\/\/www.oarcanjo.net\/site\/\",\"logo\":{\"@type\":\"ImageObject\",\"inLanguage\":\"pt-BR\",\"@id\":\"https:\/\/www.oarcanjo.net\/site\/#\/schema\/logo\/image\/\",\"url\":\"https:\/\/www.oarcanjo.net\/site\/wp-content\/uploads\/LogoOArcanjo.png\",\"contentUrl\":\"https:\/\/www.oarcanjo.net\/site\/wp-content\/uploads\/LogoOArcanjo.png\",\"width\":319,\"height\":99,\"caption\":\"Par\u00f3quia S\u00e3o Miguel Arcanjo\"},\"image\":{\"@id\":\"https:\/\/www.oarcanjo.net\/site\/#\/schema\/logo\/image\/\"},\"sameAs\":[\"https:\/\/www.facebook.com\/OArcanjoNoAr\/\"]},{\"@type\":\"Person\",\"@id\":\"https:\/\/www.oarcanjo.net\/site\/#\/schema\/person\/f7024d007863202483a31326673a0838\",\"name\":\"editor\",\"sameAs\":[\"http:\/\/www.oarcanjo.net\"]}]}<\/script>\n<!-- \/ Yoast SEO plugin. -->","yoast_head_json":{"title":"A miss\u00e3o espiritual do cristianismo e o esp\u00edrito do capitalismo - O Arcanjo no ar","robots":{"index":"index","follow":"follow","max-snippet":"max-snippet:-1","max-image-preview":"max-image-preview:large","max-video-preview":"max-video-preview:-1"},"canonical":"https:\/\/www.oarcanjo.net\/site\/a-missao-espiritual-do-cristianismo-e-o-espirito-do-capitalismo\/","og_locale":"pt_BR","og_type":"article","og_title":"A miss\u00e3o espiritual do cristianismo e o esp\u00edrito do capitalismo - O Arcanjo no ar","og_description":"Jung Mo Sung A miss\u00e3o das igrejas crist\u00e3s \u00e9, como sempre foi, uma miss\u00e3o espiritual. O que diferencia as igrejas de outras organiza\u00e7\u00f5es sociais \u00e9, entre outras coisas, o car\u00e1ter explicitamente espiritual da sua miss\u00e3o, da sua raz\u00e3o de existir. Deixar de tratar da espiritualidade ou colocar esse tema em segundo plano \u00e9 um caminho [&hellip;]","og_url":"https:\/\/www.oarcanjo.net\/site\/a-missao-espiritual-do-cristianismo-e-o-espirito-do-capitalismo\/","og_site_name":"O Arcanjo no ar","article_publisher":"https:\/\/www.facebook.com\/OArcanjoNoAr\/","article_published_time":"2013-01-12T19:45:16+00:00","og_image":[{"width":300,"height":300,"url":"https:\/\/www.oarcanjo.net\/site\/wp-content\/uploads\/logo-o-arcanjo-no-ar-facebook.png","type":"image\/png"}],"author":"editor","twitter_card":"summary_large_image","twitter_misc":{"Escrito por":"editor","Est. tempo de leitura":"4 minutos"},"schema":{"@context":"https:\/\/schema.org","@graph":[{"@type":"Article","@id":"https:\/\/www.oarcanjo.net\/site\/a-missao-espiritual-do-cristianismo-e-o-espirito-do-capitalismo\/#article","isPartOf":{"@id":"https:\/\/www.oarcanjo.net\/site\/a-missao-espiritual-do-cristianismo-e-o-espirito-do-capitalismo\/"},"author":{"name":"editor","@id":"https:\/\/www.oarcanjo.net\/site\/#\/schema\/person\/f7024d007863202483a31326673a0838"},"headline":"A miss\u00e3o espiritual do cristianismo e o esp\u00edrito do capitalismo","datePublished":"2013-01-12T19:45:16+00:00","dateModified":"2013-01-12T19:45:16+00:00","mainEntityOfPage":{"@id":"https:\/\/www.oarcanjo.net\/site\/a-missao-espiritual-do-cristianismo-e-o-espirito-do-capitalismo\/"},"wordCount":847,"commentCount":0,"publisher":{"@id":"https:\/\/www.oarcanjo.net\/site\/#organization"},"keywords":["capitalismo","crise","cristianismo","espiritualidade","\u00e9tica","gan\u00e2ncia"],"articleSection":["Reflex\u00f5es"],"inLanguage":"pt-BR","potentialAction":[{"@type":"CommentAction","name":"Comment","target":["https:\/\/www.oarcanjo.net\/site\/a-missao-espiritual-do-cristianismo-e-o-espirito-do-capitalismo\/#respond"]}]},{"@type":"WebPage","@id":"https:\/\/www.oarcanjo.net\/site\/a-missao-espiritual-do-cristianismo-e-o-espirito-do-capitalismo\/","url":"https:\/\/www.oarcanjo.net\/site\/a-missao-espiritual-do-cristianismo-e-o-espirito-do-capitalismo\/","name":"A miss\u00e3o espiritual do cristianismo e o esp\u00edrito do capitalismo - O Arcanjo no ar","isPartOf":{"@id":"https:\/\/www.oarcanjo.net\/site\/#website"},"datePublished":"2013-01-12T19:45:16+00:00","dateModified":"2013-01-12T19:45:16+00:00","breadcrumb":{"@id":"https:\/\/www.oarcanjo.net\/site\/a-missao-espiritual-do-cristianismo-e-o-espirito-do-capitalismo\/#breadcrumb"},"inLanguage":"pt-BR","potentialAction":[{"@type":"ReadAction","target":["https:\/\/www.oarcanjo.net\/site\/a-missao-espiritual-do-cristianismo-e-o-espirito-do-capitalismo\/"]}]},{"@type":"BreadcrumbList","@id":"https:\/\/www.oarcanjo.net\/site\/a-missao-espiritual-do-cristianismo-e-o-espirito-do-capitalismo\/#breadcrumb","itemListElement":[{"@type":"ListItem","position":1,"name":"In\u00edcio","item":"https:\/\/www.oarcanjo.net\/site\/"},{"@type":"ListItem","position":2,"name":"A miss\u00e3o espiritual do cristianismo e o esp\u00edrito do capitalismo"}]},{"@type":"WebSite","@id":"https:\/\/www.oarcanjo.net\/site\/#website","url":"https:\/\/www.oarcanjo.net\/site\/","name":"O Arcanjo no ar","description":"Site da Par\u00f3quia S\u00e3o Miguel Arcanjo (Arquidiocese de SP)","publisher":{"@id":"https:\/\/www.oarcanjo.net\/site\/#organization"},"potentialAction":[{"@type":"SearchAction","target":{"@type":"EntryPoint","urlTemplate":"https:\/\/www.oarcanjo.net\/site\/?s={search_term_string}"},"query-input":{"@type":"PropertyValueSpecification","valueRequired":true,"valueName":"search_term_string"}}],"inLanguage":"pt-BR"},{"@type":"Organization","@id":"https:\/\/www.oarcanjo.net\/site\/#organization","name":"Par\u00f3quia S\u00e3o Miguel Arcanjo","url":"https:\/\/www.oarcanjo.net\/site\/","logo":{"@type":"ImageObject","inLanguage":"pt-BR","@id":"https:\/\/www.oarcanjo.net\/site\/#\/schema\/logo\/image\/","url":"https:\/\/www.oarcanjo.net\/site\/wp-content\/uploads\/LogoOArcanjo.png","contentUrl":"https:\/\/www.oarcanjo.net\/site\/wp-content\/uploads\/LogoOArcanjo.png","width":319,"height":99,"caption":"Par\u00f3quia S\u00e3o Miguel Arcanjo"},"image":{"@id":"https:\/\/www.oarcanjo.net\/site\/#\/schema\/logo\/image\/"},"sameAs":["https:\/\/www.facebook.com\/OArcanjoNoAr\/"]},{"@type":"Person","@id":"https:\/\/www.oarcanjo.net\/site\/#\/schema\/person\/f7024d007863202483a31326673a0838","name":"editor","sameAs":["http:\/\/www.oarcanjo.net"]}]}},"publishpress_future_action":{"enabled":false,"date":"2026-05-09 07:24:33","action":"category","newStatus":"draft","terms":[],"taxonomy":"category"},"publishpress_future_workflow_manual_trigger":{"enabledWorkflows":[]},"_links":{"self":[{"href":"https:\/\/www.oarcanjo.net\/site\/wp-json\/wp\/v2\/posts\/20610"}],"collection":[{"href":"https:\/\/www.oarcanjo.net\/site\/wp-json\/wp\/v2\/posts"}],"about":[{"href":"https:\/\/www.oarcanjo.net\/site\/wp-json\/wp\/v2\/types\/post"}],"author":[{"embeddable":true,"href":"https:\/\/www.oarcanjo.net\/site\/wp-json\/wp\/v2\/users\/5"}],"replies":[{"embeddable":true,"href":"https:\/\/www.oarcanjo.net\/site\/wp-json\/wp\/v2\/comments?post=20610"}],"version-history":[{"count":0,"href":"https:\/\/www.oarcanjo.net\/site\/wp-json\/wp\/v2\/posts\/20610\/revisions"}],"wp:attachment":[{"href":"https:\/\/www.oarcanjo.net\/site\/wp-json\/wp\/v2\/media?parent=20610"}],"wp:term":[{"taxonomy":"category","embeddable":true,"href":"https:\/\/www.oarcanjo.net\/site\/wp-json\/wp\/v2\/categories?post=20610"},{"taxonomy":"post_tag","embeddable":true,"href":"https:\/\/www.oarcanjo.net\/site\/wp-json\/wp\/v2\/tags?post=20610"}],"curies":[{"name":"wp","href":"https:\/\/api.w.org\/{rel}","templated":true}]}}