
{"id":20617,"date":"2013-01-09T18:31:28","date_gmt":"2013-01-09T20:31:28","guid":{"rendered":"http:\/\/www.oarcanjo.net\/site\/?p=20617"},"modified":"2013-01-12T18:32:39","modified_gmt":"2013-01-12T20:32:39","slug":"catequese-de-bento-xvi-09012013","status":"publish","type":"post","link":"https:\/\/www.oarcanjo.net\/site\/catequese-de-bento-xvi-09012013\/","title":{"rendered":"Catequese de Bento XVI &#8211; 09\/01\/2013"},"content":{"rendered":"<p><em>Queridos irm\u00e3os e irm\u00e3s,<\/em><\/p>\n<p>O Filho Unig\u00e9nito de Deus encarnou e fez-Se homem, para nos tornar participantes da sua natureza divina. Entre os usos e costumes do per\u00edodo natal\u00edcio, conta-se a troca de presentes em sinal de amizade e estima. Pois bem! Na Noite de Natal, vimos Jesus assumir a nossa humanidade, para nos dar a sua divindade: ao fazer-Se carne, quis dar-Se a Si mesmo aos homens. Jesus \u00e9 o presente maior. Quem n\u00e3o consegue dar algo de si mesmo, d\u00e1 sempre demasiado pouco! Por vezes, procura-se compensar ou substituir com coisas materiais o compromisso de nos darmos a n\u00f3s pr\u00f3prios. O mist\u00e9rio da encarna\u00e7\u00e3o mostra que Deus n\u00e3o procede assim; n\u00e3o Se limita a dar-nos coisas, mas quis dar-Se a Si mesmo no seu Filho Unig\u00e9nito. Ele fez-Se verdadeiramente um de n\u00f3s, para nos comunicar a sua pr\u00f3pria vida; e f\u00ea-lo, n\u00e3o com a investida de um soberano que subjuga o mundo com o seu poder, mas com a humildade dum Menino. Em Jesus, manifesta-se plenamente o homem ao homem.<\/p>\n<p>* * *<\/p>\n<p>Uma cordial sauda\u00e7\u00e3o a todos os peregrinos de l\u00edngua portuguesa, a quem agrade\u00e7o a presen\u00e7a e desejo a riqueza imensa e inesgot\u00e1vel que \u00e9 Cristo, o Deus feito homem. Revesti-vos de Cristo! E, com Ele, o vosso Ano Novo n\u00e3o poder\u00e1 deixar de ser feliz. Sobre v\u00f3s e vossas fam\u00edlias, des\u00e7a a minha B\u00ean\u00e7\u00e3o.<\/p>\n<p><img loading=\"lazy\" decoding=\"async\" class=\"alignnone size-full wp-image-19876\" title=\"BENTO XVI\" src=\"http:\/\/www.oarcanjo.net\/site\/wp-content\/uploads\/assinatura-BENTOXVI.png\" alt=\"BENTO XVI\" width=\"200\" height=\"51\" \/><\/p>\n<p>&nbsp;<\/p>\n<p><em>\u00a9 Copyright 2013 &#8211; Libreria Editrice Vaticana<\/em><\/p>\n<div id=\"themify_builder_content-20617\" data-postid=\"20617\" class=\"themify_builder_content themify_builder_content-20617 themify_builder themify_builder_front\">\n\t<\/div>\n<!-- \/themify_builder_content -->","protected":false},"excerpt":{"rendered":"<p>Queridos irm\u00e3os e irm\u00e3s, O Filho Unig\u00e9nito de Deus encarnou e fez-Se homem, para nos tornar participantes da sua natureza divina. Entre os usos e costumes do per\u00edodo natal\u00edcio, conta-se a troca de presentes em sinal de amizade e estima. Pois bem! Na Noite de Natal, vimos Jesus assumir a nossa humanidade, para nos dar [&hellip;]<\/p>\n","protected":false},"author":5,"featured_media":0,"comment_status":"open","ping_status":"open","sticky":false,"template":"","format":"standard","meta":{"ngg_post_thumbnail":0,"footnotes":""},"categories":[2153],"tags":[3213,2312,2311],"yoast_head":"<!-- This site is optimized with the Yoast SEO plugin v23.5 - https:\/\/yoast.com\/wordpress\/plugins\/seo\/ -->\n<title>Catequese de Bento XVI - 09\/01\/2013 - O Arcanjo no ar<\/title>\n<meta name=\"robots\" content=\"index, follow, max-snippet:-1, max-image-preview:large, max-video-preview:-1\" \/>\n<link rel=\"canonical\" href=\"https:\/\/www.oarcanjo.net\/site\/catequese-de-bento-xvi-09012013\/\" \/>\n<meta property=\"og:locale\" content=\"pt_BR\" \/>\n<meta property=\"og:type\" content=\"article\" \/>\n<meta property=\"og:title\" content=\"Catequese de Bento XVI - 09\/01\/2013 - O Arcanjo no ar\" \/>\n<meta property=\"og:description\" content=\"Queridos irm\u00e3os e irm\u00e3s, O Filho Unig\u00e9nito de Deus encarnou e fez-Se homem, para nos tornar participantes da sua natureza divina. Entre os usos e costumes do per\u00edodo natal\u00edcio, conta-se a troca de presentes em sinal de amizade e estima. Pois bem! Na Noite de Natal, vimos Jesus assumir a nossa humanidade, para nos dar [&hellip;]\" \/>\n<meta property=\"og:url\" content=\"https:\/\/www.oarcanjo.net\/site\/catequese-de-bento-xvi-09012013\/\" \/>\n<meta property=\"og:site_name\" content=\"O Arcanjo no ar\" \/>\n<meta property=\"article:publisher\" content=\"https:\/\/www.facebook.com\/OArcanjoNoAr\/\" \/>\n<meta property=\"article:published_time\" content=\"2013-01-09T20:31:28+00:00\" \/>\n<meta property=\"article:modified_time\" content=\"2013-01-12T20:32:39+00:00\" \/>\n<meta property=\"og:image\" content=\"http:\/\/www.oarcanjo.net\/site\/wp-content\/uploads\/assinatura-BENTOXVI.png\" \/>\n<meta name=\"author\" content=\"editor\" \/>\n<meta name=\"twitter:card\" content=\"summary_large_image\" \/>\n<meta name=\"twitter:label1\" content=\"Escrito por\" \/>\n\t<meta name=\"twitter:data1\" content=\"editor\" \/>\n\t<meta name=\"twitter:label2\" content=\"Est. tempo de leitura\" \/>\n\t<meta name=\"twitter:data2\" content=\"1 minuto\" \/>\n<script type=\"application\/ld+json\" class=\"yoast-schema-graph\">{\"@context\":\"https:\/\/schema.org\",\"@graph\":[{\"@type\":\"Article\",\"@id\":\"https:\/\/www.oarcanjo.net\/site\/catequese-de-bento-xvi-09012013\/#article\",\"isPartOf\":{\"@id\":\"https:\/\/www.oarcanjo.net\/site\/catequese-de-bento-xvi-09012013\/\"},\"author\":{\"name\":\"editor\",\"@id\":\"https:\/\/www.oarcanjo.net\/site\/#\/schema\/person\/f7024d007863202483a31326673a0838\"},\"headline\":\"Catequese de Bento XVI &#8211; 09\/01\/2013\",\"datePublished\":\"2013-01-09T20:31:28+00:00\",\"dateModified\":\"2013-01-12T20:32:39+00:00\",\"mainEntityOfPage\":{\"@id\":\"https:\/\/www.oarcanjo.net\/site\/catequese-de-bento-xvi-09012013\/\"},\"wordCount\":263,\"commentCount\":0,\"publisher\":{\"@id\":\"https:\/\/www.oarcanjo.net\/site\/#organization\"},\"image\":{\"@id\":\"https:\/\/www.oarcanjo.net\/site\/catequese-de-bento-xvi-09012013\/#primaryimage\"},\"thumbnailUrl\":\"http:\/\/www.oarcanjo.net\/site\/wp-content\/uploads\/assinatura-BENTOXVI.png\",\"keywords\":[\"Ano da F\u00e9\",\"Catequese de Bento 16\",\"Catequese de Bento XVI\"],\"articleSection\":[\"Ano da F\u00e9\"],\"inLanguage\":\"pt-BR\",\"potentialAction\":[{\"@type\":\"CommentAction\",\"name\":\"Comment\",\"target\":[\"https:\/\/www.oarcanjo.net\/site\/catequese-de-bento-xvi-09012013\/#respond\"]}]},{\"@type\":\"WebPage\",\"@id\":\"https:\/\/www.oarcanjo.net\/site\/catequese-de-bento-xvi-09012013\/\",\"url\":\"https:\/\/www.oarcanjo.net\/site\/catequese-de-bento-xvi-09012013\/\",\"name\":\"Catequese de Bento XVI - 09\/01\/2013 - O Arcanjo no ar\",\"isPartOf\":{\"@id\":\"https:\/\/www.oarcanjo.net\/site\/#website\"},\"primaryImageOfPage\":{\"@id\":\"https:\/\/www.oarcanjo.net\/site\/catequese-de-bento-xvi-09012013\/#primaryimage\"},\"image\":{\"@id\":\"https:\/\/www.oarcanjo.net\/site\/catequese-de-bento-xvi-09012013\/#primaryimage\"},\"thumbnailUrl\":\"http:\/\/www.oarcanjo.net\/site\/wp-content\/uploads\/assinatura-BENTOXVI.png\",\"datePublished\":\"2013-01-09T20:31:28+00:00\",\"dateModified\":\"2013-01-12T20:32:39+00:00\",\"breadcrumb\":{\"@id\":\"https:\/\/www.oarcanjo.net\/site\/catequese-de-bento-xvi-09012013\/#breadcrumb\"},\"inLanguage\":\"pt-BR\",\"potentialAction\":[{\"@type\":\"ReadAction\",\"target\":[\"https:\/\/www.oarcanjo.net\/site\/catequese-de-bento-xvi-09012013\/\"]}]},{\"@type\":\"ImageObject\",\"inLanguage\":\"pt-BR\",\"@id\":\"https:\/\/www.oarcanjo.net\/site\/catequese-de-bento-xvi-09012013\/#primaryimage\",\"url\":\"http:\/\/www.oarcanjo.net\/site\/wp-content\/uploads\/assinatura-BENTOXVI.png\",\"contentUrl\":\"http:\/\/www.oarcanjo.net\/site\/wp-content\/uploads\/assinatura-BENTOXVI.png\"},{\"@type\":\"BreadcrumbList\",\"@id\":\"https:\/\/www.oarcanjo.net\/site\/catequese-de-bento-xvi-09012013\/#breadcrumb\",\"itemListElement\":[{\"@type\":\"ListItem\",\"position\":1,\"name\":\"In\u00edcio\",\"item\":\"https:\/\/www.oarcanjo.net\/site\/\"},{\"@type\":\"ListItem\",\"position\":2,\"name\":\"Catequese de Bento XVI &#8211; 09\/01\/2013\"}]},{\"@type\":\"WebSite\",\"@id\":\"https:\/\/www.oarcanjo.net\/site\/#website\",\"url\":\"https:\/\/www.oarcanjo.net\/site\/\",\"name\":\"O Arcanjo no ar\",\"description\":\"Site da Par\u00f3quia S\u00e3o Miguel Arcanjo (Arquidiocese de SP)\",\"publisher\":{\"@id\":\"https:\/\/www.oarcanjo.net\/site\/#organization\"},\"potentialAction\":[{\"@type\":\"SearchAction\",\"target\":{\"@type\":\"EntryPoint\",\"urlTemplate\":\"https:\/\/www.oarcanjo.net\/site\/?s={search_term_string}\"},\"query-input\":{\"@type\":\"PropertyValueSpecification\",\"valueRequired\":true,\"valueName\":\"search_term_string\"}}],\"inLanguage\":\"pt-BR\"},{\"@type\":\"Organization\",\"@id\":\"https:\/\/www.oarcanjo.net\/site\/#organization\",\"name\":\"Par\u00f3quia S\u00e3o Miguel Arcanjo\",\"url\":\"https:\/\/www.oarcanjo.net\/site\/\",\"logo\":{\"@type\":\"ImageObject\",\"inLanguage\":\"pt-BR\",\"@id\":\"https:\/\/www.oarcanjo.net\/site\/#\/schema\/logo\/image\/\",\"url\":\"https:\/\/www.oarcanjo.net\/site\/wp-content\/uploads\/LogoOArcanjo.png\",\"contentUrl\":\"https:\/\/www.oarcanjo.net\/site\/wp-content\/uploads\/LogoOArcanjo.png\",\"width\":319,\"height\":99,\"caption\":\"Par\u00f3quia S\u00e3o Miguel Arcanjo\"},\"image\":{\"@id\":\"https:\/\/www.oarcanjo.net\/site\/#\/schema\/logo\/image\/\"},\"sameAs\":[\"https:\/\/www.facebook.com\/OArcanjoNoAr\/\"]},{\"@type\":\"Person\",\"@id\":\"https:\/\/www.oarcanjo.net\/site\/#\/schema\/person\/f7024d007863202483a31326673a0838\",\"name\":\"editor\",\"sameAs\":[\"http:\/\/www.oarcanjo.net\"]}]}<\/script>\n<!-- \/ Yoast SEO plugin. -->","yoast_head_json":{"title":"Catequese de Bento XVI - 09\/01\/2013 - O Arcanjo no ar","robots":{"index":"index","follow":"follow","max-snippet":"max-snippet:-1","max-image-preview":"max-image-preview:large","max-video-preview":"max-video-preview:-1"},"canonical":"https:\/\/www.oarcanjo.net\/site\/catequese-de-bento-xvi-09012013\/","og_locale":"pt_BR","og_type":"article","og_title":"Catequese de Bento XVI - 09\/01\/2013 - O Arcanjo no ar","og_description":"Queridos irm\u00e3os e irm\u00e3s, O Filho Unig\u00e9nito de Deus encarnou e fez-Se homem, para nos tornar participantes da sua natureza divina. Entre os usos e costumes do per\u00edodo natal\u00edcio, conta-se a troca de presentes em sinal de amizade e estima. Pois bem! Na Noite de Natal, vimos Jesus assumir a nossa humanidade, para nos dar [&hellip;]","og_url":"https:\/\/www.oarcanjo.net\/site\/catequese-de-bento-xvi-09012013\/","og_site_name":"O Arcanjo no ar","article_publisher":"https:\/\/www.facebook.com\/OArcanjoNoAr\/","article_published_time":"2013-01-09T20:31:28+00:00","article_modified_time":"2013-01-12T20:32:39+00:00","og_image":[{"url":"http:\/\/www.oarcanjo.net\/site\/wp-content\/uploads\/assinatura-BENTOXVI.png"}],"author":"editor","twitter_card":"summary_large_image","twitter_misc":{"Escrito por":"editor","Est. tempo de leitura":"1 minuto"},"schema":{"@context":"https:\/\/schema.org","@graph":[{"@type":"Article","@id":"https:\/\/www.oarcanjo.net\/site\/catequese-de-bento-xvi-09012013\/#article","isPartOf":{"@id":"https:\/\/www.oarcanjo.net\/site\/catequese-de-bento-xvi-09012013\/"},"author":{"name":"editor","@id":"https:\/\/www.oarcanjo.net\/site\/#\/schema\/person\/f7024d007863202483a31326673a0838"},"headline":"Catequese de Bento XVI &#8211; 09\/01\/2013","datePublished":"2013-01-09T20:31:28+00:00","dateModified":"2013-01-12T20:32:39+00:00","mainEntityOfPage":{"@id":"https:\/\/www.oarcanjo.net\/site\/catequese-de-bento-xvi-09012013\/"},"wordCount":263,"commentCount":0,"publisher":{"@id":"https:\/\/www.oarcanjo.net\/site\/#organization"},"image":{"@id":"https:\/\/www.oarcanjo.net\/site\/catequese-de-bento-xvi-09012013\/#primaryimage"},"thumbnailUrl":"http:\/\/www.oarcanjo.net\/site\/wp-content\/uploads\/assinatura-BENTOXVI.png","keywords":["Ano da F\u00e9","Catequese de Bento 16","Catequese de Bento XVI"],"articleSection":["Ano da F\u00e9"],"inLanguage":"pt-BR","potentialAction":[{"@type":"CommentAction","name":"Comment","target":["https:\/\/www.oarcanjo.net\/site\/catequese-de-bento-xvi-09012013\/#respond"]}]},{"@type":"WebPage","@id":"https:\/\/www.oarcanjo.net\/site\/catequese-de-bento-xvi-09012013\/","url":"https:\/\/www.oarcanjo.net\/site\/catequese-de-bento-xvi-09012013\/","name":"Catequese de Bento XVI - 09\/01\/2013 - O Arcanjo no ar","isPartOf":{"@id":"https:\/\/www.oarcanjo.net\/site\/#website"},"primaryImageOfPage":{"@id":"https:\/\/www.oarcanjo.net\/site\/catequese-de-bento-xvi-09012013\/#primaryimage"},"image":{"@id":"https:\/\/www.oarcanjo.net\/site\/catequese-de-bento-xvi-09012013\/#primaryimage"},"thumbnailUrl":"http:\/\/www.oarcanjo.net\/site\/wp-content\/uploads\/assinatura-BENTOXVI.png","datePublished":"2013-01-09T20:31:28+00:00","dateModified":"2013-01-12T20:32:39+00:00","breadcrumb":{"@id":"https:\/\/www.oarcanjo.net\/site\/catequese-de-bento-xvi-09012013\/#breadcrumb"},"inLanguage":"pt-BR","potentialAction":[{"@type":"ReadAction","target":["https:\/\/www.oarcanjo.net\/site\/catequese-de-bento-xvi-09012013\/"]}]},{"@type":"ImageObject","inLanguage":"pt-BR","@id":"https:\/\/www.oarcanjo.net\/site\/catequese-de-bento-xvi-09012013\/#primaryimage","url":"http:\/\/www.oarcanjo.net\/site\/wp-content\/uploads\/assinatura-BENTOXVI.png","contentUrl":"http:\/\/www.oarcanjo.net\/site\/wp-content\/uploads\/assinatura-BENTOXVI.png"},{"@type":"BreadcrumbList","@id":"https:\/\/www.oarcanjo.net\/site\/catequese-de-bento-xvi-09012013\/#breadcrumb","itemListElement":[{"@type":"ListItem","position":1,"name":"In\u00edcio","item":"https:\/\/www.oarcanjo.net\/site\/"},{"@type":"ListItem","position":2,"name":"Catequese de Bento XVI &#8211; 09\/01\/2013"}]},{"@type":"WebSite","@id":"https:\/\/www.oarcanjo.net\/site\/#website","url":"https:\/\/www.oarcanjo.net\/site\/","name":"O Arcanjo no ar","description":"Site da Par\u00f3quia S\u00e3o Miguel Arcanjo (Arquidiocese de SP)","publisher":{"@id":"https:\/\/www.oarcanjo.net\/site\/#organization"},"potentialAction":[{"@type":"SearchAction","target":{"@type":"EntryPoint","urlTemplate":"https:\/\/www.oarcanjo.net\/site\/?s={search_term_string}"},"query-input":{"@type":"PropertyValueSpecification","valueRequired":true,"valueName":"search_term_string"}}],"inLanguage":"pt-BR"},{"@type":"Organization","@id":"https:\/\/www.oarcanjo.net\/site\/#organization","name":"Par\u00f3quia S\u00e3o Miguel Arcanjo","url":"https:\/\/www.oarcanjo.net\/site\/","logo":{"@type":"ImageObject","inLanguage":"pt-BR","@id":"https:\/\/www.oarcanjo.net\/site\/#\/schema\/logo\/image\/","url":"https:\/\/www.oarcanjo.net\/site\/wp-content\/uploads\/LogoOArcanjo.png","contentUrl":"https:\/\/www.oarcanjo.net\/site\/wp-content\/uploads\/LogoOArcanjo.png","width":319,"height":99,"caption":"Par\u00f3quia S\u00e3o Miguel Arcanjo"},"image":{"@id":"https:\/\/www.oarcanjo.net\/site\/#\/schema\/logo\/image\/"},"sameAs":["https:\/\/www.facebook.com\/OArcanjoNoAr\/"]},{"@type":"Person","@id":"https:\/\/www.oarcanjo.net\/site\/#\/schema\/person\/f7024d007863202483a31326673a0838","name":"editor","sameAs":["http:\/\/www.oarcanjo.net"]}]}},"publishpress_future_action":{"enabled":false,"date":"2026-05-07 09:36:53","action":"category","newStatus":"draft","terms":[],"taxonomy":"category"},"publishpress_future_workflow_manual_trigger":{"enabledWorkflows":[]},"_links":{"self":[{"href":"https:\/\/www.oarcanjo.net\/site\/wp-json\/wp\/v2\/posts\/20617"}],"collection":[{"href":"https:\/\/www.oarcanjo.net\/site\/wp-json\/wp\/v2\/posts"}],"about":[{"href":"https:\/\/www.oarcanjo.net\/site\/wp-json\/wp\/v2\/types\/post"}],"author":[{"embeddable":true,"href":"https:\/\/www.oarcanjo.net\/site\/wp-json\/wp\/v2\/users\/5"}],"replies":[{"embeddable":true,"href":"https:\/\/www.oarcanjo.net\/site\/wp-json\/wp\/v2\/comments?post=20617"}],"version-history":[{"count":0,"href":"https:\/\/www.oarcanjo.net\/site\/wp-json\/wp\/v2\/posts\/20617\/revisions"}],"wp:attachment":[{"href":"https:\/\/www.oarcanjo.net\/site\/wp-json\/wp\/v2\/media?parent=20617"}],"wp:term":[{"taxonomy":"category","embeddable":true,"href":"https:\/\/www.oarcanjo.net\/site\/wp-json\/wp\/v2\/categories?post=20617"},{"taxonomy":"post_tag","embeddable":true,"href":"https:\/\/www.oarcanjo.net\/site\/wp-json\/wp\/v2\/tags?post=20617"}],"curies":[{"name":"wp","href":"https:\/\/api.w.org\/{rel}","templated":true}]}}