
{"id":2062,"date":"2009-02-24T16:49:24","date_gmt":"2009-02-24T19:49:24","guid":{"rendered":"http:\/\/www.oarcanjo.net\/site\/?p=2062"},"modified":"2009-02-26T23:53:46","modified_gmt":"2009-02-27T02:53:46","slug":"pastoral-social-conversao-aos-pobres","status":"publish","type":"post","link":"https:\/\/www.oarcanjo.net\/site\/pastoral-social-conversao-aos-pobres\/","title":{"rendered":"Pastoral Social: convers\u00e3o aos pobres"},"content":{"rendered":"<p>Da Revista Miss\u00f5es<\/p>\n<p>O Plano de Pastoral rec\u00e9m-lan\u00e7ado pela arquidiocese de S\u00e3o Paulo chama a uma convers\u00e3o pastoral \u00e0 vida da cidade e seus pobres, afirma o bispo auxiliar Dom Pedro Luiz Stringhini.<\/p>\n<p>Dom Pedro Stringhini, que \u00e9 o respons\u00e1vel pelas pastorais sociais na arquidiocese de S\u00e3o Paulo, explicou ao jornal arquidiocesano &#8220;O S\u00e3o Paulo&#8221; que o apostolado social da Igreja visa a que a a\u00e7\u00e3o eclesial &#8220;tenha incid\u00eancia na realidade dos pobres da cidade&#8221;.<\/p>\n<p>&#8220;A quest\u00e3o social \u00e9 muito ampla e os problemas sociais assumem demandas de grande propor\u00e7\u00e3o num munic\u00edpio de onze milh\u00f5es de habitantes, inserido numa \u00e1rea metropolitana com cerca de dezoito milh\u00f5es&#8221;, disse. <\/p>\n<p>Segundo o bispo, o 10\u00b0 Plano de Pastoral (2009-2012) toma como refer\u00eancia situa\u00e7\u00f5es de pobreza e exclus\u00e3o destacadas no Documento de Aparecida. <\/p>\n<p>&#8220;Migrantes e imigrantes, moradores de rua, doentes e enfermos, dependentes qu\u00edmicos, encarcerados, crian\u00e7as, adolescentes e jovens, popula\u00e7\u00f5es ind\u00edgenas e desempregados&#8221;, afirmou. <\/p>\n<p>Dom Stringhini disse que a Igreja quer continuar a marcar sua presen\u00e7a &#8220;solid\u00e1ria e evangelizadora&#8221; junto dessas pessoas, e assim ajud\u00e1-las a conhecer &#8220;o Evangelho de Jesus Cristo e a pertencer a uma comunidade eclesial, onde encontrar\u00e3o apoio material, humano, espiritual\u00bb. O bispo explica que o Plano de Pastoral convida a uma &#8220;convers\u00e3o pastoral&#8221; \u00e0 quest\u00e3o social, isto \u00e9, \u00e0 &#8220;vida da cidade e seus pobres&#8221;.<\/p>\n<p>Isso implica &#8220;um envolvimento maior das comunidades e dos que dela participam, a come\u00e7ar pelos agentes de pastoral e ministros ordenados, com a quest\u00e3o social&#8221;, disse. &#8220;Que cada comunidade crist\u00e3, movida pela caridade de Cristo, tenha a\u00e7\u00f5es organizadas de caridade para com os pobres&#8221;, pede o bispo. <\/p>\n<p>Dom Stringhini destaca que a Igreja &#8220;n\u00e3o atua sozinha para melhorar a cidade&#8221;. <\/p>\n<p>&#8220;\u00c9 preciso ter em mente duas necessidades: a de conhecer a cidade por meio de dados recentes, atualizados e comprovados, e a de realizar parcerias, seja com \u00f3rg\u00e3os p\u00fablicos seja com outras organiza\u00e7\u00f5es da sociedade civil&#8221;, afirmou.<\/p>\n<div id=\"themify_builder_content-2062\" data-postid=\"2062\" class=\"themify_builder_content themify_builder_content-2062 themify_builder themify_builder_front\">\n\t<\/div>\n<!-- \/themify_builder_content -->","protected":false},"excerpt":{"rendered":"<p>Da Revista Miss\u00f5es O Plano de Pastoral rec\u00e9m-lan\u00e7ado pela arquidiocese de S\u00e3o Paulo chama a uma convers\u00e3o pastoral \u00e0 vida da cidade e seus pobres, afirma o bispo auxiliar Dom Pedro Luiz Stringhini. Dom Pedro Stringhini, que \u00e9 o respons\u00e1vel pelas pastorais sociais na arquidiocese de S\u00e3o Paulo, explicou ao jornal arquidiocesano &#8220;O S\u00e3o Paulo&#8221; [&hellip;]<\/p>\n","protected":false},"author":5,"featured_media":0,"comment_status":"open","ping_status":"open","sticky":false,"template":"","format":"standard","meta":{"ngg_post_thumbnail":0,"footnotes":""},"categories":[8],"tags":[285,287,286],"yoast_head":"<!-- This site is optimized with the Yoast SEO plugin v23.5 - https:\/\/yoast.com\/wordpress\/plugins\/seo\/ -->\n<title>Pastoral Social: convers\u00e3o aos pobres - O Arcanjo no ar<\/title>\n<meta name=\"robots\" content=\"index, follow, max-snippet:-1, max-image-preview:large, max-video-preview:-1\" \/>\n<link rel=\"canonical\" href=\"https:\/\/www.oarcanjo.net\/site\/pastoral-social-conversao-aos-pobres\/\" \/>\n<meta property=\"og:locale\" content=\"pt_BR\" \/>\n<meta property=\"og:type\" content=\"article\" \/>\n<meta property=\"og:title\" content=\"Pastoral Social: convers\u00e3o aos pobres - O Arcanjo no ar\" \/>\n<meta property=\"og:description\" content=\"Da Revista Miss\u00f5es O Plano de Pastoral rec\u00e9m-lan\u00e7ado pela arquidiocese de S\u00e3o Paulo chama a uma convers\u00e3o pastoral \u00e0 vida da cidade e seus pobres, afirma o bispo auxiliar Dom Pedro Luiz Stringhini. Dom Pedro Stringhini, que \u00e9 o respons\u00e1vel pelas pastorais sociais na arquidiocese de S\u00e3o Paulo, explicou ao jornal arquidiocesano &#8220;O S\u00e3o Paulo&#8221; [&hellip;]\" \/>\n<meta property=\"og:url\" content=\"https:\/\/www.oarcanjo.net\/site\/pastoral-social-conversao-aos-pobres\/\" \/>\n<meta property=\"og:site_name\" content=\"O Arcanjo no ar\" \/>\n<meta property=\"article:publisher\" content=\"https:\/\/www.facebook.com\/OArcanjoNoAr\/\" \/>\n<meta property=\"article:published_time\" content=\"2009-02-24T19:49:24+00:00\" \/>\n<meta property=\"article:modified_time\" content=\"2009-02-27T02:53:46+00:00\" \/>\n<meta property=\"og:image\" content=\"https:\/\/www.oarcanjo.net\/site\/wp-content\/uploads\/logo-o-arcanjo-no-ar-facebook.png\" \/>\n\t<meta property=\"og:image:width\" content=\"300\" \/>\n\t<meta property=\"og:image:height\" content=\"300\" \/>\n\t<meta property=\"og:image:type\" content=\"image\/png\" \/>\n<meta name=\"author\" content=\"editor\" \/>\n<meta name=\"twitter:card\" content=\"summary_large_image\" \/>\n<meta name=\"twitter:label1\" content=\"Escrito por\" \/>\n\t<meta name=\"twitter:data1\" content=\"editor\" \/>\n\t<meta name=\"twitter:label2\" content=\"Est. tempo de leitura\" \/>\n\t<meta name=\"twitter:data2\" content=\"2 minutos\" \/>\n<script type=\"application\/ld+json\" class=\"yoast-schema-graph\">{\"@context\":\"https:\/\/schema.org\",\"@graph\":[{\"@type\":\"Article\",\"@id\":\"https:\/\/www.oarcanjo.net\/site\/pastoral-social-conversao-aos-pobres\/#article\",\"isPartOf\":{\"@id\":\"https:\/\/www.oarcanjo.net\/site\/pastoral-social-conversao-aos-pobres\/\"},\"author\":{\"name\":\"editor\",\"@id\":\"https:\/\/www.oarcanjo.net\/site\/#\/schema\/person\/f7024d007863202483a31326673a0838\"},\"headline\":\"Pastoral Social: convers\u00e3o aos pobres\",\"datePublished\":\"2009-02-24T19:49:24+00:00\",\"dateModified\":\"2009-02-27T02:53:46+00:00\",\"mainEntityOfPage\":{\"@id\":\"https:\/\/www.oarcanjo.net\/site\/pastoral-social-conversao-aos-pobres\/\"},\"wordCount\":346,\"commentCount\":0,\"publisher\":{\"@id\":\"https:\/\/www.oarcanjo.net\/site\/#organization\"},\"keywords\":[\"10\u00ba Plano de Pastoral\",\"D. Pedro Luiz Stringhini\",\"Pastoral Social\"],\"articleSection\":[\"Not\u00edcias\"],\"inLanguage\":\"pt-BR\",\"potentialAction\":[{\"@type\":\"CommentAction\",\"name\":\"Comment\",\"target\":[\"https:\/\/www.oarcanjo.net\/site\/pastoral-social-conversao-aos-pobres\/#respond\"]}]},{\"@type\":\"WebPage\",\"@id\":\"https:\/\/www.oarcanjo.net\/site\/pastoral-social-conversao-aos-pobres\/\",\"url\":\"https:\/\/www.oarcanjo.net\/site\/pastoral-social-conversao-aos-pobres\/\",\"name\":\"Pastoral Social: convers\u00e3o aos pobres - O Arcanjo no ar\",\"isPartOf\":{\"@id\":\"https:\/\/www.oarcanjo.net\/site\/#website\"},\"datePublished\":\"2009-02-24T19:49:24+00:00\",\"dateModified\":\"2009-02-27T02:53:46+00:00\",\"breadcrumb\":{\"@id\":\"https:\/\/www.oarcanjo.net\/site\/pastoral-social-conversao-aos-pobres\/#breadcrumb\"},\"inLanguage\":\"pt-BR\",\"potentialAction\":[{\"@type\":\"ReadAction\",\"target\":[\"https:\/\/www.oarcanjo.net\/site\/pastoral-social-conversao-aos-pobres\/\"]}]},{\"@type\":\"BreadcrumbList\",\"@id\":\"https:\/\/www.oarcanjo.net\/site\/pastoral-social-conversao-aos-pobres\/#breadcrumb\",\"itemListElement\":[{\"@type\":\"ListItem\",\"position\":1,\"name\":\"In\u00edcio\",\"item\":\"https:\/\/www.oarcanjo.net\/site\/\"},{\"@type\":\"ListItem\",\"position\":2,\"name\":\"Pastoral Social: convers\u00e3o aos pobres\"}]},{\"@type\":\"WebSite\",\"@id\":\"https:\/\/www.oarcanjo.net\/site\/#website\",\"url\":\"https:\/\/www.oarcanjo.net\/site\/\",\"name\":\"O Arcanjo no ar\",\"description\":\"Site da Par\u00f3quia S\u00e3o Miguel Arcanjo (Arquidiocese de SP)\",\"publisher\":{\"@id\":\"https:\/\/www.oarcanjo.net\/site\/#organization\"},\"potentialAction\":[{\"@type\":\"SearchAction\",\"target\":{\"@type\":\"EntryPoint\",\"urlTemplate\":\"https:\/\/www.oarcanjo.net\/site\/?s={search_term_string}\"},\"query-input\":{\"@type\":\"PropertyValueSpecification\",\"valueRequired\":true,\"valueName\":\"search_term_string\"}}],\"inLanguage\":\"pt-BR\"},{\"@type\":\"Organization\",\"@id\":\"https:\/\/www.oarcanjo.net\/site\/#organization\",\"name\":\"Par\u00f3quia S\u00e3o Miguel Arcanjo\",\"url\":\"https:\/\/www.oarcanjo.net\/site\/\",\"logo\":{\"@type\":\"ImageObject\",\"inLanguage\":\"pt-BR\",\"@id\":\"https:\/\/www.oarcanjo.net\/site\/#\/schema\/logo\/image\/\",\"url\":\"https:\/\/www.oarcanjo.net\/site\/wp-content\/uploads\/LogoOArcanjo.png\",\"contentUrl\":\"https:\/\/www.oarcanjo.net\/site\/wp-content\/uploads\/LogoOArcanjo.png\",\"width\":319,\"height\":99,\"caption\":\"Par\u00f3quia S\u00e3o Miguel Arcanjo\"},\"image\":{\"@id\":\"https:\/\/www.oarcanjo.net\/site\/#\/schema\/logo\/image\/\"},\"sameAs\":[\"https:\/\/www.facebook.com\/OArcanjoNoAr\/\"]},{\"@type\":\"Person\",\"@id\":\"https:\/\/www.oarcanjo.net\/site\/#\/schema\/person\/f7024d007863202483a31326673a0838\",\"name\":\"editor\",\"sameAs\":[\"http:\/\/www.oarcanjo.net\"]}]}<\/script>\n<!-- \/ Yoast SEO plugin. -->","yoast_head_json":{"title":"Pastoral Social: convers\u00e3o aos pobres - O Arcanjo no ar","robots":{"index":"index","follow":"follow","max-snippet":"max-snippet:-1","max-image-preview":"max-image-preview:large","max-video-preview":"max-video-preview:-1"},"canonical":"https:\/\/www.oarcanjo.net\/site\/pastoral-social-conversao-aos-pobres\/","og_locale":"pt_BR","og_type":"article","og_title":"Pastoral Social: convers\u00e3o aos pobres - O Arcanjo no ar","og_description":"Da Revista Miss\u00f5es O Plano de Pastoral rec\u00e9m-lan\u00e7ado pela arquidiocese de S\u00e3o Paulo chama a uma convers\u00e3o pastoral \u00e0 vida da cidade e seus pobres, afirma o bispo auxiliar Dom Pedro Luiz Stringhini. Dom Pedro Stringhini, que \u00e9 o respons\u00e1vel pelas pastorais sociais na arquidiocese de S\u00e3o Paulo, explicou ao jornal arquidiocesano &#8220;O S\u00e3o Paulo&#8221; [&hellip;]","og_url":"https:\/\/www.oarcanjo.net\/site\/pastoral-social-conversao-aos-pobres\/","og_site_name":"O Arcanjo no ar","article_publisher":"https:\/\/www.facebook.com\/OArcanjoNoAr\/","article_published_time":"2009-02-24T19:49:24+00:00","article_modified_time":"2009-02-27T02:53:46+00:00","og_image":[{"width":300,"height":300,"url":"https:\/\/www.oarcanjo.net\/site\/wp-content\/uploads\/logo-o-arcanjo-no-ar-facebook.png","type":"image\/png"}],"author":"editor","twitter_card":"summary_large_image","twitter_misc":{"Escrito por":"editor","Est. tempo de leitura":"2 minutos"},"schema":{"@context":"https:\/\/schema.org","@graph":[{"@type":"Article","@id":"https:\/\/www.oarcanjo.net\/site\/pastoral-social-conversao-aos-pobres\/#article","isPartOf":{"@id":"https:\/\/www.oarcanjo.net\/site\/pastoral-social-conversao-aos-pobres\/"},"author":{"name":"editor","@id":"https:\/\/www.oarcanjo.net\/site\/#\/schema\/person\/f7024d007863202483a31326673a0838"},"headline":"Pastoral Social: convers\u00e3o aos pobres","datePublished":"2009-02-24T19:49:24+00:00","dateModified":"2009-02-27T02:53:46+00:00","mainEntityOfPage":{"@id":"https:\/\/www.oarcanjo.net\/site\/pastoral-social-conversao-aos-pobres\/"},"wordCount":346,"commentCount":0,"publisher":{"@id":"https:\/\/www.oarcanjo.net\/site\/#organization"},"keywords":["10\u00ba Plano de Pastoral","D. Pedro Luiz Stringhini","Pastoral Social"],"articleSection":["Not\u00edcias"],"inLanguage":"pt-BR","potentialAction":[{"@type":"CommentAction","name":"Comment","target":["https:\/\/www.oarcanjo.net\/site\/pastoral-social-conversao-aos-pobres\/#respond"]}]},{"@type":"WebPage","@id":"https:\/\/www.oarcanjo.net\/site\/pastoral-social-conversao-aos-pobres\/","url":"https:\/\/www.oarcanjo.net\/site\/pastoral-social-conversao-aos-pobres\/","name":"Pastoral Social: convers\u00e3o aos pobres - O Arcanjo no ar","isPartOf":{"@id":"https:\/\/www.oarcanjo.net\/site\/#website"},"datePublished":"2009-02-24T19:49:24+00:00","dateModified":"2009-02-27T02:53:46+00:00","breadcrumb":{"@id":"https:\/\/www.oarcanjo.net\/site\/pastoral-social-conversao-aos-pobres\/#breadcrumb"},"inLanguage":"pt-BR","potentialAction":[{"@type":"ReadAction","target":["https:\/\/www.oarcanjo.net\/site\/pastoral-social-conversao-aos-pobres\/"]}]},{"@type":"BreadcrumbList","@id":"https:\/\/www.oarcanjo.net\/site\/pastoral-social-conversao-aos-pobres\/#breadcrumb","itemListElement":[{"@type":"ListItem","position":1,"name":"In\u00edcio","item":"https:\/\/www.oarcanjo.net\/site\/"},{"@type":"ListItem","position":2,"name":"Pastoral Social: convers\u00e3o aos pobres"}]},{"@type":"WebSite","@id":"https:\/\/www.oarcanjo.net\/site\/#website","url":"https:\/\/www.oarcanjo.net\/site\/","name":"O Arcanjo no ar","description":"Site da Par\u00f3quia S\u00e3o Miguel Arcanjo (Arquidiocese de SP)","publisher":{"@id":"https:\/\/www.oarcanjo.net\/site\/#organization"},"potentialAction":[{"@type":"SearchAction","target":{"@type":"EntryPoint","urlTemplate":"https:\/\/www.oarcanjo.net\/site\/?s={search_term_string}"},"query-input":{"@type":"PropertyValueSpecification","valueRequired":true,"valueName":"search_term_string"}}],"inLanguage":"pt-BR"},{"@type":"Organization","@id":"https:\/\/www.oarcanjo.net\/site\/#organization","name":"Par\u00f3quia S\u00e3o Miguel Arcanjo","url":"https:\/\/www.oarcanjo.net\/site\/","logo":{"@type":"ImageObject","inLanguage":"pt-BR","@id":"https:\/\/www.oarcanjo.net\/site\/#\/schema\/logo\/image\/","url":"https:\/\/www.oarcanjo.net\/site\/wp-content\/uploads\/LogoOArcanjo.png","contentUrl":"https:\/\/www.oarcanjo.net\/site\/wp-content\/uploads\/LogoOArcanjo.png","width":319,"height":99,"caption":"Par\u00f3quia S\u00e3o Miguel Arcanjo"},"image":{"@id":"https:\/\/www.oarcanjo.net\/site\/#\/schema\/logo\/image\/"},"sameAs":["https:\/\/www.facebook.com\/OArcanjoNoAr\/"]},{"@type":"Person","@id":"https:\/\/www.oarcanjo.net\/site\/#\/schema\/person\/f7024d007863202483a31326673a0838","name":"editor","sameAs":["http:\/\/www.oarcanjo.net"]}]}},"publishpress_future_action":{"enabled":false,"date":"2026-05-08 19:34:42","action":"category","newStatus":"draft","terms":[],"taxonomy":"category"},"publishpress_future_workflow_manual_trigger":{"enabledWorkflows":[]},"_links":{"self":[{"href":"https:\/\/www.oarcanjo.net\/site\/wp-json\/wp\/v2\/posts\/2062"}],"collection":[{"href":"https:\/\/www.oarcanjo.net\/site\/wp-json\/wp\/v2\/posts"}],"about":[{"href":"https:\/\/www.oarcanjo.net\/site\/wp-json\/wp\/v2\/types\/post"}],"author":[{"embeddable":true,"href":"https:\/\/www.oarcanjo.net\/site\/wp-json\/wp\/v2\/users\/5"}],"replies":[{"embeddable":true,"href":"https:\/\/www.oarcanjo.net\/site\/wp-json\/wp\/v2\/comments?post=2062"}],"version-history":[{"count":0,"href":"https:\/\/www.oarcanjo.net\/site\/wp-json\/wp\/v2\/posts\/2062\/revisions"}],"wp:attachment":[{"href":"https:\/\/www.oarcanjo.net\/site\/wp-json\/wp\/v2\/media?parent=2062"}],"wp:term":[{"taxonomy":"category","embeddable":true,"href":"https:\/\/www.oarcanjo.net\/site\/wp-json\/wp\/v2\/categories?post=2062"},{"taxonomy":"post_tag","embeddable":true,"href":"https:\/\/www.oarcanjo.net\/site\/wp-json\/wp\/v2\/tags?post=2062"}],"curies":[{"name":"wp","href":"https:\/\/api.w.org\/{rel}","templated":true}]}}