
{"id":20639,"date":"2013-01-14T12:25:58","date_gmt":"2013-01-14T14:25:58","guid":{"rendered":"http:\/\/www.oarcanjo.net\/site\/?p=20639"},"modified":"2013-01-14T15:52:05","modified_gmt":"2013-01-14T17:52:05","slug":"sepultamento-do-padre-haroldo-coelho-13012013-em-fortaleza-ceara","status":"publish","type":"post","link":"https:\/\/www.oarcanjo.net\/site\/sepultamento-do-padre-haroldo-coelho-13012013-em-fortaleza-ceara\/","title":{"rendered":"Sepultamento do Padre Haroldo Coelho, 13\/01\/2013, em Fortaleza &#8211; Cear\u00e1"},"content":{"rendered":"<div>\n<div>Defensor ardoroso e intransigente da paz, do direito da justi\u00e7a.<\/div>\n<div>Sempre do lada das lutas e causas populares, com cora\u00e7\u00e3o grande<\/div>\n<div>e generoso, em toda sua plenitude.<\/div>\n<div>A morte do Padre Haroldo causa um dor e sofrimento enorme.<\/div>\n<div>Com o seu desaparecimento, nos sentimos um tanto quanto \u00f3rf\u00e3os.<\/div>\n<div>Por outro lado, aos olhos da f\u00e9, &#8220;n\u00f3s n\u00e3o temos aqui cidade permanente,<\/div>\n<div>vivemos \u00e0 procura da cidade que h\u00e1 vir (Hb 13, 14). Suplicamos ao bom Deus<\/div>\n<div>pelo nosso querido Padre Haroldo, que lutou tanto por esta cidade de Fortaleza,<\/div>\n<div>que agora goze da eterna alegria de participar da cidade do c\u00e9u,<\/div>\n<div>daquele presente perene e feliz.<\/div>\n<table cellspacing=\"0\" cellpadding=\"0\" align=\"center\">\n<tbody>\n<tr>\n<td><a href=\"http:\/\/3.bp.blogspot.com\/-c3ti90sT__o\/UPP_K0k1GHI\/AAAAAAAAVWc\/JqqOIjDXLvY\/s1600\/padre-haroldo-sepultamento-300x197.jpg\"><img decoding=\"async\" src=\"http:\/\/3.bp.blogspot.com\/-c3ti90sT__o\/UPP_K0k1GHI\/AAAAAAAAVWc\/JqqOIjDXLvY\/s1600\/padre-haroldo-sepultamento-300x197.jpg\" border=\"0\" alt=\"\" \/><\/a><\/td>\n<\/tr>\n<tr>\n<td>Na Parque da Paz, com Maria Luiza Fontenele, \u00a0grande amiga,<br \/>\nconduzindo \u00a0o cortejo<\/td>\n<\/tr>\n<\/tbody>\n<\/table>\n<table cellspacing=\"0\" cellpadding=\"0\" align=\"center\">\n<tbody>\n<tr>\n<td><a href=\"http:\/\/3.bp.blogspot.com\/-BaS95cmlNJs\/UPP_Ta5v_uI\/AAAAAAAAVWk\/dRh_u7mAt5w\/s1600\/psol.jpg\"><img decoding=\"async\" src=\"http:\/\/3.bp.blogspot.com\/-BaS95cmlNJs\/UPP_Ta5v_uI\/AAAAAAAAVWk\/dRh_u7mAt5w\/s1600\/psol.jpg\" border=\"0\" alt=\"\" \/><\/a><\/td>\n<\/tr>\n<tr>\n<td>Com Pl\u00ednio Arruda Sampaio &#8211; campanha eleitoral de 2012<\/td>\n<\/tr>\n<\/tbody>\n<\/table>\n<table cellspacing=\"0\" cellpadding=\"0\" align=\"center\">\n<tbody>\n<tr>\n<td><a href=\"http:\/\/4.bp.blogspot.com\/-9RKNNmZvMwg\/UPP_gpTVvFI\/AAAAAAAAVWs\/P9y4MO6PAm4\/s1600\/raroldo.jpg\"><img decoding=\"async\" src=\"http:\/\/4.bp.blogspot.com\/-9RKNNmZvMwg\/UPP_gpTVvFI\/AAAAAAAAVWs\/P9y4MO6PAm4\/s1600\/raroldo.jpg\" border=\"0\" alt=\"\" \/><\/a><\/td>\n<\/tr>\n<tr>\n<td>Celebra\u00e7\u00e3o Eucar\u00edstica de corpo presente do nosso querido Padre haroldo<\/td>\n<\/tr>\n<\/tbody>\n<\/table>\n<table cellspacing=\"0\" cellpadding=\"0\" align=\"center\">\n<tbody>\n<tr>\n<td><a href=\"http:\/\/4.bp.blogspot.com\/-VQFIHqyvRtk\/UPP_73DnkaI\/AAAAAAAAVW0\/rwH3DC_yijQ\/s1600\/lucio.jpg\"><img decoding=\"async\" src=\"http:\/\/4.bp.blogspot.com\/-VQFIHqyvRtk\/UPP_73DnkaI\/AAAAAAAAVW0\/rwH3DC_yijQ\/s1600\/lucio.jpg\" border=\"0\" alt=\"\" \/><\/a><\/td>\n<\/tr>\n<tr>\n<td>Os cumprimentos de L\u00facio Alc\u00e2ntara, nos seus 45 anos \u00a0de padre<\/td>\n<\/tr>\n<\/tbody>\n<\/table>\n<table cellspacing=\"0\" cellpadding=\"0\" align=\"center\">\n<tbody>\n<tr>\n<td><a href=\"http:\/\/3.bp.blogspot.com\/-M34t7cp1SBU\/UPQLhCg6pHI\/AAAAAAAAVXk\/bzti6QJHVVQ\/s1600\/padre+harododo+IIII.jpg\"><img decoding=\"async\" src=\"http:\/\/3.bp.blogspot.com\/-M34t7cp1SBU\/UPQLhCg6pHI\/AAAAAAAAVXk\/bzti6QJHVVQ\/s1600\/padre+harododo+IIII.jpg\" border=\"0\" alt=\"\" \/><\/a><\/td>\n<\/tr>\n<tr>\n<td>Sempre de bem com a vida, sem nunca perder a ternura<\/td>\n<\/tr>\n<\/tbody>\n<\/table>\n<table cellspacing=\"0\" cellpadding=\"0\" align=\"center\">\n<tbody>\n<tr>\n<td><a href=\"http:\/\/4.bp.blogspot.com\/-Y-il2l7F0YY\/UPQLoMBzIDI\/AAAAAAAAVXs\/rev75pR0AKo\/s1600\/haroldo.jpg\"><img decoding=\"async\" src=\"http:\/\/4.bp.blogspot.com\/-Y-il2l7F0YY\/UPQLoMBzIDI\/AAAAAAAAVXs\/rev75pR0AKo\/s1600\/haroldo.jpg\" border=\"0\" alt=\"\" \/><\/a><\/td>\n<\/tr>\n<tr>\n<td>S\u00e1bio, firme, corojoso e incisivo, nas suas prega\u00e7\u00f5es e profecias, em defesa da vida<\/td>\n<\/tr>\n<\/tbody>\n<\/table>\n<table cellspacing=\"0\" cellpadding=\"0\" align=\"center\">\n<tbody>\n<tr>\n<td><a href=\"http:\/\/3.bp.blogspot.com\/-mz711M9WWYQ\/UPP_CRivA0I\/AAAAAAAAVWU\/FIAxnY2gDkA\/s1600\/haroldo2.jpg\"><img loading=\"lazy\" decoding=\"async\" src=\"http:\/\/3.bp.blogspot.com\/-mz711M9WWYQ\/UPP_CRivA0I\/AAAAAAAAVWU\/FIAxnY2gDkA\/s320\/haroldo2.jpg\" border=\"0\" alt=\"\" width=\"320\" height=\"213\" \/><\/a><\/td>\n<\/tr>\n<tr>\n<td>Homilia: 27\/12\/2007 &#8211; mesmo dia e hor\u00e1rio do<br \/>\nsepultamento de Dom Alo\u00edsio Lorscheider &#8211; RS<br \/>\nPar\u00f3quia de Santo Afonso &#8211;<br \/>\nFortaleza &#8211; CE<\/td>\n<\/tr>\n<\/tbody>\n<\/table>\n<table cellspacing=\"0\" cellpadding=\"0\" align=\"center\">\n<tbody>\n<tr>\n<td><a href=\"http:\/\/2.bp.blogspot.com\/-Oltkoz-lw6E\/UPGNoqn1XII\/AAAAAAAAVUo\/lyWT5jWq1Rw\/s1600\/haroldo.jpg\"><img loading=\"lazy\" decoding=\"async\" src=\"http:\/\/2.bp.blogspot.com\/-Oltkoz-lw6E\/UPGNoqn1XII\/AAAAAAAAVUo\/lyWT5jWq1Rw\/s320\/haroldo.jpg\" border=\"0\" alt=\"\" width=\"320\" height=\"213\" \/><\/a><\/td>\n<\/tr>\n<tr>\n<td>Com Pe. Geovane Saraiva<br \/>\nMissa no mesmo dia e mesmo hor\u00e1rio\u00a0do<br \/>\nsepultamento do Cardeal Lorscheider &#8211; RS<br \/>\n27\/12\/2007 &#8211;\u00a0Igreja de Santo Afonso &#8211; Fortaleza &#8211; CE<\/td>\n<\/tr>\n<\/tbody>\n<\/table>\n<table cellspacing=\"0\" cellpadding=\"0\" align=\"center\">\n<tbody>\n<tr>\n<td><a href=\"http:\/\/2.bp.blogspot.com\/-xTCT8y2et2s\/UPGNowD0BiI\/AAAAAAAAVUs\/KtPd_HgWPK4\/s1600\/haroldo1.jpg\"><img loading=\"lazy\" decoding=\"async\" src=\"http:\/\/2.bp.blogspot.com\/-xTCT8y2et2s\/UPGNowD0BiI\/AAAAAAAAVUs\/KtPd_HgWPK4\/s320\/haroldo1.jpg\" border=\"0\" alt=\"\" width=\"320\" height=\"213\" \/><\/a><\/td>\n<\/tr>\n<tr>\n<td>Missa no dia 27\/12\/2007<br \/>\nIgreja de Santo Afonso<br \/>\nFortaleza &#8211; CE<\/td>\n<\/tr>\n<\/tbody>\n<\/table>\n<table cellspacing=\"0\" cellpadding=\"0\" align=\"center\">\n<tbody>\n<tr>\n<td><a href=\"http:\/\/4.bp.blogspot.com\/-FUGcfkcTLTI\/UPGNpahfrlI\/AAAAAAAAVU4\/ClK8uMJmG2Q\/s1600\/haroldo3.jpg\"><img loading=\"lazy\" decoding=\"async\" src=\"http:\/\/4.bp.blogspot.com\/-FUGcfkcTLTI\/UPGNpahfrlI\/AAAAAAAAVU4\/ClK8uMJmG2Q\/s320\/haroldo3.jpg\" border=\"0\" alt=\"\" width=\"320\" height=\"213\" \/><\/a><\/td>\n<\/tr>\n<tr>\n<td>Pe Geovane Saraiva e Dom\u00a0Edmilson\u00a0com Pe Heroldo Coelho<br \/>\nMissa no dia 27\/12\/2007 &#8211;<br \/>\nIgreja de Santo Afonso &#8211; Fortaleza &#8211; CE<\/td>\n<\/tr>\n<\/tbody>\n<\/table>\n<table cellspacing=\"0\" cellpadding=\"0\" align=\"center\">\n<tbody>\n<tr>\n<td><a href=\"http:\/\/3.bp.blogspot.com\/-A7-_aQvprb8\/UPGNpZnpIfI\/AAAAAAAAVU8\/N2NrNOJqsD0\/s1600\/haroldo4.jpg\"><img loading=\"lazy\" decoding=\"async\" src=\"http:\/\/3.bp.blogspot.com\/-A7-_aQvprb8\/UPGNpZnpIfI\/AAAAAAAAVU8\/N2NrNOJqsD0\/s320\/haroldo4.jpg\" border=\"0\" alt=\"\" width=\"320\" height=\"213\" \/><\/a><\/td>\n<\/tr>\n<tr>\n<td>Com Dom Edmilson e Pe. Geovane Saraiva<br \/>\nMissa no dia 27\/12\/2007 &#8211; Igreja de Santo Afonso &#8211; Fortaleza &#8211; CE<\/td>\n<\/tr>\n<\/tbody>\n<\/table>\n<table cellspacing=\"0\" cellpadding=\"0\" align=\"center\">\n<tbody>\n<tr>\n<td><a href=\"http:\/\/1.bp.blogspot.com\/-cOzXsl2Vxbo\/UPGNpk7OQMI\/AAAAAAAAVVA\/CfYqZaxAoSA\/s1600\/haroldo5.jpg\"><img loading=\"lazy\" decoding=\"async\" src=\"http:\/\/1.bp.blogspot.com\/-cOzXsl2Vxbo\/UPGNpk7OQMI\/AAAAAAAAVVA\/CfYqZaxAoSA\/s320\/haroldo5.jpg\" border=\"0\" alt=\"\" width=\"213\" height=\"320\" \/><\/a><\/td>\n<\/tr>\n<tr>\n<td>Pe. Haroldo Coelho, na sua prega\u00e7\u00e3o ardorosa e intransigente e for\u00e7a<br \/>\nquase que invenc\u00edvel em favor da vida<br \/>\nMissa no dia 27\/12\/2007 &#8211;<br \/>\nIgreja de Santo Afonso<br \/>\n&#8211; Fortaleza &#8211; CE<\/p>\n<table cellspacing=\"0\" cellpadding=\"0\" align=\"center\">\n<tbody>\n<tr>\n<td><a href=\"http:\/\/2.bp.blogspot.com\/-TxYuBdL00HM\/UPQ93M0r4GI\/AAAAAAAAVgA\/Nr-AhUsIaqI\/s1600\/helder37.jpg\"><img loading=\"lazy\" decoding=\"async\" src=\"http:\/\/2.bp.blogspot.com\/-TxYuBdL00HM\/UPQ93M0r4GI\/AAAAAAAAVgA\/Nr-AhUsIaqI\/s320\/helder37.jpg\" border=\"0\" alt=\"\" width=\"320\" height=\"212\" \/><\/a><\/td>\n<\/tr>\n<tr>\n<td>Padre Geovane Saraiva recebeu a Medalha Botic\u00e1rio Ferreira, no dia 1\u00ba \u00a0de abril de 2011,<br \/>\ncom a presen\u00e7a do Padre Haroldo Coelho<br \/>\nna C\u00e2mara Municipal de Fortaleza<\/td>\n<\/tr>\n<\/tbody>\n<\/table>\n<table cellspacing=\"0\" cellpadding=\"0\" align=\"center\">\n<tbody>\n<tr>\n<td><a href=\"http:\/\/1.bp.blogspot.com\/-zm8LDtJQ5aM\/UPRCTT3agII\/AAAAAAAAVgo\/1ickqxug2Dk\/s1600\/helder38.jpg\"><img loading=\"lazy\" decoding=\"async\" src=\"http:\/\/1.bp.blogspot.com\/-zm8LDtJQ5aM\/UPRCTT3agII\/AAAAAAAAVgo\/1ickqxug2Dk\/s320\/helder38.jpg\" border=\"0\" alt=\"\" width=\"320\" height=\"213\" \/><\/a><\/td>\n<\/tr>\n<tr>\n<td>Padre Geovane Saraiva recebeu a Medalha Botic\u00e1rio Ferreira, no dia 1\u00ba \u00a0de abril de 2011,<br \/>\ncom a presen\u00e7a do Padre Haroldo Coelho<br \/>\nna C\u00e2mara Municipal de Fortaleza<\/td>\n<\/tr>\n<\/tbody>\n<\/table>\n<table cellspacing=\"0\" cellpadding=\"0\" align=\"center\">\n<tbody>\n<tr>\n<td><a href=\"http:\/\/2.bp.blogspot.com\/-XBJVOiQxEt0\/UPQ93LmPRLI\/AAAAAAAAVf8\/5ydDUQriQJc\/s1600\/helder38.jpg\"><img loading=\"lazy\" decoding=\"async\" src=\"http:\/\/2.bp.blogspot.com\/-XBJVOiQxEt0\/UPQ93LmPRLI\/AAAAAAAAVf8\/5ydDUQriQJc\/s320\/helder38.jpg\" border=\"0\" alt=\"\" width=\"320\" height=\"213\" \/><\/a><\/td>\n<\/tr>\n<tr>\n<td>Padre Geovane Saraiva recebeu a Medalha Botic\u00e1rio Ferreira, no dia 1\u00ba \u00a0de abril de 2011,<br \/>\ncom a presen\u00e7a do Padre Haroldo Coelho<br \/>\nna C\u00e2mara Municipal de Fortaleza<\/td>\n<\/tr>\n<\/tbody>\n<\/table>\n<table cellspacing=\"0\" cellpadding=\"0\" align=\"center\">\n<tbody>\n<tr>\n<td><a href=\"http:\/\/4.bp.blogspot.com\/-sZtMmOLMKac\/UPQ935zAV0I\/AAAAAAAAVgE\/RQ-9A798jFo\/s1600\/helder39.jpg\"><img loading=\"lazy\" decoding=\"async\" src=\"http:\/\/4.bp.blogspot.com\/-sZtMmOLMKac\/UPQ935zAV0I\/AAAAAAAAVgE\/RQ-9A798jFo\/s320\/helder39.jpg\" border=\"0\" alt=\"\" width=\"320\" height=\"213\" \/><\/a><\/td>\n<\/tr>\n<tr>\n<td>Padre Geovane Saraiva recebeu a Medalha Botic\u00e1rio Ferreira, no dia 1\u00ba \u00a0de abril de 2011,<br \/>\ncom a presen\u00e7a do Padre Haroldo Coelho<br \/>\nna C\u00e2mara Municipal de Fortaleza<\/td>\n<\/tr>\n<\/tbody>\n<\/table>\n<p>&nbsp;<\/td>\n<\/tr>\n<\/tbody>\n<\/table>\n<\/div>\n<div>\n<div>Postado por\u00a0<a title=\"author profile\" rel=\"author\" href=\"http:\/\/www.blogger.com\/profile\/12037961757835243213\">Par\u00f3quia de Santo Afonso <\/a><\/div>\n<\/div>\n<p>&nbsp;<\/p>\n<div id=\"themify_builder_content-20639\" data-postid=\"20639\" class=\"themify_builder_content themify_builder_content-20639 themify_builder themify_builder_front\">\n\t<\/div>\n<!-- \/themify_builder_content -->","protected":false},"excerpt":{"rendered":"<p>Defensor ardoroso e intransigente da paz, do direito da justi\u00e7a. Sempre do lada das lutas e causas populares, com cora\u00e7\u00e3o grande e generoso, em toda sua plenitude. A morte do Padre Haroldo causa um dor e sofrimento enorme. Com o seu desaparecimento, nos sentimos um tanto quanto \u00f3rf\u00e3os. Por outro lado, aos olhos da f\u00e9, [&hellip;]<\/p>\n","protected":false},"author":17,"featured_media":0,"comment_status":"open","ping_status":"open","sticky":false,"template":"","format":"standard","meta":{"ngg_post_thumbnail":0,"footnotes":""},"categories":[8],"tags":[],"yoast_head":"<!-- This site is optimized with the Yoast SEO plugin v23.5 - https:\/\/yoast.com\/wordpress\/plugins\/seo\/ -->\n<title>Sepultamento do Padre Haroldo Coelho, 13\/01\/2013, em Fortaleza - Cear\u00e1 - O Arcanjo no ar<\/title>\n<meta name=\"robots\" content=\"index, follow, max-snippet:-1, max-image-preview:large, max-video-preview:-1\" \/>\n<link rel=\"canonical\" href=\"https:\/\/www.oarcanjo.net\/site\/sepultamento-do-padre-haroldo-coelho-13012013-em-fortaleza-ceara\/\" \/>\n<meta property=\"og:locale\" content=\"pt_BR\" \/>\n<meta property=\"og:type\" content=\"article\" \/>\n<meta property=\"og:title\" content=\"Sepultamento do Padre Haroldo Coelho, 13\/01\/2013, em Fortaleza - Cear\u00e1 - O Arcanjo no ar\" \/>\n<meta property=\"og:description\" content=\"Defensor ardoroso e intransigente da paz, do direito da justi\u00e7a. Sempre do lada das lutas e causas populares, com cora\u00e7\u00e3o grande e generoso, em toda sua plenitude. A morte do Padre Haroldo causa um dor e sofrimento enorme. Com o seu desaparecimento, nos sentimos um tanto quanto \u00f3rf\u00e3os. Por outro lado, aos olhos da f\u00e9, [&hellip;]\" \/>\n<meta property=\"og:url\" content=\"https:\/\/www.oarcanjo.net\/site\/sepultamento-do-padre-haroldo-coelho-13012013-em-fortaleza-ceara\/\" \/>\n<meta property=\"og:site_name\" content=\"O Arcanjo no ar\" \/>\n<meta property=\"article:publisher\" content=\"https:\/\/www.facebook.com\/OArcanjoNoAr\/\" \/>\n<meta property=\"article:published_time\" content=\"2013-01-14T14:25:58+00:00\" \/>\n<meta property=\"article:modified_time\" content=\"2013-01-14T17:52:05+00:00\" \/>\n<meta property=\"og:image\" content=\"http:\/\/3.bp.blogspot.com\/-c3ti90sT__o\/UPP_K0k1GHI\/AAAAAAAAVWc\/JqqOIjDXLvY\/s1600\/padre-haroldo-sepultamento-300x197.jpg\" \/>\n<meta name=\"author\" content=\"pe.geovane\" \/>\n<meta name=\"twitter:card\" content=\"summary_large_image\" \/>\n<meta name=\"twitter:label1\" content=\"Escrito por\" \/>\n\t<meta name=\"twitter:data1\" content=\"pe.geovane\" \/>\n\t<meta name=\"twitter:label2\" content=\"Est. tempo de leitura\" \/>\n\t<meta name=\"twitter:data2\" content=\"2 minutos\" \/>\n<script type=\"application\/ld+json\" class=\"yoast-schema-graph\">{\"@context\":\"https:\/\/schema.org\",\"@graph\":[{\"@type\":\"Article\",\"@id\":\"https:\/\/www.oarcanjo.net\/site\/sepultamento-do-padre-haroldo-coelho-13012013-em-fortaleza-ceara\/#article\",\"isPartOf\":{\"@id\":\"https:\/\/www.oarcanjo.net\/site\/sepultamento-do-padre-haroldo-coelho-13012013-em-fortaleza-ceara\/\"},\"author\":{\"name\":\"pe.geovane\",\"@id\":\"https:\/\/www.oarcanjo.net\/site\/#\/schema\/person\/58d7f78850a973b8e467c7ae4a7eb4ad\"},\"headline\":\"Sepultamento do Padre Haroldo Coelho, 13\/01\/2013, em Fortaleza &#8211; Cear\u00e1\",\"datePublished\":\"2013-01-14T14:25:58+00:00\",\"dateModified\":\"2013-01-14T17:52:05+00:00\",\"mainEntityOfPage\":{\"@id\":\"https:\/\/www.oarcanjo.net\/site\/sepultamento-do-padre-haroldo-coelho-13012013-em-fortaleza-ceara\/\"},\"wordCount\":449,\"commentCount\":0,\"publisher\":{\"@id\":\"https:\/\/www.oarcanjo.net\/site\/#organization\"},\"image\":{\"@id\":\"https:\/\/www.oarcanjo.net\/site\/sepultamento-do-padre-haroldo-coelho-13012013-em-fortaleza-ceara\/#primaryimage\"},\"thumbnailUrl\":\"http:\/\/3.bp.blogspot.com\/-c3ti90sT__o\/UPP_K0k1GHI\/AAAAAAAAVWc\/JqqOIjDXLvY\/s1600\/padre-haroldo-sepultamento-300x197.jpg\",\"articleSection\":[\"Not\u00edcias\"],\"inLanguage\":\"pt-BR\",\"potentialAction\":[{\"@type\":\"CommentAction\",\"name\":\"Comment\",\"target\":[\"https:\/\/www.oarcanjo.net\/site\/sepultamento-do-padre-haroldo-coelho-13012013-em-fortaleza-ceara\/#respond\"]}]},{\"@type\":\"WebPage\",\"@id\":\"https:\/\/www.oarcanjo.net\/site\/sepultamento-do-padre-haroldo-coelho-13012013-em-fortaleza-ceara\/\",\"url\":\"https:\/\/www.oarcanjo.net\/site\/sepultamento-do-padre-haroldo-coelho-13012013-em-fortaleza-ceara\/\",\"name\":\"Sepultamento do Padre Haroldo Coelho, 13\/01\/2013, em Fortaleza - Cear\u00e1 - O Arcanjo no ar\",\"isPartOf\":{\"@id\":\"https:\/\/www.oarcanjo.net\/site\/#website\"},\"primaryImageOfPage\":{\"@id\":\"https:\/\/www.oarcanjo.net\/site\/sepultamento-do-padre-haroldo-coelho-13012013-em-fortaleza-ceara\/#primaryimage\"},\"image\":{\"@id\":\"https:\/\/www.oarcanjo.net\/site\/sepultamento-do-padre-haroldo-coelho-13012013-em-fortaleza-ceara\/#primaryimage\"},\"thumbnailUrl\":\"http:\/\/3.bp.blogspot.com\/-c3ti90sT__o\/UPP_K0k1GHI\/AAAAAAAAVWc\/JqqOIjDXLvY\/s1600\/padre-haroldo-sepultamento-300x197.jpg\",\"datePublished\":\"2013-01-14T14:25:58+00:00\",\"dateModified\":\"2013-01-14T17:52:05+00:00\",\"breadcrumb\":{\"@id\":\"https:\/\/www.oarcanjo.net\/site\/sepultamento-do-padre-haroldo-coelho-13012013-em-fortaleza-ceara\/#breadcrumb\"},\"inLanguage\":\"pt-BR\",\"potentialAction\":[{\"@type\":\"ReadAction\",\"target\":[\"https:\/\/www.oarcanjo.net\/site\/sepultamento-do-padre-haroldo-coelho-13012013-em-fortaleza-ceara\/\"]}]},{\"@type\":\"ImageObject\",\"inLanguage\":\"pt-BR\",\"@id\":\"https:\/\/www.oarcanjo.net\/site\/sepultamento-do-padre-haroldo-coelho-13012013-em-fortaleza-ceara\/#primaryimage\",\"url\":\"http:\/\/3.bp.blogspot.com\/-c3ti90sT__o\/UPP_K0k1GHI\/AAAAAAAAVWc\/JqqOIjDXLvY\/s1600\/padre-haroldo-sepultamento-300x197.jpg\",\"contentUrl\":\"http:\/\/3.bp.blogspot.com\/-c3ti90sT__o\/UPP_K0k1GHI\/AAAAAAAAVWc\/JqqOIjDXLvY\/s1600\/padre-haroldo-sepultamento-300x197.jpg\"},{\"@type\":\"BreadcrumbList\",\"@id\":\"https:\/\/www.oarcanjo.net\/site\/sepultamento-do-padre-haroldo-coelho-13012013-em-fortaleza-ceara\/#breadcrumb\",\"itemListElement\":[{\"@type\":\"ListItem\",\"position\":1,\"name\":\"In\u00edcio\",\"item\":\"https:\/\/www.oarcanjo.net\/site\/\"},{\"@type\":\"ListItem\",\"position\":2,\"name\":\"Sepultamento do Padre Haroldo Coelho, 13\/01\/2013, em Fortaleza &#8211; Cear\u00e1\"}]},{\"@type\":\"WebSite\",\"@id\":\"https:\/\/www.oarcanjo.net\/site\/#website\",\"url\":\"https:\/\/www.oarcanjo.net\/site\/\",\"name\":\"O Arcanjo no ar\",\"description\":\"Site da Par\u00f3quia S\u00e3o Miguel Arcanjo (Arquidiocese de SP)\",\"publisher\":{\"@id\":\"https:\/\/www.oarcanjo.net\/site\/#organization\"},\"potentialAction\":[{\"@type\":\"SearchAction\",\"target\":{\"@type\":\"EntryPoint\",\"urlTemplate\":\"https:\/\/www.oarcanjo.net\/site\/?s={search_term_string}\"},\"query-input\":{\"@type\":\"PropertyValueSpecification\",\"valueRequired\":true,\"valueName\":\"search_term_string\"}}],\"inLanguage\":\"pt-BR\"},{\"@type\":\"Organization\",\"@id\":\"https:\/\/www.oarcanjo.net\/site\/#organization\",\"name\":\"Par\u00f3quia S\u00e3o Miguel Arcanjo\",\"url\":\"https:\/\/www.oarcanjo.net\/site\/\",\"logo\":{\"@type\":\"ImageObject\",\"inLanguage\":\"pt-BR\",\"@id\":\"https:\/\/www.oarcanjo.net\/site\/#\/schema\/logo\/image\/\",\"url\":\"https:\/\/www.oarcanjo.net\/site\/wp-content\/uploads\/LogoOArcanjo.png\",\"contentUrl\":\"https:\/\/www.oarcanjo.net\/site\/wp-content\/uploads\/LogoOArcanjo.png\",\"width\":319,\"height\":99,\"caption\":\"Par\u00f3quia S\u00e3o Miguel Arcanjo\"},\"image\":{\"@id\":\"https:\/\/www.oarcanjo.net\/site\/#\/schema\/logo\/image\/\"},\"sameAs\":[\"https:\/\/www.facebook.com\/OArcanjoNoAr\/\"]},{\"@type\":\"Person\",\"@id\":\"https:\/\/www.oarcanjo.net\/site\/#\/schema\/person\/58d7f78850a973b8e467c7ae4a7eb4ad\",\"name\":\"pe.geovane\"}]}<\/script>\n<!-- \/ Yoast SEO plugin. -->","yoast_head_json":{"title":"Sepultamento do Padre Haroldo Coelho, 13\/01\/2013, em Fortaleza - Cear\u00e1 - O Arcanjo no ar","robots":{"index":"index","follow":"follow","max-snippet":"max-snippet:-1","max-image-preview":"max-image-preview:large","max-video-preview":"max-video-preview:-1"},"canonical":"https:\/\/www.oarcanjo.net\/site\/sepultamento-do-padre-haroldo-coelho-13012013-em-fortaleza-ceara\/","og_locale":"pt_BR","og_type":"article","og_title":"Sepultamento do Padre Haroldo Coelho, 13\/01\/2013, em Fortaleza - Cear\u00e1 - O Arcanjo no ar","og_description":"Defensor ardoroso e intransigente da paz, do direito da justi\u00e7a. Sempre do lada das lutas e causas populares, com cora\u00e7\u00e3o grande e generoso, em toda sua plenitude. A morte do Padre Haroldo causa um dor e sofrimento enorme. Com o seu desaparecimento, nos sentimos um tanto quanto \u00f3rf\u00e3os. Por outro lado, aos olhos da f\u00e9, [&hellip;]","og_url":"https:\/\/www.oarcanjo.net\/site\/sepultamento-do-padre-haroldo-coelho-13012013-em-fortaleza-ceara\/","og_site_name":"O Arcanjo no ar","article_publisher":"https:\/\/www.facebook.com\/OArcanjoNoAr\/","article_published_time":"2013-01-14T14:25:58+00:00","article_modified_time":"2013-01-14T17:52:05+00:00","og_image":[{"url":"http:\/\/3.bp.blogspot.com\/-c3ti90sT__o\/UPP_K0k1GHI\/AAAAAAAAVWc\/JqqOIjDXLvY\/s1600\/padre-haroldo-sepultamento-300x197.jpg"}],"author":"pe.geovane","twitter_card":"summary_large_image","twitter_misc":{"Escrito por":"pe.geovane","Est. tempo de leitura":"2 minutos"},"schema":{"@context":"https:\/\/schema.org","@graph":[{"@type":"Article","@id":"https:\/\/www.oarcanjo.net\/site\/sepultamento-do-padre-haroldo-coelho-13012013-em-fortaleza-ceara\/#article","isPartOf":{"@id":"https:\/\/www.oarcanjo.net\/site\/sepultamento-do-padre-haroldo-coelho-13012013-em-fortaleza-ceara\/"},"author":{"name":"pe.geovane","@id":"https:\/\/www.oarcanjo.net\/site\/#\/schema\/person\/58d7f78850a973b8e467c7ae4a7eb4ad"},"headline":"Sepultamento do Padre Haroldo Coelho, 13\/01\/2013, em Fortaleza &#8211; Cear\u00e1","datePublished":"2013-01-14T14:25:58+00:00","dateModified":"2013-01-14T17:52:05+00:00","mainEntityOfPage":{"@id":"https:\/\/www.oarcanjo.net\/site\/sepultamento-do-padre-haroldo-coelho-13012013-em-fortaleza-ceara\/"},"wordCount":449,"commentCount":0,"publisher":{"@id":"https:\/\/www.oarcanjo.net\/site\/#organization"},"image":{"@id":"https:\/\/www.oarcanjo.net\/site\/sepultamento-do-padre-haroldo-coelho-13012013-em-fortaleza-ceara\/#primaryimage"},"thumbnailUrl":"http:\/\/3.bp.blogspot.com\/-c3ti90sT__o\/UPP_K0k1GHI\/AAAAAAAAVWc\/JqqOIjDXLvY\/s1600\/padre-haroldo-sepultamento-300x197.jpg","articleSection":["Not\u00edcias"],"inLanguage":"pt-BR","potentialAction":[{"@type":"CommentAction","name":"Comment","target":["https:\/\/www.oarcanjo.net\/site\/sepultamento-do-padre-haroldo-coelho-13012013-em-fortaleza-ceara\/#respond"]}]},{"@type":"WebPage","@id":"https:\/\/www.oarcanjo.net\/site\/sepultamento-do-padre-haroldo-coelho-13012013-em-fortaleza-ceara\/","url":"https:\/\/www.oarcanjo.net\/site\/sepultamento-do-padre-haroldo-coelho-13012013-em-fortaleza-ceara\/","name":"Sepultamento do Padre Haroldo Coelho, 13\/01\/2013, em Fortaleza - Cear\u00e1 - O Arcanjo no ar","isPartOf":{"@id":"https:\/\/www.oarcanjo.net\/site\/#website"},"primaryImageOfPage":{"@id":"https:\/\/www.oarcanjo.net\/site\/sepultamento-do-padre-haroldo-coelho-13012013-em-fortaleza-ceara\/#primaryimage"},"image":{"@id":"https:\/\/www.oarcanjo.net\/site\/sepultamento-do-padre-haroldo-coelho-13012013-em-fortaleza-ceara\/#primaryimage"},"thumbnailUrl":"http:\/\/3.bp.blogspot.com\/-c3ti90sT__o\/UPP_K0k1GHI\/AAAAAAAAVWc\/JqqOIjDXLvY\/s1600\/padre-haroldo-sepultamento-300x197.jpg","datePublished":"2013-01-14T14:25:58+00:00","dateModified":"2013-01-14T17:52:05+00:00","breadcrumb":{"@id":"https:\/\/www.oarcanjo.net\/site\/sepultamento-do-padre-haroldo-coelho-13012013-em-fortaleza-ceara\/#breadcrumb"},"inLanguage":"pt-BR","potentialAction":[{"@type":"ReadAction","target":["https:\/\/www.oarcanjo.net\/site\/sepultamento-do-padre-haroldo-coelho-13012013-em-fortaleza-ceara\/"]}]},{"@type":"ImageObject","inLanguage":"pt-BR","@id":"https:\/\/www.oarcanjo.net\/site\/sepultamento-do-padre-haroldo-coelho-13012013-em-fortaleza-ceara\/#primaryimage","url":"http:\/\/3.bp.blogspot.com\/-c3ti90sT__o\/UPP_K0k1GHI\/AAAAAAAAVWc\/JqqOIjDXLvY\/s1600\/padre-haroldo-sepultamento-300x197.jpg","contentUrl":"http:\/\/3.bp.blogspot.com\/-c3ti90sT__o\/UPP_K0k1GHI\/AAAAAAAAVWc\/JqqOIjDXLvY\/s1600\/padre-haroldo-sepultamento-300x197.jpg"},{"@type":"BreadcrumbList","@id":"https:\/\/www.oarcanjo.net\/site\/sepultamento-do-padre-haroldo-coelho-13012013-em-fortaleza-ceara\/#breadcrumb","itemListElement":[{"@type":"ListItem","position":1,"name":"In\u00edcio","item":"https:\/\/www.oarcanjo.net\/site\/"},{"@type":"ListItem","position":2,"name":"Sepultamento do Padre Haroldo Coelho, 13\/01\/2013, em Fortaleza &#8211; Cear\u00e1"}]},{"@type":"WebSite","@id":"https:\/\/www.oarcanjo.net\/site\/#website","url":"https:\/\/www.oarcanjo.net\/site\/","name":"O Arcanjo no ar","description":"Site da Par\u00f3quia S\u00e3o Miguel Arcanjo (Arquidiocese de SP)","publisher":{"@id":"https:\/\/www.oarcanjo.net\/site\/#organization"},"potentialAction":[{"@type":"SearchAction","target":{"@type":"EntryPoint","urlTemplate":"https:\/\/www.oarcanjo.net\/site\/?s={search_term_string}"},"query-input":{"@type":"PropertyValueSpecification","valueRequired":true,"valueName":"search_term_string"}}],"inLanguage":"pt-BR"},{"@type":"Organization","@id":"https:\/\/www.oarcanjo.net\/site\/#organization","name":"Par\u00f3quia S\u00e3o Miguel Arcanjo","url":"https:\/\/www.oarcanjo.net\/site\/","logo":{"@type":"ImageObject","inLanguage":"pt-BR","@id":"https:\/\/www.oarcanjo.net\/site\/#\/schema\/logo\/image\/","url":"https:\/\/www.oarcanjo.net\/site\/wp-content\/uploads\/LogoOArcanjo.png","contentUrl":"https:\/\/www.oarcanjo.net\/site\/wp-content\/uploads\/LogoOArcanjo.png","width":319,"height":99,"caption":"Par\u00f3quia S\u00e3o Miguel Arcanjo"},"image":{"@id":"https:\/\/www.oarcanjo.net\/site\/#\/schema\/logo\/image\/"},"sameAs":["https:\/\/www.facebook.com\/OArcanjoNoAr\/"]},{"@type":"Person","@id":"https:\/\/www.oarcanjo.net\/site\/#\/schema\/person\/58d7f78850a973b8e467c7ae4a7eb4ad","name":"pe.geovane"}]}},"publishpress_future_action":{"enabled":false,"date":"2026-05-07 09:48:33","action":"category","newStatus":"draft","terms":[],"taxonomy":"category"},"publishpress_future_workflow_manual_trigger":{"enabledWorkflows":[]},"_links":{"self":[{"href":"https:\/\/www.oarcanjo.net\/site\/wp-json\/wp\/v2\/posts\/20639"}],"collection":[{"href":"https:\/\/www.oarcanjo.net\/site\/wp-json\/wp\/v2\/posts"}],"about":[{"href":"https:\/\/www.oarcanjo.net\/site\/wp-json\/wp\/v2\/types\/post"}],"author":[{"embeddable":true,"href":"https:\/\/www.oarcanjo.net\/site\/wp-json\/wp\/v2\/users\/17"}],"replies":[{"embeddable":true,"href":"https:\/\/www.oarcanjo.net\/site\/wp-json\/wp\/v2\/comments?post=20639"}],"version-history":[{"count":0,"href":"https:\/\/www.oarcanjo.net\/site\/wp-json\/wp\/v2\/posts\/20639\/revisions"}],"wp:attachment":[{"href":"https:\/\/www.oarcanjo.net\/site\/wp-json\/wp\/v2\/media?parent=20639"}],"wp:term":[{"taxonomy":"category","embeddable":true,"href":"https:\/\/www.oarcanjo.net\/site\/wp-json\/wp\/v2\/categories?post=20639"},{"taxonomy":"post_tag","embeddable":true,"href":"https:\/\/www.oarcanjo.net\/site\/wp-json\/wp\/v2\/tags?post=20639"}],"curies":[{"name":"wp","href":"https:\/\/api.w.org\/{rel}","templated":true}]}}